{"id":14324,"date":"2020-01-23T11:31:16","date_gmt":"2020-01-23T11:31:16","guid":{"rendered":"https:\/\/larevistadigital.com.ar\/blog\/?p=14324"},"modified":"2020-01-23T11:31:16","modified_gmt":"2020-01-23T11:31:16","slug":"ioma-siguen-los-atrasos-en-los-pagos-y-se-pone-en-duda-la-continuidad-de-las-prestaciones","status":"publish","type":"post","link":"https:\/\/larevistadigital.com.ar\/blog\/ioma-siguen-los-atrasos-en-los-pagos-y-se-pone-en-duda-la-continuidad-de-las-prestaciones\/","title":{"rendered":"IOMA: SIGUEN LOS ATRASOS EN LOS PAGOS Y SE PONE EN DUDA LA CONTINUIDAD DE LAS PRESTACIONES"},"content":{"rendered":"<h2><em>La obra social bonaerense podr\u00eda perjudicar gravemente a los afiliados si, de perpetuarse la situaci\u00f3n vigente, se comienzan a cortar las prestaciones y servicios que se ofrecen habitualmente. Seg\u00fan consigna el medio Realpolitik, en algunos casos la mora alcanza los seis meses.<\/em><\/h2>\n<p>El Instituto de Obra M\u00e9dico Asistencial (IOMA) perpet\u00faa las deudas que tiene con diversos prestadores desde hace meses atr\u00e1s. En este marco, todas las demandas apuntan contra el flamante presidente de la entidad,\u00a0<b>Homero Giles<\/b>, dado que por los atrasos en los pagos podr\u00edan verse afectadas prestaciones sensibles, como las relacionadas a las discapacidades o la internaci\u00f3n domiciliaria.<\/p>\n<blockquote>\n<h3>Desde julio del 2019 que algunos prestadores no recibieron la paga por sus servicios, por lo que se genera una cadena: si no se paga los que hacen el trabajo, estos no cobran y, en consecuencia, los que usan el servicio no lo reciben. Seg\u00fan reflexionaron fuentes reservadas, el vigente ser\u00eda uno de los retrasos m\u00e1s extraordinarios desde hace a\u00f1os.<\/h3>\n<\/blockquote>\n<p>A esta situaci\u00f3n se suma que no hay ninguna respuesta ni di\u00e1logo con las autoridades de la obra social bonaerense. En tal sentido, los prestadores solicitan a\u00a0<b>Giles<\/b>\u00a0que se liberen los pagos, que se regularicen y que luego los reciban para poder trabajar sobre las distintas problem\u00e1ticas de los diferentes sectores.<\/p>\n","protected":false},"excerpt":{"rendered":"<div class=\"mh-excerpt\"><p>La obra social bonaerense podr\u00eda perjudicar gravemente a los afiliados si, de perpetuarse la situaci\u00f3n vigente, se comienzan a cortar las prestaciones y servicios que se ofrecen habitualmente. Seg\u00fan consigna el medio Realpolitik, en algunos <a class=\"mh-excerpt-more\" href=\"https:\/\/larevistadigital.com.ar\/blog\/ioma-siguen-los-atrasos-en-los-pagos-y-se-pone-en-duda-la-continuidad-de-las-prestaciones\/\" title=\"IOMA: SIGUEN LOS ATRASOS EN LOS PAGOS Y SE PONE EN DUDA LA CONTINUIDAD DE LAS PRESTACIONES\">[Leer M\u00e1s]<\/a><\/p>\n<\/div>","protected":false},"author":3,"featured_media":14325,"comment_status":"open","ping_status":"open","sticky":false,"template":"","format":"standard","meta":{"_jetpack_memberships_contains_paid_content":false,"footnotes":"","jetpack_publicize_message":"","jetpack_publicize_feature_enabled":true,"jetpack_social_post_already_shared":true,"jetpack_social_options":{"image_generator_settings":{"template":"highway","default_image_id":0,"font":"","enabled":false},"version":2}},"categories":[50],"tags":[],"class_list":{"0":"post-14324","1":"post","2":"type-post","3":"status-publish","4":"format-standard","5":"has-post-thumbnail","7":"category-interes-general"},"jetpack_publicize_connections":[],"jetpack_featured_media_url":"https:\/\/i0.wp.com\/larevistadigital.com.ar\/blog\/wp-content\/uploads\/20200123133340_ioma-1.jpg?fit=880%2C495&ssl=1","jetpack_sharing_enabled":true,"jetpack_shortlink":"https:\/\/wp.me\/p8qtrQ-3J2","jetpack-related-posts":[{"id":13739,"url":"https:\/\/larevistadigital.com.ar\/blog\/actualizacion-informacion-ioma-reunion-con-las-nuevas-autoridades\/","url_meta":{"origin":14324,"position":0},"title":"ACTUALIZACI\u00d3N INFORMACI\u00d3N IOMA (REUNI\u00d3N CON LAS NUEVAS AUTORIDADES)","author":"Alejandro Sosa Ruda","date":"19 diciembre, 2019","format":false,"excerpt":"Hoy jueves 19 de diciembre las farmac\u00e9uticas\u00a0Isabel Reinoso\u00a0y\u00a0Claudia Slezack\u00a0(presidente y vice del CFPBA), se reunieron con el\u00a0Dr. Homero Giles, nuevo presidente de la obra social provincial y su equipo. En el encuentro intercambiaron informaci\u00f3n sobre la situaci\u00f3n del sector, el estado actual del IOMA y la necesidad de las farmacias\u2026","rel":"","context":"En \u00abINTERES GENERAL\u00bb","block_context":{"text":"INTERES GENERAL","link":"https:\/\/larevistadigital.com.ar\/blog\/category\/interes-general\/"},"img":{"alt_text":"","src":"https:\/\/i0.wp.com\/larevistadigital.com.ar\/blog\/wp-content\/uploads\/mail-1-1.jpg?fit=600%2C222&ssl=1&resize=350%2C200","width":350,"height":200,"srcset":"https:\/\/i0.wp.com\/larevistadigital.com.ar\/blog\/wp-content\/uploads\/mail-1-1.jpg?fit=600%2C222&ssl=1&resize=350%2C200 1x, https:\/\/i0.wp.com\/larevistadigital.com.ar\/blog\/wp-content\/uploads\/mail-1-1.jpg?fit=600%2C222&ssl=1&resize=525%2C300 1.5x"},"classes":[]},{"id":38353,"url":"https:\/\/larevistadigital.com.ar\/blog\/con-un-nuevo-convenio-ioma-elimina-la-intermediacion-economica-de-femeba\/","url_meta":{"origin":14324,"position":1},"title":"Con un nuevo convenio IOMA elimina la intermediaci\u00f3n econ\u00f3mica de FEMEBA","author":"Alejandro Sosa Ruda","date":"19 diciembre, 2024","format":false,"excerpt":"A partir del 1 de enero de 2025, entrar\u00e1 en vigencia un nuevo acuerdo entre IOMA y la Federaci\u00f3n M\u00e9dica de la Provincia de Buenos Aires (FEMEBA), firmado por el presidente de IOMA, Homero Giles, y el vicepresidente de FEMEBA, Sandro Scafatti. 19 de diciembre de 2024 El nuevo acuerdo\u2026","rel":"","context":"En \u00abINTERES GENERAL\u00bb","block_context":{"text":"INTERES GENERAL","link":"https:\/\/larevistadigital.com.ar\/blog\/category\/interes-general\/"},"img":{"alt_text":"","src":"https:\/\/i0.wp.com\/larevistadigital.com.ar\/blog\/wp-content\/uploads\/20241219161354_ioma-convenio-femeba.jpg?fit=880%2C512&ssl=1&resize=350%2C200","width":350,"height":200,"srcset":"https:\/\/i0.wp.com\/larevistadigital.com.ar\/blog\/wp-content\/uploads\/20241219161354_ioma-convenio-femeba.jpg?fit=880%2C512&ssl=1&resize=350%2C200 1x, https:\/\/i0.wp.com\/larevistadigital.com.ar\/blog\/wp-content\/uploads\/20241219161354_ioma-convenio-femeba.jpg?fit=880%2C512&ssl=1&resize=525%2C300 1.5x, https:\/\/i0.wp.com\/larevistadigital.com.ar\/blog\/wp-content\/uploads\/20241219161354_ioma-convenio-femeba.jpg?fit=880%2C512&ssl=1&resize=700%2C400 2x"},"classes":[]},{"id":15934,"url":"https:\/\/larevistadigital.com.ar\/blog\/la-plata-los-medicos-rechazaron-por-insuficiente-la-propuesta-de-aumento-de-honorarios-de-ioma\/","url_meta":{"origin":14324,"position":2},"title":"LA PLATA: LOS M\u00c9DICOS RECHAZARON POR \u00abINSUFICIENTE\u00bb LA PROPUESTA DE AUMENTO DE HONORARIOS DE IOMA","author":"Alejandro Sosa Ruda","date":"11 agosto, 2020","format":false,"excerpt":"Los representantes de la Mesa de Enlace, Sociedades Cient\u00edficas y Asociaciones de Profesionales junto con las autoridades de la Agremiaci\u00f3n M\u00e9dica Platense (AMP) analizaron hoy, en un nuevo plenario, la contraoferta realizada por el IOMA el jueves pasado respecto del aumento de honorarios y, en forma un\u00e1nime, decidieron rechazarla por\u2026","rel":"","context":"En \u00abINTERES GENERAL\u00bb","block_context":{"text":"INTERES GENERAL","link":"https:\/\/larevistadigital.com.ar\/blog\/category\/interes-general\/"},"img":{"alt_text":"","src":"https:\/\/i0.wp.com\/larevistadigital.com.ar\/blog\/wp-content\/uploads\/20200810184300_07b32681_bc83_4aa8_a34b_75f0b614b85f.jpg?fit=880%2C586&ssl=1&resize=350%2C200","width":350,"height":200,"srcset":"https:\/\/i0.wp.com\/larevistadigital.com.ar\/blog\/wp-content\/uploads\/20200810184300_07b32681_bc83_4aa8_a34b_75f0b614b85f.jpg?fit=880%2C586&ssl=1&resize=350%2C200 1x, https:\/\/i0.wp.com\/larevistadigital.com.ar\/blog\/wp-content\/uploads\/20200810184300_07b32681_bc83_4aa8_a34b_75f0b614b85f.jpg?fit=880%2C586&ssl=1&resize=525%2C300 1.5x, https:\/\/i0.wp.com\/larevistadigital.com.ar\/blog\/wp-content\/uploads\/20200810184300_07b32681_bc83_4aa8_a34b_75f0b614b85f.jpg?fit=880%2C586&ssl=1&resize=700%2C400 2x"},"classes":[]},{"id":26357,"url":"https:\/\/larevistadigital.com.ar\/blog\/en-la-provincia-ioma-denunciara-a-medicos-que-cobren-un-plus-por-gastos-de-consultorio\/","url_meta":{"origin":14324,"position":3},"title":"EN LA PROVINCIA: IOMA DENUNCIAR\u00c1 A M\u00c9DICOS QUE COBREN UN PLUS POR \u00abGASTOS DE CONSULTORIO\u00bb","author":"Alejandro Sosa Ruda","date":"5 julio, 2022","format":false,"excerpt":"Ante el anuncio realizado por el Colegio de M\u00e9dicos de la Provincia de Buenos Aires, respecto al cobro de hasta $1000,00 en concepto de \u201cgastos operativos de consultorio\u201d, IOMA informa que esa exigencia de dinero es \u201cirregular e il\u00edcita\u201d por encontrarse fuera del convenio existente entre las personas afiliadas a\u2026","rel":"","context":"En \u00abREGIONALES\u00bb","block_context":{"text":"REGIONALES","link":"https:\/\/larevistadigital.com.ar\/blog\/category\/regionales\/"},"img":{"alt_text":"","src":"https:\/\/i0.wp.com\/larevistadigital.com.ar\/blog\/wp-content\/uploads\/20220704165019_ioma-denunciara-a-medicos-que-cobren-plus-por-gastos-de-consultorio.jpg?fit=880%2C512&ssl=1&resize=350%2C200","width":350,"height":200,"srcset":"https:\/\/i0.wp.com\/larevistadigital.com.ar\/blog\/wp-content\/uploads\/20220704165019_ioma-denunciara-a-medicos-que-cobren-plus-por-gastos-de-consultorio.jpg?fit=880%2C512&ssl=1&resize=350%2C200 1x, https:\/\/i0.wp.com\/larevistadigital.com.ar\/blog\/wp-content\/uploads\/20220704165019_ioma-denunciara-a-medicos-que-cobren-plus-por-gastos-de-consultorio.jpg?fit=880%2C512&ssl=1&resize=525%2C300 1.5x, https:\/\/i0.wp.com\/larevistadigital.com.ar\/blog\/wp-content\/uploads\/20220704165019_ioma-denunciara-a-medicos-que-cobren-plus-por-gastos-de-consultorio.jpg?fit=880%2C512&ssl=1&resize=700%2C400 2x"},"classes":[]},{"id":32211,"url":"https:\/\/larevistadigital.com.ar\/blog\/advertencia-a-ioma-por-los-honorarios-medicos\/","url_meta":{"origin":14324,"position":4},"title":"ADVERTENCIA A IOMA POR LOS HONORARIOS M\u00c9DICOS","author":"Alejandro Sosa Ruda","date":"2 julio, 2023","format":false,"excerpt":"FEMEBA ha manifestado reiteradamente a las autoridades del Instituto, que, \u201cbajo ning\u00fan punto de vista, aceptar\u00e1 que los aranceles de sus profesionales sean facturados por v\u00edas totalmente ajenas a lo convenido\u201d. 2 de julio de 2023 BUENOS AIRES -\u00a0 La experiencia indica que cuando terceros act\u00faan de intermediarios para la\u2026","rel":"","context":"En \u00abREGIONALES\u00bb","block_context":{"text":"REGIONALES","link":"https:\/\/larevistadigital.com.ar\/blog\/category\/regionales\/"},"img":{"alt_text":"","src":"https:\/\/i0.wp.com\/larevistadigital.com.ar\/blog\/wp-content\/uploads\/20230702114622_femeba-honorarios-medicos.jpg?fit=880%2C512&ssl=1&resize=350%2C200","width":350,"height":200,"srcset":"https:\/\/i0.wp.com\/larevistadigital.com.ar\/blog\/wp-content\/uploads\/20230702114622_femeba-honorarios-medicos.jpg?fit=880%2C512&ssl=1&resize=350%2C200 1x, https:\/\/i0.wp.com\/larevistadigital.com.ar\/blog\/wp-content\/uploads\/20230702114622_femeba-honorarios-medicos.jpg?fit=880%2C512&ssl=1&resize=525%2C300 1.5x, https:\/\/i0.wp.com\/larevistadigital.com.ar\/blog\/wp-content\/uploads\/20230702114622_femeba-honorarios-medicos.jpg?fit=880%2C512&ssl=1&resize=700%2C400 2x"},"classes":[]},{"id":5109,"url":"https:\/\/larevistadigital.com.ar\/blog\/paro-los-medicos-ante-atraso-ioma\/","url_meta":{"origin":14324,"position":5},"title":"Paro de los m\u00e9dicos ante el atraso de IOMA","author":"admin","date":"1 marzo, 2018","format":false,"excerpt":"Malas noticias Los m\u00e9dicos nucleados en el CEMIBO confirmaron hoy al mediod\u00eda que, dada la falta de respuesta por parte del IOMA frente a los reiterados reclamos por pagos adeudados, a partir de ma\u00f1ana jueves 1\u00ba de marzo y hasta el s\u00e1bado 3 inclusive, no se atender\u00e1 a los afiliados\u2026","rel":"","context":"En \u00abGREMIALES\u00bb","block_context":{"text":"GREMIALES","link":"https:\/\/larevistadigital.com.ar\/blog\/category\/gremiales\/"},"img":{"alt_text":"","src":"https:\/\/i0.wp.com\/larevistadigital.com.ar\/blog\/wp-content\/uploads\/2018\/03\/ioma_20deenerode2108_elfuerte.jpg?fit=737%2C415&ssl=1&resize=350%2C200","width":350,"height":200,"srcset":"https:\/\/i0.wp.com\/larevistadigital.com.ar\/blog\/wp-content\/uploads\/2018\/03\/ioma_20deenerode2108_elfuerte.jpg?fit=737%2C415&ssl=1&resize=350%2C200 1x, https:\/\/i0.wp.com\/larevistadigital.com.ar\/blog\/wp-content\/uploads\/2018\/03\/ioma_20deenerode2108_elfuerte.jpg?fit=737%2C415&ssl=1&resize=525%2C300 1.5x, https:\/\/i0.wp.com\/larevistadigital.com.ar\/blog\/wp-content\/uploads\/2018\/03\/ioma_20deenerode2108_elfuerte.jpg?fit=737%2C415&ssl=1&resize=700%2C400 2x"},"classes":[]}],"_links":{"self":[{"href":"https:\/\/larevistadigital.com.ar\/blog\/wp-json\/wp\/v2\/posts\/14324","targetHints":{"allow":["GET"]}}],"collection":[{"href":"https:\/\/larevistadigital.com.ar\/blog\/wp-json\/wp\/v2\/posts"}],"about":[{"href":"https:\/\/larevistadigital.com.ar\/blog\/wp-json\/wp\/v2\/types\/post"}],"author":[{"embeddable":true,"href":"https:\/\/larevistadigital.com.ar\/blog\/wp-json\/wp\/v2\/users\/3"}],"replies":[{"embeddable":true,"href":"https:\/\/larevistadigital.com.ar\/blog\/wp-json\/wp\/v2\/comments?post=14324"}],"version-history":[{"count":1,"href":"https:\/\/larevistadigital.com.ar\/blog\/wp-json\/wp\/v2\/posts\/14324\/revisions"}],"predecessor-version":[{"id":14326,"href":"https:\/\/larevistadigital.com.ar\/blog\/wp-json\/wp\/v2\/posts\/14324\/revisions\/14326"}],"wp:featuredmedia":[{"embeddable":true,"href":"https:\/\/larevistadigital.com.ar\/blog\/wp-json\/wp\/v2\/media\/14325"}],"wp:attachment":[{"href":"https:\/\/larevistadigital.com.ar\/blog\/wp-json\/wp\/v2\/media?parent=14324"}],"wp:term":[{"taxonomy":"category","embeddable":true,"href":"https:\/\/larevistadigital.com.ar\/blog\/wp-json\/wp\/v2\/categories?post=14324"},{"taxonomy":"post_tag","embeddable":true,"href":"https:\/\/larevistadigital.com.ar\/blog\/wp-json\/wp\/v2\/tags?post=14324"}],"curies":[{"name":"wp","href":"https:\/\/api.w.org\/{rel}","templated":true}]}}