{"id":14328,"date":"2020-01-23T15:42:30","date_gmt":"2020-01-23T15:42:30","guid":{"rendered":"https:\/\/larevistadigital.com.ar\/blog\/?p=14328"},"modified":"2020-01-23T15:42:30","modified_gmt":"2020-01-23T15:42:30","slug":"detienen-a-tres-sujetos-armados-vendiendo-drogas-en-la-via-publica","status":"publish","type":"post","link":"https:\/\/larevistadigital.com.ar\/blog\/detienen-a-tres-sujetos-armados-vendiendo-drogas-en-la-via-publica\/","title":{"rendered":"DETIENEN A TRES SUJETOS ARMADOS VENDIENDO DROGAS EN LA V\u00cdA P\u00daBLICA"},"content":{"rendered":"<h2><strong>Los tres detenidos son de nacionalidad paraguaya, y est\u00e1n domiciliados en Esteban Echeverr\u00eda.<\/strong><\/h2>\n<p><strong>CA\u00d1UELAS &#8211;\u00a0<\/strong>La polic\u00eda hab\u00eda recibido un llamado an\u00f3nimo por una ri\u00f1a, cuando lleg\u00f3 se encontr\u00f3 con tres personas armadas y droga fraccionada para la venta.<\/p>\n<p>El hecho ocurri\u00f3 en la madrugada de este jueves 23 de enero, en la intersecci\u00f3n de\u00a0<strong>Combate de los Pozos y Bouchard de la localidad de M\u00e1ximo Paz, en el partido de Ca\u00f1uelas<\/strong> cuando la comisar\u00eda de dicha localidad recibi\u00f3 un llamado manifestando que en la v\u00eda p\u00fablica hab\u00eda tres masculinos agrediendo a otro con un arma de fuego: <strong><em>\u00abuna vez en el lugar, el m\u00f3vil visualiza a tres masculinos que al notar la presencia policial arrojan un objeto a una zanja que se halla en el lugar. Se procede a la identificaci\u00f3n solicitando apoyo al movil C.P de Ca\u00f1uelas, \u00a0quienes se hacen presente en el lugar junto a un testigo y tras realizar el cacheo preventivo en presencia de este, se constata que ten\u00edan 19 envoltorios de marihuana, 14 de pasta base, y $3440 en efectivo. Seguidamente, se realiza un relevamiento del lugar con el testigo, encontrando a unos 5 metros una escopeta calibre 14 doble ca\u00f1o\u00bb<\/em><\/strong> informaron fuentes policiales a\u00a0<strong>DLN<\/strong>.<\/p>\n<p>Los sujetos fueron trasladados a la comisaria local, donde quedaron aprehendidos por\u00a0<strong>Tenencia de estupefacientes para comercializaci\u00f3n y tenencia ilegal de arma de guerra<\/strong>.<\/p>\n<p>PUBLICADO EN DLN<\/p>\n","protected":false},"excerpt":{"rendered":"<div class=\"mh-excerpt\"><p>Los tres detenidos son de nacionalidad paraguaya, y est\u00e1n domiciliados en Esteban Echeverr\u00eda. CA\u00d1UELAS &#8211;\u00a0La polic\u00eda hab\u00eda recibido un llamado an\u00f3nimo por una ri\u00f1a, cuando lleg\u00f3 se encontr\u00f3 con tres personas armadas y droga fraccionada <a class=\"mh-excerpt-more\" href=\"https:\/\/larevistadigital.com.ar\/blog\/detienen-a-tres-sujetos-armados-vendiendo-drogas-en-la-via-publica\/\" title=\"DETIENEN A TRES SUJETOS ARMADOS VENDIENDO DROGAS EN LA V\u00cdA P\u00daBLICA\">[Leer M\u00e1s]<\/a><\/p>\n<\/div>","protected":false},"author":3,"featured_media":14329,"comment_status":"open","ping_status":"open","sticky":false,"template":"","format":"standard","meta":{"_jetpack_memberships_contains_paid_content":false,"footnotes":"","jetpack_publicize_message":"","jetpack_publicize_feature_enabled":true,"jetpack_social_post_already_shared":true,"jetpack_social_options":{"image_generator_settings":{"template":"highway","default_image_id":0,"font":"","enabled":false},"version":2}},"categories":[1],"tags":[],"class_list":{"0":"post-14328","1":"post","2":"type-post","3":"status-publish","4":"format-standard","5":"has-post-thumbnail","7":"category-sin-categoria"},"jetpack_publicize_connections":[],"jetpack_featured_media_url":"https:\/\/i0.wp.com\/larevistadigital.com.ar\/blog\/wp-content\/uploads\/IMG-20200123-WA0008.jpg?fit=1024%2C512&ssl=1","jetpack_sharing_enabled":true,"jetpack_shortlink":"https:\/\/wp.me\/p8qtrQ-3J6","jetpack-related-posts":[{"id":15222,"url":"https:\/\/larevistadigital.com.ar\/blog\/pareja-vende-a-su-hijita-de-12-dias-a-una-cordobesa-en-canuelas-los-tres-fueron-detenidos\/","url_meta":{"origin":14328,"position":0},"title":"PAREJA VENDE A SU HIJITA DE 12 D\u00cdAS A UNA CORDOBESA EN CA\u00d1UELAS. LOS TRES FUERON DETENIDOS","author":"Alejandro Sosa Ruda","date":"14 mayo, 2020","format":false,"excerpt":"Los padres de la beba se contactaron por redes sociales con la compradora. Pactaron la entrega de la ni\u00f1a en la Estaci\u00f3n de trenes a cambio de 80.000 d\u00f3lares. Una mujer de 50 a\u00f1os se llev\u00f3 a la menor sin abonar lo convenido. Los progenitores denunciaron el hecho por no\u2026","rel":"","context":"En \u00abINTERES GENERAL\u00bb","block_context":{"text":"INTERES GENERAL","link":"https:\/\/larevistadigital.com.ar\/blog\/category\/interes-general\/"},"img":{"alt_text":"","src":"https:\/\/i0.wp.com\/larevistadigital.com.ar\/blog\/wp-content\/uploads\/20200514102737_aaa.jpg?fit=887%2C554&ssl=1&resize=350%2C200","width":350,"height":200,"srcset":"https:\/\/i0.wp.com\/larevistadigital.com.ar\/blog\/wp-content\/uploads\/20200514102737_aaa.jpg?fit=887%2C554&ssl=1&resize=350%2C200 1x, https:\/\/i0.wp.com\/larevistadigital.com.ar\/blog\/wp-content\/uploads\/20200514102737_aaa.jpg?fit=887%2C554&ssl=1&resize=525%2C300 1.5x, https:\/\/i0.wp.com\/larevistadigital.com.ar\/blog\/wp-content\/uploads\/20200514102737_aaa.jpg?fit=887%2C554&ssl=1&resize=700%2C400 2x"},"classes":[]},{"id":29004,"url":"https:\/\/larevistadigital.com.ar\/blog\/canuelas-brutal-femicidio-y-masacre-conmociona-la-ciudad\/","url_meta":{"origin":14328,"position":1},"title":"CA\u00d1UELAS: BRUTAL FEMICIDIO Y MASACRE CONMOCIONA LA CIUDAD","author":"Alejandro Sosa Ruda","date":"23 noviembre, 2022","format":false,"excerpt":"Mar\u00eda Alejandra Gim\u00e9nez D\u00edaz sufr\u00eda violencia de g\u00e9nero y hab\u00eda decidido dejar su hogar en La Matanza para mudarse con sus dos hijos a Ca\u00f1uelas en busca de paz. Pero\u00a0Jos\u00e9 Averio Na\u00f3n, que ten\u00eda una perimetral, decidi\u00f3 acabar con su vida. Viaj\u00f3 hasta esa ciudad y asesin\u00f3 a la mujer\u2026","rel":"","context":"En \u00abPOLICIALES\u00bb","block_context":{"text":"POLICIALES","link":"https:\/\/larevistadigital.com.ar\/blog\/category\/policiales\/"},"img":{"alt_text":"","src":"https:\/\/i0.wp.com\/larevistadigital.com.ar\/blog\/wp-content\/uploads\/081941_whatsapp-image-20221123-at-08.17.45.jpeg?fit=799%2C529&ssl=1&resize=350%2C200","width":350,"height":200,"srcset":"https:\/\/i0.wp.com\/larevistadigital.com.ar\/blog\/wp-content\/uploads\/081941_whatsapp-image-20221123-at-08.17.45.jpeg?fit=799%2C529&ssl=1&resize=350%2C200 1x, https:\/\/i0.wp.com\/larevistadigital.com.ar\/blog\/wp-content\/uploads\/081941_whatsapp-image-20221123-at-08.17.45.jpeg?fit=799%2C529&ssl=1&resize=525%2C300 1.5x, https:\/\/i0.wp.com\/larevistadigital.com.ar\/blog\/wp-content\/uploads\/081941_whatsapp-image-20221123-at-08.17.45.jpeg?fit=799%2C529&ssl=1&resize=700%2C400 2x"},"classes":[]},{"id":11996,"url":"https:\/\/larevistadigital.com.ar\/blog\/canuelas-encuentran-mujera-ahorcada-sospechan-de-su-ex-pareja\/","url_meta":{"origin":14328,"position":2},"title":"CA\u00d1UELAS: ENCUENTRAN MUJERA AHORCADA. SOSPECHAN DE SU EX PAREJA","author":"Alejandro Sosa Ruda","date":"13 septiembre, 2019","format":false,"excerpt":"El lunes por la noche, la polic\u00eda de Ca\u00f1uelas\u00a0se dirigi\u00f3 a la vivienda de\u00a0M\u00f3nica Judith Riboli, de 29 a\u00f1os, en el barrio Libertad despu\u00e9s de que recibieron un llamado del 911 : les dijeron que la mujer se hab\u00eda ahorcado en el patio de su casa. Al llegar al lugar,\u2026","rel":"","context":"En \u00abPOLICIALES\u00bb","block_context":{"text":"POLICIALES","link":"https:\/\/larevistadigital.com.ar\/blog\/category\/policiales\/"},"img":{"alt_text":"","src":"https:\/\/i0.wp.com\/larevistadigital.com.ar\/blog\/wp-content\/uploads\/femicidio-se-confirmo-que-monica-riboli-fue-ahorcada-manualmente-20270.jpg?fit=950%2C500&ssl=1&resize=350%2C200","width":350,"height":200,"srcset":"https:\/\/i0.wp.com\/larevistadigital.com.ar\/blog\/wp-content\/uploads\/femicidio-se-confirmo-que-monica-riboli-fue-ahorcada-manualmente-20270.jpg?fit=950%2C500&ssl=1&resize=350%2C200 1x, https:\/\/i0.wp.com\/larevistadigital.com.ar\/blog\/wp-content\/uploads\/femicidio-se-confirmo-que-monica-riboli-fue-ahorcada-manualmente-20270.jpg?fit=950%2C500&ssl=1&resize=525%2C300 1.5x, https:\/\/i0.wp.com\/larevistadigital.com.ar\/blog\/wp-content\/uploads\/femicidio-se-confirmo-que-monica-riboli-fue-ahorcada-manualmente-20270.jpg?fit=950%2C500&ssl=1&resize=700%2C400 2x"},"classes":[]},{"id":12372,"url":"https:\/\/larevistadigital.com.ar\/blog\/detuvieron-en-monte-a-rodolfo-robatto-ex-fiscal-de-canuelas-y-abogado-de-la-causa-mia\/","url_meta":{"origin":14328,"position":3},"title":"DETUVIERON EN MONTE A RODOLFO ROBATTO, EX FISCAL DE CA\u00d1UELAS Y ABOGADO DE LA CAUSA \u00abMIA\u00bb","author":"Alejandro Sosa Ruda","date":"30 septiembre, 2019","format":false,"excerpt":"El ex fiscal de Ca\u00f1uelas,\u00a0 Rodolfo C\u00e9sar Robatto, fue detenido en el mediod\u00eda de este domingo 29 de septiembre por personal de la DDI Brandsen en su domicilio de calles Pinazo y Rivadavia de la ciudad de Monte, a trav\u00e9s de una orden dictada por el fiscal Lisandro Damonte, titular\u2026","rel":"","context":"En \u00abPOLICIALES\u00bb","block_context":{"text":"POLICIALES","link":"https:\/\/larevistadigital.com.ar\/blog\/category\/policiales\/"},"img":{"alt_text":"","src":"https:\/\/i0.wp.com\/larevistadigital.com.ar\/blog\/wp-content\/uploads\/20190929_224226.jpg?fit=1080%2C601&ssl=1&resize=350%2C200","width":350,"height":200,"srcset":"https:\/\/i0.wp.com\/larevistadigital.com.ar\/blog\/wp-content\/uploads\/20190929_224226.jpg?fit=1080%2C601&ssl=1&resize=350%2C200 1x, https:\/\/i0.wp.com\/larevistadigital.com.ar\/blog\/wp-content\/uploads\/20190929_224226.jpg?fit=1080%2C601&ssl=1&resize=525%2C300 1.5x, https:\/\/i0.wp.com\/larevistadigital.com.ar\/blog\/wp-content\/uploads\/20190929_224226.jpg?fit=1080%2C601&ssl=1&resize=700%2C400 2x, https:\/\/i0.wp.com\/larevistadigital.com.ar\/blog\/wp-content\/uploads\/20190929_224226.jpg?fit=1080%2C601&ssl=1&resize=1050%2C600 3x"},"classes":[]},{"id":11613,"url":"https:\/\/larevistadigital.com.ar\/blog\/canuelas-intento-cruzar-por-las-vias-y-fue-arrollada-por-el-tren\/","url_meta":{"origin":14328,"position":4},"title":"CA\u00d1UELAS: INTENT\u00d3 CRUZAR POR LAS V\u00cdAS Y FUE ARROLLADA POR EL TREN","author":"Alejandro Sosa Ruda","date":"29 julio, 2019","format":false,"excerpt":"Este lunes, un tr\u00e1gico acontecimiento ocurri\u00f3 en la localidad de M\u00e1ximo Paz, Ca\u00f1uelas, cuando un tren arroll\u00f3 a una muchacha de 27 a\u00f1os.\u00a0 Sucedi\u00f3 alrededor de las 14.40 en el cruce de las v\u00edas con la calle Colombia. Las primeras versiones indican que la joven, identificada posteriormente como\u00a0\u00darsula Yolanda Pereyra,\u2026","rel":"","context":"En \u00abREGIONALES\u00bb","block_context":{"text":"REGIONALES","link":"https:\/\/larevistadigital.com.ar\/blog\/category\/regionales\/"},"img":{"alt_text":"","src":"https:\/\/i0.wp.com\/larevistadigital.com.ar\/blog\/wp-content\/uploads\/IMG-20190729-WA0012.jpg?fit=1080%2C603&ssl=1&resize=350%2C200","width":350,"height":200,"srcset":"https:\/\/i0.wp.com\/larevistadigital.com.ar\/blog\/wp-content\/uploads\/IMG-20190729-WA0012.jpg?fit=1080%2C603&ssl=1&resize=350%2C200 1x, https:\/\/i0.wp.com\/larevistadigital.com.ar\/blog\/wp-content\/uploads\/IMG-20190729-WA0012.jpg?fit=1080%2C603&ssl=1&resize=525%2C300 1.5x, https:\/\/i0.wp.com\/larevistadigital.com.ar\/blog\/wp-content\/uploads\/IMG-20190729-WA0012.jpg?fit=1080%2C603&ssl=1&resize=700%2C400 2x, https:\/\/i0.wp.com\/larevistadigital.com.ar\/blog\/wp-content\/uploads\/IMG-20190729-WA0012.jpg?fit=1080%2C603&ssl=1&resize=1050%2C600 3x"},"classes":[]},{"id":9702,"url":"https:\/\/larevistadigital.com.ar\/blog\/hallan-asesinada-a-mujer-que-se-encontraba-desaparecida\/","url_meta":{"origin":14328,"position":5},"title":"HALLAN ASESINADA A MUJER QUE SE ENCONTRABA DESAPARECIDA","author":"Alejandro Sosa Ruda","date":"15 abril, 2019","format":false,"excerpt":"M\u00f3nica Cruz hab\u00eda denunciado en reiteradas oportunidades al hombre por violencia familiar. Tras ser detenido, el sospechoso cont\u00f3 que la estrangul\u00f3 con una soga y escondi\u00f3 su cuerpo en un descampado en Ca\u00f1uelas. M\u00f3nica Liliana Cruz desapareci\u00f3 el viernes pasado por la noche cuando sali\u00f3 de su casa de la\u2026","rel":"","context":"En \u00abPOLICIALES\u00bb","block_context":{"text":"POLICIALES","link":"https:\/\/larevistadigital.com.ar\/blog\/category\/policiales\/"},"img":{"alt_text":"","src":"https:\/\/i0.wp.com\/larevistadigital.com.ar\/blog\/wp-content\/uploads\/2019\/04\/1555313613039.jpg?fit=1200%2C674&ssl=1&resize=350%2C200","width":350,"height":200,"srcset":"https:\/\/i0.wp.com\/larevistadigital.com.ar\/blog\/wp-content\/uploads\/2019\/04\/1555313613039.jpg?fit=1200%2C674&ssl=1&resize=350%2C200 1x, https:\/\/i0.wp.com\/larevistadigital.com.ar\/blog\/wp-content\/uploads\/2019\/04\/1555313613039.jpg?fit=1200%2C674&ssl=1&resize=525%2C300 1.5x, https:\/\/i0.wp.com\/larevistadigital.com.ar\/blog\/wp-content\/uploads\/2019\/04\/1555313613039.jpg?fit=1200%2C674&ssl=1&resize=700%2C400 2x, https:\/\/i0.wp.com\/larevistadigital.com.ar\/blog\/wp-content\/uploads\/2019\/04\/1555313613039.jpg?fit=1200%2C674&ssl=1&resize=1050%2C600 3x"},"classes":[]}],"_links":{"self":[{"href":"https:\/\/larevistadigital.com.ar\/blog\/wp-json\/wp\/v2\/posts\/14328","targetHints":{"allow":["GET"]}}],"collection":[{"href":"https:\/\/larevistadigital.com.ar\/blog\/wp-json\/wp\/v2\/posts"}],"about":[{"href":"https:\/\/larevistadigital.com.ar\/blog\/wp-json\/wp\/v2\/types\/post"}],"author":[{"embeddable":true,"href":"https:\/\/larevistadigital.com.ar\/blog\/wp-json\/wp\/v2\/users\/3"}],"replies":[{"embeddable":true,"href":"https:\/\/larevistadigital.com.ar\/blog\/wp-json\/wp\/v2\/comments?post=14328"}],"version-history":[{"count":1,"href":"https:\/\/larevistadigital.com.ar\/blog\/wp-json\/wp\/v2\/posts\/14328\/revisions"}],"predecessor-version":[{"id":14330,"href":"https:\/\/larevistadigital.com.ar\/blog\/wp-json\/wp\/v2\/posts\/14328\/revisions\/14330"}],"wp:featuredmedia":[{"embeddable":true,"href":"https:\/\/larevistadigital.com.ar\/blog\/wp-json\/wp\/v2\/media\/14329"}],"wp:attachment":[{"href":"https:\/\/larevistadigital.com.ar\/blog\/wp-json\/wp\/v2\/media?parent=14328"}],"wp:term":[{"taxonomy":"category","embeddable":true,"href":"https:\/\/larevistadigital.com.ar\/blog\/wp-json\/wp\/v2\/categories?post=14328"},{"taxonomy":"post_tag","embeddable":true,"href":"https:\/\/larevistadigital.com.ar\/blog\/wp-json\/wp\/v2\/tags?post=14328"}],"curies":[{"name":"wp","href":"https:\/\/api.w.org\/{rel}","templated":true}]}}