{"id":14331,"date":"2020-01-23T16:11:15","date_gmt":"2020-01-23T16:11:15","guid":{"rendered":"https:\/\/larevistadigital.com.ar\/blog\/?p=14331"},"modified":"2020-01-23T16:11:15","modified_gmt":"2020-01-23T16:11:15","slug":"otra-paliza-en-grupo-a-la-salida-de-una-fiesta","status":"publish","type":"post","link":"https:\/\/larevistadigital.com.ar\/blog\/otra-paliza-en-grupo-a-la-salida-de-una-fiesta\/","title":{"rendered":"OTRA PALIZA EN GRUPO A LA SALIDA DE UNA FIESTA"},"content":{"rendered":"<h2><em>La v\u00edctima, de 39 a\u00f1os, permanece internada\u00a0en terapia intensiva en un hospital, tras ser atacado por al menos cinco personas. Le dieron\u00a0golpes de pu\u00f1o, patadas y hasta un ladrillazo luego\u00a0de un cumplea\u00f1os en Villa Ramallo.<\/em><\/h2>\n<p>Un hombre de 39 a\u00f1os permanec\u00eda este jueves internado en estado cr\u00edtico en un hospital de San Nicol\u00e1s tras ser atacado a golpes de pu\u00f1o, patadas y con un ladrillo por al menos cinco personas que lo persiguieron a la salida de una fiesta de cumplea\u00f1os en la localidad bonaerense de Villa Ramallo, \u00a0y por el hecho hay tres detenidos, informaron\u00a0fuentes policiales y judiciales.<\/p>\n<p>La v\u00edctima fue identificada por la Polic\u00eda como\u00a0<strong>Javier Ferreyra<\/strong>\u00a0(39), quien esta tarde permanec\u00eda alojado en el \u00e1rea de terapia intensiva, inconsciente y con un\u00a0<em>\u00abedema\u00bb<\/em>\u00a0craneal.<\/p>\n<blockquote>\n<h3>Seg\u00fan las fuentes, el paciente se halla internado en el hospital San Felipe de San Nicol\u00e1s, donde fue derivado desde el hospital Municipal de Ramallo por las gravedad de las heridas que presentaba.<\/h3>\n<\/blockquote>\n<p>De acuerdo a los pesquisas, todo comenz\u00f3 alrededor de las 6.30 del s\u00e1bado, cuando Ferreyra participaba de una fiesta de cumplea\u00f1os en una vivienda particular de Ramallo, unos 200 kil\u00f3metros al oeste de la Ciudad Aut\u00f3noma de Buenos Aires, donde discuti\u00f3 con otro de los presentes.<\/p>\n<p><strong><em>\u00abHab\u00eda unos cincuenta invitados cuando se produjo una discusi\u00f3n del momento, a ra\u00edz de lo cual, los due\u00f1os de la casa desalojaron a las personas y dieron por terminada la fiesta\u00bb<\/em><\/strong>, explic\u00f3 esta tarde\u00a0el fiscal de la causa,\u00a0<strong>Ariel Tempo<\/strong>.<\/p>\n<p>Seg\u00fan el fiscal, la pelea\u00a0<em><strong>\u00abderiv\u00f3 despu\u00e9s en una pelea en la v\u00eda p\u00fablica\u00bb<\/strong>\u00a0<\/em>donde la v\u00edctima fue perseguida unos 200 metros hasta la esquina de Espa\u00f1a y Santa Fe, donde un grupo de al menos cinco personas\u00a0<strong><em>\u00ablo derrib\u00f3 con un golpe con un ladrillo\u00bb<\/em><\/strong>.<\/p>\n<blockquote>\n<h3><strong><em>\u00abLa golpearon varias personas cuando ya estaba en el suelo, inconsciente, por lo que la v\u00edctima tuvo pocas oportunidades de defenderse\u00bb<\/em><\/strong>, detall\u00f3 <strong>Tempo.<\/strong><\/h3>\n<\/blockquote>\n<p>Las fuentes se\u00f1alaron que tras la golpiza,<strong> Ferreyra<\/strong> fue auxiliado por vecinos y trasladado en ambulancia hasta el hospital Municipal, donde los m\u00e9dicos constataron que presentaba un fuerte traumatismo de cr\u00e1neo, fractura expuesta de mand\u00edbula y un fuerte golpe en el t\u00f3rax que le afect\u00f3 el pulm\u00f3n izquierdo.<\/p>\n<p>A partir de los datos aportados por los testigos, el fiscal Tempo imput\u00f3 a cinco personas, tres de las cuales fueron detenidas el martes \u00faltimo por la Polic\u00eda e identificadas como\u00a0<strong>Juan Cruz R\u00edos<\/strong>\u00a0(19),\u00a0<strong>Guillermo Retamal<\/strong>\u00a0(19) y\u00a0<strong>Francisco Mendoza<\/strong>\u00a0(22).<\/p>\n<p>Tempo tambi\u00e9n acus\u00f3 a una hermana de R\u00edos y al t\u00edo de \u00e9sta, de unos 30 a\u00f1os, aunque la joven no qued\u00f3 detenida por decisi\u00f3n de la Justicia de Garant\u00edas y el hombre permanec\u00eda pr\u00f3fugo.<\/p>\n<blockquote>\n<h3><strong><em>\u00abLa mujer prest\u00f3 declaraci\u00f3n y dijo que s\u00f3lo intervino para separar los agresores. Dijo que no vio a su hermano golpear a la v\u00edctima y que a su t\u00edo lo empuj\u00f3 en el momento en que vio que le iba a dar una patada a la v\u00edctima. Es una declaraci\u00f3n subjetiva, no s\u00e9 si del todo sincera\u00bb<\/em><\/strong>, relat\u00f3 el fiscal.<\/h3>\n<\/blockquote>\n<p>Tanto R\u00edos como Retamal se negaron a declarar, mientras que Mendoza s\u00ed lo hizo y aclar\u00f3 que \u00e9l conduc\u00eda el Fiat Uno azul en el que se movilizaba con el resto de los sospechosos -y que fue secuestrado por la Polic\u00eda- pero que no particip\u00f3 de la golpiza.<\/p>\n<p><strong><em>\u00abTambi\u00e9n culp\u00f3 a la chica\u00bb<\/em>, detall\u00f3 el fiscal, quien a todos los formul\u00f3 cargos por\u00a0<em>\u00abtentativa de homicidio\u00bb<\/em>.<\/strong><\/p>\n<p>Consultado sobre el estado de salud de la v\u00edctima, Tempo indic\u00f3 que presenta un\u00a0<em>\u00abedema en la cabeza y no ha recuperado la conciencia\u00bb\u00a0<\/em>desde que fue atacado.<\/p>\n<p>Y, respecto a si <strong>Ferreyra<\/strong> conoc\u00eda a sus agresores, el fiscal estim\u00f3 que por ser Ramallo una localidad de pocos habitantes,\u00a0<strong><em>\u00abes posible que se conocieran al menos de vista\u00bb<\/em>\u00a0<\/strong>aunque hasta el momento los testigos que declararon refirieron que no hab\u00eda un conocimiento entre ambas partes.<\/p>\n","protected":false},"excerpt":{"rendered":"<div class=\"mh-excerpt\"><p>La v\u00edctima, de 39 a\u00f1os, permanece internada\u00a0en terapia intensiva en un hospital, tras ser atacado por al menos cinco personas. Le dieron\u00a0golpes de pu\u00f1o, patadas y hasta un ladrillazo luego\u00a0de un cumplea\u00f1os en Villa Ramallo. <a class=\"mh-excerpt-more\" href=\"https:\/\/larevistadigital.com.ar\/blog\/otra-paliza-en-grupo-a-la-salida-de-una-fiesta\/\" title=\"OTRA PALIZA EN GRUPO A LA SALIDA DE UNA FIESTA\">[Leer M\u00e1s]<\/a><\/p>\n<\/div>","protected":false},"author":3,"featured_media":14332,"comment_status":"open","ping_status":"open","sticky":false,"template":"","format":"standard","meta":{"_jetpack_memberships_contains_paid_content":false,"footnotes":"","jetpack_publicize_message":"","jetpack_publicize_feature_enabled":true,"jetpack_social_post_already_shared":true,"jetpack_social_options":{"image_generator_settings":{"template":"highway","default_image_id":0,"font":"","enabled":false},"version":2}},"categories":[50,44],"tags":[],"class_list":{"0":"post-14331","1":"post","2":"type-post","3":"status-publish","4":"format-standard","5":"has-post-thumbnail","7":"category-interes-general","8":"category-policiales"},"jetpack_publicize_connections":[],"jetpack_featured_media_url":"https:\/\/i0.wp.com\/larevistadigital.com.ar\/blog\/wp-content\/uploads\/Screenshot_1-88.jpg?fit=1045%2C583&ssl=1","jetpack_sharing_enabled":true,"jetpack_shortlink":"https:\/\/wp.me\/p8qtrQ-3J9","jetpack-related-posts":[{"id":12384,"url":"https:\/\/larevistadigital.com.ar\/blog\/horror-hombre-degollo-a-su-ex-novia-y-los-vecinos-casi-lo-linchan\/","url_meta":{"origin":14331,"position":0},"title":"HORROR: HOMBRE DEGOLL\u00d3 A SU EX NOVIA, Y LOS VECINOS CASI LO LINCHAN","author":"Alejandro Sosa Ruda","date":"30 septiembre, 2019","format":false,"excerpt":"Un hombre de nacionalidad paraguaya mat\u00f3 a su ex pareja, Miriam Adela Portillo,\u00a0de 39 a\u00f1os. Despu\u00e9s, fue atacado por familiares de la v\u00edctima y vecinos del lugar. El femicida fue trasladado al Hospital Mi Pueblo donde constataron que presenta hundimiento de cr\u00e1neo.\u00a0 El caso conmociona a todo Florencio Varela. Una\u2026","rel":"","context":"En \u00abINTERES GENERAL\u00bb","block_context":{"text":"INTERES GENERAL","link":"https:\/\/larevistadigital.com.ar\/blog\/category\/interes-general\/"},"img":{"alt_text":"","src":"https:\/\/i0.wp.com\/larevistadigital.com.ar\/blog\/wp-content\/uploads\/0023097206.jpg?fit=1030%2C474&ssl=1&resize=350%2C200","width":350,"height":200,"srcset":"https:\/\/i0.wp.com\/larevistadigital.com.ar\/blog\/wp-content\/uploads\/0023097206.jpg?fit=1030%2C474&ssl=1&resize=350%2C200 1x, https:\/\/i0.wp.com\/larevistadigital.com.ar\/blog\/wp-content\/uploads\/0023097206.jpg?fit=1030%2C474&ssl=1&resize=525%2C300 1.5x, https:\/\/i0.wp.com\/larevistadigital.com.ar\/blog\/wp-content\/uploads\/0023097206.jpg?fit=1030%2C474&ssl=1&resize=700%2C400 2x"},"classes":[]},{"id":17741,"url":"https:\/\/larevistadigital.com.ar\/blog\/chica-de-13-anos-fue-apunalada-por-el-novio-de-16-esta-en-grave-estado\/","url_meta":{"origin":14331,"position":1},"title":"CHICA DE 13 A\u00d1OS FUE APU\u00d1ALADA POR EL NOVIO DE 16. EST\u00c1 EN GRAVE ESTADO","author":"Alejandro Sosa Ruda","date":"19 noviembre, 2020","format":false,"excerpt":"Sucedi\u00f3 en la localidad bonaerense de Azul. La adolescente fue operada y se encuentra internada en terapia intensiva. El presunto agresor fue aprehendido por la Polic\u00eda. AZUL - Una adolescente de 13 a\u00f1os fue apu\u00f1alada en la ciudad bonaerense de Azul y luego de ser operada esta noche permanec\u00eda internada\u2026","rel":"","context":"En \u00abPOLICIALES\u00bb","block_context":{"text":"POLICIALES","link":"https:\/\/larevistadigital.com.ar\/blog\/category\/policiales\/"},"img":{"alt_text":"","src":"https:\/\/i0.wp.com\/larevistadigital.com.ar\/blog\/wp-content\/uploads\/unnamed-14.jpg?fit=1000%2C662&ssl=1&resize=350%2C200","width":350,"height":200,"srcset":"https:\/\/i0.wp.com\/larevistadigital.com.ar\/blog\/wp-content\/uploads\/unnamed-14.jpg?fit=1000%2C662&ssl=1&resize=350%2C200 1x, https:\/\/i0.wp.com\/larevistadigital.com.ar\/blog\/wp-content\/uploads\/unnamed-14.jpg?fit=1000%2C662&ssl=1&resize=525%2C300 1.5x, https:\/\/i0.wp.com\/larevistadigital.com.ar\/blog\/wp-content\/uploads\/unnamed-14.jpg?fit=1000%2C662&ssl=1&resize=700%2C400 2x"},"classes":[]},{"id":15397,"url":"https:\/\/larevistadigital.com.ar\/blog\/molio-a-golpes-a-su-hija-de-2-anos-ahora-la-criatura-pelea-por-su-vida\/","url_meta":{"origin":14331,"position":2},"title":"CHACAL MOLI\u00d3 A GOLPES A SU HIJA DE 2 A\u00d1OS. AHORA LA CRIATURA PELEA POR SU VIDA","author":"Alejandro Sosa Ruda","date":"28 mayo, 2020","format":false,"excerpt":"SAN NICOL\u00c1S - Una ni\u00f1a de 2 a\u00f1os qued\u00f3 internada en grave estado en un hospital de San Nicol\u00e1s, y por el hecho detuvieron a su padre, un adolescente de 17 a\u00f1os con antecedentes penales, informaron fuentes policiales. La denuncia fue realizada por la madre de la v\u00edctima, una joven\u2026","rel":"","context":"En \u00abINTERES GENERAL\u00bb","block_context":{"text":"INTERES GENERAL","link":"https:\/\/larevistadigital.com.ar\/blog\/category\/interes-general\/"},"img":{"alt_text":"","src":"https:\/\/i0.wp.com\/larevistadigital.com.ar\/blog\/wp-content\/uploads\/1590675122756.jpg?fit=1200%2C673&ssl=1&resize=350%2C200","width":350,"height":200,"srcset":"https:\/\/i0.wp.com\/larevistadigital.com.ar\/blog\/wp-content\/uploads\/1590675122756.jpg?fit=1200%2C673&ssl=1&resize=350%2C200 1x, https:\/\/i0.wp.com\/larevistadigital.com.ar\/blog\/wp-content\/uploads\/1590675122756.jpg?fit=1200%2C673&ssl=1&resize=525%2C300 1.5x, https:\/\/i0.wp.com\/larevistadigital.com.ar\/blog\/wp-content\/uploads\/1590675122756.jpg?fit=1200%2C673&ssl=1&resize=700%2C400 2x, https:\/\/i0.wp.com\/larevistadigital.com.ar\/blog\/wp-content\/uploads\/1590675122756.jpg?fit=1200%2C673&ssl=1&resize=1050%2C600 3x"},"classes":[]},{"id":24348,"url":"https:\/\/larevistadigital.com.ar\/blog\/berisso-un-problema-de-transito-termino-con-una-persona-con-un-tiro-en-la-cabeza\/","url_meta":{"origin":14331,"position":3},"title":"BERISSO: UN PROBLEMA DE TR\u00c1NSITO TERMIN\u00d3 CON UNA PERSONA CON UN TIRO EN LA CABEZA","author":"Alejandro Sosa Ruda","date":"4 marzo, 2022","format":false,"excerpt":"Un joven fue herido de un tiro en la cabeza tras un incidente que tuvo en la v\u00eda p\u00fablica por un problema de tr\u00e1nsito y permanec\u00eda internado en la sala de terapia intensiva de un hospital de la localidad bonaerense de Berisso, informaron este jueves fuentes policiales. BERISSO -\u00a0 Seg\u00fan\u2026","rel":"","context":"En \u00abINTERES GENERAL\u00bb","block_context":{"text":"INTERES GENERAL","link":"https:\/\/larevistadigital.com.ar\/blog\/category\/interes-general\/"},"img":{"alt_text":"","src":"https:\/\/i0.wp.com\/larevistadigital.com.ar\/blog\/wp-content\/uploads\/20220303134034_hospital-berisso.jpg?fit=880%2C512&ssl=1&resize=350%2C200","width":350,"height":200,"srcset":"https:\/\/i0.wp.com\/larevistadigital.com.ar\/blog\/wp-content\/uploads\/20220303134034_hospital-berisso.jpg?fit=880%2C512&ssl=1&resize=350%2C200 1x, https:\/\/i0.wp.com\/larevistadigital.com.ar\/blog\/wp-content\/uploads\/20220303134034_hospital-berisso.jpg?fit=880%2C512&ssl=1&resize=525%2C300 1.5x, https:\/\/i0.wp.com\/larevistadigital.com.ar\/blog\/wp-content\/uploads\/20220303134034_hospital-berisso.jpg?fit=880%2C512&ssl=1&resize=700%2C400 2x"},"classes":[]},{"id":41431,"url":"https:\/\/larevistadigital.com.ar\/blog\/violenta-golpiza-en-dolores-un-joven-de-24-anos-fue-atacado-por-una-patota-y-hay-un-detenido\/","url_meta":{"origin":14331,"position":4},"title":"Violenta golpiza en Dolores: un joven de 24 a\u00f1os fue atacado por una patota y hay un detenido","author":"Alejandro Sosa Ruda","date":"12 septiembre, 2025","format":false,"excerpt":"El joven, de 24 a\u00f1os, fue brutalmente agredido con palos y piedras por un grupo de al menos cinco personas cerca del Colegio Normal. Tras ser operado de urgencia, evoluciona favorablemente. Un menor fue detenido y la Justicia investiga a los dem\u00e1s implicados. 12 de septiembre de 2025 DOLORES -\u00a0\u2026","rel":"","context":"En \u00abDOLORES\u00bb","block_context":{"text":"DOLORES","link":"https:\/\/larevistadigital.com.ar\/blog\/category\/dolores\/"},"img":{"alt_text":"","src":"https:\/\/i0.wp.com\/larevistadigital.com.ar\/blog\/wp-content\/uploads\/Screenshot_1-121.jpg?fit=1007%2C565&ssl=1&resize=350%2C200","width":350,"height":200,"srcset":"https:\/\/i0.wp.com\/larevistadigital.com.ar\/blog\/wp-content\/uploads\/Screenshot_1-121.jpg?fit=1007%2C565&ssl=1&resize=350%2C200 1x, https:\/\/i0.wp.com\/larevistadigital.com.ar\/blog\/wp-content\/uploads\/Screenshot_1-121.jpg?fit=1007%2C565&ssl=1&resize=525%2C300 1.5x, https:\/\/i0.wp.com\/larevistadigital.com.ar\/blog\/wp-content\/uploads\/Screenshot_1-121.jpg?fit=1007%2C565&ssl=1&resize=700%2C400 2x"},"classes":[]},{"id":34357,"url":"https:\/\/larevistadigital.com.ar\/blog\/villa-gesell-prendieron-fuego-a-un-joven-esta-muy-delicado\/","url_meta":{"origin":14331,"position":5},"title":"VILLA GESELL: PRENDIERON FUEGO A UN JOVEN. EST\u00c1 MUY DELICADO","author":"Alejandro Sosa Ruda","date":"4 noviembre, 2023","format":false,"excerpt":"La v\u00edctima fue asistida por vecinos hasta que lleg\u00f3 la ambulancia. El agresor escap\u00f3 en moto pero fue detenido. Se espera poder trasladarlo a un centro de mayor complejidad para pacientes con quemaduras graves. 4 de noviembre de 2023 VILLA GESELL -\u00a0 Un joven de Villa Gesell permanece internado en\u2026","rel":"","context":"En \u00abINTERES GENERAL\u00bb","block_context":{"text":"INTERES GENERAL","link":"https:\/\/larevistadigital.com.ar\/blog\/category\/interes-general\/"},"img":{"alt_text":"","src":"https:\/\/i0.wp.com\/larevistadigital.com.ar\/blog\/wp-content\/uploads\/20231103145058_quemado.jpg?fit=880%2C512&ssl=1&resize=350%2C200","width":350,"height":200,"srcset":"https:\/\/i0.wp.com\/larevistadigital.com.ar\/blog\/wp-content\/uploads\/20231103145058_quemado.jpg?fit=880%2C512&ssl=1&resize=350%2C200 1x, https:\/\/i0.wp.com\/larevistadigital.com.ar\/blog\/wp-content\/uploads\/20231103145058_quemado.jpg?fit=880%2C512&ssl=1&resize=525%2C300 1.5x, https:\/\/i0.wp.com\/larevistadigital.com.ar\/blog\/wp-content\/uploads\/20231103145058_quemado.jpg?fit=880%2C512&ssl=1&resize=700%2C400 2x"},"classes":[]}],"_links":{"self":[{"href":"https:\/\/larevistadigital.com.ar\/blog\/wp-json\/wp\/v2\/posts\/14331","targetHints":{"allow":["GET"]}}],"collection":[{"href":"https:\/\/larevistadigital.com.ar\/blog\/wp-json\/wp\/v2\/posts"}],"about":[{"href":"https:\/\/larevistadigital.com.ar\/blog\/wp-json\/wp\/v2\/types\/post"}],"author":[{"embeddable":true,"href":"https:\/\/larevistadigital.com.ar\/blog\/wp-json\/wp\/v2\/users\/3"}],"replies":[{"embeddable":true,"href":"https:\/\/larevistadigital.com.ar\/blog\/wp-json\/wp\/v2\/comments?post=14331"}],"version-history":[{"count":1,"href":"https:\/\/larevistadigital.com.ar\/blog\/wp-json\/wp\/v2\/posts\/14331\/revisions"}],"predecessor-version":[{"id":14333,"href":"https:\/\/larevistadigital.com.ar\/blog\/wp-json\/wp\/v2\/posts\/14331\/revisions\/14333"}],"wp:featuredmedia":[{"embeddable":true,"href":"https:\/\/larevistadigital.com.ar\/blog\/wp-json\/wp\/v2\/media\/14332"}],"wp:attachment":[{"href":"https:\/\/larevistadigital.com.ar\/blog\/wp-json\/wp\/v2\/media?parent=14331"}],"wp:term":[{"taxonomy":"category","embeddable":true,"href":"https:\/\/larevistadigital.com.ar\/blog\/wp-json\/wp\/v2\/categories?post=14331"},{"taxonomy":"post_tag","embeddable":true,"href":"https:\/\/larevistadigital.com.ar\/blog\/wp-json\/wp\/v2\/tags?post=14331"}],"curies":[{"name":"wp","href":"https:\/\/api.w.org\/{rel}","templated":true}]}}