{"id":14334,"date":"2020-01-23T16:34:57","date_gmt":"2020-01-23T16:34:57","guid":{"rendered":"https:\/\/larevistadigital.com.ar\/blog\/?p=14334"},"modified":"2020-01-23T16:37:02","modified_gmt":"2020-01-23T16:37:02","slug":"analizan-derogar-el-decreto-de-macri-para-expulsar-del-pais-a-extranjeros-que-delinquen","status":"publish","type":"post","link":"https:\/\/larevistadigital.com.ar\/blog\/analizan-derogar-el-decreto-de-macri-para-expulsar-del-pais-a-extranjeros-que-delinquen\/","title":{"rendered":"ANALIZAN DEROGAR EL DECRETO DE MACRI PARA EXPULSAR DEL PA\u00cdS A EXTRANJEROS QUE DELINQUEN"},"content":{"rendered":"<h2>Se trata de una medida tomada por la gesti\u00f3n anterior y que entr\u00f3 en vigencia en el a\u00f1o 2017.<\/h2>\n<p>En el a\u00f1o 2017, el gobierno de\u00a0<strong>Mauricio Macri<\/strong>\u00a0firm\u00f3 un\u00a0<strong>decreto de necesidad y urgencia para expulsar del pa\u00eds a los extranjeros que cometan delitos<\/strong>\u00a0en territorio argentino. Sin embargo, se acaba de confirmar que la actual gesti\u00f3n liderada por Alberto Fern\u00e1ndez<strong>\u00a0analiza derogar la medida.\u00a0<\/strong><\/p>\n<p>La decisi\u00f3n del gobierno se da luego de que llegara a Casa Rosada un expreso pedido de organizaciones de Derechos Humanos, entre las que se encuentra<strong>\u00a0Aminist\u00eda Internacional<\/strong>, que piden una revisi\u00f3n urgente de la pol\u00edtica migratoria.<\/p>\n<blockquote>\n<h3><strong><em>\u201cNo estamos decidiendo planes. Estamos revisando el decreto, evaluando la posibilidad de derogarlo, pero no hemos tomado ninguna decisi\u00f3n\u201d<\/em><\/strong>, expresaron fuentes cercanas a Casa Rosada al diario\u00a0<em>Clar\u00edn<\/em>.<\/h3>\n<\/blockquote>\n<p>Asimismo, las agrupaciones aseguran que el objetivo de un pa\u00eds debe estar puesto en<strong>\u00a0garantizar los derechos de los migrantes a vivir pac\u00edficamente en el lugar que escogieron<\/strong>\u00a0para hacerlo y que con las medidas tomadas por la gesti\u00f3n de <strong>Mauricio Macri<\/strong>, eso no estar\u00eda llev\u00e1ndose a cabo.<\/p>\n<p>Si bien a\u00fan es muy tempano para saber qu\u00e9 har\u00e1 finalmente el gobierno con respecto a este tema, s\u00ed es cierto que ya se encuentran evaluando tomar nuevas disposiciones. De hecho, el documento presentado por las organizaciones bajo el nombre\u00a0<strong>\u201cAgenda Migrante para 2020\u201d<\/strong>\u00a0estar\u00e1 en manos del ministro del Interior,\u00a0<strong>Eduardo \u201cWado\u201d de Pedro<\/strong>, donde se encuentra la Direcci\u00f3n\u00a0Nacional de Migraciones, que lidera la funcionaria<strong>\u00a0Florencia Carignano.<\/strong><\/p>\n<p>PUBLICADO EN TN<\/p>\n","protected":false},"excerpt":{"rendered":"<div class=\"mh-excerpt\"><p>Se trata de una medida tomada por la gesti\u00f3n anterior y que entr\u00f3 en vigencia en el a\u00f1o 2017. En el a\u00f1o 2017, el gobierno de\u00a0Mauricio Macri\u00a0firm\u00f3 un\u00a0decreto de necesidad y urgencia para expulsar del <a class=\"mh-excerpt-more\" href=\"https:\/\/larevistadigital.com.ar\/blog\/analizan-derogar-el-decreto-de-macri-para-expulsar-del-pais-a-extranjeros-que-delinquen\/\" title=\"ANALIZAN DEROGAR EL DECRETO DE MACRI PARA EXPULSAR DEL PA\u00cdS A EXTRANJEROS QUE DELINQUEN\">[Leer M\u00e1s]<\/a><\/p>\n<\/div>","protected":false},"author":3,"featured_media":14336,"comment_status":"open","ping_status":"open","sticky":false,"template":"","format":"standard","meta":{"_jetpack_memberships_contains_paid_content":false,"footnotes":"","jetpack_publicize_message":"","jetpack_publicize_feature_enabled":true,"jetpack_social_post_already_shared":true,"jetpack_social_options":{"image_generator_settings":{"template":"highway","default_image_id":0,"font":"","enabled":false},"version":2}},"categories":[50,12],"tags":[],"class_list":{"0":"post-14334","1":"post","2":"type-post","3":"status-publish","4":"format-standard","5":"has-post-thumbnail","7":"category-interes-general","8":"category-politica"},"jetpack_publicize_connections":[],"jetpack_featured_media_url":"https:\/\/i0.wp.com\/larevistadigital.com.ar\/blog\/wp-content\/uploads\/Captura-38.png?fit=600%2C386&ssl=1","jetpack_sharing_enabled":true,"jetpack_shortlink":"https:\/\/wp.me\/p8qtrQ-3Jc","jetpack-related-posts":[{"id":39079,"url":"https:\/\/larevistadigital.com.ar\/blog\/preocupacion-en-mar-chiquita-por-el-impacto-del-decreto-216-2025-en-el-turismo\/","url_meta":{"origin":14334,"position":0},"title":"Preocupaci\u00f3n en Mar Chiquita por el impacto del decreto 216\/2025 en el turismo","author":"Alejandro Sosa Ruda","date":"22 marzo, 2025","format":false,"excerpt":"Las autoridades del Partido de Mar Chiquita, expresaron su preocupaci\u00f3n por el decreto impulsado por el Gobierno Nacional para modificar la Ley Nacional de Turismo. 22 De Marzo de 2025 MAR CHIQUITA -\u00a0 Desde la Secretar\u00eda de Turismo y Ambiente del Partido de Mar Chiquita, a cargo de Diego Ginestra,\u2026","rel":"","context":"En \u00abPOLITICA PROVINCIAL\u00bb","block_context":{"text":"POLITICA PROVINCIAL","link":"https:\/\/larevistadigital.com.ar\/blog\/category\/politica\/politica-provincial\/"},"img":{"alt_text":"","src":"https:\/\/i0.wp.com\/larevistadigital.com.ar\/blog\/wp-content\/uploads\/79a5625977ae8d129a181da58db2fdee15ca6ef6.jpg?fit=1140%2C820&ssl=1&resize=350%2C200","width":350,"height":200,"srcset":"https:\/\/i0.wp.com\/larevistadigital.com.ar\/blog\/wp-content\/uploads\/79a5625977ae8d129a181da58db2fdee15ca6ef6.jpg?fit=1140%2C820&ssl=1&resize=350%2C200 1x, https:\/\/i0.wp.com\/larevistadigital.com.ar\/blog\/wp-content\/uploads\/79a5625977ae8d129a181da58db2fdee15ca6ef6.jpg?fit=1140%2C820&ssl=1&resize=525%2C300 1.5x, https:\/\/i0.wp.com\/larevistadigital.com.ar\/blog\/wp-content\/uploads\/79a5625977ae8d129a181da58db2fdee15ca6ef6.jpg?fit=1140%2C820&ssl=1&resize=700%2C400 2x, https:\/\/i0.wp.com\/larevistadigital.com.ar\/blog\/wp-content\/uploads\/79a5625977ae8d129a181da58db2fdee15ca6ef6.jpg?fit=1140%2C820&ssl=1&resize=1050%2C600 3x"},"classes":[]},{"id":7827,"url":"https:\/\/larevistadigital.com.ar\/blog\/afirman-que-macri-firmara-un-decreto-por-la-extension-de-dominio\/","url_meta":{"origin":14334,"position":1},"title":"AFIRMAN QUE MACRI FIRMAR\u00c1 UN DECRETO POR LA \u00abEXTENSI\u00d3N DE DOMINIO\u00bb","author":"Alejandro Sosa Ruda","date":"21 enero, 2019","format":false,"excerpt":"Hoy, a las 14:30 hs., el presidente Mauricio macri har\u00e1 un anuncio en el Sal\u00f3n Blanco de la la Casa Rosada.\u00a0 Seg\u00fan consigna el sitio \"Tribuna de Periodistas\", y a pesar del mutismo del gobierno acerca de los anuncios,\u00a0el presidente dar\u00e1 los detalles de la firma de un DNU por\u2026","rel":"","context":"En \u00abPOLITICA\u00bb","block_context":{"text":"POLITICA","link":"https:\/\/larevistadigital.com.ar\/blog\/category\/politica\/"},"img":{"alt_text":"","src":"https:\/\/i0.wp.com\/larevistadigital.com.ar\/blog\/wp-content\/uploads\/2019\/01\/por-arriba-por-abajo.jpg?fit=650%2C433&ssl=1&resize=350%2C200","width":350,"height":200,"srcset":"https:\/\/i0.wp.com\/larevistadigital.com.ar\/blog\/wp-content\/uploads\/2019\/01\/por-arriba-por-abajo.jpg?fit=650%2C433&ssl=1&resize=350%2C200 1x, https:\/\/i0.wp.com\/larevistadigital.com.ar\/blog\/wp-content\/uploads\/2019\/01\/por-arriba-por-abajo.jpg?fit=650%2C433&ssl=1&resize=525%2C300 1.5x"},"classes":[]},{"id":5889,"url":"https:\/\/larevistadigital.com.ar\/blog\/mauricio-macri-cuestiono-a-los-gremialistas-por-el-paro-nacional-no-contribuyen-en-nada\/","url_meta":{"origin":14334,"position":2},"title":"Mauricio Macri cuestion\u00f3 a los gremialistas por el paro nacional: \u00abNo contribuyen en nada\u00bb","author":"admin","date":"25 junio, 2018","format":false,"excerpt":"El Presidente habl\u00f3 en Tandil sobre la medida de fuerza impulsada por la CGT El presidente\u00a0Mauricio Macri\u00a0cuestion\u00f3 a los gremialistas por el\u00a0paro general\u00a0que se desarrolla durante la jornada de hoy: \"No contribuyen en nada\", se\u00f1al\u00f3 el Jefe de Estado\u00a0en el marco de\u00a0una entrevista en Tandil, acompa\u00f1ado por la gobernadora bonaerense,\u00a0Mar\u00eda\u2026","rel":"","context":"En \u00abPOLITICA\u00bb","block_context":{"text":"POLITICA","link":"https:\/\/larevistadigital.com.ar\/blog\/category\/politica\/"},"img":{"alt_text":"","src":"https:\/\/i0.wp.com\/larevistadigital.com.ar\/blog\/wp-content\/uploads\/2018\/06\/Macri-conferencia.jpg?fit=850%2C560&ssl=1&resize=350%2C200","width":350,"height":200,"srcset":"https:\/\/i0.wp.com\/larevistadigital.com.ar\/blog\/wp-content\/uploads\/2018\/06\/Macri-conferencia.jpg?fit=850%2C560&ssl=1&resize=350%2C200 1x, https:\/\/i0.wp.com\/larevistadigital.com.ar\/blog\/wp-content\/uploads\/2018\/06\/Macri-conferencia.jpg?fit=850%2C560&ssl=1&resize=525%2C300 1.5x, https:\/\/i0.wp.com\/larevistadigital.com.ar\/blog\/wp-content\/uploads\/2018\/06\/Macri-conferencia.jpg?fit=850%2C560&ssl=1&resize=700%2C400 2x"},"classes":[]},{"id":1431,"url":"https:\/\/larevistadigital.com.ar\/blog\/sola-con-el-blanqueo-de-familiares-macri-demostro-que-no-le-importa-lo-que-el-congreso-dictamina\/","url_meta":{"origin":14334,"position":3},"title":"Sol\u00e1: \u201cCon el blanqueo de familiares Macri demostr\u00f3 que no le importa lo que el Congreso dictamina\u201d","author":"editor","date":"18 marzo, 2017","format":false,"excerpt":"El diputado nacional Felipe Sol\u00e1 se refiri\u00f3 al fallo en primera instancia que permite a los familiares de funcionarios puedan ingresar al blanqueo de capitales. \u201c\u00bfD\u00f3nde est\u00e1n los defensores de la Rep\u00fablica? Es una verg\u00fcenza que se adjudiquen la condici\u00f3n de jueces morales y avalen este decreto\u201d, indic\u00f3. Felipe Sol\u00e1\u2026","rel":"","context":"En \u00abPOLITICA\u00bb","block_context":{"text":"POLITICA","link":"https:\/\/larevistadigital.com.ar\/blog\/category\/politica\/"},"img":{"alt_text":"","src":"https:\/\/i0.wp.com\/larevistadigital.com.ar\/blog\/wp-content\/uploads\/2017\/03\/Felipe-Sola.jpg?fit=1200%2C675&ssl=1&resize=350%2C200","width":350,"height":200,"srcset":"https:\/\/i0.wp.com\/larevistadigital.com.ar\/blog\/wp-content\/uploads\/2017\/03\/Felipe-Sola.jpg?fit=1200%2C675&ssl=1&resize=350%2C200 1x, https:\/\/i0.wp.com\/larevistadigital.com.ar\/blog\/wp-content\/uploads\/2017\/03\/Felipe-Sola.jpg?fit=1200%2C675&ssl=1&resize=525%2C300 1.5x, https:\/\/i0.wp.com\/larevistadigital.com.ar\/blog\/wp-content\/uploads\/2017\/03\/Felipe-Sola.jpg?fit=1200%2C675&ssl=1&resize=700%2C400 2x, https:\/\/i0.wp.com\/larevistadigital.com.ar\/blog\/wp-content\/uploads\/2017\/03\/Felipe-Sola.jpg?fit=1200%2C675&ssl=1&resize=1050%2C600 3x"},"classes":[]},{"id":7836,"url":"https:\/\/larevistadigital.com.ar\/blog\/el-anuncio-de-macri-por-la-extincion-de-dominio-en-14-frases\/","url_meta":{"origin":14334,"position":4},"title":"EL ANUNCIO DE MACRI POR LA EXTINCI\u00d3N DE DOMINIO, EN 14 FRASES","author":"Alejandro Sosa Ruda","date":"22 enero, 2019","format":false,"excerpt":"Ayer, tal como lo hab\u00edamos adelantado en LRD, el presidente Mauricio Macri hizo el anuncio que pondr\u00e1 en vigencia a trav\u00e9s de un decreto la ley de \"Extinci\u00f3n de Dominio\". Aqu\u00ed les brindamos un extracto de 14 frases del discurso del presidente: -El Gobierno firm\u00f3 un decreto de necesidad y\u2026","rel":"","context":"En \u00abPOLITICA\u00bb","block_context":{"text":"POLITICA","link":"https:\/\/larevistadigital.com.ar\/blog\/category\/politica\/"},"img":{"alt_text":"","src":"https:\/\/i0.wp.com\/larevistadigital.com.ar\/blog\/wp-content\/uploads\/2019\/01\/445498.jpg?fit=1200%2C831&ssl=1&resize=350%2C200","width":350,"height":200,"srcset":"https:\/\/i0.wp.com\/larevistadigital.com.ar\/blog\/wp-content\/uploads\/2019\/01\/445498.jpg?fit=1200%2C831&ssl=1&resize=350%2C200 1x, https:\/\/i0.wp.com\/larevistadigital.com.ar\/blog\/wp-content\/uploads\/2019\/01\/445498.jpg?fit=1200%2C831&ssl=1&resize=525%2C300 1.5x, https:\/\/i0.wp.com\/larevistadigital.com.ar\/blog\/wp-content\/uploads\/2019\/01\/445498.jpg?fit=1200%2C831&ssl=1&resize=700%2C400 2x, https:\/\/i0.wp.com\/larevistadigital.com.ar\/blog\/wp-content\/uploads\/2019\/01\/445498.jpg?fit=1200%2C831&ssl=1&resize=1050%2C600 3x"},"classes":[]},{"id":39632,"url":"https:\/\/larevistadigital.com.ar\/blog\/macri-redobla-criticas-al-gobierno-de-milei-y-agita-el-tema-de-la-corrupcion\/","url_meta":{"origin":14334,"position":5},"title":"Macri redobla cr\u00edticas al gobierno de Milei y agita el tema de la corrupci\u00f3n","author":"Alejandro Sosa Ruda","date":"3 mayo, 2025","format":false,"excerpt":"El expresidente cuestion\u00f3 la falta de avances en transparencia del oficialismo y contrast\u00f3 su gesti\u00f3n con la actual. Tambi\u00e9n volvi\u00f3 a cargar contra Karina Milei por las divisiones pol\u00edticas en varios distritos. 03 de Mayo de 2025 Mauricio Macri volvi\u00f3 a cargar con dureza contra el gobierno de Javier Milei,\u2026","rel":"","context":"En \u00abINTERES GENERAL\u00bb","block_context":{"text":"INTERES GENERAL","link":"https:\/\/larevistadigital.com.ar\/blog\/category\/interes-general\/"},"img":{"alt_text":"","src":"https:\/\/i0.wp.com\/larevistadigital.com.ar\/blog\/wp-content\/uploads\/Captura-de-pantalla-2025-05-03-113242.jpg?fit=760%2C422&ssl=1&resize=350%2C200","width":350,"height":200,"srcset":"https:\/\/i0.wp.com\/larevistadigital.com.ar\/blog\/wp-content\/uploads\/Captura-de-pantalla-2025-05-03-113242.jpg?fit=760%2C422&ssl=1&resize=350%2C200 1x, https:\/\/i0.wp.com\/larevistadigital.com.ar\/blog\/wp-content\/uploads\/Captura-de-pantalla-2025-05-03-113242.jpg?fit=760%2C422&ssl=1&resize=525%2C300 1.5x, https:\/\/i0.wp.com\/larevistadigital.com.ar\/blog\/wp-content\/uploads\/Captura-de-pantalla-2025-05-03-113242.jpg?fit=760%2C422&ssl=1&resize=700%2C400 2x"},"classes":[]}],"_links":{"self":[{"href":"https:\/\/larevistadigital.com.ar\/blog\/wp-json\/wp\/v2\/posts\/14334","targetHints":{"allow":["GET"]}}],"collection":[{"href":"https:\/\/larevistadigital.com.ar\/blog\/wp-json\/wp\/v2\/posts"}],"about":[{"href":"https:\/\/larevistadigital.com.ar\/blog\/wp-json\/wp\/v2\/types\/post"}],"author":[{"embeddable":true,"href":"https:\/\/larevistadigital.com.ar\/blog\/wp-json\/wp\/v2\/users\/3"}],"replies":[{"embeddable":true,"href":"https:\/\/larevistadigital.com.ar\/blog\/wp-json\/wp\/v2\/comments?post=14334"}],"version-history":[{"count":2,"href":"https:\/\/larevistadigital.com.ar\/blog\/wp-json\/wp\/v2\/posts\/14334\/revisions"}],"predecessor-version":[{"id":14338,"href":"https:\/\/larevistadigital.com.ar\/blog\/wp-json\/wp\/v2\/posts\/14334\/revisions\/14338"}],"wp:featuredmedia":[{"embeddable":true,"href":"https:\/\/larevistadigital.com.ar\/blog\/wp-json\/wp\/v2\/media\/14336"}],"wp:attachment":[{"href":"https:\/\/larevistadigital.com.ar\/blog\/wp-json\/wp\/v2\/media?parent=14334"}],"wp:term":[{"taxonomy":"category","embeddable":true,"href":"https:\/\/larevistadigital.com.ar\/blog\/wp-json\/wp\/v2\/categories?post=14334"},{"taxonomy":"post_tag","embeddable":true,"href":"https:\/\/larevistadigital.com.ar\/blog\/wp-json\/wp\/v2\/tags?post=14334"}],"curies":[{"name":"wp","href":"https:\/\/api.w.org\/{rel}","templated":true}]}}