{"id":14339,"date":"2020-01-23T16:54:18","date_gmt":"2020-01-23T16:54:18","guid":{"rendered":"https:\/\/larevistadigital.com.ar\/blog\/?p=14339"},"modified":"2020-01-23T16:54:18","modified_gmt":"2020-01-23T16:54:18","slug":"un-turista-guardo-brasas-en-el-baul-para-apurar-el-asado-el-auto-se-incendio-y-casi-explota","status":"publish","type":"post","link":"https:\/\/larevistadigital.com.ar\/blog\/un-turista-guardo-brasas-en-el-baul-para-apurar-el-asado-el-auto-se-incendio-y-casi-explota\/","title":{"rendered":"UN TURISTA GUARD\u00d3 BRASAS EN EL BA\u00daL PARA APURAR EL ASADO, EL AUTO SE INCENDI\u00d3 Y CASI EXPLOTA"},"content":{"rendered":"<h2><em>Uno cree que ya no queda nada por ver, pero la vida nos sigue demostrando que siempre hay alg\u00fan \u00abiluminado\u00bb dispuesto a sorprendernos.<\/em><\/h2>\n<p class=\"capital\"><strong>LA FALDA &#8211;<\/strong> Para hacer un buen asado la clave es la paciencia. Algo que no tuvo en cuenta este turista que paraba en un balneario de C\u00f3rdoba. Aparentemente, para ganar tiempo antes de llegar a la parrilla, ellos habr\u00edan puesto ya en el ba\u00fal de su auto brasas encendidas. Pero tuvieron a llamar a los bomberos porque el auto empez\u00f3 a incendiarse. Y como era un veh\u00edculo con un tanque de GNC, estuvo a punto de volar por los aires.<\/p>\n<p>El hecho que pudo terminar en tragedia ocurri\u00f3 en el balneario Las 7 cascadas, de la localidad cordobesa de La Falda. Sucedi\u00f3 ayer, en el estacionamiento del lugar, repleto de autos, alrededor de las dos de la tarde.<\/p>\n<p><img data-recalc-dims=\"1\" loading=\"lazy\" decoding=\"async\" class=\"size-full wp-image-14341 aligncenter\" src=\"https:\/\/i0.wp.com\/larevistadigital.com.ar\/blog\/wp-content\/uploads\/3181927w740.jpg?resize=740%2C492&#038;ssl=1\" alt=\"\" width=\"740\" height=\"492\" srcset=\"https:\/\/i0.wp.com\/larevistadigital.com.ar\/blog\/wp-content\/uploads\/3181927w740.jpg?w=740&amp;ssl=1 740w, https:\/\/i0.wp.com\/larevistadigital.com.ar\/blog\/wp-content\/uploads\/3181927w740.jpg?resize=300%2C199&amp;ssl=1 300w\" sizes=\"auto, (max-width: 740px) 100vw, 740px\" \/><\/p>\n<p>Los bomberos de La Falda acudieron al lugar cuando un hombre los llam\u00f3 para pedir ayuda porque su auto, un\u00a0<b>Volskwagen Gol Trend<\/b>, se incendiaba. Si bien el due\u00f1o del veh\u00edculo no quiso confirmarlo, el personal de los bomberos que extingui\u00f3 el siniestro tiene la tesis de que el turista <em><strong>\u00abempez\u00f3 a prender fuego el carb\u00f3n adentro del ba\u00fal para ir ganando tiempo\u00bb<\/strong><\/em>, seg\u00fan se\u00f1alaron a la se\u00f1al cordobesa El Doce TV.<\/p>\n<blockquote>\n<h3>Claro que la idea le sali\u00f3 mal. Poco despu\u00e9s, las brasas comenzaron a quemar el tapizado, la rueda de auxilio y los pl\u00e1sticos de la parte trasera del auto. El humo empez\u00f3 a invadir todo el estacionamiento, y lo que realmente podr\u00eda haber ocasionado una tragedia fue el hecho de que el auto contaba con un tanque de\u00a0<b>GNC<\/b>\u00a0en el mismo ba\u00fal donde se encendieron las brasas.<\/h3>\n<\/blockquote>\n<p>Afortunadamente, los bomberos llegaron segundos antes de que todo explote. <strong><em>\u00abPor suerte no abrieron el ba\u00fal y todo qued\u00f3 contenido adentro. Eso ayud\u00f3 a que no se prenda a\u00fan m\u00e1s y lo puedan extinguir\u00bb<\/em><\/strong>, le cont\u00f3 <strong>Gabriel Molina<\/strong>, jefe del cuartel de bomberos de La Falda al citado medio de la provincia meditarr\u00e1nea. Tambi\u00e9n informaron que el propietario del veh\u00edculo abrasado es\u00a0<b>oriundo de Salta<\/b>.<\/p>\n<p>La gente y los bomberos que asistieron en el balneario a este turista no entienden todav\u00eda qu\u00e9 quiso hacer. Pudo ser que quiso arrancar el fuego antes de llegar a una parrilla, o tambi\u00e9n pudo ser que, seg\u00fan sospechan, el hombre haya guardado las brasas ardiendo luego de hacer el asado.<\/p>\n<p>Lo cierto es que el veh\u00edculo se quem\u00f3 en un 30 por ciento. <em><strong>\u00abPor suerte no explot\u00f3. La bolsa de carb\u00f3n estaba ardiendo\u00bb<\/strong><\/em>, cont\u00f3 <strong>Molina<\/strong>, para destacar a\u00fan m\u00e1s la labor de los bomberos, que actuaron a contrarreloj.<\/p>\n","protected":false},"excerpt":{"rendered":"<div class=\"mh-excerpt\"><p>Uno cree que ya no queda nada por ver, pero la vida nos sigue demostrando que siempre hay alg\u00fan \u00abiluminado\u00bb dispuesto a sorprendernos. LA FALDA &#8211; Para hacer un buen asado la clave es la <a class=\"mh-excerpt-more\" href=\"https:\/\/larevistadigital.com.ar\/blog\/un-turista-guardo-brasas-en-el-baul-para-apurar-el-asado-el-auto-se-incendio-y-casi-explota\/\" title=\"UN TURISTA GUARD\u00d3 BRASAS EN EL BA\u00daL PARA APURAR EL ASADO, EL AUTO SE INCENDI\u00d3 Y CASI EXPLOTA\">[Leer M\u00e1s]<\/a><\/p>\n<\/div>","protected":false},"author":3,"featured_media":14340,"comment_status":"open","ping_status":"open","sticky":false,"template":"","format":"standard","meta":{"_jetpack_memberships_contains_paid_content":false,"footnotes":"","jetpack_publicize_message":"","jetpack_publicize_feature_enabled":true,"jetpack_social_post_already_shared":true,"jetpack_social_options":{"image_generator_settings":{"template":"highway","default_image_id":0,"font":"","enabled":false},"version":2}},"categories":[11,41],"tags":[],"class_list":{"0":"post-14339","1":"post","2":"type-post","3":"status-publish","4":"format-standard","5":"has-post-thumbnail","7":"category-curiosas","8":"category-destacadas"},"jetpack_publicize_connections":[],"jetpack_featured_media_url":"https:\/\/i0.wp.com\/larevistadigital.com.ar\/blog\/wp-content\/uploads\/3181925w1033.jpg?fit=1033%2C687&ssl=1","jetpack_sharing_enabled":true,"jetpack_shortlink":"https:\/\/wp.me\/p8qtrQ-3Jh","jetpack-related-posts":[{"id":12938,"url":"https:\/\/larevistadigital.com.ar\/blog\/hizo-un-asado-y-termino-incendiando-media-casa\/","url_meta":{"origin":14339,"position":0},"title":"HIZO UN ASADO, Y TERMIN\u00d3 INCENDIANDO MEDIA CASA","author":"Alejandro Sosa Ruda","date":"31 octubre, 2019","format":false,"excerpt":"Sucedi\u00f3 este mi\u00e9rcoles por la noche,\u00a0en una vivienda ubicada en calle Leal a metros de avenida Sarmiento. Hizo un asado al mediod\u00eda y los restos de las brasas terminaron ocasionando un incendio que destruy\u00f3 el garage de la casa. El\u00a0fuego de grandes proporciones\u00a0adem\u00e1s de afectar el inmueble destruy\u00f3 una moto\u2026","rel":"","context":"En \u00abINTERES GENERAL\u00bb","block_context":{"text":"INTERES GENERAL","link":"https:\/\/larevistadigital.com.ar\/blog\/category\/interes-general\/"},"img":{"alt_text":"","src":"https:\/\/i0.wp.com\/larevistadigital.com.ar\/blog\/wp-content\/uploads\/20170321202443_whatsapp_image_2017_03_21_at_19_40_32.jpeg?fit=620%2C340&ssl=1&resize=350%2C200","width":350,"height":200,"srcset":"https:\/\/i0.wp.com\/larevistadigital.com.ar\/blog\/wp-content\/uploads\/20170321202443_whatsapp_image_2017_03_21_at_19_40_32.jpeg?fit=620%2C340&ssl=1&resize=350%2C200 1x, https:\/\/i0.wp.com\/larevistadigital.com.ar\/blog\/wp-content\/uploads\/20170321202443_whatsapp_image_2017_03_21_at_19_40_32.jpeg?fit=620%2C340&ssl=1&resize=525%2C300 1.5x"},"classes":[]},{"id":22273,"url":"https:\/\/larevistadigital.com.ar\/blog\/hicieron-un-asado-en-una-carpinteria-apagaron-mal-el-fuego-y-se-incendio-todo\/","url_meta":{"origin":14339,"position":1},"title":"HICIERON UN ASADO EN UNA CARPINTER\u00cdA, APAGARON MAL EL FUEGO Y SE INCENDI\u00d3 TODO","author":"Alejandro Sosa Ruda","date":"7 octubre, 2021","format":false,"excerpt":"El hecho ocurri\u00f3 en Laprida al 5100, este mi\u00e9rcoles a la madrugada. A pesar de la gravedad de lo ocurrido, no se registraron v\u00edctimas ni heridos pero los da\u00f1os fueron de consideraci\u00f3n. MAR DEL LATA - Una vivienda ubicada en Laprida al 5100 en la que adem\u00e1s funciona una carpinter\u00eda\u2026","rel":"","context":"En \u00abREGIONALES\u00bb","block_context":{"text":"REGIONALES","link":"https:\/\/larevistadigital.com.ar\/blog\/category\/regionales\/"},"img":{"alt_text":"","src":"https:\/\/i0.wp.com\/larevistadigital.com.ar\/blog\/wp-content\/uploads\/Captura-de-pantalla-2021-10-07-074209.jpg?fit=1012%2C532&ssl=1&resize=350%2C200","width":350,"height":200,"srcset":"https:\/\/i0.wp.com\/larevistadigital.com.ar\/blog\/wp-content\/uploads\/Captura-de-pantalla-2021-10-07-074209.jpg?fit=1012%2C532&ssl=1&resize=350%2C200 1x, https:\/\/i0.wp.com\/larevistadigital.com.ar\/blog\/wp-content\/uploads\/Captura-de-pantalla-2021-10-07-074209.jpg?fit=1012%2C532&ssl=1&resize=525%2C300 1.5x, https:\/\/i0.wp.com\/larevistadigital.com.ar\/blog\/wp-content\/uploads\/Captura-de-pantalla-2021-10-07-074209.jpg?fit=1012%2C532&ssl=1&resize=700%2C400 2x"},"classes":[]},{"id":24549,"url":"https:\/\/larevistadigital.com.ar\/blog\/mar-chiquita-muere-turista-tras-ingresar-al-mar-en-su-kayak\/","url_meta":{"origin":14339,"position":2},"title":"MAR CHIQUITA: MUERE TURISTA TRAS INGRESAR AL MAR EN SU KAYAK","author":"Alejandro Sosa Ruda","date":"12 marzo, 2022","format":false,"excerpt":"Sucedi\u00f3 despu\u00e9s del mediod\u00eda. Los guardavidas lo sacaron del agua e intentaron reanimarlo pero falleci\u00f3. MAR CHIQUITA -\u00a0 Un hombre que se meti\u00f3 al mar en su kayak muri\u00f3 este s\u00e1bado pasado el mediod\u00eda en las playas del partido de Mar Chiquita. Seg\u00fan los primeros testimonios, el hombre de 39\u2026","rel":"","context":"En \u00abREGIONALES\u00bb","block_context":{"text":"REGIONALES","link":"https:\/\/larevistadigital.com.ar\/blog\/category\/regionales\/"},"img":{"alt_text":"","src":"https:\/\/i0.wp.com\/larevistadigital.com.ar\/blog\/wp-content\/uploads\/MAR-CHIQUITA.jpg?fit=750%2C393&ssl=1&resize=350%2C200","width":350,"height":200,"srcset":"https:\/\/i0.wp.com\/larevistadigital.com.ar\/blog\/wp-content\/uploads\/MAR-CHIQUITA.jpg?fit=750%2C393&ssl=1&resize=350%2C200 1x, https:\/\/i0.wp.com\/larevistadigital.com.ar\/blog\/wp-content\/uploads\/MAR-CHIQUITA.jpg?fit=750%2C393&ssl=1&resize=525%2C300 1.5x, https:\/\/i0.wp.com\/larevistadigital.com.ar\/blog\/wp-content\/uploads\/MAR-CHIQUITA.jpg?fit=750%2C393&ssl=1&resize=700%2C400 2x"},"classes":[]},{"id":14834,"url":"https:\/\/larevistadigital.com.ar\/blog\/multaron-a-un-argentino-en-brasil-por-llevar-a-la-suegra-en-el-baul\/","url_meta":{"origin":14339,"position":3},"title":"MULTARON A UN ARGENTINO EN BRASIL POR LLEVAR A LA SUEGRA EN EL BA\u00daL","author":"Alejandro Sosa Ruda","date":"14 febrero, 2020","format":false,"excerpt":"La mujer viajaba entre los art\u00edculos de playa e intent\u00f3 esconderse cuando se acerc\u00f3 la polic\u00eda. Un turista argentino recibi\u00f3 dos infracciones de tr\u00e1nsito en la ciudad brasile\u00f1a de\u00a0Florian\u00f3polis: la primera porque uno de sus hijos\u00a0no usaba la sillita; la segunda, porque\u00a0llevaba a su suegra sentada en el ba\u00fal del\u2026","rel":"","context":"En \u00abCURIOSAS\u00bb","block_context":{"text":"CURIOSAS","link":"https:\/\/larevistadigital.com.ar\/blog\/category\/curiosas\/"},"img":{"alt_text":"","src":"https:\/\/i0.wp.com\/larevistadigital.com.ar\/blog\/wp-content\/uploads\/Screenshot_1-103.jpg?fit=1200%2C658&ssl=1&resize=350%2C200","width":350,"height":200,"srcset":"https:\/\/i0.wp.com\/larevistadigital.com.ar\/blog\/wp-content\/uploads\/Screenshot_1-103.jpg?fit=1200%2C658&ssl=1&resize=350%2C200 1x, https:\/\/i0.wp.com\/larevistadigital.com.ar\/blog\/wp-content\/uploads\/Screenshot_1-103.jpg?fit=1200%2C658&ssl=1&resize=525%2C300 1.5x, https:\/\/i0.wp.com\/larevistadigital.com.ar\/blog\/wp-content\/uploads\/Screenshot_1-103.jpg?fit=1200%2C658&ssl=1&resize=700%2C400 2x, https:\/\/i0.wp.com\/larevistadigital.com.ar\/blog\/wp-content\/uploads\/Screenshot_1-103.jpg?fit=1200%2C658&ssl=1&resize=1050%2C600 3x"},"classes":[]},{"id":12183,"url":"https:\/\/larevistadigital.com.ar\/blog\/la-plata-se-metio-al-rio-de-la-plata-con-el-auto-debio-ser-rescatado\/","url_meta":{"origin":14339,"position":4},"title":"LA PLATA: SE METI\u00d3 AL R\u00cdO DE LA PLATA CON EL AUTO. DEBI\u00d3 SER RESCATADO","author":"Alejandro Sosa Ruda","date":"21 septiembre, 2019","format":false,"excerpt":"No se saben los motivos, quiz\u00e1s intent\u00f3 suicidarse, fue un accidente, o una confusi\u00f3n por la ingesta de sustancias. Lo cierto es que con el auto semi- sumergido en al R\u00edo de la Plata, un muchacho tuvo que ser rescatado en estado de shock. Fueron los vecinos quienes vieron el\u2026","rel":"","context":"En \u00abCURIOSAS\u00bb","block_context":{"text":"CURIOSAS","link":"https:\/\/larevistadigital.com.ar\/blog\/category\/curiosas\/"},"img":{"alt_text":"","src":"https:\/\/i0.wp.com\/larevistadigital.com.ar\/blog\/wp-content\/uploads\/778_1568988110.jpg?fit=1072%2C589&ssl=1&resize=350%2C200","width":350,"height":200,"srcset":"https:\/\/i0.wp.com\/larevistadigital.com.ar\/blog\/wp-content\/uploads\/778_1568988110.jpg?fit=1072%2C589&ssl=1&resize=350%2C200 1x, https:\/\/i0.wp.com\/larevistadigital.com.ar\/blog\/wp-content\/uploads\/778_1568988110.jpg?fit=1072%2C589&ssl=1&resize=525%2C300 1.5x, https:\/\/i0.wp.com\/larevistadigital.com.ar\/blog\/wp-content\/uploads\/778_1568988110.jpg?fit=1072%2C589&ssl=1&resize=700%2C400 2x, https:\/\/i0.wp.com\/larevistadigital.com.ar\/blog\/wp-content\/uploads\/778_1568988110.jpg?fit=1072%2C589&ssl=1&resize=1050%2C600 3x"},"classes":[]},{"id":40871,"url":"https:\/\/larevistadigital.com.ar\/blog\/se-concreto-la-concesion-del-edificio-del-turista\/","url_meta":{"origin":14339,"position":5},"title":"Se concret\u00f3 la concesi\u00f3n del Edificio del Turista","author":"Alejandro Sosa Ruda","date":"13 agosto, 2025","format":false,"excerpt":"El lugar se llamar\u00e1 ahora \u201cCentro Cultural y Comercial Malvinas Argentinas\u201d. 13 de Agosto de 2025 CHASCOM\u00daS -\u00a0 \u00a0El intendente Javier Gast\u00f3n formaliz\u00f3 la concesi\u00f3n del Edificio del Turista, que a partir de ahora llevar\u00e1 el nombre de \u201cCentro Cultural y Comercial Malvinas Argentinas\u201d. La adjudicaci\u00f3n, que tendr\u00e1 una extensi\u00f3n\u2026","rel":"","context":"En \u00abINTERES GENERAL\u00bb","block_context":{"text":"INTERES GENERAL","link":"https:\/\/larevistadigital.com.ar\/blog\/category\/interes-general\/"},"img":{"alt_text":"","src":"https:\/\/i0.wp.com\/larevistadigital.com.ar\/blog\/wp-content\/uploads\/689b82beaafc4.png?fit=668%2C445&ssl=1&resize=350%2C200","width":350,"height":200,"srcset":"https:\/\/i0.wp.com\/larevistadigital.com.ar\/blog\/wp-content\/uploads\/689b82beaafc4.png?fit=668%2C445&ssl=1&resize=350%2C200 1x, https:\/\/i0.wp.com\/larevistadigital.com.ar\/blog\/wp-content\/uploads\/689b82beaafc4.png?fit=668%2C445&ssl=1&resize=525%2C300 1.5x"},"classes":[]}],"_links":{"self":[{"href":"https:\/\/larevistadigital.com.ar\/blog\/wp-json\/wp\/v2\/posts\/14339","targetHints":{"allow":["GET"]}}],"collection":[{"href":"https:\/\/larevistadigital.com.ar\/blog\/wp-json\/wp\/v2\/posts"}],"about":[{"href":"https:\/\/larevistadigital.com.ar\/blog\/wp-json\/wp\/v2\/types\/post"}],"author":[{"embeddable":true,"href":"https:\/\/larevistadigital.com.ar\/blog\/wp-json\/wp\/v2\/users\/3"}],"replies":[{"embeddable":true,"href":"https:\/\/larevistadigital.com.ar\/blog\/wp-json\/wp\/v2\/comments?post=14339"}],"version-history":[{"count":1,"href":"https:\/\/larevistadigital.com.ar\/blog\/wp-json\/wp\/v2\/posts\/14339\/revisions"}],"predecessor-version":[{"id":14342,"href":"https:\/\/larevistadigital.com.ar\/blog\/wp-json\/wp\/v2\/posts\/14339\/revisions\/14342"}],"wp:featuredmedia":[{"embeddable":true,"href":"https:\/\/larevistadigital.com.ar\/blog\/wp-json\/wp\/v2\/media\/14340"}],"wp:attachment":[{"href":"https:\/\/larevistadigital.com.ar\/blog\/wp-json\/wp\/v2\/media?parent=14339"}],"wp:term":[{"taxonomy":"category","embeddable":true,"href":"https:\/\/larevistadigital.com.ar\/blog\/wp-json\/wp\/v2\/categories?post=14339"},{"taxonomy":"post_tag","embeddable":true,"href":"https:\/\/larevistadigital.com.ar\/blog\/wp-json\/wp\/v2\/tags?post=14339"}],"curies":[{"name":"wp","href":"https:\/\/api.w.org\/{rel}","templated":true}]}}