{"id":14343,"date":"2020-01-23T17:56:10","date_gmt":"2020-01-23T17:56:10","guid":{"rendered":"https:\/\/larevistadigital.com.ar\/blog\/?p=14343"},"modified":"2020-01-23T17:56:10","modified_gmt":"2020-01-23T17:56:10","slug":"multitudinaria-marcha-para-pedir-justicia-por-fernando","status":"publish","type":"post","link":"https:\/\/larevistadigital.com.ar\/blog\/multitudinaria-marcha-para-pedir-justicia-por-fernando\/","title":{"rendered":"MULTITUDINARIA MARCHA PARA PEDIR JUSTICIA POR FERNANDO"},"content":{"rendered":"<h2><em><strong>Vecinos, amigos y familiares del joven\u00a0Fernando B\u00e1ez Sosa\u00a0se re\u00fanen y marchan pac\u00edficamente\u00a0para reclamar justicia durante la tarde de este jueves.\u00a0La convocatoria fue en la puerta de su casa, en el barrio porte\u00f1o de\u00a0Recoleta, donde colocan flores, velas y carteles alusivos.<\/strong><\/em><\/h2>\n<p><strong>Fernando<\/strong> fue asesinado el s\u00e1bado 18 de enero por 10 rugbiers a golpes de pu\u00f1os y patadas a la salida del boliche Le Brique, en\u00a0Villa Gesell, y est\u00e1n acusados de\u00a0<strong><em>\u201chomicidio agravado por el concurso premeditado de dos o m\u00e1s personas\u201d<\/em><\/strong>.<\/p>\n<p><em><strong>\u00abEstamos indignados, consternados y dolidos por el ataque brutal de estos muchachos. Es un s\u00edntoma de nuestra sociedad toda esta violencia\u00bb<\/strong><\/em>, asegur\u00f3\u00a0<strong>Claudia Lugea<\/strong>, vecina y organizadora de la marcha.<\/p>\n<p><em><strong>\u201cLo conoc\u00ed de peque\u00f1o, era un chico estudioso. Su pap\u00e1 le exig\u00eda porque sab\u00eda que pod\u00eda dar mucho. Estaba haciendo el CBC de abogac\u00eda. Era un chico muy bueno, saludaba a todos sus vecinos con un beso\u00bb<\/strong><\/em>,\u00a0retrat\u00f3\u00a0<strong>Lugea<\/strong>\u00a0a<strong> Fernando<\/strong>.<\/p>\n<p><em><strong>\u00abPedimos justicia, que esto no se cierre, que se llegue en profundidad esta causa, que no sea un rejunte de expedientes, que se aceleren los plazos porque est\u00e1 demostrado qui\u00e9nes son los culpables\u00bb<\/strong><\/em>, agreg\u00f3.<\/p>\n<blockquote>\n<h3>En la puerta de la casa donde viv\u00eda <strong>Fernando<\/strong>, en un edificio ubicado en la avenida Pueyrred\u00f3n 1879, amigos y vecinos colocan flores y fotos con la cara del joven asesinado.<\/h3>\n<\/blockquote>\n<p><strong><em>\u00abSomos los que intentamos frenar las patadas que le dieron a Fer. 44 millones de personas con ustedes\u00bb<\/em><\/strong>, afirman desde uno de los carteles ya instalados en la zona.<\/p>\n<p>Algunas personas pasan por la puerta y se acercan a asociarse en el dolor con los vecinos que ya comenzaron a concentrarse en el lugar.<\/p>\n<p>En un momento de la tarde, previo a esta marcha de silencio, se pudo ver a un primo y a una t\u00eda de <strong>Fernando<\/strong> salir llorando del departamento y se marcharon sin formular declaraciones a la prensa.<\/p>\n<p>Seg\u00fan contaron vecinos, t\u00edos, primos y otros familiares de <strong>Fernando<\/strong>, vinieron especialmente desde Paraguay para acompa\u00f1ar a la familia en este momento de dolor.<\/p>\n","protected":false},"excerpt":{"rendered":"<div class=\"mh-excerpt\"><p>Vecinos, amigos y familiares del joven\u00a0Fernando B\u00e1ez Sosa\u00a0se re\u00fanen y marchan pac\u00edficamente\u00a0para reclamar justicia durante la tarde de este jueves.\u00a0La convocatoria fue en la puerta de su casa, en el barrio porte\u00f1o de\u00a0Recoleta, donde colocan <a class=\"mh-excerpt-more\" href=\"https:\/\/larevistadigital.com.ar\/blog\/multitudinaria-marcha-para-pedir-justicia-por-fernando\/\" title=\"MULTITUDINARIA MARCHA PARA PEDIR JUSTICIA POR FERNANDO\">[Leer M\u00e1s]<\/a><\/p>\n<\/div>","protected":false},"author":3,"featured_media":14344,"comment_status":"open","ping_status":"open","sticky":false,"template":"","format":"standard","meta":{"_jetpack_memberships_contains_paid_content":false,"footnotes":"","jetpack_publicize_message":"","jetpack_publicize_feature_enabled":true,"jetpack_social_post_already_shared":true,"jetpack_social_options":{"image_generator_settings":{"template":"highway","default_image_id":0,"font":"","enabled":false},"version":2}},"categories":[41],"tags":[],"class_list":{"0":"post-14343","1":"post","2":"type-post","3":"status-publish","4":"format-standard","5":"has-post-thumbnail","7":"category-destacadas"},"jetpack_publicize_connections":[],"jetpack_featured_media_url":"https:\/\/i0.wp.com\/larevistadigital.com.ar\/blog\/wp-content\/uploads\/5e2a1cc395acf_recoleta_marcha.jpg?fit=1366%2C768&ssl=1","jetpack_sharing_enabled":true,"jetpack_shortlink":"https:\/\/wp.me\/p8qtrQ-3Jl","jetpack-related-posts":[{"id":35708,"url":"https:\/\/larevistadigital.com.ar\/blog\/kiciloff-particio-en-la-marcha-del-dia-de-la-memoria-venimos-a-marchar-por-el-futuro\/","url_meta":{"origin":14343,"position":0},"title":"KICILOFF PARTICIP\u00d3 EN LA MARCHA DEL D\u00cdA DE LA MEMORIA \u00abVENIMOS A MARCHAR POR EL FUTURO\u00bb","author":"Alejandro Sosa Ruda","date":"24 marzo, 2024","format":false,"excerpt":"El gobernador asegur\u00f3 que \"estos d\u00edas vuelven a decir que aqu\u00ed hubo una guerra\". Y remarc\u00f3 que \"Quienes fueron juzgados est\u00e1n presos por desaparecer, torturar y robar bebes. 24 de marzo de 2024 Axel Kicillof, junto a la vicegobernadora Ver\u00f3nica Magario e intendentes bonaerenses, participaron en la marcha hacia Plaza\u2026","rel":"","context":"En \u00abPOLITICA PROVINCIAL\u00bb","block_context":{"text":"POLITICA PROVINCIAL","link":"https:\/\/larevistadigital.com.ar\/blog\/category\/politica\/politica-provincial\/"},"img":{"alt_text":"","src":"https:\/\/i0.wp.com\/larevistadigital.com.ar\/blog\/wp-content\/uploads\/Captura-de-pantalla-2024-03-24-230913.png?fit=1088%2C528&ssl=1&resize=350%2C200","width":350,"height":200,"srcset":"https:\/\/i0.wp.com\/larevistadigital.com.ar\/blog\/wp-content\/uploads\/Captura-de-pantalla-2024-03-24-230913.png?fit=1088%2C528&ssl=1&resize=350%2C200 1x, https:\/\/i0.wp.com\/larevistadigital.com.ar\/blog\/wp-content\/uploads\/Captura-de-pantalla-2024-03-24-230913.png?fit=1088%2C528&ssl=1&resize=525%2C300 1.5x, https:\/\/i0.wp.com\/larevistadigital.com.ar\/blog\/wp-content\/uploads\/Captura-de-pantalla-2024-03-24-230913.png?fit=1088%2C528&ssl=1&resize=700%2C400 2x, https:\/\/i0.wp.com\/larevistadigital.com.ar\/blog\/wp-content\/uploads\/Captura-de-pantalla-2024-03-24-230913.png?fit=1088%2C528&ssl=1&resize=1050%2C600 3x"},"classes":[]},{"id":18758,"url":"https:\/\/larevistadigital.com.ar\/blog\/fernando-burlando-sufrio-un-accidente-y-fue-internado-de-urgencia\/","url_meta":{"origin":14343,"position":1},"title":"FERNANDO BURLANDO SUFRI\u00d3 UN ACCIDENTE Y FUE INTERNADO DE URGENCIA","author":"Alejandro Sosa Ruda","date":"7 febrero, 2021","format":false,"excerpt":"Sufri\u00f3 un accidente durante un partido de polo, al caer de su caballo, por lo que su estado es delicado. LA PLATA - El conocido abogado Fernando Burlando, se encuentra internado en el Instituto M\u00e9dico Platense, y su estado es delicado, seg\u00fan manifestaron desde su entorno. Burlando\u00a0 fue r\u00e1pidamente internado\u2026","rel":"","context":"En \u00abINTERES GENERAL\u00bb","block_context":{"text":"INTERES GENERAL","link":"https:\/\/larevistadigital.com.ar\/blog\/category\/interes-general\/"},"img":{"alt_text":"","src":"https:\/\/i0.wp.com\/larevistadigital.com.ar\/blog\/wp-content\/uploads\/Captura-3.png?fit=1200%2C590&ssl=1&resize=350%2C200","width":350,"height":200,"srcset":"https:\/\/i0.wp.com\/larevistadigital.com.ar\/blog\/wp-content\/uploads\/Captura-3.png?fit=1200%2C590&ssl=1&resize=350%2C200 1x, https:\/\/i0.wp.com\/larevistadigital.com.ar\/blog\/wp-content\/uploads\/Captura-3.png?fit=1200%2C590&ssl=1&resize=525%2C300 1.5x, https:\/\/i0.wp.com\/larevistadigital.com.ar\/blog\/wp-content\/uploads\/Captura-3.png?fit=1200%2C590&ssl=1&resize=700%2C400 2x, https:\/\/i0.wp.com\/larevistadigital.com.ar\/blog\/wp-content\/uploads\/Captura-3.png?fit=1200%2C590&ssl=1&resize=1050%2C600 3x"},"classes":[]},{"id":22943,"url":"https:\/\/larevistadigital.com.ar\/blog\/chascomus-incluimos-la-carta-de-norma-al-intendente-gaston-manana-desde-las-18-hs-norma-saucedo-encabezara-una-marcha-desde-el-hospital-pidiendo-justicia-por-la-muerte-de-su-hijo-jonathan-quinter\/","url_meta":{"origin":14343,"position":2},"title":"CHASCOM\u00daS: (INCLU\u00cdMOS LA CARTA DE NORMA AL INTENDENTE GAST\u00d3N) MA\u00d1ANA DESDE LAS 18 HS. NORMA SAUCEDO ENCABEZAR\u00c1 UNA MARCHA DESDE EL HOSPITAL, PIDIENDO JUSTICIA POR LA MUERTE DE SU HIJO JONATHAN QUINTEROS","author":"Alejandro Sosa Ruda","date":"15 diciembre, 2021","format":false,"excerpt":"La desesperada madre, pidi\u00f3 ayuda, y denuncia la desatenci\u00f3n y abandono de su hijo Jonathan que termin\u00f3 fallecido. Responsabiliza a algunos m\u00e9dicos del Hospital Municipal San Vicente de Paul, y recurre a la marcha porque el intendente Gast\u00f3n no respondi\u00f3 sus mensajes, ni siquiera le dedic\u00f3 un p\u00e9same y no\u2026","rel":"","context":"En \u00abINTERES GENERAL\u00bb","block_context":{"text":"INTERES GENERAL","link":"https:\/\/larevistadigital.com.ar\/blog\/category\/interes-general\/"},"img":{"alt_text":"","src":"https:\/\/i0.wp.com\/larevistadigital.com.ar\/blog\/wp-content\/uploads\/Captura-de-pantalla-2021-12-14-220833.jpg?fit=823%2C777&ssl=1&resize=350%2C200","width":350,"height":200,"srcset":"https:\/\/i0.wp.com\/larevistadigital.com.ar\/blog\/wp-content\/uploads\/Captura-de-pantalla-2021-12-14-220833.jpg?fit=823%2C777&ssl=1&resize=350%2C200 1x, https:\/\/i0.wp.com\/larevistadigital.com.ar\/blog\/wp-content\/uploads\/Captura-de-pantalla-2021-12-14-220833.jpg?fit=823%2C777&ssl=1&resize=525%2C300 1.5x, https:\/\/i0.wp.com\/larevistadigital.com.ar\/blog\/wp-content\/uploads\/Captura-de-pantalla-2021-12-14-220833.jpg?fit=823%2C777&ssl=1&resize=700%2C400 2x"},"classes":[]},{"id":1770,"url":"https:\/\/larevistadigital.com.ar\/blog\/por-la-presion-internacional-maduro-debio-dar-marcha-atras-con-el-golpe-en-venezuela\/","url_meta":{"origin":14343,"position":3},"title":"POR LA PRESI\u00d3N INTERNACIONAL, MADURO DEBI\u00d3 DAR MARCHA ATR\u00c1S CON EL GOLPE EN VENEZUELA","author":"Alejandro Sosa Ruda","date":"1 abril, 2017","format":false,"excerpt":"El Tribunal Supremo de Justicia emiti\u00f3 dos nuevas sentencias que devuelven las competencias a la Asamblea Nacional. As\u00ed se da marcha atr\u00e1s por la presi\u00f3n e indignaci\u00f3n internacional por el avasallamiento de Maduro El Tribunal Supremo de Justicia (TSJ) de Venezuela\u00a0revirti\u00f3 este s\u00e1bado su decisi\u00f3n de asumir las funciones del\u2026","rel":"","context":"En \u00abDESTACADAS\u00bb","block_context":{"text":"DESTACADAS","link":"https:\/\/larevistadigital.com.ar\/blog\/category\/destacadas\/"},"img":{"alt_text":"","src":"https:\/\/i0.wp.com\/larevistadigital.com.ar\/blog\/wp-content\/uploads\/2017\/04\/Actualidad_126499122_5237127_1706x960.jpg?fit=1200%2C675&ssl=1&resize=350%2C200","width":350,"height":200,"srcset":"https:\/\/i0.wp.com\/larevistadigital.com.ar\/blog\/wp-content\/uploads\/2017\/04\/Actualidad_126499122_5237127_1706x960.jpg?fit=1200%2C675&ssl=1&resize=350%2C200 1x, https:\/\/i0.wp.com\/larevistadigital.com.ar\/blog\/wp-content\/uploads\/2017\/04\/Actualidad_126499122_5237127_1706x960.jpg?fit=1200%2C675&ssl=1&resize=525%2C300 1.5x, https:\/\/i0.wp.com\/larevistadigital.com.ar\/blog\/wp-content\/uploads\/2017\/04\/Actualidad_126499122_5237127_1706x960.jpg?fit=1200%2C675&ssl=1&resize=700%2C400 2x, https:\/\/i0.wp.com\/larevistadigital.com.ar\/blog\/wp-content\/uploads\/2017\/04\/Actualidad_126499122_5237127_1706x960.jpg?fit=1200%2C675&ssl=1&resize=1050%2C600 3x"},"classes":[]},{"id":7550,"url":"https:\/\/larevistadigital.com.ar\/blog\/internaron-en-grave-estado-al-ex-presidente-fernando-de-la-rua\/","url_meta":{"origin":14343,"position":4},"title":"INTERNARON EN GRAVE ESTADO AL EX PRESIDENTE FERNANDO DE LA RUA","author":"Alejandro Sosa Ruda","date":"3 enero, 2019","format":false,"excerpt":"El ex presidente radical Fernando de la R\u00faa, de 81 a\u00f1os, est\u00e1 internado en la terapia intensiva del Hospital Austral de Pilar. Su estado es grave. Seg\u00fan informaron fuentes cercanas a la familia, el ex presidente Fernando De La Rua se descompuso en la madrugada del 1\u00ba de enero despu\u00e9s\u2026","rel":"","context":"En \u00abDESTACADAS\u00bb","block_context":{"text":"DESTACADAS","link":"https:\/\/larevistadigital.com.ar\/blog\/category\/destacadas\/"},"img":{"alt_text":"","src":"https:\/\/i0.wp.com\/larevistadigital.com.ar\/blog\/wp-content\/uploads\/2019\/01\/Fernando-De-La-Rua.jpg?fit=1072%2C602&ssl=1&resize=350%2C200","width":350,"height":200,"srcset":"https:\/\/i0.wp.com\/larevistadigital.com.ar\/blog\/wp-content\/uploads\/2019\/01\/Fernando-De-La-Rua.jpg?fit=1072%2C602&ssl=1&resize=350%2C200 1x, https:\/\/i0.wp.com\/larevistadigital.com.ar\/blog\/wp-content\/uploads\/2019\/01\/Fernando-De-La-Rua.jpg?fit=1072%2C602&ssl=1&resize=525%2C300 1.5x, https:\/\/i0.wp.com\/larevistadigital.com.ar\/blog\/wp-content\/uploads\/2019\/01\/Fernando-De-La-Rua.jpg?fit=1072%2C602&ssl=1&resize=700%2C400 2x, https:\/\/i0.wp.com\/larevistadigital.com.ar\/blog\/wp-content\/uploads\/2019\/01\/Fernando-De-La-Rua.jpg?fit=1072%2C602&ssl=1&resize=1050%2C600 3x"},"classes":[]},{"id":54,"url":"https:\/\/larevistadigital.com.ar\/blog\/idolo-historico-de-boca-critico-duramente-a-fernando-gago\/","url_meta":{"origin":14343,"position":5},"title":"\u00cddolo hist\u00f3rico de Boca critic\u00f3 duramente a Fernando Gago","author":"editor","date":"30 enero, 2017","format":false,"excerpt":"En una nota concedida a Radio La Red, Vicente Pern\u00eda fue lapidario con algunas actitudes del mediocampista xeneise que molestan a propios y extra\u00f1os. Luego de la derrota frente a River Plate en el partido veraniego jugado en la ciudad de Mar del Plata, el \u00eddolo boquense Vicente Pern\u00eda critic\u00f3\u2026","rel":"","context":"En \u00abDEPORTES\u00bb","block_context":{"text":"DEPORTES","link":"https:\/\/larevistadigital.com.ar\/blog\/category\/deportes\/"},"img":{"alt_text":"","src":"https:\/\/i0.wp.com\/larevistadigital.com.ar\/blog\/wp-content\/uploads\/2017\/01\/incidentes_290117.jpg?fit=462%2C347&ssl=1&resize=350%2C200","width":350,"height":200},"classes":[]}],"_links":{"self":[{"href":"https:\/\/larevistadigital.com.ar\/blog\/wp-json\/wp\/v2\/posts\/14343","targetHints":{"allow":["GET"]}}],"collection":[{"href":"https:\/\/larevistadigital.com.ar\/blog\/wp-json\/wp\/v2\/posts"}],"about":[{"href":"https:\/\/larevistadigital.com.ar\/blog\/wp-json\/wp\/v2\/types\/post"}],"author":[{"embeddable":true,"href":"https:\/\/larevistadigital.com.ar\/blog\/wp-json\/wp\/v2\/users\/3"}],"replies":[{"embeddable":true,"href":"https:\/\/larevistadigital.com.ar\/blog\/wp-json\/wp\/v2\/comments?post=14343"}],"version-history":[{"count":2,"href":"https:\/\/larevistadigital.com.ar\/blog\/wp-json\/wp\/v2\/posts\/14343\/revisions"}],"predecessor-version":[{"id":14346,"href":"https:\/\/larevistadigital.com.ar\/blog\/wp-json\/wp\/v2\/posts\/14343\/revisions\/14346"}],"wp:featuredmedia":[{"embeddable":true,"href":"https:\/\/larevistadigital.com.ar\/blog\/wp-json\/wp\/v2\/media\/14344"}],"wp:attachment":[{"href":"https:\/\/larevistadigital.com.ar\/blog\/wp-json\/wp\/v2\/media?parent=14343"}],"wp:term":[{"taxonomy":"category","embeddable":true,"href":"https:\/\/larevistadigital.com.ar\/blog\/wp-json\/wp\/v2\/categories?post=14343"},{"taxonomy":"post_tag","embeddable":true,"href":"https:\/\/larevistadigital.com.ar\/blog\/wp-json\/wp\/v2\/tags?post=14343"}],"curies":[{"name":"wp","href":"https:\/\/api.w.org\/{rel}","templated":true}]}}