{"id":14347,"date":"2020-01-23T20:02:22","date_gmt":"2020-01-23T20:02:22","guid":{"rendered":"https:\/\/larevistadigital.com.ar\/blog\/?p=14347"},"modified":"2020-01-23T20:02:22","modified_gmt":"2020-01-23T20:02:22","slug":"inclusion-de-cotillon-la-carta-de-un-padre-de-un-chico-con-autismo-que-se-volvio-viral","status":"publish","type":"post","link":"https:\/\/larevistadigital.com.ar\/blog\/inclusion-de-cotillon-la-carta-de-un-padre-de-un-chico-con-autismo-que-se-volvio-viral\/","title":{"rendered":"\u00abINCLUSI\u00d3N DE COTILL\u00d3N\u00bb LA CARTA DE UN PADRE DE UN CHICO CON AUTISMO QUE SE VOLVI\u00d3 VIRAL"},"content":{"rendered":"<p class=\"capital\"><strong>\u00abHola chiques\u00bb<\/strong>, salud\u00f3 la mesera de un bar de la ciudad de C\u00f3rdoba al llegar a la mesa de <strong>Severo Sosa<\/strong> y un matrimonio amigo, y desencaden\u00f3 el enojo del primero. <strong>Sosa<\/strong> es testigo en primera persona de una exclusi\u00f3n a\u00fan m\u00e1s severa\u00a0que la de g\u00e9nero: es\u00a0<b>padre de un chico con autismo<\/b>\u00a0y adem\u00e1s, su hermana es ciega.<\/p>\n<p>El di\u00e1logo que se desarroll\u00f3 a partir de ah\u00ed le caus\u00f3 tal irritaci\u00f3n, que el hombre public\u00f3 un texto\u00a0<b>contra el lenguaje inclusivo<\/b>\u00a0en su cuenta de Facebook, titulado\u00a0<b>\u00abInclusi\u00f3n de cotill\u00f3n\u00bb<\/b>.<\/p>\n<p><em><strong>\u00abAyer me siento en un bar en Nueva C\u00f3rdoba con un amigo y la sra. Llega la encargada de atendernos, nos saluda con una sonrisa y se da el siguiente di\u00e1logo que me trajo un recuerdo de una charla con unos amigos:<\/strong><\/em><\/p>\n<p><em><strong>-\u00a1Hola chiques!-<\/strong><\/em><\/p>\n<p><em><strong>-\u00bfChiques?- le dije yo, tambi\u00e9n con una sonrisa.-<\/strong><\/em><\/p>\n<p><em><strong>-\u00a1As\u00ed es! Somos un bar inclusivo. Orgullosamente lo dec\u00eda.-<\/strong><\/em><\/p>\n<p><em><strong>-Mira que bien, me viene b\u00e1rbaro entonces, porque en un ratito viene mi hermana que es ciega. \u00bfTienen la carta en braille?-<\/strong><\/em><\/p>\n<p><em><strong>-Ay no, eso no tenemos. Me dijo la verdad un poco preocupada.-<\/strong><\/em><\/p>\n<p><em><strong>-\u00a1Apa! Y no vas a creer, pero viene con mi hijo, que es autista. \u00bfCarta con pictogramas para la gente autista, tienen? Le pregunt\u00e9.-<\/strong><\/em><\/p>\n<p><em><strong>-Y no, perd\u00f3n. Me dijo visiblemente nerviosa.-<\/strong><\/em><\/p>\n<p><em><strong>-No te hagas drama, suele pasar. Pero la verdad me imagino que lenguaje de se\u00f1as para los clientes sordos no deben saber.-<\/strong><\/em><\/p>\n<p><em><strong>-La verdad me estas matando. Me contest\u00f3 sonriendo nerviosa.-<\/strong><\/em><\/p>\n<p><em><strong>Ella ya no estaba c\u00f3moda, sonre\u00eda con verg\u00fcenza, un poco de culpa, y un poco de embole tambi\u00e9n. Y ah\u00ed le dije:<\/strong><\/em><\/p>\n<p><strong><em>-No te hagas drama, suele pasar en todos los bares. Pero entonces lamento contarte que no son un bar inclusivo, son un bar progre de cotill\u00f3n.-<\/em><\/strong><\/p>\n<p><strong><em>-\u00bfPorque me dec\u00eds eso!?<\/em><\/strong><\/p>\n<p><strong><em>-Porque esos tres casos que te acabo de mencionar, son 3 grupos de gente absolutamente excluidos del sistema. En tu caso ac\u00e1 en el bar, casi que no podr\u00edan pedir lo que quieren porque no podr\u00edan hacerte un pedido. Algo tan b\u00e1sico como comunicarse y pedir que comer.<\/em><\/strong><\/p>\n<p><strong><em>\u00bfQuer\u00e9s ser inclusivo? Inclu\u00ed a todos ellos, y todos los que el sistema directamente no da lugar. Es dif\u00edcil, s\u00ed y mucho. Porque si yo digo que ayudo a los pobres porque le doy $50 por mes a un pobre, no estoy ayudando, estoy haciendo ayuda de cotill\u00f3n, de maquillaje, esa que se ve lindo, pero que sabemos que no sirve para nada m\u00e1s que disfraz.<\/em><\/strong><\/p>\n<p><strong><em>Despu\u00e9s nos trajeron el pedido, incluida la cuenta, esa la ten\u00edan en el idioma que quieras\u00bb.<\/em><\/strong><\/p>\n<div class=\"fb-post\" data-href=\"https:\/\/www.facebook.com\/sapo.sosa\/posts\/10157238554692734\" data-width=\"552\" style=\"background-color: #fff; display: inline-block;\"><\/div>\n<p>La publicaci\u00f3n fue compartida cerca de 70 mil veces en solo dos d\u00edas y gener\u00f3 30 mil reacciones.<\/p>\n<p>&nbsp;<\/p>\n","protected":false},"excerpt":{"rendered":"<div class=\"mh-excerpt\"><p>\u00abHola chiques\u00bb, salud\u00f3 la mesera de un bar de la ciudad de C\u00f3rdoba al llegar a la mesa de Severo Sosa y un matrimonio amigo, y desencaden\u00f3 el enojo del primero. Sosa es testigo en <a class=\"mh-excerpt-more\" href=\"https:\/\/larevistadigital.com.ar\/blog\/inclusion-de-cotillon-la-carta-de-un-padre-de-un-chico-con-autismo-que-se-volvio-viral\/\" title=\"\u00abINCLUSI\u00d3N DE COTILL\u00d3N\u00bb LA CARTA DE UN PADRE DE UN CHICO CON AUTISMO QUE SE VOLVI\u00d3 VIRAL\">[Leer M\u00e1s]<\/a><\/p>\n<\/div>","protected":false},"author":3,"featured_media":14348,"comment_status":"open","ping_status":"open","sticky":false,"template":"","format":"standard","meta":{"_jetpack_memberships_contains_paid_content":false,"footnotes":"","jetpack_publicize_message":"","jetpack_publicize_feature_enabled":true,"jetpack_social_post_already_shared":true,"jetpack_social_options":{"image_generator_settings":{"template":"highway","default_image_id":0,"font":"","enabled":false},"version":2}},"categories":[41],"tags":[],"class_list":{"0":"post-14347","1":"post","2":"type-post","3":"status-publish","4":"format-standard","5":"has-post-thumbnail","7":"category-destacadas"},"jetpack_publicize_connections":[],"jetpack_featured_media_url":"https:\/\/i0.wp.com\/larevistadigital.com.ar\/blog\/wp-content\/uploads\/3181988w1033.png?fit=1033%2C688&ssl=1","jetpack_sharing_enabled":true,"jetpack_shortlink":"https:\/\/wp.me\/p8qtrQ-3Jp","jetpack-related-posts":[{"id":24494,"url":"https:\/\/larevistadigital.com.ar\/blog\/tragedia-un-hombre-le-disparo-en-la-cabeza-a-su-hijo-creyendo-que-era-un-ladron\/","url_meta":{"origin":14347,"position":0},"title":"TRAGEDIA: UN HOMBRE LE DISPAR\u00d3 EN LA CABEZA A SU HIJO, CREYENDO QUE ERA UN LADR\u00d3N","author":"Alejandro Sosa Ruda","date":"11 marzo, 2022","format":false,"excerpt":"Al parecer, habr\u00eda escuchado ruidos en el techo, por lo que tom\u00f3 su carabina calibre 22 y sali\u00f3 al patio y al ver la silueta de una persona, dispar\u00f3. El joven est\u00e1 internado en estado cr\u00edtico. Sucedi\u00f3 en C\u00f3rdoba. CORDOBA -\u00a0 Un hombre le dispar\u00f3 a su hijo de 19\u2026","rel":"","context":"En \u00abINTERES GENERAL\u00bb","block_context":{"text":"INTERES GENERAL","link":"https:\/\/larevistadigital.com.ar\/blog\/category\/interes-general\/"},"img":{"alt_text":"","src":"https:\/\/i0.wp.com\/larevistadigital.com.ar\/blog\/wp-content\/uploads\/21b80301f781bef84033332733f40150f921dc89.jpeg?fit=1140%2C570&ssl=1&resize=350%2C200","width":350,"height":200,"srcset":"https:\/\/i0.wp.com\/larevistadigital.com.ar\/blog\/wp-content\/uploads\/21b80301f781bef84033332733f40150f921dc89.jpeg?fit=1140%2C570&ssl=1&resize=350%2C200 1x, https:\/\/i0.wp.com\/larevistadigital.com.ar\/blog\/wp-content\/uploads\/21b80301f781bef84033332733f40150f921dc89.jpeg?fit=1140%2C570&ssl=1&resize=525%2C300 1.5x, https:\/\/i0.wp.com\/larevistadigital.com.ar\/blog\/wp-content\/uploads\/21b80301f781bef84033332733f40150f921dc89.jpeg?fit=1140%2C570&ssl=1&resize=700%2C400 2x, https:\/\/i0.wp.com\/larevistadigital.com.ar\/blog\/wp-content\/uploads\/21b80301f781bef84033332733f40150f921dc89.jpeg?fit=1140%2C570&ssl=1&resize=1050%2C600 3x"},"classes":[]},{"id":29668,"url":"https:\/\/larevistadigital.com.ar\/blog\/cordoba-una-tararira-mordio-a-un-nene-de-5-anos\/","url_meta":{"origin":14347,"position":1},"title":"CORDOBA: UNA TARARIRA MORDI\u00d3 A UN NENE DE 5 A\u00d1OS","author":"Alejandro Sosa Ruda","date":"28 diciembre, 2022","format":false,"excerpt":"Ocurri\u00f3 en San Antonio de Arredondo. El municipio inform\u00f3 sobre la presencia del pez carn\u00edvoro y pidi\u00f3 a los visitantes estar alertas. CORDOBA -\u00a0 Un ni\u00f1o de cinco a\u00f1os de edad fue mordido en la pierna por una tararira mientras jugaba en un balneario. El suceso tuvo lugar cuando la\u2026","rel":"","context":"En \u00abINTERES GENERAL\u00bb","block_context":{"text":"INTERES GENERAL","link":"https:\/\/larevistadigital.com.ar\/blog\/category\/interes-general\/"},"img":{"alt_text":"","src":"https:\/\/i0.wp.com\/larevistadigital.com.ar\/blog\/wp-content\/uploads\/1227tarariramordeduracordoba-1480864.jpg?fit=960%2C540&ssl=1&resize=350%2C200","width":350,"height":200,"srcset":"https:\/\/i0.wp.com\/larevistadigital.com.ar\/blog\/wp-content\/uploads\/1227tarariramordeduracordoba-1480864.jpg?fit=960%2C540&ssl=1&resize=350%2C200 1x, https:\/\/i0.wp.com\/larevistadigital.com.ar\/blog\/wp-content\/uploads\/1227tarariramordeduracordoba-1480864.jpg?fit=960%2C540&ssl=1&resize=525%2C300 1.5x, https:\/\/i0.wp.com\/larevistadigital.com.ar\/blog\/wp-content\/uploads\/1227tarariramordeduracordoba-1480864.jpg?fit=960%2C540&ssl=1&resize=700%2C400 2x"},"classes":[]},{"id":18000,"url":"https:\/\/larevistadigital.com.ar\/blog\/chascomus-un-chico-pierde-la-vida-con-su-moto\/","url_meta":{"origin":14347,"position":2},"title":"CHASCOM\u00daS: UN CHICO PIERDE LA VIDA CON SU MOTO","author":"Alejandro Sosa Ruda","date":"6 diciembre, 2020","format":false,"excerpt":"Lamentablemente un chico, sufri\u00f3 un accidente de moto que le cost\u00f3 la vida. No hay muchos datos, por lo que la noticia est\u00e1 en desarrollo. Se trata de Braian Pascual, de 19 a\u00f1os de edad, y jugador de f\u00fatbol de Tiro Federal. El muchacho falleci\u00f3 en el acto. Aparentemente, habr\u00eda\u2026","rel":"","context":"En \u00abDESTACADAS\u00bb","block_context":{"text":"DESTACADAS","link":"https:\/\/larevistadigital.com.ar\/blog\/category\/destacadas\/"},"img":{"alt_text":"","src":"https:\/\/i0.wp.com\/larevistadigital.com.ar\/blog\/wp-content\/uploads\/2017\/10\/CRESP%C3%93N-NEGRO.jpg?fit=900%2C900&ssl=1&resize=350%2C200","width":350,"height":200,"srcset":"https:\/\/i0.wp.com\/larevistadigital.com.ar\/blog\/wp-content\/uploads\/2017\/10\/CRESP%C3%93N-NEGRO.jpg?fit=900%2C900&ssl=1&resize=350%2C200 1x, https:\/\/i0.wp.com\/larevistadigital.com.ar\/blog\/wp-content\/uploads\/2017\/10\/CRESP%C3%93N-NEGRO.jpg?fit=900%2C900&ssl=1&resize=525%2C300 1.5x, https:\/\/i0.wp.com\/larevistadigital.com.ar\/blog\/wp-content\/uploads\/2017\/10\/CRESP%C3%93N-NEGRO.jpg?fit=900%2C900&ssl=1&resize=700%2C400 2x"},"classes":[]},{"id":33527,"url":"https:\/\/larevistadigital.com.ar\/blog\/la-plata-conmocion-un-nene-murio-atropellado-por-un-camion-que-conducia-su-padre\/","url_meta":{"origin":14347,"position":3},"title":"LA PLATA: CONMOCI\u00d3N. UN NENE MURI\u00d3 ATROPELLADO POR UN CAMI\u00d3N QUE CONDUC\u00cdA SU PADRE","author":"Alejandro Sosa Ruda","date":"20 septiembre, 2023","format":false,"excerpt":"Momentos de extrema tensi\u00f3n se vivieron en\u00a0527 y 121 cuando un hombre atropell\u00f3 a su\u00a0propio hijo en medio de un confuso enfrentamiento familiar. 20 de septiembre de 2023 LA PLATA -\u00a0 Momentos de extrema tensi\u00f3n se vivieron este mi\u00e9rcoles en una zona de Tolosa, donde un chico de 7 a\u00f1os\u2026","rel":"","context":"En \u00abPOLICIALES\u00bb","block_context":{"text":"POLICIALES","link":"https:\/\/larevistadigital.com.ar\/blog\/category\/policiales\/"},"img":{"alt_text":"","src":"https:\/\/i0.wp.com\/larevistadigital.com.ar\/blog\/wp-content\/uploads\/1623779947905.jpg?fit=1200%2C594&ssl=1&resize=350%2C200","width":350,"height":200,"srcset":"https:\/\/i0.wp.com\/larevistadigital.com.ar\/blog\/wp-content\/uploads\/1623779947905.jpg?fit=1200%2C594&ssl=1&resize=350%2C200 1x, https:\/\/i0.wp.com\/larevistadigital.com.ar\/blog\/wp-content\/uploads\/1623779947905.jpg?fit=1200%2C594&ssl=1&resize=525%2C300 1.5x, https:\/\/i0.wp.com\/larevistadigital.com.ar\/blog\/wp-content\/uploads\/1623779947905.jpg?fit=1200%2C594&ssl=1&resize=700%2C400 2x, https:\/\/i0.wp.com\/larevistadigital.com.ar\/blog\/wp-content\/uploads\/1623779947905.jpg?fit=1200%2C594&ssl=1&resize=1050%2C600 3x"},"classes":[]},{"id":13923,"url":"https:\/\/larevistadigital.com.ar\/blog\/apunalaron-a-la-hiena-barrios-en-cordoba\/","url_meta":{"origin":14347,"position":4},"title":"APU\u00d1ALARON A \u00abLA HIENA\u00bb BARRIOS EN C\u00d3RDOBA","author":"Alejandro Sosa Ruda","date":"1 enero, 2020","format":false,"excerpt":"El boxeador fue atacado en Capilla del Monte durante los festejos de a\u00f1o nuevo.\u00a0El agresor ser\u00eda un conocido de Tigre.\u00a0 El boxeador\u00a0Jorge \u00abLa Hiena\u00bb Barrios\u00a0result\u00f3 herido esta madrugada al ser\u00a0apu\u00f1alado\u00a0en un complejo de caba\u00f1as de la localidad cordobesa de\u00a0Capilla del Monte\u00a0por un hombre que fue detenido. El violento episodio se\u2026","rel":"","context":"En \u00abDEPORTES\u00bb","block_context":{"text":"DEPORTES","link":"https:\/\/larevistadigital.com.ar\/blog\/category\/deportes\/"},"img":{"alt_text":"","src":"https:\/\/i0.wp.com\/larevistadigital.com.ar\/blog\/wp-content\/uploads\/0101_hiena_barrios_g.jpg?fit=650%2C446&ssl=1&resize=350%2C200","width":350,"height":200,"srcset":"https:\/\/i0.wp.com\/larevistadigital.com.ar\/blog\/wp-content\/uploads\/0101_hiena_barrios_g.jpg?fit=650%2C446&ssl=1&resize=350%2C200 1x, https:\/\/i0.wp.com\/larevistadigital.com.ar\/blog\/wp-content\/uploads\/0101_hiena_barrios_g.jpg?fit=650%2C446&ssl=1&resize=525%2C300 1.5x"},"classes":[]},{"id":9844,"url":"https:\/\/larevistadigital.com.ar\/blog\/un-video-que-llega-al-corazon-y-te-hara-empezar-el-dia-con-una-sonrisa\/","url_meta":{"origin":14347,"position":5},"title":"UN VIDEO QUE LLEGA AL CORAZ\u00d3N, Y TE HAR\u00c1 EMPEZAR EL D\u00cdA CON UNA SONRISA","author":"Alejandro Sosa Ruda","date":"26 abril, 2019","format":false,"excerpt":"Te compartimos un video, que seguramente te har\u00e1 empezar el d\u00eda con una sonrisa, y una caricia al coraz\u00f3n. \u00a0","rel":"","context":"En \u00abLO V\u00cd EN INTERNET\u00bb","block_context":{"text":"LO V\u00cd EN INTERNET","link":"https:\/\/larevistadigital.com.ar\/blog\/category\/lo-vi-en-internet\/"},"img":{"alt_text":"","src":"https:\/\/i0.wp.com\/larevistadigital.com.ar\/blog\/wp-content\/uploads\/2019\/04\/1046x616-video.png?fit=1046%2C616&ssl=1&resize=350%2C200","width":350,"height":200,"srcset":"https:\/\/i0.wp.com\/larevistadigital.com.ar\/blog\/wp-content\/uploads\/2019\/04\/1046x616-video.png?fit=1046%2C616&ssl=1&resize=350%2C200 1x, https:\/\/i0.wp.com\/larevistadigital.com.ar\/blog\/wp-content\/uploads\/2019\/04\/1046x616-video.png?fit=1046%2C616&ssl=1&resize=525%2C300 1.5x, https:\/\/i0.wp.com\/larevistadigital.com.ar\/blog\/wp-content\/uploads\/2019\/04\/1046x616-video.png?fit=1046%2C616&ssl=1&resize=700%2C400 2x"},"classes":[]}],"_links":{"self":[{"href":"https:\/\/larevistadigital.com.ar\/blog\/wp-json\/wp\/v2\/posts\/14347","targetHints":{"allow":["GET"]}}],"collection":[{"href":"https:\/\/larevistadigital.com.ar\/blog\/wp-json\/wp\/v2\/posts"}],"about":[{"href":"https:\/\/larevistadigital.com.ar\/blog\/wp-json\/wp\/v2\/types\/post"}],"author":[{"embeddable":true,"href":"https:\/\/larevistadigital.com.ar\/blog\/wp-json\/wp\/v2\/users\/3"}],"replies":[{"embeddable":true,"href":"https:\/\/larevistadigital.com.ar\/blog\/wp-json\/wp\/v2\/comments?post=14347"}],"version-history":[{"count":1,"href":"https:\/\/larevistadigital.com.ar\/blog\/wp-json\/wp\/v2\/posts\/14347\/revisions"}],"predecessor-version":[{"id":14349,"href":"https:\/\/larevistadigital.com.ar\/blog\/wp-json\/wp\/v2\/posts\/14347\/revisions\/14349"}],"wp:featuredmedia":[{"embeddable":true,"href":"https:\/\/larevistadigital.com.ar\/blog\/wp-json\/wp\/v2\/media\/14348"}],"wp:attachment":[{"href":"https:\/\/larevistadigital.com.ar\/blog\/wp-json\/wp\/v2\/media?parent=14347"}],"wp:term":[{"taxonomy":"category","embeddable":true,"href":"https:\/\/larevistadigital.com.ar\/blog\/wp-json\/wp\/v2\/categories?post=14347"},{"taxonomy":"post_tag","embeddable":true,"href":"https:\/\/larevistadigital.com.ar\/blog\/wp-json\/wp\/v2\/tags?post=14347"}],"curies":[{"name":"wp","href":"https:\/\/api.w.org\/{rel}","templated":true}]}}