{"id":14352,"date":"2020-01-24T10:58:54","date_gmt":"2020-01-24T10:58:54","guid":{"rendered":"https:\/\/larevistadigital.com.ar\/blog\/?p=14352"},"modified":"2020-01-24T10:58:54","modified_gmt":"2020-01-24T10:58:54","slug":"mar-del-plata-actor-se-quita-la-vida-de-un-disparo-en-el-teatro-auditorium","status":"publish","type":"post","link":"https:\/\/larevistadigital.com.ar\/blog\/mar-del-plata-actor-se-quita-la-vida-de-un-disparo-en-el-teatro-auditorium\/","title":{"rendered":"MAR DEL PLATA: ACTOR SE QUITA LA VIDA DE UN DISPARO EN EL TEATRO AUDITORIUM"},"content":{"rendered":"<p>El actor marplatense\u00a0<strong>Fernando Alonso<\/strong>\u00a0muri\u00f3 esta ma\u00f1ana en las instalaciones del Teatro Auditorium de un disparo en la\u00a0boca y las autoridades que investigan el caso se orientan hacia la hip\u00f3tesis de un suicidio.<\/p>\n<blockquote>\n<h3>Alonso era ademas de actor\u00a0empleado de esa sala como encargado del \u00e1rea de Extensi\u00f3n Cultural. Tanto personal policial de la subcomisar\u00eda Casino, como Polic\u00eda Cient\u00edfica y el propio secretario de seguridad Municipal,\u00a0<strong>Dar\u00edo Oroquieta<\/strong>, se encuentran esta ma\u00f1ana en el lugar.<\/h3>\n<\/blockquote>\n<p>El hecho ocurri\u00f3 en el mismo edificio del Teatro Auditorium y el cuerpo cay\u00f3 a una fosa enrejada desde una ventana del cuarto piso. Adem\u00e1s la polic\u00eda logr\u00f3 recuperar un revolver calibre 32 y la mochila con las pertenencias de Alonso.<\/p>\n<blockquote>\n<h3>Por disposici\u00f3n del fiscal Leandro Ar\u00e9valo, a las 18 se realizar\u00e1 la autopsia de Alonso.<\/h3>\n<\/blockquote>\n<p>Tras el hecho, la direcci\u00f3n del teatro Auditorium decidi\u00f3 suspender todas las funciones previstas para este viernes.<\/p>\n<p>PUBLICADO EN LC<\/p>\n","protected":false},"excerpt":{"rendered":"<div class=\"mh-excerpt\"><p>El actor marplatense\u00a0Fernando Alonso\u00a0muri\u00f3 esta ma\u00f1ana en las instalaciones del Teatro Auditorium de un disparo en la\u00a0boca y las autoridades que investigan el caso se orientan hacia la hip\u00f3tesis de un suicidio. Alonso era ademas <a class=\"mh-excerpt-more\" href=\"https:\/\/larevistadigital.com.ar\/blog\/mar-del-plata-actor-se-quita-la-vida-de-un-disparo-en-el-teatro-auditorium\/\" title=\"MAR DEL PLATA: ACTOR SE QUITA LA VIDA DE UN DISPARO EN EL TEATRO AUDITORIUM\">[Leer M\u00e1s]<\/a><\/p>\n<\/div>","protected":false},"author":3,"featured_media":14353,"comment_status":"open","ping_status":"open","sticky":false,"template":"","format":"standard","meta":{"_jetpack_memberships_contains_paid_content":false,"footnotes":"","jetpack_publicize_message":"","jetpack_publicize_feature_enabled":true,"jetpack_social_post_already_shared":true,"jetpack_social_options":{"image_generator_settings":{"template":"highway","default_image_id":0,"font":"","enabled":false},"version":2}},"categories":[44,51],"tags":[],"class_list":{"0":"post-14352","1":"post","2":"type-post","3":"status-publish","4":"format-standard","5":"has-post-thumbnail","7":"category-policiales","8":"category-regionales"},"jetpack_publicize_connections":[],"jetpack_featured_media_url":"https:\/\/i0.wp.com\/larevistadigital.com.ar\/blog\/wp-content\/uploads\/Screenshot_1-89.jpg?fit=1010%2C563&ssl=1","jetpack_sharing_enabled":true,"jetpack_shortlink":"https:\/\/wp.me\/p8qtrQ-3Ju","jetpack-related-posts":[{"id":19160,"url":"https:\/\/larevistadigital.com.ar\/blog\/madariaga-un-policia-asesino-a-una-mujer-de-41-anos-y-se-suicido\/","url_meta":{"origin":14352,"position":0},"title":"MADARIAGA: UN POLIC\u00cdA ASESIN\u00d3 A UNA MUJER DE 41 A\u00d1OS Y SE SUICID\u00d3","author":"Alejandro Sosa Ruda","date":"4 marzo, 2021","format":false,"excerpt":"Ocurri\u00f3 en durante la madrugada de este mi\u00e9rcoles. La v\u00edctima fue identificada como Graciela Noem\u00ed Funes. Su cuerpo fue hallado con un disparo en la cabeza junto al del presunto autor del femicidio, Franco Mauricio Torres. Una mujer de 41 a\u00f1os fue asesinada este mi\u00e9rcoles a la madrugada por un\u2026","rel":"","context":"En \u00abPOLICIALES\u00bb","block_context":{"text":"POLICIALES","link":"https:\/\/larevistadigital.com.ar\/blog\/category\/policiales\/"},"img":{"alt_text":"","src":"https:\/\/i0.wp.com\/larevistadigital.com.ar\/blog\/wp-content\/uploads\/Captura-21.png?fit=1003%2C560&ssl=1&resize=350%2C200","width":350,"height":200,"srcset":"https:\/\/i0.wp.com\/larevistadigital.com.ar\/blog\/wp-content\/uploads\/Captura-21.png?fit=1003%2C560&ssl=1&resize=350%2C200 1x, https:\/\/i0.wp.com\/larevistadigital.com.ar\/blog\/wp-content\/uploads\/Captura-21.png?fit=1003%2C560&ssl=1&resize=525%2C300 1.5x, https:\/\/i0.wp.com\/larevistadigital.com.ar\/blog\/wp-content\/uploads\/Captura-21.png?fit=1003%2C560&ssl=1&resize=700%2C400 2x"},"classes":[]},{"id":29610,"url":"https:\/\/larevistadigital.com.ar\/blog\/huanguelen-asesinan-a-una-mujer-de-81-anos\/","url_meta":{"origin":14352,"position":1},"title":"HUANGUEL\u00c9N: ASESINAN A UNA MUJER DE 81 A\u00d1OS","author":"Alejandro Sosa Ruda","date":"24 diciembre, 2022","format":false,"excerpt":"La v\u00edctima de 81 a\u00f1os fue encontrada por familiares esta ma\u00f1ana. Estaba atada a una silla y tendr\u00eda al menos un disparo. Interviene la Patrulla Rural. 23 de diciembre de 2022 HUANGUEL\u00c9N -\u00a0 La Polic\u00eda de Coronel Su\u00e1rez investiga un terrible crimen que se descubri\u00f3 en un campo de la\u2026","rel":"","context":"En \u00abPOLICIALES\u00bb","block_context":{"text":"POLICIALES","link":"https:\/\/larevistadigital.com.ar\/blog\/category\/policiales\/"},"img":{"alt_text":"","src":"https:\/\/i0.wp.com\/larevistadigital.com.ar\/blog\/wp-content\/uploads\/20221223174559_huangue.jpg?fit=880%2C512&ssl=1&resize=350%2C200","width":350,"height":200,"srcset":"https:\/\/i0.wp.com\/larevistadigital.com.ar\/blog\/wp-content\/uploads\/20221223174559_huangue.jpg?fit=880%2C512&ssl=1&resize=350%2C200 1x, https:\/\/i0.wp.com\/larevistadigital.com.ar\/blog\/wp-content\/uploads\/20221223174559_huangue.jpg?fit=880%2C512&ssl=1&resize=525%2C300 1.5x, https:\/\/i0.wp.com\/larevistadigital.com.ar\/blog\/wp-content\/uploads\/20221223174559_huangue.jpg?fit=880%2C512&ssl=1&resize=700%2C400 2x"},"classes":[]},{"id":20310,"url":"https:\/\/larevistadigital.com.ar\/blog\/matan-a-policia-que-intento-desbaratar-una-fiesta-clandestina\/","url_meta":{"origin":14352,"position":2},"title":"MATAN A POLIC\u00cdA QUE INTENT\u00d3 DESBARATAR UNA FIESTA CLANDESTINA","author":"Alejandro Sosa Ruda","date":"17 mayo, 2021","format":false,"excerpt":"Por el hecho hay un hombre de 69 a\u00f1os detenido. MAR DEL PLATA - En medio de los fuertes controles que se realizan en Mar del Plata para evitar las fiestas clandestinas en el marco de las restricciones sanitarias por el coronavirus, un oficial de polic\u00eda fue asesinado de un\u2026","rel":"","context":"En \u00abPOLICIALES\u00bb","block_context":{"text":"POLICIALES","link":"https:\/\/larevistadigital.com.ar\/blog\/category\/policiales\/"},"img":{"alt_text":"","src":"https:\/\/i0.wp.com\/larevistadigital.com.ar\/blog\/wp-content\/uploads\/0e3b814f5ca89533f208c5fd5ed329a903abcc77.jpeg?fit=1140%2C855&ssl=1&resize=350%2C200","width":350,"height":200,"srcset":"https:\/\/i0.wp.com\/larevistadigital.com.ar\/blog\/wp-content\/uploads\/0e3b814f5ca89533f208c5fd5ed329a903abcc77.jpeg?fit=1140%2C855&ssl=1&resize=350%2C200 1x, https:\/\/i0.wp.com\/larevistadigital.com.ar\/blog\/wp-content\/uploads\/0e3b814f5ca89533f208c5fd5ed329a903abcc77.jpeg?fit=1140%2C855&ssl=1&resize=525%2C300 1.5x, https:\/\/i0.wp.com\/larevistadigital.com.ar\/blog\/wp-content\/uploads\/0e3b814f5ca89533f208c5fd5ed329a903abcc77.jpeg?fit=1140%2C855&ssl=1&resize=700%2C400 2x, https:\/\/i0.wp.com\/larevistadigital.com.ar\/blog\/wp-content\/uploads\/0e3b814f5ca89533f208c5fd5ed329a903abcc77.jpeg?fit=1140%2C855&ssl=1&resize=1050%2C600 3x"},"classes":[]},{"id":9951,"url":"https:\/\/larevistadigital.com.ar\/blog\/video-un-sujeto-encapuchado-disparo-contra-una-casa\/","url_meta":{"origin":14352,"position":3},"title":"VIDEO: UN SUJETO ENCAPUCHADO DISPAR\u00d3 CONTRA UNA CASA","author":"Alejandro Sosa Ruda","date":"2 mayo, 2019","format":false,"excerpt":"El suceso qued\u00f3 registrado en las c\u00e1maras de seguridad de la familia. Ocurri\u00f3 en la madrugada de este mi\u00e9rcoles 1\u00b0 de mayo en un domicilio ubicado en calle Coronel Su\u00e1rez del barrio La Dolly, en la ciudad de Brandsen. Ocurri\u00f3 en la madrugada de este mi\u00e9rcoles 1\u00b0 de mayo en\u2026","rel":"","context":"En \u00abDESTACADAS\u00bb","block_context":{"text":"DESTACADAS","link":"https:\/\/larevistadigital.com.ar\/blog\/category\/destacadas\/"},"img":{"alt_text":"","src":"https:\/\/i0.wp.com\/larevistadigital.com.ar\/blog\/wp-content\/uploads\/2019\/05\/20190501_230840.jpg?fit=1080%2C603&ssl=1&resize=350%2C200","width":350,"height":200,"srcset":"https:\/\/i0.wp.com\/larevistadigital.com.ar\/blog\/wp-content\/uploads\/2019\/05\/20190501_230840.jpg?fit=1080%2C603&ssl=1&resize=350%2C200 1x, https:\/\/i0.wp.com\/larevistadigital.com.ar\/blog\/wp-content\/uploads\/2019\/05\/20190501_230840.jpg?fit=1080%2C603&ssl=1&resize=525%2C300 1.5x, https:\/\/i0.wp.com\/larevistadigital.com.ar\/blog\/wp-content\/uploads\/2019\/05\/20190501_230840.jpg?fit=1080%2C603&ssl=1&resize=700%2C400 2x, https:\/\/i0.wp.com\/larevistadigital.com.ar\/blog\/wp-content\/uploads\/2019\/05\/20190501_230840.jpg?fit=1080%2C603&ssl=1&resize=1050%2C600 3x"},"classes":[]},{"id":15318,"url":"https:\/\/larevistadigital.com.ar\/blog\/drama-perito-policial-mato-a-su-novia-a-su-hermana-y-luego-se-quito-la-vida\/","url_meta":{"origin":14352,"position":4},"title":"DRAMA: PERITO POLICIAL MAT\u00d3 A SU NOVIA, A SU HERMANA Y LUEGO SE QUIT\u00d3 LA VIDA","author":"Alejandro Sosa Ruda","date":"25 mayo, 2020","format":false,"excerpt":"El autor del doble crimen se desempe\u00f1aba en la Cient\u00edfica de Trenque Lauquen. Ten\u00eda 29 a\u00f1os. Asesin\u00f3 a balazos a una joven de 19 y a su propio hermano, de 30. Todo ocurri\u00f3 tras compartir un asado. La mujer alcanz\u00f3 a llamar al 911 PEHUAJ\u00d3 - Un perito de Polic\u00eda\u2026","rel":"","context":"En \u00abPOLICIALES\u00bb","block_context":{"text":"POLICIALES","link":"https:\/\/larevistadigital.com.ar\/blog\/category\/policiales\/"},"img":{"alt_text":"","src":"https:\/\/i0.wp.com\/larevistadigital.com.ar\/blog\/wp-content\/uploads\/20200525122017_aaa.jpg?fit=887%2C554&ssl=1&resize=350%2C200","width":350,"height":200,"srcset":"https:\/\/i0.wp.com\/larevistadigital.com.ar\/blog\/wp-content\/uploads\/20200525122017_aaa.jpg?fit=887%2C554&ssl=1&resize=350%2C200 1x, https:\/\/i0.wp.com\/larevistadigital.com.ar\/blog\/wp-content\/uploads\/20200525122017_aaa.jpg?fit=887%2C554&ssl=1&resize=525%2C300 1.5x, https:\/\/i0.wp.com\/larevistadigital.com.ar\/blog\/wp-content\/uploads\/20200525122017_aaa.jpg?fit=887%2C554&ssl=1&resize=700%2C400 2x"},"classes":[]},{"id":41761,"url":"https:\/\/larevistadigital.com.ar\/blog\/el-ministro-alonso-cuestiona-reformas-al-codigo-penal-de-milei-y-pide-inversion-en-justicia-federal\/","url_meta":{"origin":14352,"position":5},"title":"El Ministro Alonso cuestiona reformas al C\u00f3digo Penal de Milei y pide inversi\u00f3n en Justicia federal","author":"Alejandro Sosa Ruda","date":"3 octubre, 2025","format":false,"excerpt":"El ministro de Seguridad bonaerense, Javier Alonso, critic\u00f3 las propuestas del Gobierno nacional para endurecer penas y asegur\u00f3 que el foco deber\u00eda estar en fortalecer la Justicia y las fuerzas federales. 03 de Octubre de 2025 BUENOS AIRES\u00a0 -\u00a0 \u00a0El ministro de Seguridad de la provincia de Buenos Aires, Javier\u2026","rel":"","context":"En \u00abPOLITICA PROVINCIAL\u00bb","block_context":{"text":"POLITICA PROVINCIAL","link":"https:\/\/larevistadigital.com.ar\/blog\/category\/politica\/politica-provincial\/"},"img":{"alt_text":"","src":"https:\/\/i0.wp.com\/larevistadigital.com.ar\/blog\/wp-content\/uploads\/Captura-de-pantalla-2025-10-03-182018.jpg?fit=777%2C456&ssl=1&resize=350%2C200","width":350,"height":200,"srcset":"https:\/\/i0.wp.com\/larevistadigital.com.ar\/blog\/wp-content\/uploads\/Captura-de-pantalla-2025-10-03-182018.jpg?fit=777%2C456&ssl=1&resize=350%2C200 1x, https:\/\/i0.wp.com\/larevistadigital.com.ar\/blog\/wp-content\/uploads\/Captura-de-pantalla-2025-10-03-182018.jpg?fit=777%2C456&ssl=1&resize=525%2C300 1.5x, https:\/\/i0.wp.com\/larevistadigital.com.ar\/blog\/wp-content\/uploads\/Captura-de-pantalla-2025-10-03-182018.jpg?fit=777%2C456&ssl=1&resize=700%2C400 2x"},"classes":[]}],"_links":{"self":[{"href":"https:\/\/larevistadigital.com.ar\/blog\/wp-json\/wp\/v2\/posts\/14352","targetHints":{"allow":["GET"]}}],"collection":[{"href":"https:\/\/larevistadigital.com.ar\/blog\/wp-json\/wp\/v2\/posts"}],"about":[{"href":"https:\/\/larevistadigital.com.ar\/blog\/wp-json\/wp\/v2\/types\/post"}],"author":[{"embeddable":true,"href":"https:\/\/larevistadigital.com.ar\/blog\/wp-json\/wp\/v2\/users\/3"}],"replies":[{"embeddable":true,"href":"https:\/\/larevistadigital.com.ar\/blog\/wp-json\/wp\/v2\/comments?post=14352"}],"version-history":[{"count":2,"href":"https:\/\/larevistadigital.com.ar\/blog\/wp-json\/wp\/v2\/posts\/14352\/revisions"}],"predecessor-version":[{"id":14355,"href":"https:\/\/larevistadigital.com.ar\/blog\/wp-json\/wp\/v2\/posts\/14352\/revisions\/14355"}],"wp:featuredmedia":[{"embeddable":true,"href":"https:\/\/larevistadigital.com.ar\/blog\/wp-json\/wp\/v2\/media\/14353"}],"wp:attachment":[{"href":"https:\/\/larevistadigital.com.ar\/blog\/wp-json\/wp\/v2\/media?parent=14352"}],"wp:term":[{"taxonomy":"category","embeddable":true,"href":"https:\/\/larevistadigital.com.ar\/blog\/wp-json\/wp\/v2\/categories?post=14352"},{"taxonomy":"post_tag","embeddable":true,"href":"https:\/\/larevistadigital.com.ar\/blog\/wp-json\/wp\/v2\/tags?post=14352"}],"curies":[{"name":"wp","href":"https:\/\/api.w.org\/{rel}","templated":true}]}}