{"id":14356,"date":"2020-01-24T11:20:38","date_gmt":"2020-01-24T11:20:38","guid":{"rendered":"https:\/\/larevistadigital.com.ar\/blog\/?p=14356"},"modified":"2020-01-24T11:22:41","modified_gmt":"2020-01-24T11:22:41","slug":"confirman-que-el-gobierno-prepara-una-ley-para-despenalizar-la-marihuana","status":"publish","type":"post","link":"https:\/\/larevistadigital.com.ar\/blog\/confirman-que-el-gobierno-prepara-una-ley-para-despenalizar-la-marihuana\/","title":{"rendered":"CONFIRMAN QUE EL GOBIERNO PREPARA UNA LEY PARA DESPENALIZAR LA MARIHUANA"},"content":{"rendered":"<h2><em><strong>La titular de Sedronar, Gabriela Torres, asegur\u00f3 que \u00abhay una iniciativa del Ministerio de Seguridad para la despenalizaci\u00f3n de la marihuana\u00bb.<\/strong><\/em><\/h2>\n<p>La informaci\u00f3n ratificada por la funcionaria se dio a conocer ayer. Se trata de un proyecto de ley que quiere trabajar el Ejecutivo para despenalizar la tenencia de marihuana. Buscar\u00edan que se trate en el Congreso en el transcurso del a\u00f1o.<\/p>\n<p>Torres, en declaraciones radiales, adem\u00e1s diferenci\u00f3: <strong><em>\u00abuna cosa es narcotr\u00e1fico y otra es consumo\u00bb<\/em><\/strong>, en relaci\u00f3n al objetivo que buscar\u00eda perseguir esa legislaci\u00f3n, en tanto advirti\u00f3 que <em><strong>\u00abel proceso de armado de la ley a\u00fan no empez\u00f3, s\u00ed est\u00e1 la iniciativa\u00bb<\/strong><\/em>.<\/p>\n<p><strong><em>\u00abSi en este momento no tenemos ninguna regulaci\u00f3n, ser\u00eda todo m\u00e1s confuso. Creo que hay que trabajar mucho en relaci\u00f3n a qu\u00e9 puede tolerar el cuerpo\u00bb<\/em><\/strong>, se\u00f1al\u00f3 y explic\u00f3: <em><strong>\u00abUn menor no puede consumir ninguna sustancia, porque cualquiera ser\u00eda problem\u00e1tica. Su h\u00edgado y su cerebro no est\u00e1n terminados de formarse. Si no acompa\u00f1amos a los j\u00f3venes en relaci\u00f3n al cuidado de su propio cuerpo, de verdad se est\u00e1n lastimando mucho\u00bb.<\/strong><\/em><\/p>\n<div class=\"adsb30\">\n<div style=\"text-align: left\">El presidente ya se hab\u00eda pronunciado en sinton\u00eda respecto del consumo de esa droga cuando opin\u00f3 que: <em><strong>\u00abNo tenemos que perseguir a los fumadores de porro\u00bb<\/strong><\/em>. Los ministros de seguridad bonaerense y de la naci\u00f3n, <strong>Berni<\/strong> y <strong>Frederic<\/strong> respectivamente, tambi\u00e9n respaldaron esa postura.<\/div>\n<div><\/div>\n<div style=\"text-align: left\">Seg\u00fan trascendi\u00f3, las definiciones de cara al armado de ese texto est\u00e1n en repensar las cantidades m\u00e1ximas de posesi\u00f3n de la mencionada sustancia para consumo en mayores de edad.<\/div>\n<div>PUBLICADO EN DLN<\/div>\n<\/div>\n","protected":false},"excerpt":{"rendered":"<div class=\"mh-excerpt\"><p>La titular de Sedronar, Gabriela Torres, asegur\u00f3 que \u00abhay una iniciativa del Ministerio de Seguridad para la despenalizaci\u00f3n de la marihuana\u00bb. La informaci\u00f3n ratificada por la funcionaria se dio a conocer ayer. Se trata de <a class=\"mh-excerpt-more\" href=\"https:\/\/larevistadigital.com.ar\/blog\/confirman-que-el-gobierno-prepara-una-ley-para-despenalizar-la-marihuana\/\" title=\"CONFIRMAN QUE EL GOBIERNO PREPARA UNA LEY PARA DESPENALIZAR LA MARIHUANA\">[Leer M\u00e1s]<\/a><\/p>\n<\/div>","protected":false},"author":3,"featured_media":14357,"comment_status":"open","ping_status":"open","sticky":false,"template":"","format":"standard","meta":{"_jetpack_memberships_contains_paid_content":false,"footnotes":"","jetpack_publicize_message":"","jetpack_publicize_feature_enabled":true,"jetpack_social_post_already_shared":true,"jetpack_social_options":{"image_generator_settings":{"template":"highway","default_image_id":0,"font":"","enabled":false},"version":2}},"categories":[50],"tags":[],"class_list":{"0":"post-14356","1":"post","2":"type-post","3":"status-publish","4":"format-standard","5":"has-post-thumbnail","7":"category-interes-general"},"jetpack_publicize_connections":[],"jetpack_featured_media_url":"https:\/\/i0.wp.com\/larevistadigital.com.ar\/blog\/wp-content\/uploads\/si-la-marihuana-te-provoca-nauseas-date-una-ducha-caliente.jpg?fit=746%2C420&ssl=1","jetpack_sharing_enabled":true,"jetpack_shortlink":"https:\/\/wp.me\/p8qtrQ-3Jy","jetpack-related-posts":[{"id":7393,"url":"https:\/\/larevistadigital.com.ar\/blog\/chascomus-detienen-a-un-individuo-con-pastillas-de-extasis-y-marihuana\/","url_meta":{"origin":14356,"position":0},"title":"CHASCOM\u00daS: DETIENEN A UN INDIVIDUO CON PASTILLAS DE \u00c9XTASIS Y MARIHUANA","author":"Alejandro Sosa Ruda","date":"27 diciembre, 2018","format":false,"excerpt":"Durante un control vehicular en la Autov\u00eda 2, La Subdelegaci\u00f3n Chascom\u00fas de Drogas Il\u00edcitas y Crimen Organizado procedi\u00f3 a identificar a los ocupantes de 19 rodados, con resultado positivo en el control de un veh\u00edculo Alfa Romeo con destino a la ciudad de Chascom\u00fas. El mismo se hallaba a cargo\u2026","rel":"","context":"En \u00abPOLICIALES\u00bb","block_context":{"text":"POLICIALES","link":"https:\/\/larevistadigital.com.ar\/blog\/category\/policiales\/"},"img":{"alt_text":"","src":"https:\/\/i0.wp.com\/larevistadigital.com.ar\/blog\/wp-content\/uploads\/2018\/12\/drogas-chascomus-1.jpg?fit=1200%2C900&ssl=1&resize=350%2C200","width":350,"height":200,"srcset":"https:\/\/i0.wp.com\/larevistadigital.com.ar\/blog\/wp-content\/uploads\/2018\/12\/drogas-chascomus-1.jpg?fit=1200%2C900&ssl=1&resize=350%2C200 1x, https:\/\/i0.wp.com\/larevistadigital.com.ar\/blog\/wp-content\/uploads\/2018\/12\/drogas-chascomus-1.jpg?fit=1200%2C900&ssl=1&resize=525%2C300 1.5x, https:\/\/i0.wp.com\/larevistadigital.com.ar\/blog\/wp-content\/uploads\/2018\/12\/drogas-chascomus-1.jpg?fit=1200%2C900&ssl=1&resize=700%2C400 2x, https:\/\/i0.wp.com\/larevistadigital.com.ar\/blog\/wp-content\/uploads\/2018\/12\/drogas-chascomus-1.jpg?fit=1200%2C900&ssl=1&resize=1050%2C600 3x"},"classes":[]},{"id":9278,"url":"https:\/\/larevistadigital.com.ar\/blog\/dolores-aprendieron-a-dos-sujetos-con-marihuana\/","url_meta":{"origin":14356,"position":1},"title":"DOLORES: APRENDIERON A DOS SUJETOS CON MARIHUANA","author":"Alejandro Sosa Ruda","date":"23 marzo, 2019","format":false,"excerpt":"En horas de la madrugada, personal policial del Gabinete Criminol\u00f3gico perteneciente a la Comisar\u00eda Distrital de Dolores procedi\u00f3 a la incautaci\u00f3n de sustancia estupefaciente y a la aprehensi\u00f3n de dos sujetos. Un joven mayor y otro menor de edad caminaban por la v\u00eda p\u00fablica trasladando entre sus prendas un total\u2026","rel":"","context":"En \u00abDOLORES\u00bb","block_context":{"text":"DOLORES","link":"https:\/\/larevistadigital.com.ar\/blog\/category\/dolores\/"},"img":{"alt_text":"","src":"https:\/\/i0.wp.com\/larevistadigital.com.ar\/blog\/wp-content\/uploads\/2019\/03\/Screenshot_2-11.jpg?fit=869%2C593&ssl=1&resize=350%2C200","width":350,"height":200,"srcset":"https:\/\/i0.wp.com\/larevistadigital.com.ar\/blog\/wp-content\/uploads\/2019\/03\/Screenshot_2-11.jpg?fit=869%2C593&ssl=1&resize=350%2C200 1x, https:\/\/i0.wp.com\/larevistadigital.com.ar\/blog\/wp-content\/uploads\/2019\/03\/Screenshot_2-11.jpg?fit=869%2C593&ssl=1&resize=525%2C300 1.5x, https:\/\/i0.wp.com\/larevistadigital.com.ar\/blog\/wp-content\/uploads\/2019\/03\/Screenshot_2-11.jpg?fit=869%2C593&ssl=1&resize=700%2C400 2x"},"classes":[]},{"id":9755,"url":"https:\/\/larevistadigital.com.ar\/blog\/lezama-secuestran-marihuana-en-un-operativo\/","url_meta":{"origin":14356,"position":2},"title":"LEZAMA: SECUESTRAN MARIHUANA EN UN OPERATIVO","author":"Alejandro Sosa Ruda","date":"18 abril, 2019","format":false,"excerpt":"En un operativo conjunto llevado a cabo en la v\u00edspera por Polic\u00eda de Seguridad Vial Lezama Estaci\u00f3n de Polic\u00eda Comunal Lezama, Personal de Narcotr\u00e1fico de Chascom\u00fas y personal de la Secretaria de Seguridad de Lezama en la Autov\u00eda 2 a la altura del Km. 156.500 en jurisdicci\u00f3n de la ciudad\u2026","rel":"","context":"En \u00abLEZAMA\u00bb","block_context":{"text":"LEZAMA","link":"https:\/\/larevistadigital.com.ar\/blog\/category\/lezama\/"},"img":{"alt_text":"","src":"https:\/\/i0.wp.com\/larevistadigital.com.ar\/blog\/wp-content\/uploads\/2019\/04\/DROGA-LEZAMA.jpg?fit=1200%2C583&ssl=1&resize=350%2C200","width":350,"height":200,"srcset":"https:\/\/i0.wp.com\/larevistadigital.com.ar\/blog\/wp-content\/uploads\/2019\/04\/DROGA-LEZAMA.jpg?fit=1200%2C583&ssl=1&resize=350%2C200 1x, https:\/\/i0.wp.com\/larevistadigital.com.ar\/blog\/wp-content\/uploads\/2019\/04\/DROGA-LEZAMA.jpg?fit=1200%2C583&ssl=1&resize=525%2C300 1.5x, https:\/\/i0.wp.com\/larevistadigital.com.ar\/blog\/wp-content\/uploads\/2019\/04\/DROGA-LEZAMA.jpg?fit=1200%2C583&ssl=1&resize=700%2C400 2x, https:\/\/i0.wp.com\/larevistadigital.com.ar\/blog\/wp-content\/uploads\/2019\/04\/DROGA-LEZAMA.jpg?fit=1200%2C583&ssl=1&resize=1050%2C600 3x"},"classes":[]},{"id":4922,"url":"https:\/\/larevistadigital.com.ar\/blog\/chascomus-la-policia-comunal-intercepta-jovenes-marihuana\/","url_meta":{"origin":14356,"position":3},"title":"CHASCOM\u00daS: LA POLIC\u00cdA COMUNAL INTERCEPTA J\u00d3VENES CON MARIHUANA","author":"Alejandro Sosa Ruda","date":"14 febrero, 2018","format":false,"excerpt":"En horas de la tarde del s\u00e1bado pasado, personal de la cuadr\u00edcula, en cercan\u00edas de la Estaci\u00f3n Ferroautomotor, detecta dos j\u00f3venes en actitud sospechosa, por lo que procede a interceptarlos para su identificaci\u00f3n. Se trataba de un hombre mayor, de 21 a\u00f1os de edad, y una chica menor de edad,\u2026","rel":"","context":"En \u00abPOLICIALES\u00bb","block_context":{"text":"POLICIALES","link":"https:\/\/larevistadigital.com.ar\/blog\/category\/policiales\/"},"img":{"alt_text":"","src":"https:\/\/i0.wp.com\/larevistadigital.com.ar\/blog\/wp-content\/uploads\/2018\/02\/WhatsApp-Image-2018-02-14-at-14.05.51.jpeg?fit=650%2C786&ssl=1&resize=350%2C200","width":350,"height":200,"srcset":"https:\/\/i0.wp.com\/larevistadigital.com.ar\/blog\/wp-content\/uploads\/2018\/02\/WhatsApp-Image-2018-02-14-at-14.05.51.jpeg?fit=650%2C786&ssl=1&resize=350%2C200 1x, https:\/\/i0.wp.com\/larevistadigital.com.ar\/blog\/wp-content\/uploads\/2018\/02\/WhatsApp-Image-2018-02-14-at-14.05.51.jpeg?fit=650%2C786&ssl=1&resize=525%2C300 1.5x"},"classes":[]},{"id":26403,"url":"https:\/\/larevistadigital.com.ar\/blog\/chascomus-tres-allanamientos-con-resultado-positivo-dos-aprehendidos-y-secuestro-de-marihuana-y-cocaina\/","url_meta":{"origin":14356,"position":4},"title":"CHASCOM\u00daS: TRES ALLANAMIENTOS CON RESULTADO POSITIVO, DOS APREHENDIDOS Y SECUESTRO DE MARIHUANA Y COCA\u00cdNA","author":"Alejandro Sosa Ruda","date":"7 julio, 2022","format":false,"excerpt":"CHASCOM\u00daS -\u00a0 Durante el d\u00eda de ayer, 6 de julio, se llevaron a cabo tres allanamientos por infracci\u00f3n a la ley 23.737 (estupefacientes), luego de que se tom\u00f3 conocimiento de que en tres lugares se estar\u00edan comercializando drogas. De esta manera se dio conocimiento a la UFI 3 a cargo\u2026","rel":"","context":"En \u00abDESTACADAS\u00bb","block_context":{"text":"DESTACADAS","link":"https:\/\/larevistadigital.com.ar\/blog\/category\/destacadas\/"},"img":{"alt_text":"","src":"https:\/\/i0.wp.com\/larevistadigital.com.ar\/blog\/wp-content\/uploads\/WhatsApp-Image-2022-07-06-at-11.11.42-PM-1.jpeg?fit=850%2C813&ssl=1&resize=350%2C200","width":350,"height":200,"srcset":"https:\/\/i0.wp.com\/larevistadigital.com.ar\/blog\/wp-content\/uploads\/WhatsApp-Image-2022-07-06-at-11.11.42-PM-1.jpeg?fit=850%2C813&ssl=1&resize=350%2C200 1x, https:\/\/i0.wp.com\/larevistadigital.com.ar\/blog\/wp-content\/uploads\/WhatsApp-Image-2022-07-06-at-11.11.42-PM-1.jpeg?fit=850%2C813&ssl=1&resize=525%2C300 1.5x, https:\/\/i0.wp.com\/larevistadigital.com.ar\/blog\/wp-content\/uploads\/WhatsApp-Image-2022-07-06-at-11.11.42-PM-1.jpeg?fit=850%2C813&ssl=1&resize=700%2C400 2x"},"classes":[]},{"id":2209,"url":"https:\/\/larevistadigital.com.ar\/blog\/importante-cantidad-de-marihuana-y-cocaina-se-secuestro-en-el-peaje-samborombon\/","url_meta":{"origin":14356,"position":5},"title":"IMPORTANTE CANTIDAD DE MARIHUANA Y COCAINA SE SECUESTRO EN EL PEAJE SAMBOROMBON","author":"editor","date":"5 mayo, 2017","format":false,"excerpt":"LA DROGA SECUESTRADA IRIA CON DESTINO A CHASCOM\u00daS Y MAR DEL TUYU En la fecha de ayer 4 de mayo personal del gabinete criminologico de comisar\u00eda de Chascom\u00fas junto con personal destacamento vial Samboromb\u00f3n y cr\u00eda Brandsen a ra\u00edz de informaci\u00f3n obtenida montan operativo interceptaci\u00f3n de veh\u00edculos en cercan\u00edas de\u2026","rel":"","context":"En \u00abCASTELLI\u00bb","block_context":{"text":"CASTELLI","link":"https:\/\/larevistadigital.com.ar\/blog\/category\/castelli\/"},"img":{"alt_text":"","src":"https:\/\/i0.wp.com\/larevistadigital.com.ar\/blog\/wp-content\/uploads\/2017\/05\/89abb2df-95ca-4a15-a2b5-86e586e83428.jpg?fit=1040%2C585&ssl=1&resize=350%2C200","width":350,"height":200,"srcset":"https:\/\/i0.wp.com\/larevistadigital.com.ar\/blog\/wp-content\/uploads\/2017\/05\/89abb2df-95ca-4a15-a2b5-86e586e83428.jpg?fit=1040%2C585&ssl=1&resize=350%2C200 1x, https:\/\/i0.wp.com\/larevistadigital.com.ar\/blog\/wp-content\/uploads\/2017\/05\/89abb2df-95ca-4a15-a2b5-86e586e83428.jpg?fit=1040%2C585&ssl=1&resize=525%2C300 1.5x, https:\/\/i0.wp.com\/larevistadigital.com.ar\/blog\/wp-content\/uploads\/2017\/05\/89abb2df-95ca-4a15-a2b5-86e586e83428.jpg?fit=1040%2C585&ssl=1&resize=700%2C400 2x"},"classes":[]}],"_links":{"self":[{"href":"https:\/\/larevistadigital.com.ar\/blog\/wp-json\/wp\/v2\/posts\/14356","targetHints":{"allow":["GET"]}}],"collection":[{"href":"https:\/\/larevistadigital.com.ar\/blog\/wp-json\/wp\/v2\/posts"}],"about":[{"href":"https:\/\/larevistadigital.com.ar\/blog\/wp-json\/wp\/v2\/types\/post"}],"author":[{"embeddable":true,"href":"https:\/\/larevistadigital.com.ar\/blog\/wp-json\/wp\/v2\/users\/3"}],"replies":[{"embeddable":true,"href":"https:\/\/larevistadigital.com.ar\/blog\/wp-json\/wp\/v2\/comments?post=14356"}],"version-history":[{"count":2,"href":"https:\/\/larevistadigital.com.ar\/blog\/wp-json\/wp\/v2\/posts\/14356\/revisions"}],"predecessor-version":[{"id":14359,"href":"https:\/\/larevistadigital.com.ar\/blog\/wp-json\/wp\/v2\/posts\/14356\/revisions\/14359"}],"wp:featuredmedia":[{"embeddable":true,"href":"https:\/\/larevistadigital.com.ar\/blog\/wp-json\/wp\/v2\/media\/14357"}],"wp:attachment":[{"href":"https:\/\/larevistadigital.com.ar\/blog\/wp-json\/wp\/v2\/media?parent=14356"}],"wp:term":[{"taxonomy":"category","embeddable":true,"href":"https:\/\/larevistadigital.com.ar\/blog\/wp-json\/wp\/v2\/categories?post=14356"},{"taxonomy":"post_tag","embeddable":true,"href":"https:\/\/larevistadigital.com.ar\/blog\/wp-json\/wp\/v2\/tags?post=14356"}],"curies":[{"name":"wp","href":"https:\/\/api.w.org\/{rel}","templated":true}]}}