{"id":14360,"date":"2020-01-24T11:36:26","date_gmt":"2020-01-24T11:36:26","guid":{"rendered":"https:\/\/larevistadigital.com.ar\/blog\/?p=14360"},"modified":"2020-01-24T11:36:26","modified_gmt":"2020-01-24T11:36:26","slug":"14360-2","status":"publish","type":"post","link":"https:\/\/larevistadigital.com.ar\/blog\/14360-2\/","title":{"rendered":""},"content":{"rendered":"<p>Ladrones ingresaron al Club \u00abLos XXV\u00bb ubicado sobre Hip\u00f3lito Irigoyen entre Inmigrantes \u00c1rabes y Per\u00fa y robaron una moto de 150 cc. en la noche del martes, donde los delincuentes entraron tras forzar la puerta de ingreso al club, tomando de all\u00ed varias bebidas y tambi\u00e9n tras violentar los mecanis<span class=\"text_exposed_show\">mos de la motocicleta marca Honda de color negra pudieron darle arranque para salir del lugar, adem\u00e1s de otros bienes y elementos.<\/span><\/p>\n<p>Ayer se nos inform\u00f3 en la Estaci\u00f3n de Polic\u00eda Comunal de Chascom\u00fas que tras la denuncia, que fue formalizada por <strong>Omar Becerro<\/strong>, se concretaron las tareas investigativas con el auxilio de las c\u00e1maras que fueron consultadas, posibilitando la identificaci\u00f3n de al menos uno de los autores, en funci\u00f3n de lo cual y con intervenci\u00f3n del titular de la UFI 10, <strong>Jonatan Robert<\/strong> y orden del Juzgado de Garant\u00edas 5 a cargo del doctor <strong>Gasquet<\/strong> para allanamiento y detenci\u00f3n, se procedi\u00f3 a allanar una vivienda de Bolivia 251 y a la detenci\u00f3n de una persona mayor de edad con antecedentes, as\u00ed como a la recuperaci\u00f3n de parte de lo sustra\u00eddo.<\/p>\n<p>En cuanto al detenido, si bien no se brind\u00f3 identificaci\u00f3n, pudo precisarse que era uno de los involucrados en reciente hecho de robo y da\u00f1os en la Parroquia San Jos\u00e9 Obrero.<\/p>\n<p>PUBLICADO EN EL CRONISTA<\/p>\n","protected":false},"excerpt":{"rendered":"<div class=\"mh-excerpt\"><p>Ladrones ingresaron al Club \u00abLos XXV\u00bb ubicado sobre Hip\u00f3lito Irigoyen entre Inmigrantes \u00c1rabes y Per\u00fa y robaron una moto de 150 cc. en la noche del martes, donde los delincuentes entraron tras forzar la puerta <a class=\"mh-excerpt-more\" href=\"https:\/\/larevistadigital.com.ar\/blog\/14360-2\/\" title=\"\">[Leer M\u00e1s]<\/a><\/p>\n<\/div>","protected":false},"author":3,"featured_media":7557,"comment_status":"open","ping_status":"open","sticky":false,"template":"","format":"standard","meta":{"_jetpack_memberships_contains_paid_content":false,"footnotes":"","jetpack_publicize_message":"","jetpack_publicize_feature_enabled":true,"jetpack_social_post_already_shared":true,"jetpack_social_options":{"image_generator_settings":{"template":"highway","default_image_id":0,"font":"","enabled":false},"version":2}},"categories":[50,44],"tags":[],"class_list":{"0":"post-14360","1":"post","2":"type-post","3":"status-publish","4":"format-standard","5":"has-post-thumbnail","7":"category-interes-general","8":"category-policiales"},"jetpack_publicize_connections":[],"jetpack_featured_media_url":"https:\/\/i0.wp.com\/larevistadigital.com.ar\/blog\/wp-content\/uploads\/2019\/01\/bbx_755050019_comisaria_chasco_01.jpg?fit=800%2C579&ssl=1","jetpack_sharing_enabled":true,"jetpack_shortlink":"https:\/\/wp.me\/p8qtrQ-3JC","jetpack-related-posts":[{"id":21024,"url":"https:\/\/larevistadigital.com.ar\/blog\/berisso-tres-detenidos-tras-pelea-en-un-club\/","url_meta":{"origin":14360,"position":0},"title":"BERISSO: TRES DETENIDOS TRAS PELEA EN UN CLUB","author":"Alejandro Sosa Ruda","date":"5 julio, 2021","format":false,"excerpt":"El hecho, ocurri\u00f3 en calle 122 bis y 81 en el marco de las elecciones de las autoridades de dicha instituci\u00f3n BERISSO - En las \u00faltimas horas, efectivos policiales detuvieron a tres sujetos que protagonizaron una gresca en el medio de las elecciones de las autoridades del\u00a0club de Futbol Infantil\u2026","rel":"","context":"En \u00abREGIONALES\u00bb","block_context":{"text":"REGIONALES","link":"https:\/\/larevistadigital.com.ar\/blog\/category\/regionales\/"},"img":{"alt_text":"","src":"https:\/\/i0.wp.com\/larevistadigital.com.ar\/blog\/wp-content\/uploads\/Patrullero-La-Plata-Berisso-Policia.jpg?fit=882%2C492&ssl=1&resize=350%2C200","width":350,"height":200,"srcset":"https:\/\/i0.wp.com\/larevistadigital.com.ar\/blog\/wp-content\/uploads\/Patrullero-La-Plata-Berisso-Policia.jpg?fit=882%2C492&ssl=1&resize=350%2C200 1x, https:\/\/i0.wp.com\/larevistadigital.com.ar\/blog\/wp-content\/uploads\/Patrullero-La-Plata-Berisso-Policia.jpg?fit=882%2C492&ssl=1&resize=525%2C300 1.5x, https:\/\/i0.wp.com\/larevistadigital.com.ar\/blog\/wp-content\/uploads\/Patrullero-La-Plata-Berisso-Policia.jpg?fit=882%2C492&ssl=1&resize=700%2C400 2x"},"classes":[]},{"id":44058,"url":"https:\/\/larevistadigital.com.ar\/blog\/eduardo-dominguez-dejara-de-ser-el-dt-de-estudiantes-y-se-va-a-dirigir-a-atletico-mineiro\/","url_meta":{"origin":14360,"position":1},"title":"Eduardo Dom\u00ednguez dejar\u00e1 de ser el DT de Estudiantes y se va a dirigir a Atl\u00e9tico Mineiro","author":"Alejandro Sosa Ruda","date":"20 febrero, 2026","format":false,"excerpt":"Una noticia inesperada sacudi\u00f3 a todo Estudiantes. Eduardo Dom\u00ednguez renuncia, se va del club y ser\u00e1 nuevo entrenador del equipo brasile\u00f1o. 20 de febrero de 2026 Bombazo en La Plata. Tras la salida de Cristian Medina, ahora se confirm\u00f3 que Eduardo Dom\u00ednguez dejar\u00e1 Estudiantes despu\u00e9s de dirigir su \u00faltimo partido\u2026","rel":"","context":"En \u00abINTERES GENERAL\u00bb","block_context":{"text":"INTERES GENERAL","link":"https:\/\/larevistadigital.com.ar\/blog\/category\/interes-general\/"},"img":{"alt_text":"","src":"https:\/\/i0.wp.com\/larevistadigital.com.ar\/blog\/wp-content\/uploads\/Captura-de-pantalla-2026-02-20-011642.jpg?fit=779%2C514&ssl=1&resize=350%2C200","width":350,"height":200,"srcset":"https:\/\/i0.wp.com\/larevistadigital.com.ar\/blog\/wp-content\/uploads\/Captura-de-pantalla-2026-02-20-011642.jpg?fit=779%2C514&ssl=1&resize=350%2C200 1x, https:\/\/i0.wp.com\/larevistadigital.com.ar\/blog\/wp-content\/uploads\/Captura-de-pantalla-2026-02-20-011642.jpg?fit=779%2C514&ssl=1&resize=525%2C300 1.5x, https:\/\/i0.wp.com\/larevistadigital.com.ar\/blog\/wp-content\/uploads\/Captura-de-pantalla-2026-02-20-011642.jpg?fit=779%2C514&ssl=1&resize=700%2C400 2x"},"classes":[]},{"id":29976,"url":"https:\/\/larevistadigital.com.ar\/blog\/nuevamente-violencia-en-el-futbol-un-muerto-y-un-herido-por-una-disputa-interna-en-la-barra-del-club-villa-mitre\/","url_meta":{"origin":14360,"position":2},"title":"NUEVAMENTE VIOLENCIA EN EL F\u00daTBOL: UN MUERTO Y UN HERIDO POR UNA DISPUTA INTERNA EN LA BARRA DEL CLUB \u00abVILLA MITRE\u00bb","author":"Alejandro Sosa Ruda","date":"6 febrero, 2023","format":false,"excerpt":"Un hombre fue asesinado y su hermano result\u00f3 herido tras ser baleados en el marco de una disputa interna entre miembros de la barrabrava del club Villa Mitre de la ciudad bonaerense de Bah\u00eda Blanca, y por el hecho detuvieron hoy a dos sospechosos, informaron fuentes judiciales y policiales. 5\u2026","rel":"","context":"En \u00abINTERES GENERAL\u00bb","block_context":{"text":"INTERES GENERAL","link":"https:\/\/larevistadigital.com.ar\/blog\/category\/interes-general\/"},"img":{"alt_text":"","src":"https:\/\/i0.wp.com\/larevistadigital.com.ar\/blog\/wp-content\/uploads\/20230205153457_club-villa-mitre.jpg?fit=880%2C512&ssl=1&resize=350%2C200","width":350,"height":200,"srcset":"https:\/\/i0.wp.com\/larevistadigital.com.ar\/blog\/wp-content\/uploads\/20230205153457_club-villa-mitre.jpg?fit=880%2C512&ssl=1&resize=350%2C200 1x, https:\/\/i0.wp.com\/larevistadigital.com.ar\/blog\/wp-content\/uploads\/20230205153457_club-villa-mitre.jpg?fit=880%2C512&ssl=1&resize=525%2C300 1.5x, https:\/\/i0.wp.com\/larevistadigital.com.ar\/blog\/wp-content\/uploads\/20230205153457_club-villa-mitre.jpg?fit=880%2C512&ssl=1&resize=700%2C400 2x"},"classes":[]},{"id":39559,"url":"https:\/\/larevistadigital.com.ar\/blog\/amplio-operativo-policial-en-un-country-de-pilar-tras-un-violento-robo\/","url_meta":{"origin":14360,"position":3},"title":"Amplio operativo policial en un country de Pilar tras un violento robo","author":"Alejandro Sosa Ruda","date":"26 abril, 2025","format":false,"excerpt":"M\u00e1s de 80 efectivos de distintas fuerzas policiales realizaron un intenso operativo de b\u00fasqueda en el club de campo Mapuche, ubicado en Pilar, luego de que al menos tres delincuentes armados irrumpieran en una vivienda, redujeran a la due\u00f1a y a una empleada, y se llevaran dinero y objetos de\u2026","rel":"","context":"En \u00abPOLICIALES\u00bb","block_context":{"text":"POLICIALES","link":"https:\/\/larevistadigital.com.ar\/blog\/category\/policiales\/"},"img":{"alt_text":"","src":"https:\/\/i0.wp.com\/larevistadigital.com.ar\/blog\/wp-content\/uploads\/20250425135921_country-mapuche-pilar.jpg?fit=880%2C512&ssl=1&resize=350%2C200","width":350,"height":200,"srcset":"https:\/\/i0.wp.com\/larevistadigital.com.ar\/blog\/wp-content\/uploads\/20250425135921_country-mapuche-pilar.jpg?fit=880%2C512&ssl=1&resize=350%2C200 1x, https:\/\/i0.wp.com\/larevistadigital.com.ar\/blog\/wp-content\/uploads\/20250425135921_country-mapuche-pilar.jpg?fit=880%2C512&ssl=1&resize=525%2C300 1.5x, https:\/\/i0.wp.com\/larevistadigital.com.ar\/blog\/wp-content\/uploads\/20250425135921_country-mapuche-pilar.jpg?fit=880%2C512&ssl=1&resize=700%2C400 2x"},"classes":[]},{"id":30472,"url":"https:\/\/larevistadigital.com.ar\/blog\/lomas-de-zamora-barras-de-los-andes-se-enfrentaron-a-tiros-en-la-puerta-del-colegio-del-club\/","url_meta":{"origin":14360,"position":4},"title":"LOMAS DE ZAMORA: BARRAS DE LOS ANDES SE ENFRENTARON A TIROS EN LA PUERTA DEL COLEGIO DEL CLUB","author":"Alejandro Sosa Ruda","date":"8 marzo, 2023","format":false,"excerpt":"Ocurri\u00f3 en la entrada de la Escuela Secundaria Ej\u00e9rcito de Los Andes. La balacera se desat\u00f3 cuando hab\u00eda alumnos llegando al establecimiento educativo. Varias familias tuvieron que refugiarse. Ocurre pocos d\u00edas despu\u00e9s de que el senador provincial Omar Plaini ganara las eleciones en el club \"Milrayita\". 8 de marzo de\u2026","rel":"","context":"En \u00abDESTACADAS\u00bb","block_context":{"text":"DESTACADAS","link":"https:\/\/larevistadigital.com.ar\/blog\/category\/destacadas\/"},"img":{"alt_text":"","src":"https:\/\/i0.wp.com\/larevistadigital.com.ar\/blog\/wp-content\/uploads\/colegio-lomas.jpg?fit=700%2C524&ssl=1&resize=350%2C200","width":350,"height":200,"srcset":"https:\/\/i0.wp.com\/larevistadigital.com.ar\/blog\/wp-content\/uploads\/colegio-lomas.jpg?fit=700%2C524&ssl=1&resize=350%2C200 1x, https:\/\/i0.wp.com\/larevistadigital.com.ar\/blog\/wp-content\/uploads\/colegio-lomas.jpg?fit=700%2C524&ssl=1&resize=525%2C300 1.5x, https:\/\/i0.wp.com\/larevistadigital.com.ar\/blog\/wp-content\/uploads\/colegio-lomas.jpg?fit=700%2C524&ssl=1&resize=700%2C400 2x"},"classes":[]},{"id":27408,"url":"https:\/\/larevistadigital.com.ar\/blog\/la-plata-mueren-dos-nenes-tras-quedar-atrapados-en-un-incendio\/","url_meta":{"origin":14360,"position":5},"title":"LA PLATA: MUEREN DOS NENES TRAS QUEDAR ATRAPADOS EN UN INCENDIO","author":"Alejandro Sosa Ruda","date":"31 agosto, 2022","format":false,"excerpt":"Las llamas se apoderaron de una vivienda y la consumieron por completo. Los peque\u00f1os no lograron escapar del fuego y murieron calcinados en el lugar. 31 de agosto de 2022 Un\u00a0tr\u00e1gico incendio conmociona a La Plata.\u00a0Las llamas se desataron en las primeras horas de este mi\u00e9rcoles y\u00a0dos nenes murieron tras\u2026","rel":"","context":"En \u00abPOLICIALES\u00bb","block_context":{"text":"POLICIALES","link":"https:\/\/larevistadigital.com.ar\/blog\/category\/policiales\/"},"img":{"alt_text":"","src":"https:\/\/i0.wp.com\/larevistadigital.com.ar\/blog\/wp-content\/uploads\/1661945256242.jpeg?fit=1200%2C594&ssl=1&resize=350%2C200","width":350,"height":200,"srcset":"https:\/\/i0.wp.com\/larevistadigital.com.ar\/blog\/wp-content\/uploads\/1661945256242.jpeg?fit=1200%2C594&ssl=1&resize=350%2C200 1x, https:\/\/i0.wp.com\/larevistadigital.com.ar\/blog\/wp-content\/uploads\/1661945256242.jpeg?fit=1200%2C594&ssl=1&resize=525%2C300 1.5x, https:\/\/i0.wp.com\/larevistadigital.com.ar\/blog\/wp-content\/uploads\/1661945256242.jpeg?fit=1200%2C594&ssl=1&resize=700%2C400 2x, https:\/\/i0.wp.com\/larevistadigital.com.ar\/blog\/wp-content\/uploads\/1661945256242.jpeg?fit=1200%2C594&ssl=1&resize=1050%2C600 3x"},"classes":[]}],"_links":{"self":[{"href":"https:\/\/larevistadigital.com.ar\/blog\/wp-json\/wp\/v2\/posts\/14360","targetHints":{"allow":["GET"]}}],"collection":[{"href":"https:\/\/larevistadigital.com.ar\/blog\/wp-json\/wp\/v2\/posts"}],"about":[{"href":"https:\/\/larevistadigital.com.ar\/blog\/wp-json\/wp\/v2\/types\/post"}],"author":[{"embeddable":true,"href":"https:\/\/larevistadigital.com.ar\/blog\/wp-json\/wp\/v2\/users\/3"}],"replies":[{"embeddable":true,"href":"https:\/\/larevistadigital.com.ar\/blog\/wp-json\/wp\/v2\/comments?post=14360"}],"version-history":[{"count":1,"href":"https:\/\/larevistadigital.com.ar\/blog\/wp-json\/wp\/v2\/posts\/14360\/revisions"}],"predecessor-version":[{"id":14361,"href":"https:\/\/larevistadigital.com.ar\/blog\/wp-json\/wp\/v2\/posts\/14360\/revisions\/14361"}],"wp:featuredmedia":[{"embeddable":true,"href":"https:\/\/larevistadigital.com.ar\/blog\/wp-json\/wp\/v2\/media\/7557"}],"wp:attachment":[{"href":"https:\/\/larevistadigital.com.ar\/blog\/wp-json\/wp\/v2\/media?parent=14360"}],"wp:term":[{"taxonomy":"category","embeddable":true,"href":"https:\/\/larevistadigital.com.ar\/blog\/wp-json\/wp\/v2\/categories?post=14360"},{"taxonomy":"post_tag","embeddable":true,"href":"https:\/\/larevistadigital.com.ar\/blog\/wp-json\/wp\/v2\/tags?post=14360"}],"curies":[{"name":"wp","href":"https:\/\/api.w.org\/{rel}","templated":true}]}}