{"id":14362,"date":"2020-01-25T14:38:31","date_gmt":"2020-01-25T14:38:31","guid":{"rendered":"https:\/\/larevistadigital.com.ar\/blog\/?p=14362"},"modified":"2020-01-25T14:38:31","modified_gmt":"2020-01-25T14:38:31","slug":"terrible-choque-en-cadena-en-la-ruta-2-hay-mas-de-diez-heridos","status":"publish","type":"post","link":"https:\/\/larevistadigital.com.ar\/blog\/terrible-choque-en-cadena-en-la-ruta-2-hay-mas-de-diez-heridos\/","title":{"rendered":"TERRIBLE CHOQUE EN CADENA EN LA RUTA 2: HAY M\u00c1S DE DIEZ HERIDOS"},"content":{"rendered":"<p>Pasado el mediod\u00eda se prdujo un fuerte accidente de tr\u00e1nsito en el kil\u00f3metro 205 de la Ruta 2, cerca de la ciudad de Dolores.<\/p>\n<p>Seg\u00fan se pudo saber fueron varios los veh\u00edculos que protagonizaron este choque en cadena.<\/p>\n<p>A ra\u00edz del accidente, doce personas debieron ser trasladadas al Hospital Municipal de Dolores, para su atenci\u00f3n m\u00e9dica con heridas de diferente consideraci\u00f3n.<\/p>\n<p>El tr\u00e1nsito debi\u00f3 ser reducido en el tramo donde se produjo el accidente. Trabajaron en el lugar Polic\u00eda Vial, SAME y Aubasa.<\/p>\n<p>credito: entrelineas.info<\/p>\n","protected":false},"excerpt":{"rendered":"<div class=\"mh-excerpt\"><p>Pasado el mediod\u00eda se prdujo un fuerte accidente de tr\u00e1nsito en el kil\u00f3metro 205 de la Ruta 2, cerca de la ciudad de Dolores. Seg\u00fan se pudo saber fueron varios los veh\u00edculos que protagonizaron este <a class=\"mh-excerpt-more\" href=\"https:\/\/larevistadigital.com.ar\/blog\/terrible-choque-en-cadena-en-la-ruta-2-hay-mas-de-diez-heridos\/\" title=\"TERRIBLE CHOQUE EN CADENA EN LA RUTA 2: HAY M\u00c1S DE DIEZ HERIDOS\">[Leer M\u00e1s]<\/a><\/p>\n<\/div>","protected":false},"author":3,"featured_media":14363,"comment_status":"open","ping_status":"open","sticky":false,"template":"","format":"standard","meta":{"_jetpack_memberships_contains_paid_content":false,"footnotes":"","jetpack_publicize_message":"","jetpack_publicize_feature_enabled":true,"jetpack_social_post_already_shared":true,"jetpack_social_options":{"image_generator_settings":{"template":"highway","default_image_id":0,"font":"","enabled":false},"version":2}},"categories":[41],"tags":[],"class_list":{"0":"post-14362","1":"post","2":"type-post","3":"status-publish","4":"format-standard","5":"has-post-thumbnail","7":"category-destacadas"},"jetpack_publicize_connections":[],"jetpack_featured_media_url":"https:\/\/i0.wp.com\/larevistadigital.com.ar\/blog\/wp-content\/uploads\/choque-dolores-ruta-2-1140x570.jpg?fit=1140%2C570&ssl=1","jetpack_sharing_enabled":true,"jetpack_shortlink":"https:\/\/wp.me\/p8qtrQ-3JE","jetpack-related-posts":[{"id":13985,"url":"https:\/\/larevistadigital.com.ar\/blog\/tres-heridos-tras-fuerte-accidente-en-la-ruta-63\/","url_meta":{"origin":14362,"position":0},"title":"TRES HERIDOS TRAS FUERTE ACCIDENTE EN LA RUTA 63","author":"Alejandro Sosa Ruda","date":"4 enero, 2020","format":false,"excerpt":"Seis autos protagonizaron un accidente de tr\u00e1nsito, ocurri\u00f3 en el kil\u00f3metro 29 de la Ruta 63, cerca de Esquina de Crotto. Debido al choque en cadena,\u00a0\u00a0tres personas debieron ser trasladadas al Hospital San Roque\u00a0de la ciudad de Dolores. El tr\u00e1nsito debi\u00f3 ser reducido y trabajaron en el lugar efectivos de\u2026","rel":"","context":"En \u00abREGIONALES\u00bb","block_context":{"text":"REGIONALES","link":"https:\/\/larevistadigital.com.ar\/blog\/category\/regionales\/"},"img":{"alt_text":"","src":"https:\/\/i0.wp.com\/larevistadigital.com.ar\/blog\/wp-content\/uploads\/f520143615082bd4a6e6194bdb9b13e3b6e62f1c.jpg?fit=1140%2C855&ssl=1&resize=350%2C200","width":350,"height":200,"srcset":"https:\/\/i0.wp.com\/larevistadigital.com.ar\/blog\/wp-content\/uploads\/f520143615082bd4a6e6194bdb9b13e3b6e62f1c.jpg?fit=1140%2C855&ssl=1&resize=350%2C200 1x, https:\/\/i0.wp.com\/larevistadigital.com.ar\/blog\/wp-content\/uploads\/f520143615082bd4a6e6194bdb9b13e3b6e62f1c.jpg?fit=1140%2C855&ssl=1&resize=525%2C300 1.5x, https:\/\/i0.wp.com\/larevistadigital.com.ar\/blog\/wp-content\/uploads\/f520143615082bd4a6e6194bdb9b13e3b6e62f1c.jpg?fit=1140%2C855&ssl=1&resize=700%2C400 2x, https:\/\/i0.wp.com\/larevistadigital.com.ar\/blog\/wp-content\/uploads\/f520143615082bd4a6e6194bdb9b13e3b6e62f1c.jpg?fit=1140%2C855&ssl=1&resize=1050%2C600 3x"},"classes":[]},{"id":13892,"url":"https:\/\/larevistadigital.com.ar\/blog\/choque-en-la-ruta-11-un-herido-con-heridas-de-consideracion\/","url_meta":{"origin":14362,"position":1},"title":"CHOQUE EN LA RUTA 11. UN HERIDO CON HERIDAS DE CONSIDERACI\u00d3N","author":"Alejandro Sosa Ruda","date":"29 diciembre, 2019","format":false,"excerpt":"Otro choque en cadena se produjo durante la tarde de ayer, en este caso fue en el kil\u00f3metro 288 de la Ruta 11, en jurisdicci\u00f3n de General Lavalle. Fueron cuatro los veh\u00edculos involucrados y once las personas que debieron ser atendidas en el lugar, de las cuales una fue trasladada\u2026","rel":"","context":"En \u00abREGIONALES\u00bb","block_context":{"text":"REGIONALES","link":"https:\/\/larevistadigital.com.ar\/blog\/category\/regionales\/"},"img":{"alt_text":"","src":"https:\/\/i0.wp.com\/larevistadigital.com.ar\/blog\/wp-content\/uploads\/e4266c8485676aa195db623388a9406742cec28b.jpg?fit=1140%2C855&ssl=1&resize=350%2C200","width":350,"height":200,"srcset":"https:\/\/i0.wp.com\/larevistadigital.com.ar\/blog\/wp-content\/uploads\/e4266c8485676aa195db623388a9406742cec28b.jpg?fit=1140%2C855&ssl=1&resize=350%2C200 1x, https:\/\/i0.wp.com\/larevistadigital.com.ar\/blog\/wp-content\/uploads\/e4266c8485676aa195db623388a9406742cec28b.jpg?fit=1140%2C855&ssl=1&resize=525%2C300 1.5x, https:\/\/i0.wp.com\/larevistadigital.com.ar\/blog\/wp-content\/uploads\/e4266c8485676aa195db623388a9406742cec28b.jpg?fit=1140%2C855&ssl=1&resize=700%2C400 2x, https:\/\/i0.wp.com\/larevistadigital.com.ar\/blog\/wp-content\/uploads\/e4266c8485676aa195db623388a9406742cec28b.jpg?fit=1140%2C855&ssl=1&resize=1050%2C600 3x"},"classes":[]},{"id":8989,"url":"https:\/\/larevistadigital.com.ar\/blog\/violento-choque-en-la-ruta-2\/","url_meta":{"origin":14362,"position":2},"title":"VIOLENTO CHOQUE EN LA RUTA 2","author":"Alejandro Sosa Ruda","date":"10 marzo, 2019","format":false,"excerpt":"Esta tarde se produjo un fuerte accidente entre dos veh\u00ecculos que circulaban\u00a0por\u00a0la Ruta 2 a la altura del kil\u00f3metro 204. El siniestro fue protagonizado por un\u00a0Fiat Qubo y una Jeep Sport que, por cuestiones que se tratan de establecer chocaron a la altura del Paraje Los Sauquitos, Partido de Dolores.\u2026","rel":"","context":"En \u00abPOLICIALES\u00bb","block_context":{"text":"POLICIALES","link":"https:\/\/larevistadigital.com.ar\/blog\/category\/policiales\/"},"img":{"alt_text":"","src":"https:\/\/i0.wp.com\/larevistadigital.com.ar\/blog\/wp-content\/uploads\/2019\/03\/bf8576c643f72019acbaa44577dc6e217ca0213a.jpg?fit=1140%2C748&ssl=1&resize=350%2C200","width":350,"height":200,"srcset":"https:\/\/i0.wp.com\/larevistadigital.com.ar\/blog\/wp-content\/uploads\/2019\/03\/bf8576c643f72019acbaa44577dc6e217ca0213a.jpg?fit=1140%2C748&ssl=1&resize=350%2C200 1x, https:\/\/i0.wp.com\/larevistadigital.com.ar\/blog\/wp-content\/uploads\/2019\/03\/bf8576c643f72019acbaa44577dc6e217ca0213a.jpg?fit=1140%2C748&ssl=1&resize=525%2C300 1.5x, https:\/\/i0.wp.com\/larevistadigital.com.ar\/blog\/wp-content\/uploads\/2019\/03\/bf8576c643f72019acbaa44577dc6e217ca0213a.jpg?fit=1140%2C748&ssl=1&resize=700%2C400 2x, https:\/\/i0.wp.com\/larevistadigital.com.ar\/blog\/wp-content\/uploads\/2019\/03\/bf8576c643f72019acbaa44577dc6e217ca0213a.jpg?fit=1140%2C748&ssl=1&resize=1050%2C600 3x"},"classes":[]},{"id":8287,"url":"https:\/\/larevistadigital.com.ar\/blog\/choque-en-cadena-en-ruta-11-al-menos-diez-heridos\/","url_meta":{"origin":14362,"position":3},"title":"CHOQUE EN CADENA EN RUTA 11. AL MENOS DIEZ HERIDOS","author":"Alejandro Sosa Ruda","date":"10 febrero, 2019","format":false,"excerpt":"Se habr\u00eda producido por el humo y la neblina que imped\u00edan la visibilidad. Los motivos y detalles. Al menos diez heridos en un choque en cadena en la Ruta 11 a la altura del kil\u00f3metro 404. Ocurri\u00f3 por la ma\u00f1ana, entre el humo y la neblina imped\u00edan la visibilidad. Un\u2026","rel":"","context":"En \u00abPOLICIALES\u00bb","block_context":{"text":"POLICIALES","link":"https:\/\/larevistadigital.com.ar\/blog\/category\/policiales\/"},"img":{"alt_text":"","src":"https:\/\/i0.wp.com\/larevistadigital.com.ar\/blog\/wp-content\/uploads\/2019\/02\/0e758ef5e97a969bd6b7f5d1fa7454f27ca0224c.jpg?fit=1140%2C760&ssl=1&resize=350%2C200","width":350,"height":200,"srcset":"https:\/\/i0.wp.com\/larevistadigital.com.ar\/blog\/wp-content\/uploads\/2019\/02\/0e758ef5e97a969bd6b7f5d1fa7454f27ca0224c.jpg?fit=1140%2C760&ssl=1&resize=350%2C200 1x, https:\/\/i0.wp.com\/larevistadigital.com.ar\/blog\/wp-content\/uploads\/2019\/02\/0e758ef5e97a969bd6b7f5d1fa7454f27ca0224c.jpg?fit=1140%2C760&ssl=1&resize=525%2C300 1.5x, https:\/\/i0.wp.com\/larevistadigital.com.ar\/blog\/wp-content\/uploads\/2019\/02\/0e758ef5e97a969bd6b7f5d1fa7454f27ca0224c.jpg?fit=1140%2C760&ssl=1&resize=700%2C400 2x, https:\/\/i0.wp.com\/larevistadigital.com.ar\/blog\/wp-content\/uploads\/2019\/02\/0e758ef5e97a969bd6b7f5d1fa7454f27ca0224c.jpg?fit=1140%2C760&ssl=1&resize=1050%2C600 3x"},"classes":[]},{"id":43396,"url":"https:\/\/larevistadigital.com.ar\/blog\/choque-entre-un-auto-y-una-moto-en-la-ruta-2-dos-personas-hospitalizadas\/","url_meta":{"origin":14362,"position":4},"title":"Choque entre un auto y una moto en la Ruta 2: dos personas hospitalizadas","author":"Alejandro Sosa Ruda","date":"16 enero, 2026","format":false,"excerpt":"El siniestro ocurri\u00f3 a la altura del kil\u00f3metro 203, en el carril ascendente. Los ocupantes de la motocicleta fueron trasladados al Hospital de Dolores. 16 de enero de 2026 DOLORES -\u00a0 \u00a0Un accidente de tr\u00e1nsito se registr\u00f3 este jueves en la Ruta 2, a la altura del kil\u00f3metro 203, en\u2026","rel":"","context":"En \u00abDOLORES\u00bb","block_context":{"text":"DOLORES","link":"https:\/\/larevistadigital.com.ar\/blog\/category\/dolores\/"},"img":{"alt_text":"","src":"https:\/\/i0.wp.com\/larevistadigital.com.ar\/blog\/wp-content\/uploads\/choque-r2-15-1-26.jpeg?fit=800%2C360&ssl=1&resize=350%2C200","width":350,"height":200,"srcset":"https:\/\/i0.wp.com\/larevistadigital.com.ar\/blog\/wp-content\/uploads\/choque-r2-15-1-26.jpeg?fit=800%2C360&ssl=1&resize=350%2C200 1x, https:\/\/i0.wp.com\/larevistadigital.com.ar\/blog\/wp-content\/uploads\/choque-r2-15-1-26.jpeg?fit=800%2C360&ssl=1&resize=525%2C300 1.5x, https:\/\/i0.wp.com\/larevistadigital.com.ar\/blog\/wp-content\/uploads\/choque-r2-15-1-26.jpeg?fit=800%2C360&ssl=1&resize=700%2C400 2x"},"classes":[]},{"id":34627,"url":"https:\/\/larevistadigital.com.ar\/blog\/dolores-un-herido-en-un-accidente-en-la-ruta-63\/","url_meta":{"origin":14362,"position":5},"title":"DOLORES: UN HERIDO EN UN ACCIDENTE EN LA RUTA 63","author":"Alejandro Sosa Ruda","date":"26 noviembre, 2023","format":false,"excerpt":"Se trata de una persona de sexo masculino, de 50 a\u00f1os de edad. 26 de Noviembre de 2023 DOLORES -\u00a0 Ayer por la tarde se produjo un fuerte accidente de tr\u00e1nsito\u00a0en la zona de parrillas de la ruta 63, jurisdicci\u00f3n de Dolores. El choque fue precisamente en el kil\u00f3metro 1,\u2026","rel":"","context":"En \u00abPOLICIALES\u00bb","block_context":{"text":"POLICIALES","link":"https:\/\/larevistadigital.com.ar\/blog\/category\/policiales\/"},"img":{"alt_text":"","src":"https:\/\/i0.wp.com\/larevistadigital.com.ar\/blog\/wp-content\/uploads\/834d4b46f04eca326b30e510d773b3846fd9ecb2.jpg?fit=1140%2C760&ssl=1&resize=350%2C200","width":350,"height":200,"srcset":"https:\/\/i0.wp.com\/larevistadigital.com.ar\/blog\/wp-content\/uploads\/834d4b46f04eca326b30e510d773b3846fd9ecb2.jpg?fit=1140%2C760&ssl=1&resize=350%2C200 1x, https:\/\/i0.wp.com\/larevistadigital.com.ar\/blog\/wp-content\/uploads\/834d4b46f04eca326b30e510d773b3846fd9ecb2.jpg?fit=1140%2C760&ssl=1&resize=525%2C300 1.5x, https:\/\/i0.wp.com\/larevistadigital.com.ar\/blog\/wp-content\/uploads\/834d4b46f04eca326b30e510d773b3846fd9ecb2.jpg?fit=1140%2C760&ssl=1&resize=700%2C400 2x, https:\/\/i0.wp.com\/larevistadigital.com.ar\/blog\/wp-content\/uploads\/834d4b46f04eca326b30e510d773b3846fd9ecb2.jpg?fit=1140%2C760&ssl=1&resize=1050%2C600 3x"},"classes":[]}],"_links":{"self":[{"href":"https:\/\/larevistadigital.com.ar\/blog\/wp-json\/wp\/v2\/posts\/14362","targetHints":{"allow":["GET"]}}],"collection":[{"href":"https:\/\/larevistadigital.com.ar\/blog\/wp-json\/wp\/v2\/posts"}],"about":[{"href":"https:\/\/larevistadigital.com.ar\/blog\/wp-json\/wp\/v2\/types\/post"}],"author":[{"embeddable":true,"href":"https:\/\/larevistadigital.com.ar\/blog\/wp-json\/wp\/v2\/users\/3"}],"replies":[{"embeddable":true,"href":"https:\/\/larevistadigital.com.ar\/blog\/wp-json\/wp\/v2\/comments?post=14362"}],"version-history":[{"count":1,"href":"https:\/\/larevistadigital.com.ar\/blog\/wp-json\/wp\/v2\/posts\/14362\/revisions"}],"predecessor-version":[{"id":14364,"href":"https:\/\/larevistadigital.com.ar\/blog\/wp-json\/wp\/v2\/posts\/14362\/revisions\/14364"}],"wp:featuredmedia":[{"embeddable":true,"href":"https:\/\/larevistadigital.com.ar\/blog\/wp-json\/wp\/v2\/media\/14363"}],"wp:attachment":[{"href":"https:\/\/larevistadigital.com.ar\/blog\/wp-json\/wp\/v2\/media?parent=14362"}],"wp:term":[{"taxonomy":"category","embeddable":true,"href":"https:\/\/larevistadigital.com.ar\/blog\/wp-json\/wp\/v2\/categories?post=14362"},{"taxonomy":"post_tag","embeddable":true,"href":"https:\/\/larevistadigital.com.ar\/blog\/wp-json\/wp\/v2\/tags?post=14362"}],"curies":[{"name":"wp","href":"https:\/\/api.w.org\/{rel}","templated":true}]}}