{"id":14365,"date":"2020-01-26T07:09:38","date_gmt":"2020-01-26T07:09:38","guid":{"rendered":"https:\/\/larevistadigital.com.ar\/blog\/?p=14365"},"modified":"2020-01-26T07:09:38","modified_gmt":"2020-01-26T07:09:38","slug":"llega-la-vtv-a-chascomus","status":"publish","type":"post","link":"https:\/\/larevistadigital.com.ar\/blog\/llega-la-vtv-a-chascomus\/","title":{"rendered":"LLEGA LA VTV A CHASCOM\u00daS"},"content":{"rendered":"<p>Con el objetivo de que los propietarios de autom\u00f3viles de Chascom\u00fas no tengan que viajar para cumplir con la obligaci\u00f3n que marca la Ley de Tr\u00e1nsito 24.449 en su art\u00edculo 24, se inform\u00f3 que desde el pr\u00f3ximo martes 28 del corriente se instalar\u00e1 en nuestra ciudad la planta m\u00f3vil de Verificaci\u00f3n T\u00e9cnica Vehicular, que permanecer\u00e1 hasta el 8 de febrero.<\/p>\n<blockquote>\n<h3><strong>M\u00e1s precisamente se ubicar\u00e1 en Avda. Pte. Alfons\u00edn y v\u00edas del ferrocarril.<\/strong><\/h3>\n<\/blockquote>\n<p>El horario de atenci\u00f3n al p\u00fablico ser\u00e1 de lunes a viernes de 8 a 18 horas, es por orden de llegada sin turno telef\u00f3nico.<\/p>\n<p>PUBLICADO POR INFOZONA<\/p>\n","protected":false},"excerpt":{"rendered":"<div class=\"mh-excerpt\"><p>Con el objetivo de que los propietarios de autom\u00f3viles de Chascom\u00fas no tengan que viajar para cumplir con la obligaci\u00f3n que marca la Ley de Tr\u00e1nsito 24.449 en su art\u00edculo 24, se inform\u00f3 que desde <a class=\"mh-excerpt-more\" href=\"https:\/\/larevistadigital.com.ar\/blog\/llega-la-vtv-a-chascomus\/\" title=\"LLEGA LA VTV A CHASCOM\u00daS\">[Leer M\u00e1s]<\/a><\/p>\n<\/div>","protected":false},"author":3,"featured_media":14366,"comment_status":"open","ping_status":"open","sticky":false,"template":"","format":"standard","meta":{"_jetpack_memberships_contains_paid_content":false,"footnotes":"","jetpack_publicize_message":"","jetpack_publicize_feature_enabled":true,"jetpack_social_post_already_shared":true,"jetpack_social_options":{"image_generator_settings":{"template":"highway","default_image_id":0,"font":"","enabled":false},"version":2}},"categories":[50],"tags":[],"class_list":{"0":"post-14365","1":"post","2":"type-post","3":"status-publish","4":"format-standard","5":"has-post-thumbnail","7":"category-interes-general"},"jetpack_publicize_connections":[],"jetpack_featured_media_url":"https:\/\/i0.wp.com\/larevistadigital.com.ar\/blog\/wp-content\/uploads\/nota-1031573-planta-movil-esta-dolores-140121073833.jpg?fit=1000%2C672&ssl=1","jetpack_sharing_enabled":true,"jetpack_shortlink":"https:\/\/wp.me\/p8qtrQ-3JH","jetpack-related-posts":[{"id":27099,"url":"https:\/\/larevistadigital.com.ar\/blog\/chascomus-personal-del-cpr-chascomus-intercepto-cazadores\/","url_meta":{"origin":14365,"position":0},"title":"CHASCOMUS: PERSONAL DEL CPR CHASCOM\u00daS INTERCEPT\u00d3 CAZADORES","author":"Alejandro Sosa Ruda","date":"16 agosto, 2022","format":false,"excerpt":"CHASCOM\u00daS -\u00a0 Durante la jornada de ayer, personal del Comando de Prevenci\u00f3n Rural de Chascom\u00fas, cuando se encontraban realizando Operativo de Interceptaci\u00f3n vehicular se intercept\u00f3 a 5 (cinco) sujetos de sexo masculino, que se encontraban \"cazando con perros galgos\". Pudo entonces constatarse que los individuos ten\u00edan en su poder dos\u2026","rel":"","context":"En \u00abCHASCOM\u00daS\u00bb","block_context":{"text":"CHASCOM\u00daS","link":"https:\/\/larevistadigital.com.ar\/blog\/category\/chascomus\/"},"img":{"alt_text":"","src":"https:\/\/i0.wp.com\/larevistadigital.com.ar\/blog\/wp-content\/uploads\/multimedia.normal.8c3cb5b0e07294b7.4350522d50617472756c6c65726f5f6e6f726d616c2e6a7067.jpg?fit=680%2C383&ssl=1&resize=350%2C200","width":350,"height":200,"srcset":"https:\/\/i0.wp.com\/larevistadigital.com.ar\/blog\/wp-content\/uploads\/multimedia.normal.8c3cb5b0e07294b7.4350522d50617472756c6c65726f5f6e6f726d616c2e6a7067.jpg?fit=680%2C383&ssl=1&resize=350%2C200 1x, https:\/\/i0.wp.com\/larevistadigital.com.ar\/blog\/wp-content\/uploads\/multimedia.normal.8c3cb5b0e07294b7.4350522d50617472756c6c65726f5f6e6f726d616c2e6a7067.jpg?fit=680%2C383&ssl=1&resize=525%2C300 1.5x"},"classes":[]},{"id":1213,"url":"https:\/\/larevistadigital.com.ar\/blog\/casi-un-centenar-de-corredores-en-la-noche-de-las-estrellas\/","url_meta":{"origin":14365,"position":1},"title":"Casi un centenar de corredores en \u201cLa Noche de las Estrellas\u201d","author":"editor","date":"14 marzo, 2017","format":false,"excerpt":"Desde la Plaza de laAutonom\u00eda de la ciudad de Lezama, a las 20horas del s\u00e1bado 11, pr\u00f3ximo pasado, largaron los competidores de la segunda edici\u00f3n local de la Noche de las Estrellas, organizada por Tricota Sport Argentina y auspiciada por la Municipalidad de Lezama. Casi un centenar de participantes se\u2026","rel":"","context":"En \u00abDEPORTES\u00bb","block_context":{"text":"DEPORTES","link":"https:\/\/larevistadigital.com.ar\/blog\/category\/deportes\/"},"img":{"alt_text":"","src":"https:\/\/i0.wp.com\/larevistadigital.com.ar\/blog\/wp-content\/uploads\/2017\/03\/NOCHE-DE-LAS-ESTRELLAS-1.jpg?fit=851%2C638&ssl=1&resize=350%2C200","width":350,"height":200,"srcset":"https:\/\/i0.wp.com\/larevistadigital.com.ar\/blog\/wp-content\/uploads\/2017\/03\/NOCHE-DE-LAS-ESTRELLAS-1.jpg?fit=851%2C638&ssl=1&resize=350%2C200 1x, https:\/\/i0.wp.com\/larevistadigital.com.ar\/blog\/wp-content\/uploads\/2017\/03\/NOCHE-DE-LAS-ESTRELLAS-1.jpg?fit=851%2C638&ssl=1&resize=525%2C300 1.5x, https:\/\/i0.wp.com\/larevistadigital.com.ar\/blog\/wp-content\/uploads\/2017\/03\/NOCHE-DE-LAS-ESTRELLAS-1.jpg?fit=851%2C638&ssl=1&resize=700%2C400 2x"},"classes":[]},{"id":35033,"url":"https:\/\/larevistadigital.com.ar\/blog\/chascomus-hay-nueva-jefe-de-policia-comunal\/","url_meta":{"origin":14365,"position":2},"title":"CHASCOM\u00daS: HAY NUEVA JEFE DE POLIC\u00cdA COMUNAL","author":"Alejandro Sosa Ruda","date":"20 enero, 2024","format":false,"excerpt":"Es una mujer que cumpl\u00eda funciones en Seguridad Vial de Chascom\u00fas, y toma el cargo desde ayer a la tarde. 20 de enero de 2023 CHASCOM\u00daS -\u00a0 En el d\u00eda de ayer a las 18 horas, se hizo cargo de la Jefatura de Polic\u00eda Comunal de Chascomus la Comisario Mariana\u2026","rel":"","context":"En \u00abSin categor\u00eda\u00bb","block_context":{"text":"Sin categor\u00eda","link":"https:\/\/larevistadigital.com.ar\/blog\/category\/sin-categoria\/"},"img":{"alt_text":"","src":"https:\/\/i0.wp.com\/larevistadigital.com.ar\/blog\/wp-content\/uploads\/2017\/08\/GEO_COMISARIA_1_CHASCOMUS-e1705762962297.jpg?fit=1200%2C548&ssl=1&resize=350%2C200","width":350,"height":200,"srcset":"https:\/\/i0.wp.com\/larevistadigital.com.ar\/blog\/wp-content\/uploads\/2017\/08\/GEO_COMISARIA_1_CHASCOMUS-e1705762962297.jpg?fit=1200%2C548&ssl=1&resize=350%2C200 1x, https:\/\/i0.wp.com\/larevistadigital.com.ar\/blog\/wp-content\/uploads\/2017\/08\/GEO_COMISARIA_1_CHASCOMUS-e1705762962297.jpg?fit=1200%2C548&ssl=1&resize=525%2C300 1.5x, https:\/\/i0.wp.com\/larevistadigital.com.ar\/blog\/wp-content\/uploads\/2017\/08\/GEO_COMISARIA_1_CHASCOMUS-e1705762962297.jpg?fit=1200%2C548&ssl=1&resize=700%2C400 2x, https:\/\/i0.wp.com\/larevistadigital.com.ar\/blog\/wp-content\/uploads\/2017\/08\/GEO_COMISARIA_1_CHASCOMUS-e1705762962297.jpg?fit=1200%2C548&ssl=1&resize=1050%2C600 3x"},"classes":[]},{"id":14968,"url":"https:\/\/larevistadigital.com.ar\/blog\/chascomus-27-3-estado-de-situacion\/","url_meta":{"origin":14365,"position":3},"title":"CHASCOM\u00daS: 27\/3 &#8211; ESTADO DE SITUACI\u00d3N&#8230;","author":"Alejandro Sosa Ruda","date":"27 marzo, 2020","format":false,"excerpt":"El municipio envi\u00f3 a trav\u00e9s del chat de prensa una im\u00e1gen con la situaci\u00f3n de Chascom\u00fas al d\u00eda respecto de la pandemia que azota al mundo.","rel":"","context":"En \u00abCHASCOM\u00daS\u00bb","block_context":{"text":"CHASCOM\u00daS","link":"https:\/\/larevistadigital.com.ar\/blog\/category\/chascomus\/"},"img":{"alt_text":"","src":"https:\/\/i0.wp.com\/larevistadigital.com.ar\/blog\/wp-content\/uploads\/PLANTILLA-CORONAVIRUS.jpg?fit=1200%2C600&ssl=1&resize=350%2C200","width":350,"height":200,"srcset":"https:\/\/i0.wp.com\/larevistadigital.com.ar\/blog\/wp-content\/uploads\/PLANTILLA-CORONAVIRUS.jpg?fit=1200%2C600&ssl=1&resize=350%2C200 1x, https:\/\/i0.wp.com\/larevistadigital.com.ar\/blog\/wp-content\/uploads\/PLANTILLA-CORONAVIRUS.jpg?fit=1200%2C600&ssl=1&resize=525%2C300 1.5x, https:\/\/i0.wp.com\/larevistadigital.com.ar\/blog\/wp-content\/uploads\/PLANTILLA-CORONAVIRUS.jpg?fit=1200%2C600&ssl=1&resize=700%2C400 2x, https:\/\/i0.wp.com\/larevistadigital.com.ar\/blog\/wp-content\/uploads\/PLANTILLA-CORONAVIRUS.jpg?fit=1200%2C600&ssl=1&resize=1050%2C600 3x"},"classes":[]},{"id":41824,"url":"https:\/\/larevistadigital.com.ar\/blog\/se-viene-el-trail-running-chascomus\/","url_meta":{"origin":14365,"position":4},"title":"Se viene el Trail Running Chascom\u00fas","author":"Alejandro Sosa Ruda","date":"8 octubre, 2025","format":false,"excerpt":"Ser\u00e1 el 2 de noviembre y ya se encuentra abierta la inscripci\u00f3n 08 de Octubre de 2025 CHASCOM\u00daS -\u00a0 \u00a0El desaf\u00edo de 6K y de 12K organizado por la Municipalidad de Chascom\u00fas ya tiene fecha y hora. Ser\u00e1 el pr\u00f3ximo 2 de noviembre con largada a las 10 hs. La\u2026","rel":"","context":"En \u00abCHASCOM\u00daS\u00bb","block_context":{"text":"CHASCOM\u00daS","link":"https:\/\/larevistadigital.com.ar\/blog\/category\/chascomus\/"},"img":{"alt_text":"","src":"https:\/\/i0.wp.com\/larevistadigital.com.ar\/blog\/wp-content\/uploads\/68e6925d0e6f9.png?fit=668%2C445&ssl=1&resize=350%2C200","width":350,"height":200,"srcset":"https:\/\/i0.wp.com\/larevistadigital.com.ar\/blog\/wp-content\/uploads\/68e6925d0e6f9.png?fit=668%2C445&ssl=1&resize=350%2C200 1x, https:\/\/i0.wp.com\/larevistadigital.com.ar\/blog\/wp-content\/uploads\/68e6925d0e6f9.png?fit=668%2C445&ssl=1&resize=525%2C300 1.5x"},"classes":[]},{"id":6212,"url":"https:\/\/larevistadigital.com.ar\/blog\/se-presenta-la-lista-de-la-cta-regional-chascomus-lezama-castelli-dolores-y-tordillo\/","url_meta":{"origin":14365,"position":5},"title":"SE PRESENTA LA LISTA DE LA CTA REGIONAL CHASCOM\u00daS, LEZAMA, CASTELLI, DOLORES Y TORDILLO","author":"Alejandro Sosa Ruda","date":"15 agosto, 2018","format":false,"excerpt":"El jueves 16 de agosto a las 18. 30 hs se presentar\u00e1 en Chascom\u00fas la lista regional de la CTA de los Trabajadores. La actividad se desarrollar\u00e1 en la sede del Centro Cultural Cooperativo Rodolfo Walsh, calle Cr\u00e1mer 226 entre Mitre y Alsina, y contar\u00e1 con la presencia del Secretario\u2026","rel":"","context":"En \u00abGREMIALES\u00bb","block_context":{"text":"GREMIALES","link":"https:\/\/larevistadigital.com.ar\/blog\/category\/gremiales\/"},"img":{"alt_text":"","src":"https:\/\/i0.wp.com\/larevistadigital.com.ar\/blog\/wp-content\/uploads\/2018\/08\/INVITACION-PRESENTACION-LISTA-10-CHASCOMUS-final-3.jpg?fit=1200%2C957&ssl=1&resize=350%2C200","width":350,"height":200,"srcset":"https:\/\/i0.wp.com\/larevistadigital.com.ar\/blog\/wp-content\/uploads\/2018\/08\/INVITACION-PRESENTACION-LISTA-10-CHASCOMUS-final-3.jpg?fit=1200%2C957&ssl=1&resize=350%2C200 1x, https:\/\/i0.wp.com\/larevistadigital.com.ar\/blog\/wp-content\/uploads\/2018\/08\/INVITACION-PRESENTACION-LISTA-10-CHASCOMUS-final-3.jpg?fit=1200%2C957&ssl=1&resize=525%2C300 1.5x, https:\/\/i0.wp.com\/larevistadigital.com.ar\/blog\/wp-content\/uploads\/2018\/08\/INVITACION-PRESENTACION-LISTA-10-CHASCOMUS-final-3.jpg?fit=1200%2C957&ssl=1&resize=700%2C400 2x, https:\/\/i0.wp.com\/larevistadigital.com.ar\/blog\/wp-content\/uploads\/2018\/08\/INVITACION-PRESENTACION-LISTA-10-CHASCOMUS-final-3.jpg?fit=1200%2C957&ssl=1&resize=1050%2C600 3x"},"classes":[]}],"_links":{"self":[{"href":"https:\/\/larevistadigital.com.ar\/blog\/wp-json\/wp\/v2\/posts\/14365","targetHints":{"allow":["GET"]}}],"collection":[{"href":"https:\/\/larevistadigital.com.ar\/blog\/wp-json\/wp\/v2\/posts"}],"about":[{"href":"https:\/\/larevistadigital.com.ar\/blog\/wp-json\/wp\/v2\/types\/post"}],"author":[{"embeddable":true,"href":"https:\/\/larevistadigital.com.ar\/blog\/wp-json\/wp\/v2\/users\/3"}],"replies":[{"embeddable":true,"href":"https:\/\/larevistadigital.com.ar\/blog\/wp-json\/wp\/v2\/comments?post=14365"}],"version-history":[{"count":1,"href":"https:\/\/larevistadigital.com.ar\/blog\/wp-json\/wp\/v2\/posts\/14365\/revisions"}],"predecessor-version":[{"id":14367,"href":"https:\/\/larevistadigital.com.ar\/blog\/wp-json\/wp\/v2\/posts\/14365\/revisions\/14367"}],"wp:featuredmedia":[{"embeddable":true,"href":"https:\/\/larevistadigital.com.ar\/blog\/wp-json\/wp\/v2\/media\/14366"}],"wp:attachment":[{"href":"https:\/\/larevistadigital.com.ar\/blog\/wp-json\/wp\/v2\/media?parent=14365"}],"wp:term":[{"taxonomy":"category","embeddable":true,"href":"https:\/\/larevistadigital.com.ar\/blog\/wp-json\/wp\/v2\/categories?post=14365"},{"taxonomy":"post_tag","embeddable":true,"href":"https:\/\/larevistadigital.com.ar\/blog\/wp-json\/wp\/v2\/tags?post=14365"}],"curies":[{"name":"wp","href":"https:\/\/api.w.org\/{rel}","templated":true}]}}