{"id":14368,"date":"2020-01-26T07:43:20","date_gmt":"2020-01-26T07:43:20","guid":{"rendered":"https:\/\/larevistadigital.com.ar\/blog\/?p=14368"},"modified":"2020-01-26T07:43:20","modified_gmt":"2020-01-26T07:43:20","slug":"atencion-multas-17-000-por-tomar-mate-y-1-700-por-conducir-con-ojotas","status":"publish","type":"post","link":"https:\/\/larevistadigital.com.ar\/blog\/atencion-multas-17-000-por-tomar-mate-y-1-700-por-conducir-con-ojotas\/","title":{"rendered":"ATENCI\u00d3N MULTAS: $17.000.- POR TOMAR MATE Y $1.700.- POR CONDUCIR CON OJOTAS"},"content":{"rendered":"<p>Con un calor que no da tregua en verano, es importante recordar no s\u00f3lo que la<strong>\u00a0Ley de Tr\u00e1nsito de Mendoza proh\u00edbe el uso de calzados inapropiados a la hora de sentarse frente al volante<\/strong>, sino que tambi\u00e9n se debe tener en cuenta que cada a\u00f1o las multas suben su valor y,<strong>\u00a0ante una infracci\u00f3n como esta, la sanci\u00f3n nos puede costar hasta $1.700.<\/strong><\/p>\n<p class=\"article-body-paragraph air-3 sociedad\">A trav\u00e9s de la sanci\u00f3n de las\u00a0<strong>Ley de Aval\u00fao 2020, las unidades fijas que se toman como par\u00e1metro para castigar las infracciones viales pas\u00f3 de $12 a $17,<\/strong>\u00a0es decir, las multas aumentaron su valor por encima del 41%.<\/p>\n<p class=\"article-body-paragraph air-3 sociedad\">Por este motivo, las<strong>\u00a0faltas grav\u00edsimas ahora tienen un valor que va de los $12.750 a los $17.000<\/strong>. En tanto, las graves pueden ir de $8.500 a $11.900. En cuanto a las leves, su costo va de $1.190 a $1.700.<\/p>\n<h2>Cu\u00e1les son las faltas grav\u00edsimas<\/h2>\n<p class=\"article-body-paragraph air-3 sociedad\">Es en el art\u00edculo 52 de la\u00a0<strong>Ley 9024<\/strong>\u00a0(reglamentada en 2018) donde se\u00a0<strong>tipifican las conductas prohibidas a la hora de conducir.\u00a0<\/strong><\/p>\n<p class=\"article-body-paragraph air-3 sociedad\">Si bien, muchas de estas acciones son claramente identificables, otras pueden llegar a ser dif\u00edciles de reconocer. Por ejemplo,\u00a0<strong>el hecho de tomar mate mientras se maneja.<\/strong>\u00a0Esta es una acci\u00f3n bastante habitual cuando se sale de paseo pero el hecho de\u00a0<strong>no tener las dos manos libres cuando de conduce es considerado una falta grav\u00edsima y puede ser castigada con multas de hasta $17.000.<\/strong><\/p>\n<p class=\"article-body-paragraph air-3 sociedad\">Otro ejemplo poco conocido es, por ejemplo,\u00a0<strong>conducir calzando ojotas o crocs abiertas<\/strong>. Si bien se considera una falta leve, esta persona deber\u00e1 pagar hasta $1.700.<\/p>\n<p class=\"article-body-paragraph air-3 sociedad\">Otras acciones que se consideran en el tope de gravedad son:<\/p>\n<ul class=\"jsx-1972518573 article-body-list\">\n<li class=\"jsx-1972518573 article-body-list-item\"><strong>Conducir sin carnet habilitante.<\/strong><\/li>\n<li class=\"jsx-1972518573 article-body-list-item\"><strong>No contar con seguro.<\/strong><\/li>\n<li class=\"jsx-1972518573 article-body-list-item\"><strong>No tener puesto en cintur\u00f3n de seguridad (para todos los ocupantes).<\/strong><\/li>\n<li class=\"jsx-1972518573 article-body-list-item\"><strong>Viajar con menores de 12 a\u00f1os en el asiento delantero y\/o con menores de cuatro 4 sin el dispositivo de retenci\u00f3n infantil homologado.<\/strong><\/li>\n<li class=\"jsx-1972518573 article-body-list-item\"><strong>Viajar con mascotas que no se encuentren colocados en las plazas traseras y sujetados.<\/strong><\/li>\n<li class=\"jsx-1972518573 article-body-list-item\"><strong>Manejar bajo los efectos del alcohol, estupefacientes o estimulantes.<\/strong><\/li>\n<li class=\"jsx-1972518573 article-body-list-item\"><strong>Usar sistemas de telefon\u00eda, auriculares, pantallas o monitores de video similares en el habit\u00e1culo del conductor.<\/strong><\/li>\n<li class=\"jsx-1972518573 article-body-list-item\"><strong>Conducir a contramano, sobre los separadores del tr\u00e1nsito o fuera de la calzada.\u00a0Circular marcha atr\u00e1s.\u00a0Cambiar de carril o fila, adelantarse o detenerse en una curva, encrucijada y otras zonas peligrosas, no respetando la velocidad.<\/strong><\/li>\n<li class=\"jsx-1972518573 article-body-list-item\"><strong>En motocicletas, circular sin casco homologado.<\/strong><\/li>\n<li class=\"jsx-1972518573 article-body-list-item\"><strong>Con veh\u00edculos que derramen combustible, que emitan gases, humo, ruidos, radiaciones.<\/strong><\/li>\n<li class=\"jsx-1972518573 article-body-list-item\"><strong>Negarse a\u00a0suministrar los datos esenciales de la Licencia de Conducir o del seguro obligatorio.<\/strong><\/li>\n<li class=\"jsx-1972518573 article-body-list-item\"><strong>Impedir y obstruir el avance de los veh\u00edculos de seguridad o emergencia.<\/strong><\/li>\n<li class=\"jsx-1972518573 article-body-list-item\"><strong>Participar u organizar en la v\u00eda p\u00fablica competencias.<\/strong><\/li>\n<li class=\"jsx-1972518573 article-body-list-item\"><strong>Conducir transportando sustancias inflamables o explosivos.<\/strong><\/li>\n<li class=\"jsx-1972518573 article-body-list-item\"><strong>Ingresar en una encrucijada o cruce peatonal estando el sem\u00e1foro en rojo.<\/strong><\/li>\n<li class=\"jsx-1972518573 article-body-list-item\"><strong>No respetar las prioridades circulatorias previstas en esta ley.<\/strong><\/li>\n<li class=\"jsx-1972518573 article-body-list-item\"><strong>Sobrepasar el l\u00edmite de velocidad m\u00e1xima y m\u00ednima establecidos por esta ley.<\/strong><\/li>\n<li class=\"jsx-1972518573 article-body-list-item\"><strong>No acatando o resistiendo los requerimientos de la autoridad de aplicaci\u00f3n en lo que respecta a las reglas de circulaci\u00f3n.<\/strong><\/li>\n<li class=\"jsx-1972518573 article-body-list-item\"><strong>Causar da\u00f1os de consideraci\u00f3n a la infraestructura vial como consecuencia de observar conductas antirreglamentarias.<\/strong><\/li>\n<\/ul>\n<p>PUBLICADO EN DIARIO UNO<\/p>\n","protected":false},"excerpt":{"rendered":"<div class=\"mh-excerpt\"><p>Con un calor que no da tregua en verano, es importante recordar no s\u00f3lo que la\u00a0Ley de Tr\u00e1nsito de Mendoza proh\u00edbe el uso de calzados inapropiados a la hora de sentarse frente al volante, sino <a class=\"mh-excerpt-more\" href=\"https:\/\/larevistadigital.com.ar\/blog\/atencion-multas-17-000-por-tomar-mate-y-1-700-por-conducir-con-ojotas\/\" title=\"ATENCI\u00d3N MULTAS: $17.000.- POR TOMAR MATE Y $1.700.- POR CONDUCIR CON OJOTAS\">[Leer M\u00e1s]<\/a><\/p>\n<\/div>","protected":false},"author":3,"featured_media":14369,"comment_status":"open","ping_status":"open","sticky":false,"template":"","format":"standard","meta":{"_jetpack_memberships_contains_paid_content":false,"footnotes":"","jetpack_publicize_message":"","jetpack_publicize_feature_enabled":true,"jetpack_social_post_already_shared":true,"jetpack_social_options":{"image_generator_settings":{"template":"highway","default_image_id":0,"font":"","enabled":false},"version":2}},"categories":[41],"tags":[],"class_list":{"0":"post-14368","1":"post","2":"type-post","3":"status-publish","4":"format-standard","5":"has-post-thumbnail","7":"category-destacadas"},"jetpack_publicize_connections":[],"jetpack_featured_media_url":"https:\/\/i0.wp.com\/larevistadigital.com.ar\/blog\/wp-content\/uploads\/Screenshot_1-90.jpg?fit=927%2C545&ssl=1","jetpack_sharing_enabled":true,"jetpack_shortlink":"https:\/\/wp.me\/p8qtrQ-3JK","jetpack-related-posts":[{"id":25332,"url":"https:\/\/larevistadigital.com.ar\/blog\/luego-de-30-anos-ambiente-actualizo-multas-a-empresas-contaminantes\/","url_meta":{"origin":14368,"position":0},"title":"LUEGO DE 30 A\u00d1OS, AMBIENTE ACTUALIZ\u00d3 MULTAS A EMPRESAS CONTAMINANTES","author":"Alejandro Sosa Ruda","date":"22 mayo, 2022","format":false,"excerpt":"La \u00faltima actualizaci\u00f3n se hab\u00eda efectuado a trav\u00e9s del Decreto 776 del a\u00f1o 1992 y establec\u00eda multas m\u00e1ximas de $ 50.000 para las personas humanas o jur\u00eddicas que no cumplieran con las obligaciones establecidas y de $ 100.000 para el caso de los establecimientos industriales. El Ministerio de Ambiente y\u2026","rel":"","context":"En \u00abINTERES GENERAL\u00bb","block_context":{"text":"INTERES GENERAL","link":"https:\/\/larevistadigital.com.ar\/blog\/category\/interes-general\/"},"img":{"alt_text":"","src":"https:\/\/i0.wp.com\/larevistadigital.com.ar\/blog\/wp-content\/uploads\/20220521165810_ambi.jpg?fit=880%2C512&ssl=1&resize=350%2C200","width":350,"height":200,"srcset":"https:\/\/i0.wp.com\/larevistadigital.com.ar\/blog\/wp-content\/uploads\/20220521165810_ambi.jpg?fit=880%2C512&ssl=1&resize=350%2C200 1x, https:\/\/i0.wp.com\/larevistadigital.com.ar\/blog\/wp-content\/uploads\/20220521165810_ambi.jpg?fit=880%2C512&ssl=1&resize=525%2C300 1.5x, https:\/\/i0.wp.com\/larevistadigital.com.ar\/blog\/wp-content\/uploads\/20220521165810_ambi.jpg?fit=880%2C512&ssl=1&resize=700%2C400 2x"},"classes":[]},{"id":19980,"url":"https:\/\/larevistadigital.com.ar\/blog\/kicillof-anuncio-multas-de-hasta-45-millones-de-pesos-a-los-que-no-cumplan-las-restricciones\/","url_meta":{"origin":14368,"position":1},"title":"KICILLOF ANUNCI\u00d3 MULTAS DE HASTA 4,5 MILLONES DE PESOS A LOS QUE NO CUMPLAN LAS RESTRICCIONES","author":"Alejandro Sosa Ruda","date":"30 abril, 2021","format":false,"excerpt":"El mandatario bonaerense indic\u00f3 que el valor de las multas alcanzar\u00e1 los 500 sueldos m\u00ednimos. El gobernador bonaerense\u00a0Axel Kicillof\u00a0detalla c\u00f3mo se adaptar\u00e1n las medidas sanitarias anunciadas por el presidente Alberto Fern\u00e1ndez esta ma\u00f1ana,\u00a0\u00a0que comienzan a regir desde este s\u00e1bado 1 de mayo en el Sal\u00f3n Dorado de la Casa de\u2026","rel":"","context":"En \u00abINTERES GENERAL\u00bb","block_context":{"text":"INTERES GENERAL","link":"https:\/\/larevistadigital.com.ar\/blog\/category\/interes-general\/"},"img":{"alt_text":"","src":"https:\/\/i0.wp.com\/larevistadigital.com.ar\/blog\/wp-content\/uploads\/KICI.png?fit=997%2C552&ssl=1&resize=350%2C200","width":350,"height":200,"srcset":"https:\/\/i0.wp.com\/larevistadigital.com.ar\/blog\/wp-content\/uploads\/KICI.png?fit=997%2C552&ssl=1&resize=350%2C200 1x, https:\/\/i0.wp.com\/larevistadigital.com.ar\/blog\/wp-content\/uploads\/KICI.png?fit=997%2C552&ssl=1&resize=525%2C300 1.5x, https:\/\/i0.wp.com\/larevistadigital.com.ar\/blog\/wp-content\/uploads\/KICI.png?fit=997%2C552&ssl=1&resize=700%2C400 2x"},"classes":[]},{"id":34967,"url":"https:\/\/larevistadigital.com.ar\/blog\/buenos-aires-los-impresionantes-nuevos-valores-de-las-multas-en-la-provincia\/","url_meta":{"origin":14368,"position":2},"title":"BUENOS AIRES: LOS IMPRESIONANTES NUEVOS VALORES DE LAS MULTAS EN LA PROVINCIA","author":"Alejandro Sosa Ruda","date":"3 enero, 2024","format":false,"excerpt":"El aumento se debe a que la ley toma como \u00edndice el precio del combustible, por lo que el aumento se traslada autom\u00e1ticamente al valor de las infracciones. 3 de diciembre de 2023 Deb\u00eda llegar... EL Ministerio de Transportes de la Provincia de Buenos Aires, tuvo que actualizar el valor\u2026","rel":"","context":"En \u00abREGIONALES\u00bb","block_context":{"text":"REGIONALES","link":"https:\/\/larevistadigital.com.ar\/blog\/category\/regionales\/"},"img":{"alt_text":"","src":"https:\/\/i0.wp.com\/larevistadigital.com.ar\/blog\/wp-content\/uploads\/multa-1068x570-1.jpg?fit=1068%2C570&ssl=1&resize=350%2C200","width":350,"height":200,"srcset":"https:\/\/i0.wp.com\/larevistadigital.com.ar\/blog\/wp-content\/uploads\/multa-1068x570-1.jpg?fit=1068%2C570&ssl=1&resize=350%2C200 1x, https:\/\/i0.wp.com\/larevistadigital.com.ar\/blog\/wp-content\/uploads\/multa-1068x570-1.jpg?fit=1068%2C570&ssl=1&resize=525%2C300 1.5x, https:\/\/i0.wp.com\/larevistadigital.com.ar\/blog\/wp-content\/uploads\/multa-1068x570-1.jpg?fit=1068%2C570&ssl=1&resize=700%2C400 2x, https:\/\/i0.wp.com\/larevistadigital.com.ar\/blog\/wp-content\/uploads\/multa-1068x570-1.jpg?fit=1068%2C570&ssl=1&resize=1050%2C600 3x"},"classes":[]},{"id":27583,"url":"https:\/\/larevistadigital.com.ar\/blog\/aumentaron-las-multas-de-transito-en-territorio-bonaerense\/","url_meta":{"origin":14368,"position":3},"title":"AUMENTARON LAS MULTAS DE TR\u00c1NSITO EN TERRITORIO BONAERENSE","author":"Alejandro Sosa Ruda","date":"7 septiembre, 2022","format":false,"excerpt":"Las m\u00e1s bajas son por conducir con auriculares mientras que los topes m\u00e1ximos son por pasar sem\u00e1foros en rojo o conducir sin licencia. Te detallamos todos los valores. 07 de septiembre de 2022 BUENOS AIRES -\u00a0 Las multas en territorio bonaerense aumentaron un 9,8% tras la oficializaci\u00f3n de un nuevo\u2026","rel":"","context":"En \u00abREGIONALES\u00bb","block_context":{"text":"REGIONALES","link":"https:\/\/larevistadigital.com.ar\/blog\/category\/regionales\/"},"img":{"alt_text":"","src":"https:\/\/i0.wp.com\/larevistadigital.com.ar\/blog\/wp-content\/uploads\/20220906164235_plan-de-pago-infracciones-transito-provincia-buenos-aires.jpg?fit=880%2C512&ssl=1&resize=350%2C200","width":350,"height":200,"srcset":"https:\/\/i0.wp.com\/larevistadigital.com.ar\/blog\/wp-content\/uploads\/20220906164235_plan-de-pago-infracciones-transito-provincia-buenos-aires.jpg?fit=880%2C512&ssl=1&resize=350%2C200 1x, https:\/\/i0.wp.com\/larevistadigital.com.ar\/blog\/wp-content\/uploads\/20220906164235_plan-de-pago-infracciones-transito-provincia-buenos-aires.jpg?fit=880%2C512&ssl=1&resize=525%2C300 1.5x, https:\/\/i0.wp.com\/larevistadigital.com.ar\/blog\/wp-content\/uploads\/20220906164235_plan-de-pago-infracciones-transito-provincia-buenos-aires.jpg?fit=880%2C512&ssl=1&resize=700%2C400 2x"},"classes":[]},{"id":38336,"url":"https:\/\/larevistadigital.com.ar\/blog\/chascomus-severas-multas-para-quienes-circulen-con-motos-sin-documentacion-o-en-mal-estado\/","url_meta":{"origin":14368,"position":4},"title":"Chascom\u00fas: Severas multas para quienes circulen con motos sin documentaci\u00f3n o en mal estado","author":"Alejandro Sosa Ruda","date":"19 diciembre, 2024","format":false,"excerpt":"Anticiparse a un siniestro vial es posible, si cada actor se involucra en el respeto y cuidado por su vida y la del otro. 19 de Diciembre de 2024 CHASCOM\u00daS\u00a0 -\u00a0 \u00a0La Municipalidad de Chascom\u00fas contin\u00faa llevando a cabo acciones con el objetivo de garantizar mayor seguridad vial y disminuir\u2026","rel":"","context":"En \u00abDESTACADAS\u00bb","block_context":{"text":"DESTACADAS","link":"https:\/\/larevistadigital.com.ar\/blog\/category\/destacadas\/"},"img":{"alt_text":"","src":"https:\/\/i0.wp.com\/larevistadigital.com.ar\/blog\/wp-content\/uploads\/676468e07b1e5.png?fit=668%2C445&ssl=1&resize=350%2C200","width":350,"height":200,"srcset":"https:\/\/i0.wp.com\/larevistadigital.com.ar\/blog\/wp-content\/uploads\/676468e07b1e5.png?fit=668%2C445&ssl=1&resize=350%2C200 1x, https:\/\/i0.wp.com\/larevistadigital.com.ar\/blog\/wp-content\/uploads\/676468e07b1e5.png?fit=668%2C445&ssl=1&resize=525%2C300 1.5x"},"classes":[]},{"id":24220,"url":"https:\/\/larevistadigital.com.ar\/blog\/desde-marzo-aumentan-las-multas-de-transito-en-el-territorio-bonaerense\/","url_meta":{"origin":14368,"position":5},"title":"DESDE MARZO AUMENTAN LAS MULTAS DE TR\u00c1NSITO EN EL TERRITORIO BONAERENSE","author":"Alejandro Sosa Ruda","date":"26 febrero, 2022","format":false,"excerpt":"Para el bimestre comprendido entre los meses de marzo y abril del mismo a\u00f1o, el valor de 1 (una) UF (unidad fija) es la suma de pesos ciento veintitr\u00e9s con cuarenta centavos ($ 123,40.-), seg\u00fan lo informado oportunamente por el Autom\u00f3vil Club Argentino. Mediante un decreto publicado en el Bolet\u00edn\u2026","rel":"","context":"En \u00abPOLITICA PROVINCIAL\u00bb","block_context":{"text":"POLITICA PROVINCIAL","link":"https:\/\/larevistadigital.com.ar\/blog\/category\/politica\/politica-provincial\/"},"img":{"alt_text":"","src":"https:\/\/i0.wp.com\/larevistadigital.com.ar\/blog\/wp-content\/uploads\/20220225195226_mult.jpg?fit=880%2C512&ssl=1&resize=350%2C200","width":350,"height":200,"srcset":"https:\/\/i0.wp.com\/larevistadigital.com.ar\/blog\/wp-content\/uploads\/20220225195226_mult.jpg?fit=880%2C512&ssl=1&resize=350%2C200 1x, https:\/\/i0.wp.com\/larevistadigital.com.ar\/blog\/wp-content\/uploads\/20220225195226_mult.jpg?fit=880%2C512&ssl=1&resize=525%2C300 1.5x, https:\/\/i0.wp.com\/larevistadigital.com.ar\/blog\/wp-content\/uploads\/20220225195226_mult.jpg?fit=880%2C512&ssl=1&resize=700%2C400 2x"},"classes":[]}],"_links":{"self":[{"href":"https:\/\/larevistadigital.com.ar\/blog\/wp-json\/wp\/v2\/posts\/14368","targetHints":{"allow":["GET"]}}],"collection":[{"href":"https:\/\/larevistadigital.com.ar\/blog\/wp-json\/wp\/v2\/posts"}],"about":[{"href":"https:\/\/larevistadigital.com.ar\/blog\/wp-json\/wp\/v2\/types\/post"}],"author":[{"embeddable":true,"href":"https:\/\/larevistadigital.com.ar\/blog\/wp-json\/wp\/v2\/users\/3"}],"replies":[{"embeddable":true,"href":"https:\/\/larevistadigital.com.ar\/blog\/wp-json\/wp\/v2\/comments?post=14368"}],"version-history":[{"count":1,"href":"https:\/\/larevistadigital.com.ar\/blog\/wp-json\/wp\/v2\/posts\/14368\/revisions"}],"predecessor-version":[{"id":14370,"href":"https:\/\/larevistadigital.com.ar\/blog\/wp-json\/wp\/v2\/posts\/14368\/revisions\/14370"}],"wp:featuredmedia":[{"embeddable":true,"href":"https:\/\/larevistadigital.com.ar\/blog\/wp-json\/wp\/v2\/media\/14369"}],"wp:attachment":[{"href":"https:\/\/larevistadigital.com.ar\/blog\/wp-json\/wp\/v2\/media?parent=14368"}],"wp:term":[{"taxonomy":"category","embeddable":true,"href":"https:\/\/larevistadigital.com.ar\/blog\/wp-json\/wp\/v2\/categories?post=14368"},{"taxonomy":"post_tag","embeddable":true,"href":"https:\/\/larevistadigital.com.ar\/blog\/wp-json\/wp\/v2\/tags?post=14368"}],"curies":[{"name":"wp","href":"https:\/\/api.w.org\/{rel}","templated":true}]}}