{"id":14371,"date":"2020-01-26T08:02:18","date_gmt":"2020-01-26T08:02:18","guid":{"rendered":"https:\/\/larevistadigital.com.ar\/blog\/?p=14371"},"modified":"2020-01-26T08:02:18","modified_gmt":"2020-01-26T08:02:18","slug":"ley-fernando-impulsan-un-proyecto-para-aplicar-a-los-jugadores-de-rugby-la-mano-prohibida-como-a-los-boxeadores","status":"publish","type":"post","link":"https:\/\/larevistadigital.com.ar\/blog\/ley-fernando-impulsan-un-proyecto-para-aplicar-a-los-jugadores-de-rugby-la-mano-prohibida-como-a-los-boxeadores\/","title":{"rendered":"\u00bf\u00bbLEY FERNANDO\u00bb? IMPULSAN UN PROYECTO PARA APLICAR A LOS JUGADORES DE RUGBY LA \u00abMANO PROHIBIDA\u00bb COMO A LOS BOXEADORES"},"content":{"rendered":"<h2><em>El concepto ya fue implementado en el boxeo y el proyecto apuesta a sancionar a jugadores que ejerzan violencia en \u00e1mbito deportivo.<\/em><\/h2>\n<p>A ra\u00edz del crimen de\u00a0<strong>Fernando B\u00e1ez Sosa<\/strong>, el diputado bonaerense de Juntos por el Cambio,\u00a0<strong>Daniel Lipovetzky<\/strong>, impuls\u00f3 un proyecto de ley para que se aplique la \u201cmano prohibida\u201d al rugby. El mismo buscar\u00e1 sancionar a aquellos deportistas que ejerzan violencia en sus disciplinas.<\/p>\n<blockquote>\n<h3>La idea de una ley que sancione a los rugbiers fue creada por la abogada\u00a0<strong>Valeria Carreras<\/strong>, quien adem\u00e1s propuso que a la norma se la bautice como \u201cLey Fernando\u201d en honor al joven asesinado en\u00a0Villa Gesell.<\/h3>\n<\/blockquote>\n<p>En un principio, <strong>Carreras<\/strong> propuso sancionar <em><strong>\u201cal jugador de rugby mayor de 16 a\u00f1os, corresponden a la categor\u00eda M16 en adelante (est\u00e1n todos registrados en la UAR y la URBA) con suspensi\u00f3n de fechas a jugar y ante la tercer ocasi\u00f3n en que recurre a la violencia, se proceda a la quita de puntos al club\u201d<\/strong><\/em>.<\/p>\n<p><strong><em>\u201cEsto de la mano prohibida no est\u00e1 en un reglamento deportivo sino que en el c\u00f3digo penal te dicen que se\u00a0agrava, homicidio agravado o lesiones graves agravadas, y m\u00e1s pena por ende, cuando\u00a0el uso de la fuerza es desproporcional entre las partes\u201d<\/em><\/strong>, explic\u00f3 la abogada <strong>Carrera<\/strong>.<\/p>\n<blockquote>\n<h3>Por su parte, el diputado <strong>Lipovetzky<\/strong> expres\u00f3: <strong><em>\u201cNos trajeron la idea un grupo de abogados conocidos, estamos estudiando posibles sanciones y analizando si aplicar\u00eda s\u00f3lo para el rugby o ser\u00eda m\u00e1s amplio\u201d<\/em><\/strong>.<\/h3>\n<\/blockquote>\n<p>Hasta el momento, la medida solo correr\u00eda dentro del \u00e1mbito deportivo y no fuera de \u00e9l, como\u00a0s\u00ed sucede con quienes practican boxeo o judo.<\/p>\n<p>PUBLICADO EN DLN<\/p>\n","protected":false},"excerpt":{"rendered":"<div class=\"mh-excerpt\"><p>El concepto ya fue implementado en el boxeo y el proyecto apuesta a sancionar a jugadores que ejerzan violencia en \u00e1mbito deportivo. A ra\u00edz del crimen de\u00a0Fernando B\u00e1ez Sosa, el diputado bonaerense de Juntos por <a class=\"mh-excerpt-more\" href=\"https:\/\/larevistadigital.com.ar\/blog\/ley-fernando-impulsan-un-proyecto-para-aplicar-a-los-jugadores-de-rugby-la-mano-prohibida-como-a-los-boxeadores\/\" title=\"\u00bf\u00bbLEY FERNANDO\u00bb? IMPULSAN UN PROYECTO PARA APLICAR A LOS JUGADORES DE RUGBY LA \u00abMANO PROHIBIDA\u00bb COMO A LOS BOXEADORES\">[Leer M\u00e1s]<\/a><\/p>\n<\/div>","protected":false},"author":3,"featured_media":14372,"comment_status":"open","ping_status":"open","sticky":false,"template":"","format":"standard","meta":{"_jetpack_memberships_contains_paid_content":false,"footnotes":"","jetpack_publicize_message":"","jetpack_publicize_feature_enabled":true,"jetpack_social_post_already_shared":true,"jetpack_social_options":{"image_generator_settings":{"template":"highway","default_image_id":0,"font":"","enabled":false},"version":2}},"categories":[50],"tags":[],"class_list":{"0":"post-14371","1":"post","2":"type-post","3":"status-publish","4":"format-standard","5":"has-post-thumbnail","7":"category-interes-general"},"jetpack_publicize_connections":[],"jetpack_featured_media_url":"https:\/\/i0.wp.com\/larevistadigital.com.ar\/blog\/wp-content\/uploads\/fernando-2.jpg?fit=1366%2C765&ssl=1","jetpack_sharing_enabled":true,"jetpack_shortlink":"https:\/\/wp.me\/p8qtrQ-3JN","jetpack-related-posts":[{"id":35599,"url":"https:\/\/larevistadigital.com.ar\/blog\/por-ahora-sin-acuerdo-ganancias-y-jubilaciones-seran-otra-vez-los-puntos-que-definiran-la-aprobacion-de-la-ley-omnibus\/","url_meta":{"origin":14371,"position":0},"title":"POR AHORA SIN ACUERDO, GANANCIAS Y JUBILACIONES SER\u00c1N OTRA VEZ LOS PUNTOS QUE DEFINIR\u00c1N LA APROBACI\u00d3N DE LA LEY \u00d3MNIBUS","author":"Alejandro Sosa Ruda","date":"18 marzo, 2024","format":false,"excerpt":"La Casa Rosada gir\u00f3 al Congreso y a los gobernadores un nuevo texto con 269 art\u00edculos. 18 de marzo de 2024 El viernes el ministro Francos recibi\u00f3 al PRO y la UCR para escuchar sugerencias. El lunes ir\u00e1 Pichetto. los bloques Hacemos Coalici\u00f3n Federal e Innovaci\u00f3n Federal vieron con buenos\u2026","rel":"","context":"En \u00abINTERES GENERAL\u00bb","block_context":{"text":"INTERES GENERAL","link":"https:\/\/larevistadigital.com.ar\/blog\/category\/interes-general\/"},"img":{"alt_text":"","src":"https:\/\/i0.wp.com\/larevistadigital.com.ar\/blog\/wp-content\/uploads\/congreso-de-la-nacion-2017-.-el-congreso-argentino-cuesta-4-veces-mas-que-la-suma-de-la-monarquia-inglesa-y-espanola-.-elpaisdiario.ar_.jpg?fit=850%2C478&ssl=1&resize=350%2C200","width":350,"height":200,"srcset":"https:\/\/i0.wp.com\/larevistadigital.com.ar\/blog\/wp-content\/uploads\/congreso-de-la-nacion-2017-.-el-congreso-argentino-cuesta-4-veces-mas-que-la-suma-de-la-monarquia-inglesa-y-espanola-.-elpaisdiario.ar_.jpg?fit=850%2C478&ssl=1&resize=350%2C200 1x, https:\/\/i0.wp.com\/larevistadigital.com.ar\/blog\/wp-content\/uploads\/congreso-de-la-nacion-2017-.-el-congreso-argentino-cuesta-4-veces-mas-que-la-suma-de-la-monarquia-inglesa-y-espanola-.-elpaisdiario.ar_.jpg?fit=850%2C478&ssl=1&resize=525%2C300 1.5x, https:\/\/i0.wp.com\/larevistadigital.com.ar\/blog\/wp-content\/uploads\/congreso-de-la-nacion-2017-.-el-congreso-argentino-cuesta-4-veces-mas-que-la-suma-de-la-monarquia-inglesa-y-espanola-.-elpaisdiario.ar_.jpg?fit=850%2C478&ssl=1&resize=700%2C400 2x"},"classes":[]},{"id":22836,"url":"https:\/\/larevistadigital.com.ar\/blog\/el-diputado-del-fdt-que-pone-la-cara-con-un-proyecto-de-ley-que-habilitaria-las-reelecciones-indefinidas-de-los-intendentes\/","url_meta":{"origin":14371,"position":1},"title":"EL DIPUTADO DEL FDT QUE \u00abPONE LA CARA\u00bb CON UN PROYECTO DE LEY QUE HABILITAR\u00cdA LAS REELECCIONES INDEFINIDAS DE LOS INTENDENTES","author":"Alejandro Sosa Ruda","date":"5 diciembre, 2021","format":false,"excerpt":"La iniciativa, del diputado del Frente de Todos (FdT) Walter Abarca, modifica el Art\u00edculo 3 del Decreto-ley 6769\/1958 -Ley Org\u00e1nica de las Municipalidades y sus modificatorias y establece que \"el intendente ser\u00e1 elegido directamente por el pueblo y durar\u00e1 cuatro a\u00f1os en sus funciones pudiendo ser reelecto\". Esto es algo\u2026","rel":"","context":"En \u00abINTERES GENERAL\u00bb","block_context":{"text":"INTERES GENERAL","link":"https:\/\/larevistadigital.com.ar\/blog\/category\/interes-general\/"},"img":{"alt_text":"","src":"https:\/\/i0.wp.com\/larevistadigital.com.ar\/blog\/wp-content\/uploads\/20211204165331_walter-abarca-reeleccion-intendentes.jpg?fit=880%2C512&ssl=1&resize=350%2C200","width":350,"height":200,"srcset":"https:\/\/i0.wp.com\/larevistadigital.com.ar\/blog\/wp-content\/uploads\/20211204165331_walter-abarca-reeleccion-intendentes.jpg?fit=880%2C512&ssl=1&resize=350%2C200 1x, https:\/\/i0.wp.com\/larevistadigital.com.ar\/blog\/wp-content\/uploads\/20211204165331_walter-abarca-reeleccion-intendentes.jpg?fit=880%2C512&ssl=1&resize=525%2C300 1.5x, https:\/\/i0.wp.com\/larevistadigital.com.ar\/blog\/wp-content\/uploads\/20211204165331_walter-abarca-reeleccion-intendentes.jpg?fit=880%2C512&ssl=1&resize=700%2C400 2x"},"classes":[]},{"id":26825,"url":"https:\/\/larevistadigital.com.ar\/blog\/sobre-cursos-de-capacitacion-necesarios-o-urgentes\/","url_meta":{"origin":14371,"position":2},"title":"SOBRE CURSOS DE CAPACITACION NECESARIOS&#8230; (O URGENTES)","author":"Alejandro Sosa Ruda","date":"27 julio, 2022","format":false,"excerpt":"Seg\u00fan se ha informado, tanto el Departamento Ejecutivo, junto a responsables de las distintas \u00e1reas de la Municipalidad, como los integrantes del Departamento Deliberativo han participado de\u00a0 jornadas sobre pol\u00edticas de g\u00e9nero, de acuerdo a lo establecido por la Ley 27.499. Esta disposici\u00f3n, conocida como \u201cLey Micaela\u201d, obliga a todas\u2026","rel":"","context":"En \u00abDESTACADAS\u00bb","block_context":{"text":"DESTACADAS","link":"https:\/\/larevistadigital.com.ar\/blog\/category\/destacadas\/"},"img":{"alt_text":"","src":"https:\/\/i0.wp.com\/larevistadigital.com.ar\/blog\/wp-content\/uploads\/2018\/03\/449787492_1_concejo-chascomus.jpg?fit=825%2C490&ssl=1&resize=350%2C200","width":350,"height":200,"srcset":"https:\/\/i0.wp.com\/larevistadigital.com.ar\/blog\/wp-content\/uploads\/2018\/03\/449787492_1_concejo-chascomus.jpg?fit=825%2C490&ssl=1&resize=350%2C200 1x, https:\/\/i0.wp.com\/larevistadigital.com.ar\/blog\/wp-content\/uploads\/2018\/03\/449787492_1_concejo-chascomus.jpg?fit=825%2C490&ssl=1&resize=525%2C300 1.5x, https:\/\/i0.wp.com\/larevistadigital.com.ar\/blog\/wp-content\/uploads\/2018\/03\/449787492_1_concejo-chascomus.jpg?fit=825%2C490&ssl=1&resize=700%2C400 2x"},"classes":[]},{"id":23091,"url":"https:\/\/larevistadigital.com.ar\/blog\/lamentable-y-vergonzoso-los-intendentes-lograron-cambiar-la-ley-que-limitaba-las-reelecciones-y-podran-competir-por-otro-mandato\/","url_meta":{"origin":14371,"position":3},"title":"LAMENTABLE Y VERGONZOSO: LOS INTENDENTES LOGRARON CAMBIAR LA LEY QUE LIMITABA LAS REELECCIONES Y PODR\u00c1N COMPETIR POR OTRO MANDATO","author":"Alejandro Sosa Ruda","date":"29 diciembre, 2021","format":false,"excerpt":"\"Para esto, no hay grieta\"...Se toma como segundo mandato el que va entre 2023 y 2027. Como \"compensaci\u00f3n\" se suma un art\u00edculo cerrojo para evitar que los intendentes eludan la norma con un pedido de licencia. Dura derrota de la democracia... Los intendentes lograron modificar la ley que imped\u00eda su\u2026","rel":"","context":"En \u00abINTERES GENERAL\u00bb","block_context":{"text":"INTERES GENERAL","link":"https:\/\/larevistadigital.com.ar\/blog\/category\/interes-general\/"},"img":{"alt_text":"","src":"https:\/\/i0.wp.com\/larevistadigital.com.ar\/blog\/wp-content\/uploads\/61cbc2bcc8101_940_529.jpg?fit=940%2C529&ssl=1&resize=350%2C200","width":350,"height":200,"srcset":"https:\/\/i0.wp.com\/larevistadigital.com.ar\/blog\/wp-content\/uploads\/61cbc2bcc8101_940_529.jpg?fit=940%2C529&ssl=1&resize=350%2C200 1x, https:\/\/i0.wp.com\/larevistadigital.com.ar\/blog\/wp-content\/uploads\/61cbc2bcc8101_940_529.jpg?fit=940%2C529&ssl=1&resize=525%2C300 1.5x, https:\/\/i0.wp.com\/larevistadigital.com.ar\/blog\/wp-content\/uploads\/61cbc2bcc8101_940_529.jpg?fit=940%2C529&ssl=1&resize=700%2C400 2x"},"classes":[]},{"id":44428,"url":"https:\/\/larevistadigital.com.ar\/blog\/impulsan-una-ley-para-prohibir-celulares-en-carceles-bonaerenses-tras-una-extorsion-que-termino-en-suicidio\/","url_meta":{"origin":14371,"position":4},"title":"Impulsan una ley para prohibir celulares en c\u00e1rceles bonaerenses tras una extorsi\u00f3n que termin\u00f3 en suicidio","author":"Alejandro Sosa Ruda","date":"10 marzo, 2026","format":false,"excerpt":"El proyecto, denominado \u201cLey Rodrigo\u201d, busca eliminar el uso libre de tel\u00e9fonos en las prisiones de la provincia y limitar las comunicaciones de los internos a dispositivos controlados por el Servicio Penitenciario. 10 de marzo de 2026 Un proyecto de ley presentado en la Provincia de Buenos Aires propone prohibir\u2026","rel":"","context":"En \u00abDESTACADAS\u00bb","block_context":{"text":"DESTACADAS","link":"https:\/\/larevistadigital.com.ar\/blog\/category\/destacadas\/"},"img":{"alt_text":"","src":"https:\/\/i0.wp.com\/larevistadigital.com.ar\/blog\/wp-content\/uploads\/Captura-de-pantalla-2026-03-10-120955.jpg?fit=794%2C499&ssl=1&resize=350%2C200","width":350,"height":200,"srcset":"https:\/\/i0.wp.com\/larevistadigital.com.ar\/blog\/wp-content\/uploads\/Captura-de-pantalla-2026-03-10-120955.jpg?fit=794%2C499&ssl=1&resize=350%2C200 1x, https:\/\/i0.wp.com\/larevistadigital.com.ar\/blog\/wp-content\/uploads\/Captura-de-pantalla-2026-03-10-120955.jpg?fit=794%2C499&ssl=1&resize=525%2C300 1.5x, https:\/\/i0.wp.com\/larevistadigital.com.ar\/blog\/wp-content\/uploads\/Captura-de-pantalla-2026-03-10-120955.jpg?fit=794%2C499&ssl=1&resize=700%2C400 2x"},"classes":[]},{"id":41999,"url":"https:\/\/larevistadigital.com.ar\/blog\/chascomus-se-intensificaran-los-controles-en-la-venta-de-alcohol\/","url_meta":{"origin":14371,"position":5},"title":"Chascom\u00fas: Se intensificar\u00e1n los controles en la venta de alcohol","author":"Alejandro Sosa Ruda","date":"15 octubre, 2025","format":false,"excerpt":"La Secretar\u00eda de Seguridad Ciudadana recuerda a los comercios las normativas vigentes y busca prevenir situaciones de riesgo en espacios p\u00fablicos. 15 de Octubre de 2025 CHASCOM\u00daS -\u00a0 \u00a0Con la proximidad de la temporada de verano y el mayor uso del espacio p\u00fablico, la Secretar\u00eda de Seguridad Ciudadana reforzar\u00e1 los\u2026","rel":"","context":"En \u00abINTERES GENERAL\u00bb","block_context":{"text":"INTERES GENERAL","link":"https:\/\/larevistadigital.com.ar\/blog\/category\/interes-general\/"},"img":{"alt_text":"","src":"https:\/\/i0.wp.com\/larevistadigital.com.ar\/blog\/wp-content\/uploads\/68efe1d852456.png?fit=668%2C445&ssl=1&resize=350%2C200","width":350,"height":200,"srcset":"https:\/\/i0.wp.com\/larevistadigital.com.ar\/blog\/wp-content\/uploads\/68efe1d852456.png?fit=668%2C445&ssl=1&resize=350%2C200 1x, https:\/\/i0.wp.com\/larevistadigital.com.ar\/blog\/wp-content\/uploads\/68efe1d852456.png?fit=668%2C445&ssl=1&resize=525%2C300 1.5x"},"classes":[]}],"_links":{"self":[{"href":"https:\/\/larevistadigital.com.ar\/blog\/wp-json\/wp\/v2\/posts\/14371","targetHints":{"allow":["GET"]}}],"collection":[{"href":"https:\/\/larevistadigital.com.ar\/blog\/wp-json\/wp\/v2\/posts"}],"about":[{"href":"https:\/\/larevistadigital.com.ar\/blog\/wp-json\/wp\/v2\/types\/post"}],"author":[{"embeddable":true,"href":"https:\/\/larevistadigital.com.ar\/blog\/wp-json\/wp\/v2\/users\/3"}],"replies":[{"embeddable":true,"href":"https:\/\/larevistadigital.com.ar\/blog\/wp-json\/wp\/v2\/comments?post=14371"}],"version-history":[{"count":1,"href":"https:\/\/larevistadigital.com.ar\/blog\/wp-json\/wp\/v2\/posts\/14371\/revisions"}],"predecessor-version":[{"id":14373,"href":"https:\/\/larevistadigital.com.ar\/blog\/wp-json\/wp\/v2\/posts\/14371\/revisions\/14373"}],"wp:featuredmedia":[{"embeddable":true,"href":"https:\/\/larevistadigital.com.ar\/blog\/wp-json\/wp\/v2\/media\/14372"}],"wp:attachment":[{"href":"https:\/\/larevistadigital.com.ar\/blog\/wp-json\/wp\/v2\/media?parent=14371"}],"wp:term":[{"taxonomy":"category","embeddable":true,"href":"https:\/\/larevistadigital.com.ar\/blog\/wp-json\/wp\/v2\/categories?post=14371"},{"taxonomy":"post_tag","embeddable":true,"href":"https:\/\/larevistadigital.com.ar\/blog\/wp-json\/wp\/v2\/tags?post=14371"}],"curies":[{"name":"wp","href":"https:\/\/api.w.org\/{rel}","templated":true}]}}