{"id":14374,"date":"2020-01-26T09:57:05","date_gmt":"2020-01-26T09:57:05","guid":{"rendered":"https:\/\/larevistadigital.com.ar\/blog\/?p=14374"},"modified":"2020-01-26T10:00:30","modified_gmt":"2020-01-26T10:00:30","slug":"chascomus-la-irresponsabilidad-a-la-vista-de-todos","status":"publish","type":"post","link":"https:\/\/larevistadigital.com.ar\/blog\/chascomus-la-irresponsabilidad-a-la-vista-de-todos\/","title":{"rendered":"CHASCOM\u00daS: LA IRRESPONSABILIDAD A LA VISTA DE TODOS"},"content":{"rendered":"<p>El d\u00eda s\u00e1bado, algunos vecinos nos hicieron llegar unas fotos de algo que observaron en la plazoleta en donde se encuentra ubicado el \u00abPaseo de los Artesanos\u00bb, y que podr\u00eda haber ocasionado que alguien, adulto o ni\u00f1o resultara electrocutado con todo lo que eso significa.<\/p>\n<p>Resulta que se utiliz\u00f3 una caja de luz, (aparentemente del alumbrado p\u00fablico) para brindar suministro el\u00e9ctrico a los diferentes stand o puestos all\u00ed enclavados, pero sin ning\u00fan tipo de cuidado, ni cerco perimetral, sino que as\u00ed, a la buena de Dios, dejando al descubierto los cables y conexiones que pudieron ocasionar un grave problema.<\/p>\n<blockquote>\n<h3>\u00bfTanto cuesta a las autoridades el hacer las cosas como corresponde? \u00bfNo es parte de su trabajo el brindar el servicio de conexi\u00f3n el\u00e9ctrica con las medidas de seguridad correspondientes, y luego el observar que no pasen estas anomal\u00edas?<\/h3>\n<\/blockquote>\n<p>Las fotos, hablan por s\u00ed solas. Esto pudo, o puede terminar mal, ya que desconocemos si esta situaci\u00f3n contin\u00faa. Esperemos que no se repita, porque luego, cuando pasan los accidentes nadie se hace responsable.<\/p>\n<figure id=\"attachment_14375\" aria-describedby=\"caption-attachment-14375\" style=\"width: 720px\" class=\"wp-caption aligncenter\"><img data-recalc-dims=\"1\" loading=\"lazy\" decoding=\"async\" class=\"size-full wp-image-14375\" src=\"https:\/\/i0.wp.com\/larevistadigital.com.ar\/blog\/wp-content\/uploads\/WhatsApp-Image-2020-01-25-at-21.21.51.jpeg?resize=720%2C1280&#038;ssl=1\" alt=\"\" width=\"720\" height=\"1280\" srcset=\"https:\/\/i0.wp.com\/larevistadigital.com.ar\/blog\/wp-content\/uploads\/WhatsApp-Image-2020-01-25-at-21.21.51.jpeg?w=720&amp;ssl=1 720w, https:\/\/i0.wp.com\/larevistadigital.com.ar\/blog\/wp-content\/uploads\/WhatsApp-Image-2020-01-25-at-21.21.51.jpeg?resize=169%2C300&amp;ssl=1 169w, https:\/\/i0.wp.com\/larevistadigital.com.ar\/blog\/wp-content\/uploads\/WhatsApp-Image-2020-01-25-at-21.21.51.jpeg?resize=576%2C1024&amp;ssl=1 576w\" sizes=\"auto, (max-width: 720px) 100vw, 720px\" \/><figcaption id=\"caption-attachment-14375\" class=\"wp-caption-text\"><strong>El lugar con gran cantidad de p\u00fablico y muchos ni\u00f1os<\/strong><\/figcaption><\/figure>\n<p><img data-recalc-dims=\"1\" loading=\"lazy\" decoding=\"async\" class=\"size-full wp-image-14376 aligncenter\" src=\"https:\/\/i0.wp.com\/larevistadigital.com.ar\/blog\/wp-content\/uploads\/WhatsApp-Image-2020-01-25-at-21.21.53.jpeg?resize=720%2C1280&#038;ssl=1\" alt=\"\" width=\"720\" height=\"1280\" srcset=\"https:\/\/i0.wp.com\/larevistadigital.com.ar\/blog\/wp-content\/uploads\/WhatsApp-Image-2020-01-25-at-21.21.53.jpeg?w=720&amp;ssl=1 720w, https:\/\/i0.wp.com\/larevistadigital.com.ar\/blog\/wp-content\/uploads\/WhatsApp-Image-2020-01-25-at-21.21.53.jpeg?resize=169%2C300&amp;ssl=1 169w, https:\/\/i0.wp.com\/larevistadigital.com.ar\/blog\/wp-content\/uploads\/WhatsApp-Image-2020-01-25-at-21.21.53.jpeg?resize=576%2C1024&amp;ssl=1 576w\" sizes=\"auto, (max-width: 720px) 100vw, 720px\" \/>De todas maneras, esto, no ser\u00eda un accidente, ya que puede evitarse.<\/p>\n","protected":false},"excerpt":{"rendered":"<div class=\"mh-excerpt\"><p>El d\u00eda s\u00e1bado, algunos vecinos nos hicieron llegar unas fotos de algo que observaron en la plazoleta en donde se encuentra ubicado el \u00abPaseo de los Artesanos\u00bb, y que podr\u00eda haber ocasionado que alguien, adulto <a class=\"mh-excerpt-more\" href=\"https:\/\/larevistadigital.com.ar\/blog\/chascomus-la-irresponsabilidad-a-la-vista-de-todos\/\" title=\"CHASCOM\u00daS: LA IRRESPONSABILIDAD A LA VISTA DE TODOS\">[Leer M\u00e1s]<\/a><\/p>\n<\/div>","protected":false},"author":3,"featured_media":14376,"comment_status":"open","ping_status":"open","sticky":false,"template":"","format":"standard","meta":{"_jetpack_memberships_contains_paid_content":false,"footnotes":"","jetpack_publicize_message":"","jetpack_publicize_feature_enabled":true,"jetpack_social_post_already_shared":true,"jetpack_social_options":{"image_generator_settings":{"template":"highway","default_image_id":0,"font":"","enabled":false},"version":2}},"categories":[41],"tags":[],"class_list":{"0":"post-14374","1":"post","2":"type-post","3":"status-publish","4":"format-standard","5":"has-post-thumbnail","7":"category-destacadas"},"jetpack_publicize_connections":[],"jetpack_featured_media_url":"https:\/\/i0.wp.com\/larevistadigital.com.ar\/blog\/wp-content\/uploads\/WhatsApp-Image-2020-01-25-at-21.21.53.jpeg?fit=720%2C1280&ssl=1","jetpack_sharing_enabled":true,"jetpack_shortlink":"https:\/\/wp.me\/p8qtrQ-3JQ","jetpack-related-posts":[{"id":8529,"url":"https:\/\/larevistadigital.com.ar\/blog\/8529-2\/","url_meta":{"origin":14374,"position":0},"title":"EL ESTUDIO RAMPAZZO ADQUIRI\u00d3 UNA PLATAFORMA A NIVEL MUNDIAL PARA BRINDAR UN MEJOR SERVICIO","author":"Alejandro Sosa Ruda","date":"18 febrero, 2019","format":false,"excerpt":"El abogado Fernando Rampazzo, contin\u00faa dando muestras de pretender convertir su estudio jur\u00eddico en un ejemplo de excelencia en atenci\u00f3n a los clientes. Hoy suma la plataforma legal llamada Legal One, que ya est\u00e1 siendo utilizada\u00a0a los servicios de sus estudios jur\u00eddicos. Se trata de una plataforma legal, utilizada a\u2026","rel":"","context":"En \u00abPOLITICA\u00bb","block_context":{"text":"POLITICA","link":"https:\/\/larevistadigital.com.ar\/blog\/category\/politica\/"},"img":{"alt_text":"","src":"https:\/\/i0.wp.com\/larevistadigital.com.ar\/blog\/wp-content\/uploads\/2019\/02\/Screenshot_1-6.jpg?fit=600%2C680&ssl=1&resize=350%2C200","width":350,"height":200,"srcset":"https:\/\/i0.wp.com\/larevistadigital.com.ar\/blog\/wp-content\/uploads\/2019\/02\/Screenshot_1-6.jpg?fit=600%2C680&ssl=1&resize=350%2C200 1x, https:\/\/i0.wp.com\/larevistadigital.com.ar\/blog\/wp-content\/uploads\/2019\/02\/Screenshot_1-6.jpg?fit=600%2C680&ssl=1&resize=525%2C300 1.5x"},"classes":[]},{"id":41740,"url":"https:\/\/larevistadigital.com.ar\/blog\/chascomus-convocan-a-personas-con-pensiones-no-contributivas-por-invalidez-a-acercarse-a-la-direccion-de-accesibilidad\/","url_meta":{"origin":14374,"position":1},"title":"Chascom\u00fas: Convocan a personas con pensiones no contributivas por invalidez a acercarse a la Direcci\u00f3n de Accesibilidad","author":"Alejandro Sosa Ruda","date":"3 octubre, 2025","format":false,"excerpt":"Desde la Municipalidad se busca brindar acompa\u00f1amiento en el proceso de auditor\u00edas que realiza el Gobierno Nacional. 03 de Octubre de 2025 El \u00e1rea de Accesibilidad municipal inform\u00f3 que est\u00e1 acompa\u00f1ando a las personas que perciben pensiones no contributivas por invalidez laboral y que hayan recibido citaciones en el marco\u2026","rel":"","context":"En \u00abCHASCOM\u00daS\u00bb","block_context":{"text":"CHASCOM\u00daS","link":"https:\/\/larevistadigital.com.ar\/blog\/category\/chascomus\/"},"img":{"alt_text":"","src":"https:\/\/i0.wp.com\/larevistadigital.com.ar\/blog\/wp-content\/uploads\/68e004ea7be18.png?fit=668%2C445&ssl=1&resize=350%2C200","width":350,"height":200,"srcset":"https:\/\/i0.wp.com\/larevistadigital.com.ar\/blog\/wp-content\/uploads\/68e004ea7be18.png?fit=668%2C445&ssl=1&resize=350%2C200 1x, https:\/\/i0.wp.com\/larevistadigital.com.ar\/blog\/wp-content\/uploads\/68e004ea7be18.png?fit=668%2C445&ssl=1&resize=525%2C300 1.5x"},"classes":[]},{"id":5096,"url":"https:\/\/larevistadigital.com.ar\/blog\/recorrida-proyecto-mejoras-circuito-motor-castelli\/","url_meta":{"origin":14374,"position":2},"title":"RECORRIDA Y PROYECTO DE MEJORAS PARA EL CIRCUITO MOTOR DE CASTELLI","author":"admin","date":"22 febrero, 2018","format":false,"excerpt":"Ayer mi\u00e9rcoles, el Intendente\u00a0Francisco Echarren\u00a0junto con el Secretario de Gobierno, Sebasti\u00e1n Echarren y funcionarios del gabinete municipal, recorrieron el aut\u00f3dromo y kart\u00f3dromo \u201cJos\u00e9 Luis Laguzzi\u201d de nuestra ciudad. All\u00ed evaluaron las condiciones del predio en la Laguna de Almir\u00f3n y dialogaron con los referentes del automovilismo local sobre las mejoras\u2026","rel":"","context":"En \u00abCASTELLI\u00bb","block_context":{"text":"CASTELLI","link":"https:\/\/larevistadigital.com.ar\/blog\/category\/castelli\/"},"img":{"alt_text":"","src":"https:\/\/i0.wp.com\/larevistadigital.com.ar\/blog\/wp-content\/uploads\/2018\/03\/28058737_888407407995629_5964054165892070186_n-664x335.jpg?fit=664%2C335&ssl=1&resize=350%2C200","width":350,"height":200,"srcset":"https:\/\/i0.wp.com\/larevistadigital.com.ar\/blog\/wp-content\/uploads\/2018\/03\/28058737_888407407995629_5964054165892070186_n-664x335.jpg?fit=664%2C335&ssl=1&resize=350%2C200 1x, https:\/\/i0.wp.com\/larevistadigital.com.ar\/blog\/wp-content\/uploads\/2018\/03\/28058737_888407407995629_5964054165892070186_n-664x335.jpg?fit=664%2C335&ssl=1&resize=525%2C300 1.5x"},"classes":[]},{"id":13072,"url":"https:\/\/larevistadigital.com.ar\/blog\/cipriano-perez-del-cerro-hemos-regulado-las-condiciones-de-seguridad-para-el-almacenamiento-y-venta-de-fuegos-artificiales-en-chascomus\/","url_meta":{"origin":14374,"position":3},"title":"CIPRIANO P\u00c9REZ DEL CERRO: \u201cHEMOS REGULADO LAS CONDICIONES DE SEGURIDAD PARA EL ALMACENAMIENTO Y VENTA DE FUEGOS ARTIFICIALES EN CHASCOM\u00daS\u201d","author":"Alejandro Sosa Ruda","date":"6 noviembre, 2019","format":false,"excerpt":"Tras la suspensi\u00f3n por parte de la Justicia de los efectos de la Ordenanza N\u00ba 5305\/2018 que restring\u00eda la venta y el uso de pirotecnia en el Distrito, el gobierno municipal avanz\u00f3 con la reglamentaci\u00f3n que deben cumplimentar los comercios de venta de productos de fuegos artificiales a fin de\u2026","rel":"","context":"En \u00abCHASCOM\u00daS\u00bb","block_context":{"text":"CHASCOM\u00daS","link":"https:\/\/larevistadigital.com.ar\/blog\/category\/chascomus\/"},"img":{"alt_text":"","src":"","width":0,"height":0},"classes":[]},{"id":42314,"url":"https:\/\/larevistadigital.com.ar\/blog\/chascomus-herramientas-y-programas-municipales-que-funcionan-las-24-horas-para-la-prevencion-del-delito-y-las-violencias\/","url_meta":{"origin":14374,"position":4},"title":"Chascom\u00fas: Herramientas y programas municipales que funcionan las 24 horas para la prevenci\u00f3n del delito y las violencias","author":"Alejandro Sosa Ruda","date":"1 noviembre, 2025","format":false,"excerpt":"La Municipalidad pone al servicio de la comunidad diversos recursos para promover una mayor seguridad y acompa\u00f1amiento. 01 de Noviembre de 2025 CHASCOM\u00daS -\u00a0 \u00a0Ante situaciones de emergencia, la Secretar\u00eda de Seguridad Ciudadana est\u00e1 disponible las 24 horas para brindar asistencia inmediata a trav\u00e9s de la l\u00ednea 103. Por otra\u2026","rel":"","context":"En \u00abCHASCOM\u00daS\u00bb","block_context":{"text":"CHASCOM\u00daS","link":"https:\/\/larevistadigital.com.ar\/blog\/category\/chascomus\/"},"img":{"alt_text":"","src":"https:\/\/i0.wp.com\/larevistadigital.com.ar\/blog\/wp-content\/uploads\/6904f32c27223.png?fit=668%2C445&ssl=1&resize=350%2C200","width":350,"height":200,"srcset":"https:\/\/i0.wp.com\/larevistadigital.com.ar\/blog\/wp-content\/uploads\/6904f32c27223.png?fit=668%2C445&ssl=1&resize=350%2C200 1x, https:\/\/i0.wp.com\/larevistadigital.com.ar\/blog\/wp-content\/uploads\/6904f32c27223.png?fit=668%2C445&ssl=1&resize=525%2C300 1.5x"},"classes":[]},{"id":18398,"url":"https:\/\/larevistadigital.com.ar\/blog\/lorenza-marquez-gaston-corta-por-lo-mas-fino-que-son-los-salarios-municipales\/","url_meta":{"origin":14374,"position":5},"title":"LORENZA MARQUEZ: \u00abGAST\u00d3N CORTA POR LO M\u00c1S FINO, QUE SON LOS SALARIOS MUNICIPALES\u00bb","author":"Alejandro Sosa Ruda","date":"29 diciembre, 2020","format":false,"excerpt":"La edil radical Lorenza M\u00e1rquez, mantuvo una entrevista en el programa radial AM Show, que conduce Alberto Morel, donde coment\u00f3 lo ocurrido en la \u00faltima sesi\u00f3n de pr\u00f3rroga del Concejo Deliberante, haciendo hincapi\u00e9 en lo que fue la aprobaci\u00f3n del Presupuesto Municipal 2021 y la ordenanza preparatoria de la Fiscal\u2026","rel":"","context":"En \u00abCHASCOM\u00daS\u00bb","block_context":{"text":"CHASCOM\u00daS","link":"https:\/\/larevistadigital.com.ar\/blog\/category\/chascomus\/"},"img":{"alt_text":"","src":"https:\/\/i0.wp.com\/larevistadigital.com.ar\/blog\/wp-content\/uploads\/88174034_1257154267819481_6471209813085782016_o.jpg?fit=900%2C1200&ssl=1&resize=350%2C200","width":350,"height":200,"srcset":"https:\/\/i0.wp.com\/larevistadigital.com.ar\/blog\/wp-content\/uploads\/88174034_1257154267819481_6471209813085782016_o.jpg?fit=900%2C1200&ssl=1&resize=350%2C200 1x, https:\/\/i0.wp.com\/larevistadigital.com.ar\/blog\/wp-content\/uploads\/88174034_1257154267819481_6471209813085782016_o.jpg?fit=900%2C1200&ssl=1&resize=525%2C300 1.5x, https:\/\/i0.wp.com\/larevistadigital.com.ar\/blog\/wp-content\/uploads\/88174034_1257154267819481_6471209813085782016_o.jpg?fit=900%2C1200&ssl=1&resize=700%2C400 2x"},"classes":[]}],"_links":{"self":[{"href":"https:\/\/larevistadigital.com.ar\/blog\/wp-json\/wp\/v2\/posts\/14374","targetHints":{"allow":["GET"]}}],"collection":[{"href":"https:\/\/larevistadigital.com.ar\/blog\/wp-json\/wp\/v2\/posts"}],"about":[{"href":"https:\/\/larevistadigital.com.ar\/blog\/wp-json\/wp\/v2\/types\/post"}],"author":[{"embeddable":true,"href":"https:\/\/larevistadigital.com.ar\/blog\/wp-json\/wp\/v2\/users\/3"}],"replies":[{"embeddable":true,"href":"https:\/\/larevistadigital.com.ar\/blog\/wp-json\/wp\/v2\/comments?post=14374"}],"version-history":[{"count":5,"href":"https:\/\/larevistadigital.com.ar\/blog\/wp-json\/wp\/v2\/posts\/14374\/revisions"}],"predecessor-version":[{"id":14381,"href":"https:\/\/larevistadigital.com.ar\/blog\/wp-json\/wp\/v2\/posts\/14374\/revisions\/14381"}],"wp:featuredmedia":[{"embeddable":true,"href":"https:\/\/larevistadigital.com.ar\/blog\/wp-json\/wp\/v2\/media\/14376"}],"wp:attachment":[{"href":"https:\/\/larevistadigital.com.ar\/blog\/wp-json\/wp\/v2\/media?parent=14374"}],"wp:term":[{"taxonomy":"category","embeddable":true,"href":"https:\/\/larevistadigital.com.ar\/blog\/wp-json\/wp\/v2\/categories?post=14374"},{"taxonomy":"post_tag","embeddable":true,"href":"https:\/\/larevistadigital.com.ar\/blog\/wp-json\/wp\/v2\/tags?post=14374"}],"curies":[{"name":"wp","href":"https:\/\/api.w.org\/{rel}","templated":true}]}}