{"id":14382,"date":"2020-01-26T10:07:12","date_gmt":"2020-01-26T10:07:12","guid":{"rendered":"https:\/\/larevistadigital.com.ar\/blog\/?p=14382"},"modified":"2020-01-26T10:07:12","modified_gmt":"2020-01-26T10:07:12","slug":"por-el-fin-de-semana-viajan-mas-de-2500-autos-por-hora-hacia-la-costa-atlantica","status":"publish","type":"post","link":"https:\/\/larevistadigital.com.ar\/blog\/por-el-fin-de-semana-viajan-mas-de-2500-autos-por-hora-hacia-la-costa-atlantica\/","title":{"rendered":"POR EL FIN DE SEMANA VIAJAN M\u00c1S DE 2500 AUTOS POR HORA HACIA LA COSTA ATL\u00c1NTICA"},"content":{"rendered":"<p class=\"yiv7101985615MsoNormal\">Con tr\u00e1nsito intenso, buen tiempo y algunas demoras en zona de Samboromb\u00f3n, Lezama y Castelli,\u00a0<b>AUBASA<\/b>\u00a0registra un importante paso de veh\u00edculos hacia la Costa Atl\u00e1ntica en la ma\u00f1ana de este s\u00e1bado.<\/p>\n<blockquote>\n<h3 class=\"yiv7101985615MsoNormal\">La empresa estatal concesionaria de la Autopista Buenos Aires La Plata y las rutas del Corredor del Atl\u00e1ntico inform\u00f3 que el paso de veh\u00edculos registraba hasta las 8, un promedio de 2503 autos por hora por el peaje de Samboromb\u00f3n, en Autov\u00eda 2.<\/h3>\n<\/blockquote>\n<p class=\"yiv7101985615MsoNormal\">Tambi\u00e9n es intenso el tr\u00e1nsito en Ruta 11, en el peaje de La Huella, en General Conesa, 1312 autos pasaban hacia el Partido de La Costa, Pinamar o Villa Gesell; y 528 autos lo hac\u00edan cada hora por la estaci\u00f3n de peaje de Maip\u00fa hacia Mar del Plata.<\/p>\n<blockquote>\n<h3 class=\"yiv7101985615MsoNormal\">En este contexto, para evitar demoras que puedan producirse,\u00a0 se recuerda como alternativa a quienes se dirigen a Pinamar o Villa Gesell continuar por Autov\u00eda 2 hasta el km 299 en Las Armas y desde ah\u00ed por Ruta 74 hasta su destino.<\/h3>\n<\/blockquote>\n<p class=\"yiv7101985615MsoNormal\"><b>AUBASA<\/b>\u00a0informa adem\u00e1s que aquellos automovilistas que requieran asistencia en las rutas del Corredor del Atl\u00e1ntico o Autopista Buenos Aires La Plata ahora podr\u00e1n hacerlo marcando el 140 desde su tel\u00e9fono celular.<\/p>\n","protected":false},"excerpt":{"rendered":"<div class=\"mh-excerpt\"><p>Con tr\u00e1nsito intenso, buen tiempo y algunas demoras en zona de Samboromb\u00f3n, Lezama y Castelli,\u00a0AUBASA\u00a0registra un importante paso de veh\u00edculos hacia la Costa Atl\u00e1ntica en la ma\u00f1ana de este s\u00e1bado. La empresa estatal concesionaria de <a class=\"mh-excerpt-more\" href=\"https:\/\/larevistadigital.com.ar\/blog\/por-el-fin-de-semana-viajan-mas-de-2500-autos-por-hora-hacia-la-costa-atlantica\/\" title=\"POR EL FIN DE SEMANA VIAJAN M\u00c1S DE 2500 AUTOS POR HORA HACIA LA COSTA ATL\u00c1NTICA\">[Leer M\u00e1s]<\/a><\/p>\n<\/div>","protected":false},"author":3,"featured_media":14383,"comment_status":"open","ping_status":"open","sticky":false,"template":"","format":"standard","meta":{"_jetpack_memberships_contains_paid_content":false,"footnotes":"","jetpack_publicize_message":"","jetpack_publicize_feature_enabled":true,"jetpack_social_post_already_shared":true,"jetpack_social_options":{"image_generator_settings":{"template":"highway","default_image_id":0,"font":"","enabled":false},"version":2}},"categories":[50],"tags":[],"class_list":{"0":"post-14382","1":"post","2":"type-post","3":"status-publish","4":"format-standard","5":"has-post-thumbnail","7":"category-interes-general"},"jetpack_publicize_connections":[],"jetpack_featured_media_url":"https:\/\/i0.wp.com\/larevistadigital.com.ar\/blog\/wp-content\/uploads\/Transito-Ruta-1.jpeg?fit=1280%2C700&ssl=1","jetpack_sharing_enabled":true,"jetpack_shortlink":"https:\/\/wp.me\/p8qtrQ-3JY","jetpack-related-posts":[{"id":14515,"url":"https:\/\/larevistadigital.com.ar\/blog\/febrero-empezo-con-la-ruta-2-colapsada-de-vehiculos-hacia-la-costa-atlantica\/","url_meta":{"origin":14382,"position":0},"title":"FEBRERO EMPEZ\u00d3 CON LA RUTA 2 COLAPSADA DE VEH\u00cdCULOS HACIA LA COSTA ATL\u00c1NTICA","author":"Alejandro Sosa Ruda","date":"1 febrero, 2020","format":false,"excerpt":"La autov\u00eda se encuentra intensamente\u00a0transitada desde anoche. Hay demoras. Piden paciencia a los conductores. M\u00e1s de 2600 autos por hora atraviesan la ruta en direcci\u00f3n a Mar del Plata.\u00a0 Termin\u00f3 enero y comenz\u00f3 febrero, no solo con\u00a0un alentador pron\u00f3stico en cuanto al clima, sino tambi\u00e9n en relaci\u00f3n a las expectativas\u2026","rel":"","context":"En \u00abINTERES GENERAL\u00bb","block_context":{"text":"INTERES GENERAL","link":"https:\/\/larevistadigital.com.ar\/blog\/category\/interes-general\/"},"img":{"alt_text":"","src":"https:\/\/i0.wp.com\/larevistadigital.com.ar\/blog\/wp-content\/uploads\/Screenshot_2-79.jpg?fit=1012%2C645&ssl=1&resize=350%2C200","width":350,"height":200,"srcset":"https:\/\/i0.wp.com\/larevistadigital.com.ar\/blog\/wp-content\/uploads\/Screenshot_2-79.jpg?fit=1012%2C645&ssl=1&resize=350%2C200 1x, https:\/\/i0.wp.com\/larevistadigital.com.ar\/blog\/wp-content\/uploads\/Screenshot_2-79.jpg?fit=1012%2C645&ssl=1&resize=525%2C300 1.5x, https:\/\/i0.wp.com\/larevistadigital.com.ar\/blog\/wp-content\/uploads\/Screenshot_2-79.jpg?fit=1012%2C645&ssl=1&resize=700%2C400 2x"},"classes":[]},{"id":13200,"url":"https:\/\/larevistadigital.com.ar\/blog\/aumento-un-27-la-cantidad-de-autos-hacia-la-costa-atlantica\/","url_meta":{"origin":14382,"position":1},"title":"AUMENT\u00d3 UN 27% LA CANTIDAD DE AUTOS HACIA LA COSTA ATL\u00c1NTICA","author":"Alejandro Sosa Ruda","date":"17 noviembre, 2019","format":false,"excerpt":"Seg\u00fan registros de AUBASA, un total de 141.952\u00a0 autos pasaron hacia la Costa por las estaciones de peaje distribuidas en las rutas del Corredor del Atl\u00e1ntico en el inicio del Fin de Semana largo del 18 de noviembre. Esta cifra representa un 27 % m\u00e1s que en 2018, donde se\u2026","rel":"","context":"En \u00abINTERES GENERAL\u00bb","block_context":{"text":"INTERES GENERAL","link":"https:\/\/larevistadigital.com.ar\/blog\/category\/interes-general\/"},"img":{"alt_text":"","src":"https:\/\/i0.wp.com\/larevistadigital.com.ar\/blog\/wp-content\/uploads\/Transito-a-la-Costa-1.jpg?fit=1200%2C634&ssl=1&resize=350%2C200","width":350,"height":200,"srcset":"https:\/\/i0.wp.com\/larevistadigital.com.ar\/blog\/wp-content\/uploads\/Transito-a-la-Costa-1.jpg?fit=1200%2C634&ssl=1&resize=350%2C200 1x, https:\/\/i0.wp.com\/larevistadigital.com.ar\/blog\/wp-content\/uploads\/Transito-a-la-Costa-1.jpg?fit=1200%2C634&ssl=1&resize=525%2C300 1.5x, https:\/\/i0.wp.com\/larevistadigital.com.ar\/blog\/wp-content\/uploads\/Transito-a-la-Costa-1.jpg?fit=1200%2C634&ssl=1&resize=700%2C400 2x, https:\/\/i0.wp.com\/larevistadigital.com.ar\/blog\/wp-content\/uploads\/Transito-a-la-Costa-1.jpg?fit=1200%2C634&ssl=1&resize=1050%2C600 3x"},"classes":[]},{"id":29317,"url":"https:\/\/larevistadigital.com.ar\/blog\/mas-de-2-300-vehiculos-por-hora-en-las-rutas-hacia-las-playas-bonaerenses\/","url_meta":{"origin":14382,"position":2},"title":"MAS DE 2.300 VEH\u00cdCULOS POR HORA EN LAS RUTAS HACIA LAS PLAYAS BONAERENSES","author":"Alejandro Sosa Ruda","date":"8 diciembre, 2022","format":false,"excerpt":"Sanboromb\u00f3n y Maip\u00fa, los dos puntos m\u00e1s colapsados por el c\u00famulo de autom\u00f3viles, junto con la autopista Buenos Aires-La Plata, que presenta demoras cerca de tres kil\u00f3metros sentido a la Costa. 8 de diciembre de 2022 \u00a0Las rutas hacia la costa atl\u00e1ntica bonaerense presentaban en la ma\u00f1ana de este jueves\u2026","rel":"","context":"En \u00abREGIONALES\u00bb","block_context":{"text":"REGIONALES","link":"https:\/\/larevistadigital.com.ar\/blog\/category\/regionales\/"},"img":{"alt_text":"","src":"https:\/\/i0.wp.com\/larevistadigital.com.ar\/blog\/wp-content\/uploads\/20221208114735_peae.jpg?fit=880%2C512&ssl=1&resize=350%2C200","width":350,"height":200,"srcset":"https:\/\/i0.wp.com\/larevistadigital.com.ar\/blog\/wp-content\/uploads\/20221208114735_peae.jpg?fit=880%2C512&ssl=1&resize=350%2C200 1x, https:\/\/i0.wp.com\/larevistadigital.com.ar\/blog\/wp-content\/uploads\/20221208114735_peae.jpg?fit=880%2C512&ssl=1&resize=525%2C300 1.5x, https:\/\/i0.wp.com\/larevistadigital.com.ar\/blog\/wp-content\/uploads\/20221208114735_peae.jpg?fit=880%2C512&ssl=1&resize=700%2C400 2x"},"classes":[]},{"id":29292,"url":"https:\/\/larevistadigital.com.ar\/blog\/chascomus-violento-choque-a-la-altura-del-control-policial-de-samborombon\/","url_meta":{"origin":14382,"position":3},"title":"CHASCOM\u00daS: VIOLENTO CHOQUE A LA ALTURA DEL CONTROL POLICIAL DE SAMBOROMBON","author":"Alejandro Sosa Ruda","date":"7 diciembre, 2022","format":false,"excerpt":"Fue a la altura de Samborombon, y hubieron heridos. Participaron tres autos. 7 de diciembre de 2022 CHASCOM\u00daS -\u00a0 Se viene el fin de semana largo, y hubo un violento choque a la altura del control vial que se encuentra metros antes de la estaci\u00f3n de peaje en Samborombon. El\u2026","rel":"","context":"En \u00abDESTACADAS\u00bb","block_context":{"text":"DESTACADAS","link":"https:\/\/larevistadigital.com.ar\/blog\/category\/destacadas\/"},"img":{"alt_text":"","src":"https:\/\/i0.wp.com\/larevistadigital.com.ar\/blog\/wp-content\/uploads\/ruta2-1.jpg?fit=1200%2C675&ssl=1&resize=350%2C200","width":350,"height":200,"srcset":"https:\/\/i0.wp.com\/larevistadigital.com.ar\/blog\/wp-content\/uploads\/ruta2-1.jpg?fit=1200%2C675&ssl=1&resize=350%2C200 1x, https:\/\/i0.wp.com\/larevistadigital.com.ar\/blog\/wp-content\/uploads\/ruta2-1.jpg?fit=1200%2C675&ssl=1&resize=525%2C300 1.5x, https:\/\/i0.wp.com\/larevistadigital.com.ar\/blog\/wp-content\/uploads\/ruta2-1.jpg?fit=1200%2C675&ssl=1&resize=700%2C400 2x, https:\/\/i0.wp.com\/larevistadigital.com.ar\/blog\/wp-content\/uploads\/ruta2-1.jpg?fit=1200%2C675&ssl=1&resize=1050%2C600 3x"},"classes":[]},{"id":4887,"url":"https:\/\/larevistadigital.com.ar\/blog\/miles-turistas-eligieron-retornar-lunes\/","url_meta":{"origin":14382,"position":4},"title":"MILES DE TURISTAS ELIGIERON RETORNAR EL LUNES","author":"Alejandro Sosa Ruda","date":"13 febrero, 2018","format":false,"excerpt":"Miles de turistas que eligieron como destino la costa atl\u00e1ntica, tomaron la decisi\u00f3n de retornar a sus hogares el d\u00eda lunes, es decir un d\u00eda antes del \u00faltimo feriado de la semana, por los festejos correspondientes al carnaval. Por eso, durante too el d\u00eda hubo gran afluencia de tr\u00e1nsito en\u2026","rel":"","context":"En \u00abDESTACADAS\u00bb","block_context":{"text":"DESTACADAS","link":"https:\/\/larevistadigital.com.ar\/blog\/category\/destacadas\/"},"img":{"alt_text":"","src":"https:\/\/i0.wp.com\/larevistadigital.com.ar\/blog\/wp-content\/uploads\/2018\/02\/WhatsApp-Image-2018-02-12-at-23.03.43.jpeg?fit=888%2C306&ssl=1&resize=350%2C200","width":350,"height":200,"srcset":"https:\/\/i0.wp.com\/larevistadigital.com.ar\/blog\/wp-content\/uploads\/2018\/02\/WhatsApp-Image-2018-02-12-at-23.03.43.jpeg?fit=888%2C306&ssl=1&resize=350%2C200 1x, https:\/\/i0.wp.com\/larevistadigital.com.ar\/blog\/wp-content\/uploads\/2018\/02\/WhatsApp-Image-2018-02-12-at-23.03.43.jpeg?fit=888%2C306&ssl=1&resize=525%2C300 1.5x, https:\/\/i0.wp.com\/larevistadigital.com.ar\/blog\/wp-content\/uploads\/2018\/02\/WhatsApp-Image-2018-02-12-at-23.03.43.jpeg?fit=888%2C306&ssl=1&resize=700%2C400 2x"},"classes":[]},{"id":26013,"url":"https:\/\/larevistadigital.com.ar\/blog\/se-infracciono-durante-el-fin-de-semana-largo-a-40-banquineros-con-multas-de-hasta-123-400\/","url_meta":{"origin":14382,"position":5},"title":"SE INFRACCION\u00d3 DURANTE EL FIN DE SEMANA LARGO A 40 BANQUINEROS CON MULTAS DE HASTA $123.400.-","author":"Alejandro Sosa Ruda","date":"21 junio, 2022","format":false,"excerpt":"El operativo vial se realiz\u00f3 en las rutas rumbo a la Costa Atl\u00e1ntica. Destacaron que hubo una importante merma en el n\u00famero de infractores. La\u00a0Agencia Nacional de Seguridad Vial\u00a0(ANSV) mont\u00f3 un importante operativo de control y detect\u00f3 entre el jueves y el lunes\u00a0un total de 40 conductores\u00a0que transitaban por las\u2026","rel":"","context":"En \u00abDESTACADAS\u00bb","block_context":{"text":"DESTACADAS","link":"https:\/\/larevistadigital.com.ar\/blog\/category\/destacadas\/"},"img":{"alt_text":"","src":"https:\/\/i0.wp.com\/larevistadigital.com.ar\/blog\/wp-content\/uploads\/628dfade0934897d2b6c9b3b2591638eb0fbf31f.jpg?fit=1140%2C599&ssl=1&resize=350%2C200","width":350,"height":200,"srcset":"https:\/\/i0.wp.com\/larevistadigital.com.ar\/blog\/wp-content\/uploads\/628dfade0934897d2b6c9b3b2591638eb0fbf31f.jpg?fit=1140%2C599&ssl=1&resize=350%2C200 1x, https:\/\/i0.wp.com\/larevistadigital.com.ar\/blog\/wp-content\/uploads\/628dfade0934897d2b6c9b3b2591638eb0fbf31f.jpg?fit=1140%2C599&ssl=1&resize=525%2C300 1.5x, https:\/\/i0.wp.com\/larevistadigital.com.ar\/blog\/wp-content\/uploads\/628dfade0934897d2b6c9b3b2591638eb0fbf31f.jpg?fit=1140%2C599&ssl=1&resize=700%2C400 2x, https:\/\/i0.wp.com\/larevistadigital.com.ar\/blog\/wp-content\/uploads\/628dfade0934897d2b6c9b3b2591638eb0fbf31f.jpg?fit=1140%2C599&ssl=1&resize=1050%2C600 3x"},"classes":[]}],"_links":{"self":[{"href":"https:\/\/larevistadigital.com.ar\/blog\/wp-json\/wp\/v2\/posts\/14382","targetHints":{"allow":["GET"]}}],"collection":[{"href":"https:\/\/larevistadigital.com.ar\/blog\/wp-json\/wp\/v2\/posts"}],"about":[{"href":"https:\/\/larevistadigital.com.ar\/blog\/wp-json\/wp\/v2\/types\/post"}],"author":[{"embeddable":true,"href":"https:\/\/larevistadigital.com.ar\/blog\/wp-json\/wp\/v2\/users\/3"}],"replies":[{"embeddable":true,"href":"https:\/\/larevistadigital.com.ar\/blog\/wp-json\/wp\/v2\/comments?post=14382"}],"version-history":[{"count":1,"href":"https:\/\/larevistadigital.com.ar\/blog\/wp-json\/wp\/v2\/posts\/14382\/revisions"}],"predecessor-version":[{"id":14384,"href":"https:\/\/larevistadigital.com.ar\/blog\/wp-json\/wp\/v2\/posts\/14382\/revisions\/14384"}],"wp:featuredmedia":[{"embeddable":true,"href":"https:\/\/larevistadigital.com.ar\/blog\/wp-json\/wp\/v2\/media\/14383"}],"wp:attachment":[{"href":"https:\/\/larevistadigital.com.ar\/blog\/wp-json\/wp\/v2\/media?parent=14382"}],"wp:term":[{"taxonomy":"category","embeddable":true,"href":"https:\/\/larevistadigital.com.ar\/blog\/wp-json\/wp\/v2\/categories?post=14382"},{"taxonomy":"post_tag","embeddable":true,"href":"https:\/\/larevistadigital.com.ar\/blog\/wp-json\/wp\/v2\/tags?post=14382"}],"curies":[{"name":"wp","href":"https:\/\/api.w.org\/{rel}","templated":true}]}}