{"id":14386,"date":"2020-01-26T10:59:26","date_gmt":"2020-01-26T10:59:26","guid":{"rendered":"https:\/\/larevistadigital.com.ar\/blog\/?p=14386"},"modified":"2020-01-26T11:55:44","modified_gmt":"2020-01-26T11:55:44","slug":"mar-del-plata-asaltan-heladeria-a-mano-armada-fueron-detenidos","status":"publish","type":"post","link":"https:\/\/larevistadigital.com.ar\/blog\/mar-del-plata-asaltan-heladeria-a-mano-armada-fueron-detenidos\/","title":{"rendered":"MAR DEL PLATA: ASALTAN HELADER\u00cdA A MANO ARMADA. FUERON DETENIDOS"},"content":{"rendered":"<p>Tres hombres, de entre 28 y 43 a\u00f1os, fueron detenidos esta madrugada acusados de haber robado a mano armada una helader\u00eda en\u00a0<strong>Col\u00f3n y Buenos Aires<\/strong>\u00a0y escapado en dos autos tras una persecuci\u00f3n que termin\u00f3 a metros del\u00a0<strong>Parque Camet<\/strong>.<\/p>\n<p>El hecho se registr\u00f3 cerca de las 4 de la madrugada, cuando tres hombres armados asaltaron la helader\u00eda de la firma Reggio ubicada en\u00a0<strong>Buenos Aires<\/strong>\u00a0y la\u00a0<strong>avenida Col\u00f3n<\/strong>. Los delincuentes se llevaron un celular, dinero en efectivo y las llave de un auto<strong>\u00a0Fiat Qubo<\/strong>.<\/p>\n<blockquote>\n<h3>Uno de los asaltantes huy\u00f3 en el\u00a0<strong>Fiat Qubo<\/strong>\u00a0robado, mientras que los otros dos en un\u00a0<strong>Renault Clio<\/strong>.<\/h3>\n<\/blockquote>\n<p>Un llamado al 911 alert\u00f3 a la polic\u00eda de la situaci\u00f3n, que inmediatamente realiz\u00f3 un operativo cerrojo para intentar dar con los delincuentes. El Fiat Qubo fue visto en la zona de\u00a0<strong>Belgrano y Champagnat,<\/strong>\u00a0por lo que un patrullero comenz\u00f3 a perseguirlo hasta que en\u00a0<strong>Condarco y Bautista<\/strong>\u00a0el conductor frena, abandona el veh\u00edculo y sale corriendo, hasta que finalmente en\u00a0Cianchetta al 3400 el hombre, de 43 a\u00f1os, fue detenido.<\/p>\n<blockquote>\n<h3>En el interior del auto la polic\u00eda incaut\u00f3\u00a0<strong>88.000 pesos<\/strong>\u00a0y 300 d\u00f3lares, que habr\u00edan sido robados a la v\u00edctima.<\/h3>\n<\/blockquote>\n<p>Paralelamente, la polic\u00eda sigui\u00f3 en la b\u00fasqueda del\u00a0<strong>Renault Clio<\/strong>, que es interceptado por un patrullero en\u00a0<strong>Costa Azul y Condarco<\/strong>, del barrio Fray Luis Beltran a metros del Parque Camet. En el auto iban dos hombres, de 28 y 40 a\u00f1os, que fueron detenidos.<\/p>\n<p>El hecho es investigado por el fiscal <strong>Fernando Berlingeri<\/strong>, quien imput\u00f3 a\u00a0los acusados por robo agravado por el uso de arma de fuego y su comisi\u00f3n en poblado y en banda y dispuso que quedaran detenidos en la Unidad Penal 44 de Bat\u00e1n hasta su declaraci\u00f3n, prevista para el lunes. Adem\u00e1s, orden\u00f3 que ambos autos quedaran secuestrados para posteriores pericias.<\/p>\n<p>PUBLICADO EN LC<\/p>\n","protected":false},"excerpt":{"rendered":"<div class=\"mh-excerpt\"><p>Tres hombres, de entre 28 y 43 a\u00f1os, fueron detenidos esta madrugada acusados de haber robado a mano armada una helader\u00eda en\u00a0Col\u00f3n y Buenos Aires\u00a0y escapado en dos autos tras una persecuci\u00f3n que termin\u00f3 a <a class=\"mh-excerpt-more\" href=\"https:\/\/larevistadigital.com.ar\/blog\/mar-del-plata-asaltan-heladeria-a-mano-armada-fueron-detenidos\/\" title=\"MAR DEL PLATA: ASALTAN HELADER\u00cdA A MANO ARMADA. FUERON DETENIDOS\">[Leer M\u00e1s]<\/a><\/p>\n<\/div>","protected":false},"author":3,"featured_media":14387,"comment_status":"open","ping_status":"open","sticky":false,"template":"","format":"standard","meta":{"_jetpack_memberships_contains_paid_content":false,"footnotes":"","jetpack_publicize_message":"","jetpack_publicize_feature_enabled":true,"jetpack_social_post_already_shared":true,"jetpack_social_options":{"image_generator_settings":{"template":"highway","default_image_id":0,"font":"","enabled":false},"version":2}},"categories":[44,51],"tags":[],"class_list":{"0":"post-14386","1":"post","2":"type-post","3":"status-publish","4":"format-standard","5":"has-post-thumbnail","7":"category-policiales","8":"category-regionales"},"jetpack_publicize_connections":[],"jetpack_featured_media_url":"https:\/\/i0.wp.com\/larevistadigital.com.ar\/blog\/wp-content\/uploads\/Screenshot_2-74.jpg?fit=1010%2C720&ssl=1","jetpack_sharing_enabled":true,"jetpack_shortlink":"https:\/\/wp.me\/p8qtrQ-3K2","jetpack-related-posts":[{"id":36445,"url":"https:\/\/larevistadigital.com.ar\/blog\/choque-en-la-ruta-11-con-el-saldo-de-un-muerto-y-tres-heridos\/","url_meta":{"origin":14386,"position":0},"title":"CHOQUE EN LA RUTA 11 CON EL SALDO DE UN MUERTO Y TRES HERIDOS","author":"Alejandro Sosa Ruda","date":"26 junio, 2024","format":false,"excerpt":"Ocurri\u00f3 en Mar Chiquita donde dos veh\u00edculos chocaron de frente. 26 de Junio de 2024 MAR CHIQUITA -\u00a0 \u00a0Un violento siniestro ocurri\u00f3 en la ruta 11 a la altura del kil\u00f3metro 480, en cercan\u00eda a Mar Chiquita, cuando un autom\u00f3vil Renault Kangoo y un Fiat Qubo chocaron de manera frontal,\u2026","rel":"","context":"En \u00abPOLICIALES\u00bb","block_context":{"text":"POLICIALES","link":"https:\/\/larevistadigital.com.ar\/blog\/category\/policiales\/"},"img":{"alt_text":"","src":"https:\/\/i0.wp.com\/larevistadigital.com.ar\/blog\/wp-content\/uploads\/2dc5e1f1e708c3dc97a8da97fcce3082102b1a71.png?fit=1140%2C708&ssl=1&resize=350%2C200","width":350,"height":200,"srcset":"https:\/\/i0.wp.com\/larevistadigital.com.ar\/blog\/wp-content\/uploads\/2dc5e1f1e708c3dc97a8da97fcce3082102b1a71.png?fit=1140%2C708&ssl=1&resize=350%2C200 1x, https:\/\/i0.wp.com\/larevistadigital.com.ar\/blog\/wp-content\/uploads\/2dc5e1f1e708c3dc97a8da97fcce3082102b1a71.png?fit=1140%2C708&ssl=1&resize=525%2C300 1.5x, https:\/\/i0.wp.com\/larevistadigital.com.ar\/blog\/wp-content\/uploads\/2dc5e1f1e708c3dc97a8da97fcce3082102b1a71.png?fit=1140%2C708&ssl=1&resize=700%2C400 2x, https:\/\/i0.wp.com\/larevistadigital.com.ar\/blog\/wp-content\/uploads\/2dc5e1f1e708c3dc97a8da97fcce3082102b1a71.png?fit=1140%2C708&ssl=1&resize=1050%2C600 3x"},"classes":[]},{"id":8989,"url":"https:\/\/larevistadigital.com.ar\/blog\/violento-choque-en-la-ruta-2\/","url_meta":{"origin":14386,"position":1},"title":"VIOLENTO CHOQUE EN LA RUTA 2","author":"Alejandro Sosa Ruda","date":"10 marzo, 2019","format":false,"excerpt":"Esta tarde se produjo un fuerte accidente entre dos veh\u00ecculos que circulaban\u00a0por\u00a0la Ruta 2 a la altura del kil\u00f3metro 204. El siniestro fue protagonizado por un\u00a0Fiat Qubo y una Jeep Sport que, por cuestiones que se tratan de establecer chocaron a la altura del Paraje Los Sauquitos, Partido de Dolores.\u2026","rel":"","context":"En \u00abPOLICIALES\u00bb","block_context":{"text":"POLICIALES","link":"https:\/\/larevistadigital.com.ar\/blog\/category\/policiales\/"},"img":{"alt_text":"","src":"https:\/\/i0.wp.com\/larevistadigital.com.ar\/blog\/wp-content\/uploads\/2019\/03\/bf8576c643f72019acbaa44577dc6e217ca0213a.jpg?fit=1140%2C748&ssl=1&resize=350%2C200","width":350,"height":200,"srcset":"https:\/\/i0.wp.com\/larevistadigital.com.ar\/blog\/wp-content\/uploads\/2019\/03\/bf8576c643f72019acbaa44577dc6e217ca0213a.jpg?fit=1140%2C748&ssl=1&resize=350%2C200 1x, https:\/\/i0.wp.com\/larevistadigital.com.ar\/blog\/wp-content\/uploads\/2019\/03\/bf8576c643f72019acbaa44577dc6e217ca0213a.jpg?fit=1140%2C748&ssl=1&resize=525%2C300 1.5x, https:\/\/i0.wp.com\/larevistadigital.com.ar\/blog\/wp-content\/uploads\/2019\/03\/bf8576c643f72019acbaa44577dc6e217ca0213a.jpg?fit=1140%2C748&ssl=1&resize=700%2C400 2x, https:\/\/i0.wp.com\/larevistadigital.com.ar\/blog\/wp-content\/uploads\/2019\/03\/bf8576c643f72019acbaa44577dc6e217ca0213a.jpg?fit=1140%2C748&ssl=1&resize=1050%2C600 3x"},"classes":[]},{"id":33112,"url":"https:\/\/larevistadigital.com.ar\/blog\/mar-del-plata-quisieron-robar-un-bano-quimico-en-un-falcon-y-fueron-descubiertos\/","url_meta":{"origin":14386,"position":2},"title":"MAR DEL PLATA: QUISIERON ROBAR UN BA\u00d1O QU\u00cdMICO EN UN FALCON Y FUERON DESCUBIERTOS","author":"Alejandro Sosa Ruda","date":"29 agosto, 2023","format":false,"excerpt":"El hecho ocurri\u00f3 esta madrugada en un balneario del barrio Alfar. Los delincuentes, dos hombres de 44 y 45 a\u00f1os, quedaron aprehendidos. 29 de agosto de 2023 MAR DEL PLATA -\u00a0 Una alerta al n\u00famero de emergencias 911 puso en movimiento al personal de la comisar\u00eda decimotercera al sur de\u2026","rel":"","context":"En \u00abPOLICIALES\u00bb","block_context":{"text":"POLICIALES","link":"https:\/\/larevistadigital.com.ar\/blog\/category\/policiales\/"},"img":{"alt_text":"","src":"https:\/\/i0.wp.com\/larevistadigital.com.ar\/blog\/wp-content\/uploads\/Captura-de-pantalla-2023-08-29-140522.jpg?fit=824%2C458&ssl=1&resize=350%2C200","width":350,"height":200,"srcset":"https:\/\/i0.wp.com\/larevistadigital.com.ar\/blog\/wp-content\/uploads\/Captura-de-pantalla-2023-08-29-140522.jpg?fit=824%2C458&ssl=1&resize=350%2C200 1x, https:\/\/i0.wp.com\/larevistadigital.com.ar\/blog\/wp-content\/uploads\/Captura-de-pantalla-2023-08-29-140522.jpg?fit=824%2C458&ssl=1&resize=525%2C300 1.5x, https:\/\/i0.wp.com\/larevistadigital.com.ar\/blog\/wp-content\/uploads\/Captura-de-pantalla-2023-08-29-140522.jpg?fit=824%2C458&ssl=1&resize=700%2C400 2x"},"classes":[]},{"id":15488,"url":"https:\/\/larevistadigital.com.ar\/blog\/tres-detenidos-luego-de-robar-a-una-mujer-de-72-anos-mediante-operativo-cerrojo\/","url_meta":{"origin":14386,"position":3},"title":"TRES DETENIDOS LUEGO DE ROBAR A UNA MUJER DE 72 A\u00d1OS, MEDIANTE OPERATIVO CERROJO","author":"Alejandro Sosa Ruda","date":"2 junio, 2020","format":false,"excerpt":"TOLOSA - Un menor de 16 a\u00f1os y dos j\u00f3venes de 19 y 22 fueron detenidos esta madrugada luego de asaltar a una mujer de 72 a\u00f1os en Tolosa, a la que le robaron un auto. El hecho ocurri\u00f3 anoche en 523 entre 4 y 5 cuando la mujer lleg\u00f3\u2026","rel":"","context":"En \u00abPOLICIALES\u00bb","block_context":{"text":"POLICIALES","link":"https:\/\/larevistadigital.com.ar\/blog\/category\/policiales\/"},"img":{"alt_text":"","src":"https:\/\/i0.wp.com\/larevistadigital.com.ar\/blog\/wp-content\/uploads\/20200602102814_61b35eea_fefe_4cc2_8967_e41c8fb506f1.jpg?fit=880%2C586&ssl=1&resize=350%2C200","width":350,"height":200,"srcset":"https:\/\/i0.wp.com\/larevistadigital.com.ar\/blog\/wp-content\/uploads\/20200602102814_61b35eea_fefe_4cc2_8967_e41c8fb506f1.jpg?fit=880%2C586&ssl=1&resize=350%2C200 1x, https:\/\/i0.wp.com\/larevistadigital.com.ar\/blog\/wp-content\/uploads\/20200602102814_61b35eea_fefe_4cc2_8967_e41c8fb506f1.jpg?fit=880%2C586&ssl=1&resize=525%2C300 1.5x, https:\/\/i0.wp.com\/larevistadigital.com.ar\/blog\/wp-content\/uploads\/20200602102814_61b35eea_fefe_4cc2_8967_e41c8fb506f1.jpg?fit=880%2C586&ssl=1&resize=700%2C400 2x"},"classes":[]},{"id":7605,"url":"https:\/\/larevistadigital.com.ar\/blog\/cuento-del-tio-a-jubilada-y-le-roban-130-000-luego-fueron-detenidos\/","url_meta":{"origin":14386,"position":4},"title":"CUENTO DEL T\u00cdO A JUBILADA Y LE ROBAN $130.000.- LUEGO FUERON DETENIDOS","author":"Alejandro Sosa Ruda","date":"5 enero, 2019","format":false,"excerpt":"Dos delincuentes fueron detenidos por efectivos de la polic\u00edas de la Provincia de Buenos Aires\u00a0despu\u00e9s\u00a0de enga\u00f1ar\u00e1n a una jubilada de 85 a\u00f1os para que sacara todos sus ahorros del banco, para as\u00ed poder robarle. El hecho ocurri\u00f3 en Salto, cuando la victima\u00a0recibi\u00f3 un llamado de parte de una persona que\u2026","rel":"","context":"En \u00abPOLICIALES\u00bb","block_context":{"text":"POLICIALES","link":"https:\/\/larevistadigital.com.ar\/blog\/category\/policiales\/"},"img":{"alt_text":"","src":"https:\/\/i0.wp.com\/larevistadigital.com.ar\/blog\/wp-content\/uploads\/2019\/01\/f800x450-498269_549715_165.jpg?fit=800%2C450&ssl=1&resize=350%2C200","width":350,"height":200,"srcset":"https:\/\/i0.wp.com\/larevistadigital.com.ar\/blog\/wp-content\/uploads\/2019\/01\/f800x450-498269_549715_165.jpg?fit=800%2C450&ssl=1&resize=350%2C200 1x, https:\/\/i0.wp.com\/larevistadigital.com.ar\/blog\/wp-content\/uploads\/2019\/01\/f800x450-498269_549715_165.jpg?fit=800%2C450&ssl=1&resize=525%2C300 1.5x, https:\/\/i0.wp.com\/larevistadigital.com.ar\/blog\/wp-content\/uploads\/2019\/01\/f800x450-498269_549715_165.jpg?fit=800%2C450&ssl=1&resize=700%2C400 2x"},"classes":[]},{"id":28878,"url":"https:\/\/larevistadigital.com.ar\/blog\/asesinaron-a-mauricio-cordara-chofer-del-vicepresidente-de-osprera-pablo-ansaloni\/","url_meta":{"origin":14386,"position":5},"title":"ASESINARON A MAURICIO CORDARA, CHOFER DEL VICEPRESIDENTE DE OSPRERA, PABLO ANSALONI","author":"Alejandro Sosa Ruda","date":"19 noviembre, 2022","format":false,"excerpt":"Ten\u00eda 45 a\u00f1os y se desempe\u00f1aba como chofer del exdiputado y actual vicepresidente de la obra social de los trabajadores rurales. Fue asesinado en Col\u00f3n, cuando bajaba las valijas del auto en el que hab\u00eda transportado a los hijos de Ansaloni. Recibi\u00f3 varios balazos por parte de un hombre vestido\u2026","rel":"","context":"En \u00abGREMIALES\u00bb","block_context":{"text":"GREMIALES","link":"https:\/\/larevistadigital.com.ar\/blog\/category\/gremiales\/"},"img":{"alt_text":"","src":"https:\/\/i0.wp.com\/larevistadigital.com.ar\/blog\/wp-content\/uploads\/cordara-mauri.jpg?fit=720%2C960&ssl=1&resize=350%2C200","width":350,"height":200,"srcset":"https:\/\/i0.wp.com\/larevistadigital.com.ar\/blog\/wp-content\/uploads\/cordara-mauri.jpg?fit=720%2C960&ssl=1&resize=350%2C200 1x, https:\/\/i0.wp.com\/larevistadigital.com.ar\/blog\/wp-content\/uploads\/cordara-mauri.jpg?fit=720%2C960&ssl=1&resize=525%2C300 1.5x, https:\/\/i0.wp.com\/larevistadigital.com.ar\/blog\/wp-content\/uploads\/cordara-mauri.jpg?fit=720%2C960&ssl=1&resize=700%2C400 2x"},"classes":[]}],"_links":{"self":[{"href":"https:\/\/larevistadigital.com.ar\/blog\/wp-json\/wp\/v2\/posts\/14386","targetHints":{"allow":["GET"]}}],"collection":[{"href":"https:\/\/larevistadigital.com.ar\/blog\/wp-json\/wp\/v2\/posts"}],"about":[{"href":"https:\/\/larevistadigital.com.ar\/blog\/wp-json\/wp\/v2\/types\/post"}],"author":[{"embeddable":true,"href":"https:\/\/larevistadigital.com.ar\/blog\/wp-json\/wp\/v2\/users\/3"}],"replies":[{"embeddable":true,"href":"https:\/\/larevistadigital.com.ar\/blog\/wp-json\/wp\/v2\/comments?post=14386"}],"version-history":[{"count":1,"href":"https:\/\/larevistadigital.com.ar\/blog\/wp-json\/wp\/v2\/posts\/14386\/revisions"}],"predecessor-version":[{"id":14388,"href":"https:\/\/larevistadigital.com.ar\/blog\/wp-json\/wp\/v2\/posts\/14386\/revisions\/14388"}],"wp:featuredmedia":[{"embeddable":true,"href":"https:\/\/larevistadigital.com.ar\/blog\/wp-json\/wp\/v2\/media\/14387"}],"wp:attachment":[{"href":"https:\/\/larevistadigital.com.ar\/blog\/wp-json\/wp\/v2\/media?parent=14386"}],"wp:term":[{"taxonomy":"category","embeddable":true,"href":"https:\/\/larevistadigital.com.ar\/blog\/wp-json\/wp\/v2\/categories?post=14386"},{"taxonomy":"post_tag","embeddable":true,"href":"https:\/\/larevistadigital.com.ar\/blog\/wp-json\/wp\/v2\/tags?post=14386"}],"curies":[{"name":"wp","href":"https:\/\/api.w.org\/{rel}","templated":true}]}}