{"id":14389,"date":"2020-01-26T12:28:23","date_gmt":"2020-01-26T12:28:23","guid":{"rendered":"https:\/\/larevistadigital.com.ar\/blog\/?p=14389"},"modified":"2020-01-26T12:28:23","modified_gmt":"2020-01-26T12:28:23","slug":"se-puede-decir-lo-de-siempre-golpean-y-roban-en-manada-a-la-salida-de-un-boliche-en-playa-grande","status":"publish","type":"post","link":"https:\/\/larevistadigital.com.ar\/blog\/se-puede-decir-lo-de-siempre-golpean-y-roban-en-manada-a-la-salida-de-un-boliche-en-playa-grande\/","title":{"rendered":"SE PUEDE DECIR: \u00abLO DE SIEMPRE\u00bb GOLPEAN Y ROBAN \u00abEN MANADA\u00bb A LA SALIDA DE UN BOLICHE EN PLAYA GRANDE"},"content":{"rendered":"<h2><em>Un adolescente de 16 a\u00f1os qued\u00f3 aprehendido, mientras que el resto de los agresores logr\u00f3 dispersarse y escapar. Desde el Fuero de Responsabilidad Penal Juvenil remarcaron la \u00abfalta de control\u00bb en los ingresos y salidas de los boliches de la zona.<\/em><\/h2>\n<p>Dos j\u00f3venes fueron golpeados por un grupo de unos diez adolescentes a la salida de un boliche de Playa Grande que, tras el ataque, les robaron el celular y la billetera.<\/p>\n<blockquote>\n<h3>Por el hecho, que ocurri\u00f3 el s\u00e1bado a la ma\u00f1ana, un\u00a0<strong>adolescente de 16 a\u00f1os<\/strong>\u00a0fue detenido, el resto del grupo logr\u00f3 dispersarse y escapar, y en su declaraci\u00f3n asegur\u00f3 que, a pesar de ser menor, hab\u00eda ingresado a un boliche de la zona de Playa Grande\u00a0 y que \u201cno se trat\u00f3 de un robo, solo de una pelea\u201d.<\/h3>\n<\/blockquote>\n<p>El adolescente se encuentra detenido en el\u00a0<strong>Centro Cerrado de Menores de Bat\u00e1n<\/strong>\u00a0y el martes se realizar\u00e1 una audiencia por su excarcelaci\u00f3n, de la que participar\u00e1 el fiscal que lleva la causa,\u00a0<strong>Marcelo Y\u00e1\u00f1ez Urrutia.<\/strong><\/p>\n<p>El fiscal del\u00a0<strong>Fuero de Responsabilidad Penal Juvenil<\/strong>\u00a0remarc\u00f3 que existe \u201c<strong>una clara falta de control<\/strong>\u201c, ya que asegur\u00f3 que \u201cno es la primera vez\u201d que sucede que un menor que sale de un boliche en Playa Grande queda involucrado en un delito.<\/p>\n<blockquote>\n<h3>\u201cFalla la Secretar\u00eda de la Ni\u00f1ez y Adolescencia, falla la polic\u00eda y falla la seguridad privada que no realiza el control como corresponde\u201d, consider\u00f3 el fiscal, ya que el adolescente no deber\u00eda haber podido ingresar a un boliche.<\/h3>\n<\/blockquote>\n<p>El hecho se registr\u00f3 el s\u00e1bado cerca de las 7 de la ma\u00f1ana. Las v\u00edctimas, de 23 a\u00f1os, hab\u00edan salido de un boliche de Playa Grande y al pasar por el\u00a0<strong>Parque San Mart\u00edn<\/strong>\u00a0se cruzaron con un grupo de un diez adolescentes. Seg\u00fan declarar\u00edan luego, intercambiaron alguna mirada, alg\u00fan comentario y eso desencaden\u00f3 en una pelea.<\/p>\n<blockquote>\n<h3>Los dos j\u00f3venes fueron atacados en manada y recibieron golpes de pu\u00f1o y de palos. En alg\u00fan momento, mientras eran golpeados, alguien aprovech\u00f3 y le quit\u00f3 sus pertenencias. Luego, el grupo agresor se dispers\u00f3 y huy\u00f3.<\/h3>\n<\/blockquote>\n<p>Las v\u00edctimas caminaron unas cuadras hasta que en\u00a0<strong>Roca y Carlos Pellegrini<\/strong>\u00a0encontraron a unos agentes de la Polic\u00eda Local y les explicaron la situaci\u00f3n. Los j\u00f3venes fueron junto con los uniformados a la costa, donde reconocieron a uno de los adolescentes que los hab\u00edan atacado.<\/p>\n<p>El acusado fue aprehendido por la Polic\u00eda Local que al identificarlo como menor le comunic\u00f3 lo sucedido al fiscal Y\u00e1\u00f1ez Urrutia.<\/p>\n","protected":false},"excerpt":{"rendered":"<div class=\"mh-excerpt\"><p>Un adolescente de 16 a\u00f1os qued\u00f3 aprehendido, mientras que el resto de los agresores logr\u00f3 dispersarse y escapar. Desde el Fuero de Responsabilidad Penal Juvenil remarcaron la \u00abfalta de control\u00bb en los ingresos y salidas <a class=\"mh-excerpt-more\" href=\"https:\/\/larevistadigital.com.ar\/blog\/se-puede-decir-lo-de-siempre-golpean-y-roban-en-manada-a-la-salida-de-un-boliche-en-playa-grande\/\" title=\"SE PUEDE DECIR: \u00abLO DE SIEMPRE\u00bb GOLPEAN Y ROBAN \u00abEN MANADA\u00bb A LA SALIDA DE UN BOLICHE EN PLAYA GRANDE\">[Leer M\u00e1s]<\/a><\/p>\n<\/div>","protected":false},"author":3,"featured_media":14390,"comment_status":"open","ping_status":"open","sticky":false,"template":"","format":"standard","meta":{"_jetpack_memberships_contains_paid_content":false,"footnotes":"","jetpack_publicize_message":"","jetpack_publicize_feature_enabled":true,"jetpack_social_post_already_shared":true,"jetpack_social_options":{"image_generator_settings":{"template":"highway","default_image_id":0,"font":"","enabled":false},"version":2}},"categories":[44,51],"tags":[],"class_list":{"0":"post-14389","1":"post","2":"type-post","3":"status-publish","4":"format-standard","5":"has-post-thumbnail","7":"category-policiales","8":"category-regionales"},"jetpack_publicize_connections":[],"jetpack_featured_media_url":"https:\/\/i0.wp.com\/larevistadigital.com.ar\/blog\/wp-content\/uploads\/Screenshot_3-37.jpg?fit=838%2C545&ssl=1","jetpack_sharing_enabled":true,"jetpack_shortlink":"https:\/\/wp.me\/p8qtrQ-3K5","jetpack-related-posts":[{"id":41238,"url":"https:\/\/larevistadigital.com.ar\/blog\/femicidio-en-tandil-conmocion-por-el-asesinato-de-una-joven-de-18-anos-a-la-salida-de-un-boliche\/","url_meta":{"origin":14389,"position":0},"title":"Femicidio en Tandil: conmoci\u00f3n por el asesinato de una joven de 18 a\u00f1os a la salida de un boliche","author":"Alejandro Sosa Ruda","date":"1 septiembre, 2025","format":false,"excerpt":"Una madrugada tr\u00e1gica golpe\u00f3 a la ciudad serrana cuando una adolescente fue asesinada de una pu\u00f1alada en el cuello en plena v\u00eda p\u00fablica. El agresor, un joven de 23 a\u00f1os, fue detenido y qued\u00f3 a disposici\u00f3n de la Justicia. 01 de agosto de 2025 TANDIL -\u00a0 \u00a0El hecho ocurri\u00f3 el\u2026","rel":"","context":"En \u00abPOLICIALES\u00bb","block_context":{"text":"POLICIALES","link":"https:\/\/larevistadigital.com.ar\/blog\/category\/policiales\/"},"img":{"alt_text":"","src":"https:\/\/i0.wp.com\/larevistadigital.com.ar\/blog\/wp-content\/uploads\/Captura-de-pantalla-2025-09-01-213003.jpg?fit=709%2C505&ssl=1&resize=350%2C200","width":350,"height":200,"srcset":"https:\/\/i0.wp.com\/larevistadigital.com.ar\/blog\/wp-content\/uploads\/Captura-de-pantalla-2025-09-01-213003.jpg?fit=709%2C505&ssl=1&resize=350%2C200 1x, https:\/\/i0.wp.com\/larevistadigital.com.ar\/blog\/wp-content\/uploads\/Captura-de-pantalla-2025-09-01-213003.jpg?fit=709%2C505&ssl=1&resize=525%2C300 1.5x, https:\/\/i0.wp.com\/larevistadigital.com.ar\/blog\/wp-content\/uploads\/Captura-de-pantalla-2025-09-01-213003.jpg?fit=709%2C505&ssl=1&resize=700%2C400 2x"},"classes":[]},{"id":23023,"url":"https:\/\/larevistadigital.com.ar\/blog\/mar-del-plata-otra-pelea-a-la-salida-de-un-boliche-en-playa-grande-joven-recibio-un-botellazo\/","url_meta":{"origin":14389,"position":1},"title":"MAR DEL PLATA: OTRA PELEA A LA SALIDA DE UN BOLICHE EN PLAYA GRANDE. JOVEN RECIBI\u00d3 UN BOTELLAZO","author":"Alejandro Sosa Ruda","date":"26 diciembre, 2021","format":false,"excerpt":"La situaci\u00f3n qued\u00f3 grabada en un video tomado por un testigo. El joven estuvo internado en el Hospital Interzonal General de Agudos (HIGA) y su padre public\u00f3 en Facebook las im\u00e1genes de los agresores. MAR DEL PLATA\u00a0 -\u00a0 Ocurri\u00f3 otra vez:\u00a0un joven result\u00f3 gravemente herido durante una pelea que se\u2026","rel":"","context":"En \u00abPOLICIALES\u00bb","block_context":{"text":"POLICIALES","link":"https:\/\/larevistadigital.com.ar\/blog\/category\/policiales\/"},"img":{"alt_text":"","src":"https:\/\/i0.wp.com\/larevistadigital.com.ar\/blog\/wp-content\/uploads\/Captura-de-pantalla-2021-12-26-104039.jpg?fit=896%2C551&ssl=1&resize=350%2C200","width":350,"height":200,"srcset":"https:\/\/i0.wp.com\/larevistadigital.com.ar\/blog\/wp-content\/uploads\/Captura-de-pantalla-2021-12-26-104039.jpg?fit=896%2C551&ssl=1&resize=350%2C200 1x, https:\/\/i0.wp.com\/larevistadigital.com.ar\/blog\/wp-content\/uploads\/Captura-de-pantalla-2021-12-26-104039.jpg?fit=896%2C551&ssl=1&resize=525%2C300 1.5x, https:\/\/i0.wp.com\/larevistadigital.com.ar\/blog\/wp-content\/uploads\/Captura-de-pantalla-2021-12-26-104039.jpg?fit=896%2C551&ssl=1&resize=700%2C400 2x"},"classes":[]},{"id":23540,"url":"https:\/\/larevistadigital.com.ar\/blog\/mar-del-plata-joven-muere-atropellado-por-colectivo-a-la-salida-del-boliche\/","url_meta":{"origin":14389,"position":2},"title":"MAR DEL PLATA: JOVEN MUERE ATROPELLADO POR COLECTIVO A LA SALIDA DEL BOLICHE","author":"Alejandro Sosa Ruda","date":"24 enero, 2022","format":false,"excerpt":"Sucedi\u00f3 en Playa Grande. La v\u00edctima, de 21 a\u00f1os, era de Tucum\u00e1n y estaba de vacaciones con su familia en el Partido La Costa, pero hab\u00eda viajado a Mar del Plata para encontrarse con unos amigos. MAR DEL PLATA -\u00a0 Un tr\u00e1gico episodio vial se registr\u00f3 esta madrugada en Mar\u2026","rel":"","context":"En \u00abPOLICIALES\u00bb","block_context":{"text":"POLICIALES","link":"https:\/\/larevistadigital.com.ar\/blog\/category\/policiales\/"},"img":{"alt_text":"","src":"https:\/\/i0.wp.com\/larevistadigital.com.ar\/blog\/wp-content\/uploads\/c87f8cee6c1f783878f3846c44acae2691429364.jpg?fit=1140%2C684&ssl=1&resize=350%2C200","width":350,"height":200,"srcset":"https:\/\/i0.wp.com\/larevistadigital.com.ar\/blog\/wp-content\/uploads\/c87f8cee6c1f783878f3846c44acae2691429364.jpg?fit=1140%2C684&ssl=1&resize=350%2C200 1x, https:\/\/i0.wp.com\/larevistadigital.com.ar\/blog\/wp-content\/uploads\/c87f8cee6c1f783878f3846c44acae2691429364.jpg?fit=1140%2C684&ssl=1&resize=525%2C300 1.5x, https:\/\/i0.wp.com\/larevistadigital.com.ar\/blog\/wp-content\/uploads\/c87f8cee6c1f783878f3846c44acae2691429364.jpg?fit=1140%2C684&ssl=1&resize=700%2C400 2x, https:\/\/i0.wp.com\/larevistadigital.com.ar\/blog\/wp-content\/uploads\/c87f8cee6c1f783878f3846c44acae2691429364.jpg?fit=1140%2C684&ssl=1&resize=1050%2C600 3x"},"classes":[]},{"id":40126,"url":"https:\/\/larevistadigital.com.ar\/blog\/joven-de-17-anos-gravemente-agredido-a-la-salida-de-un-boliche\/","url_meta":{"origin":14389,"position":3},"title":"Joven de 17 a\u00f1os gravemente agredido a la salida de un boliche","author":"Alejandro Sosa Ruda","date":"23 junio, 2025","format":false,"excerpt":"Guido Ruiz, de 17 a\u00f1os, fue brutalmente atacado en grupo al salir del boliche \u201cPorte\u00f1o\u201d en la localidad bonaerense de Col\u00f3n. 23 de Junio de 2025 Col\u00f3n. ENTRE R\u00cdOS -\u00a0 \u00a0La agresi\u00f3n tuvo lugar hace una semana y la v\u00edctima, con fracturas en mand\u00edbula y nariz, p\u00e9rdida de varias piezas\u2026","rel":"","context":"En \u00abPOLICIALES\u00bb","block_context":{"text":"POLICIALES","link":"https:\/\/larevistadigital.com.ar\/blog\/category\/policiales\/"},"img":{"alt_text":"","src":"https:\/\/i0.wp.com\/larevistadigital.com.ar\/blog\/wp-content\/uploads\/20250623152846_joven-golpeado-salvajemente-colon.jpg?fit=880%2C512&ssl=1&resize=350%2C200","width":350,"height":200,"srcset":"https:\/\/i0.wp.com\/larevistadigital.com.ar\/blog\/wp-content\/uploads\/20250623152846_joven-golpeado-salvajemente-colon.jpg?fit=880%2C512&ssl=1&resize=350%2C200 1x, https:\/\/i0.wp.com\/larevistadigital.com.ar\/blog\/wp-content\/uploads\/20250623152846_joven-golpeado-salvajemente-colon.jpg?fit=880%2C512&ssl=1&resize=525%2C300 1.5x, https:\/\/i0.wp.com\/larevistadigital.com.ar\/blog\/wp-content\/uploads\/20250623152846_joven-golpeado-salvajemente-colon.jpg?fit=880%2C512&ssl=1&resize=700%2C400 2x"},"classes":[]},{"id":43876,"url":"https:\/\/larevistadigital.com.ar\/blog\/mar-del-plata-murio-un-hombre-tras-una-brutal-golpiza-a-la-salida-de-un-boliche\/","url_meta":{"origin":14389,"position":4},"title":"Mar del Plata: Muri\u00f3 un hombre tras una brutal golpiza a la salida de un boliche","author":"Alejandro Sosa Ruda","date":"8 febrero, 2026","format":false,"excerpt":"La v\u00edctima ten\u00eda 30 a\u00f1os y el agresor, de 18, qued\u00f3 detenido. La causa fue recaratulada como homicidio. 08 de febrero de 2026 MAR DEL PLATA -\u00a0 \u00a0Un violento episodio ocurrido en la zona oeste termin\u00f3 con la muerte de un hombre de 30 a\u00f1os y la detenci\u00f3n de un\u2026","rel":"","context":"En \u00abPOLICIALES\u00bb","block_context":{"text":"POLICIALES","link":"https:\/\/larevistadigital.com.ar\/blog\/category\/policiales\/"},"img":{"alt_text":"","src":"https:\/\/i0.wp.com\/larevistadigital.com.ar\/blog\/wp-content\/uploads\/Captura-de-pantalla-2026-02-08-154217.jpg?fit=805%2C420&ssl=1&resize=350%2C200","width":350,"height":200,"srcset":"https:\/\/i0.wp.com\/larevistadigital.com.ar\/blog\/wp-content\/uploads\/Captura-de-pantalla-2026-02-08-154217.jpg?fit=805%2C420&ssl=1&resize=350%2C200 1x, https:\/\/i0.wp.com\/larevistadigital.com.ar\/blog\/wp-content\/uploads\/Captura-de-pantalla-2026-02-08-154217.jpg?fit=805%2C420&ssl=1&resize=525%2C300 1.5x, https:\/\/i0.wp.com\/larevistadigital.com.ar\/blog\/wp-content\/uploads\/Captura-de-pantalla-2026-02-08-154217.jpg?fit=805%2C420&ssl=1&resize=700%2C400 2x"},"classes":[]},{"id":14551,"url":"https:\/\/larevistadigital.com.ar\/blog\/video-brutal-ataque-de-patovicas-en-la-puerta-de-un-boliche\/","url_meta":{"origin":14389,"position":5},"title":"[VIDEO] BRUTAL ATAQUE DE \u00abPATOVICAS\u00bb EN LA PUERTA DE UN BOLICHE","author":"Alejandro Sosa Ruda","date":"3 febrero, 2020","format":false,"excerpt":"El hecho sucedi\u00f3 durante la madrugada del domingo en la ciudad de Balcarce. La v\u00edctima se encuentra en estado delicado en el HIGA y el agresor detenido, acusado de tentativa de homicidio. BALCARCE - Un hombre de 39 a\u00f1os recibi\u00f3 un salvaje golpe en la puerta de un boliche de\u2026","rel":"","context":"En \u00abPOLICIALES\u00bb","block_context":{"text":"POLICIALES","link":"https:\/\/larevistadigital.com.ar\/blog\/category\/policiales\/"},"img":{"alt_text":"","src":"https:\/\/i0.wp.com\/larevistadigital.com.ar\/blog\/wp-content\/uploads\/Screenshot_2-81.jpg?fit=1200%2C613&ssl=1&resize=350%2C200","width":350,"height":200,"srcset":"https:\/\/i0.wp.com\/larevistadigital.com.ar\/blog\/wp-content\/uploads\/Screenshot_2-81.jpg?fit=1200%2C613&ssl=1&resize=350%2C200 1x, https:\/\/i0.wp.com\/larevistadigital.com.ar\/blog\/wp-content\/uploads\/Screenshot_2-81.jpg?fit=1200%2C613&ssl=1&resize=525%2C300 1.5x, https:\/\/i0.wp.com\/larevistadigital.com.ar\/blog\/wp-content\/uploads\/Screenshot_2-81.jpg?fit=1200%2C613&ssl=1&resize=700%2C400 2x, https:\/\/i0.wp.com\/larevistadigital.com.ar\/blog\/wp-content\/uploads\/Screenshot_2-81.jpg?fit=1200%2C613&ssl=1&resize=1050%2C600 3x"},"classes":[]}],"_links":{"self":[{"href":"https:\/\/larevistadigital.com.ar\/blog\/wp-json\/wp\/v2\/posts\/14389","targetHints":{"allow":["GET"]}}],"collection":[{"href":"https:\/\/larevistadigital.com.ar\/blog\/wp-json\/wp\/v2\/posts"}],"about":[{"href":"https:\/\/larevistadigital.com.ar\/blog\/wp-json\/wp\/v2\/types\/post"}],"author":[{"embeddable":true,"href":"https:\/\/larevistadigital.com.ar\/blog\/wp-json\/wp\/v2\/users\/3"}],"replies":[{"embeddable":true,"href":"https:\/\/larevistadigital.com.ar\/blog\/wp-json\/wp\/v2\/comments?post=14389"}],"version-history":[{"count":1,"href":"https:\/\/larevistadigital.com.ar\/blog\/wp-json\/wp\/v2\/posts\/14389\/revisions"}],"predecessor-version":[{"id":14391,"href":"https:\/\/larevistadigital.com.ar\/blog\/wp-json\/wp\/v2\/posts\/14389\/revisions\/14391"}],"wp:featuredmedia":[{"embeddable":true,"href":"https:\/\/larevistadigital.com.ar\/blog\/wp-json\/wp\/v2\/media\/14390"}],"wp:attachment":[{"href":"https:\/\/larevistadigital.com.ar\/blog\/wp-json\/wp\/v2\/media?parent=14389"}],"wp:term":[{"taxonomy":"category","embeddable":true,"href":"https:\/\/larevistadigital.com.ar\/blog\/wp-json\/wp\/v2\/categories?post=14389"},{"taxonomy":"post_tag","embeddable":true,"href":"https:\/\/larevistadigital.com.ar\/blog\/wp-json\/wp\/v2\/tags?post=14389"}],"curies":[{"name":"wp","href":"https:\/\/api.w.org\/{rel}","templated":true}]}}