{"id":14437,"date":"2020-01-29T20:35:36","date_gmt":"2020-01-29T20:35:36","guid":{"rendered":"https:\/\/larevistadigital.com.ar\/blog\/?p=14437"},"modified":"2020-01-29T20:35:36","modified_gmt":"2020-01-29T20:35:36","slug":"wilde-patota-ataca-con-palos-y-botellas-a-un-chico-de-15-anos-esta-en-grave-estado","status":"publish","type":"post","link":"https:\/\/larevistadigital.com.ar\/blog\/wilde-patota-ataca-con-palos-y-botellas-a-un-chico-de-15-anos-esta-en-grave-estado\/","title":{"rendered":"WILDE: PATOTA ATACA CON PALOS Y BOTELLAS A UN CHICO DE 15 A\u00d1OS. EST\u00c1 EN GRAVE ESTADO"},"content":{"rendered":"<div class=\"row pb-content-type-text\">\n<div class=\"col-xs-12 col-print-12\">\n<p class=\"element element-paragraph\"><strong>Joel<\/strong>, un adolescente de 15 a\u00f1os, se encuentra \u201cen riesgo de vida\u201d luego de ser atacado por una patota de al menos siete personas de entre 17 y 35 a\u00f1os en la localidad bonaerense de Wilde.\u00a0<b>La violenta agresi\u00f3n ocurri\u00f3 el domingo pasado en horas de la madrugada y desde entonces la v\u00edctima qued\u00f3 internada en el Sanatorio G\u00fcemes, en la ciudad de Buenos Aires<\/b>.<\/p>\n<\/div>\n<\/div>\n<div class=\"row pb-content-type-text\">\n<div class=\"col-xs-12 col-print-12\">\n<p class=\"element element-paragraph\">Todo empez\u00f3 el s\u00e1bado a la tarde, cuando el adolescente junto a sus amigos fue a jugar a la pelota a una plaza y discutieron con otro grupo de j\u00f3venes. <strong><em>\u201cFue una pelea peque\u00f1a, pero uno de los j\u00f3venes les dijo: \u201cVamos a volver\u201d<\/em><\/strong>, explic\u00f3 <strong>\u00a0Fernanda<\/strong>, una t\u00eda de <strong>Joel<\/strong>, a la agencia\u00a0<i>T\u00e9lam<\/i>. La amenaza finalmente fue cumplida. La patota sorprendi\u00f3 al joven en la puerta de la casa de un amigo, lo persiguieron a lo largo de varias cuadras y lo golpearon.<\/p>\n<\/div>\n<\/div>\n<div class=\"row pb-content-type-text\">\n<div class=\"col-xs-12 col-print-12\">\n<blockquote>\n<h3 class=\"element element-paragraph\">\u201cLlegaron con palos, botellas y piedras. Los chicos salieron corriendo para un lado y Joel qued\u00f3 solo, y fue ah\u00ed cuando comenzaron a golpearlo\u201d, relat\u00f3 la t\u00eda. Los m\u00e9dicos que lo recibieron por guardia despu\u00e9s le dijeron a la familia que se encontraba \u201chemodin\u00e1micamente inestable\u201d. \u201cLo dejaron muerto en la calle\u201d, afirm\u00f3 la mujer.<\/h3>\n<\/blockquote>\n<\/div>\n<\/div>\n<div class=\"row pb-content-type-text\">\n<div class=\"col-xs-12 col-print-12\">\n<p class=\"element element-paragraph\"><strong>Jesica<\/strong>, la mam\u00e1 de la v\u00edctima, dio al canal\u00a0<i>C5N<\/i>\u00a0detalles del estado de salud del joven. <strong><em>\u201cMi hijo est\u00e1 mal pero est\u00e1 vivo, al menos lo importante es que est\u00e1 vivo\u201d<\/em><\/strong>, sostuvo la mujer. El aprehendido por la agresi\u00f3n del joven en Wilde tiene 17 a\u00f1os. Sin embargo, la madre aclar\u00f3 que eran siete los que lo atacaron. \u201c<b>Llegaron con palos, botellas y piedras. Los chicos salieron corriendo para un lado y Joel qued\u00f3 solo, y fue ah\u00ed cuando comenzaron a golpearlo<\/b>\u201d, relat\u00f3 la t\u00eda quien dialog\u00f3 con amigos de su sobrino y vecinos de la zona donde ocurri\u00f3 el ataque.<\/p>\n<\/div>\n<\/div>\n<div class=\"row pb-content-type-text\">\n<div class=\"col-xs-12 col-print-12\">\n<p class=\"element element-paragraph\">En ese sentido, contin\u00fao: <em><strong>\u201cMi sobrino pudo escapar pero a las dos cuadras, en Yapey\u00fa y Helguera, lo agarraron y lo volvieron a golpear\u201d<\/strong><\/em>. <strong>Fernanda<\/strong>, en tanto, se\u00f1al\u00f3 que<strong><em> \u201cera la primera vez que los ve\u00edan\u201d y que \u201ceran hombres m\u00e1s grandes\u201d los que comenzaron con la agresi\u00f3n. \u201cEran tipos grandes, no les import\u00f3 la vida de una criatura\u201d<\/em><\/strong>, complet\u00f3 la madre.<\/p>\n<\/div>\n<\/div>\n<div class=\"row pb-content-type-text\">\n<div class=\"col-xs-12 col-print-12\">\n<blockquote>\n<h3 class=\"element element-paragraph\"><strong>Entre otros detalles, la familia cont\u00f3 que el adolescente sufri\u00f3 p\u00e9rdida de masa encef\u00e1lica, un ojo y un o\u00eddo, adem\u00e1s de huesos quebrados y contusiones en todo el cuerpo. \u201cEst\u00e1 muy mal. Estamos esperando un milagro. Tiene m\u00faltiples contusiones a nivel cerebral, respiraci\u00f3n asistida&#8230; est\u00e1 con tubos y cables por todos lados. Lo indujeron a un coma porque est\u00e1 grav\u00edsimo\u201d, agreg\u00f3 la novia de la v\u00edctima y testigo del hecho, en di\u00e1logo con TN.<\/strong><\/h3>\n<\/blockquote>\n<\/div>\n<\/div>\n<div class=\"row pb-content-type-text\">\n<div class=\"col-xs-12 col-print-12\">\n<p class=\"element element-paragraph\"><em><strong>\u201cNo importa qui\u00e9n fue el que le dio con el palo porque yo vi pi\u00f1as y patadas en piso. Eran hombres m\u00e1s grandes y no les import\u00f3 la vida de una criatura\u201d<\/strong><\/em>, se\u00f1al\u00f3 <strong>Vanina<\/strong>, otras de las t\u00edas de <strong>Joel<\/strong>. <strong><em>\u201cLos chicos salieron corriendo para un lado y Joel qued\u00f3 solo.\u00a0<mark class=\"hl_yellow\">A las dos cuadras, en Yapey\u00fa y Helguera, lo agarraron y le pegaron entre todos. Me lo dejaron tirado en la puerta de mi casa. Le sal\u00eda sangre del o\u00eddo izquierdo como si fuera una fuente. Tambi\u00e9n sangraba por la nariz y por la boca y no pod\u00eda hablar; balbuceaba. Lo dejaron casi muerto en la calle<\/mark>\u201d<\/em><\/strong>, agreg\u00f3.<\/p>\n<\/div>\n<\/div>\n<div class=\"row pb-content-type-text\">\n<div class=\"col-xs-12 col-print-12\">\n<p class=\"element element-paragraph\">En el caso intervino el Juzgado de Responsabilidad Penal Juvenil Nro. 6 y el doctor <strong>Daniel Collado<\/strong>, del Departamento Judicial Lomas de Zamora. El aprehendido est\u00e1 por ahora en un instituto de menores, revelaron fuentes policiales a Infobae.<\/p>\n<p>PUBLICADO POR INFOBAE<\/p>\n<\/div>\n<\/div>\n","protected":false},"excerpt":{"rendered":"<div class=\"mh-excerpt\"><p>Joel, un adolescente de 15 a\u00f1os, se encuentra \u201cen riesgo de vida\u201d luego de ser atacado por una patota de al menos siete personas de entre 17 y 35 a\u00f1os en la localidad bonaerense de <a class=\"mh-excerpt-more\" href=\"https:\/\/larevistadigital.com.ar\/blog\/wilde-patota-ataca-con-palos-y-botellas-a-un-chico-de-15-anos-esta-en-grave-estado\/\" title=\"WILDE: PATOTA ATACA CON PALOS Y BOTELLAS A UN CHICO DE 15 A\u00d1OS. EST\u00c1 EN GRAVE ESTADO\">[Leer M\u00e1s]<\/a><\/p>\n<\/div>","protected":false},"author":3,"featured_media":14438,"comment_status":"open","ping_status":"open","sticky":false,"template":"","format":"standard","meta":{"_jetpack_memberships_contains_paid_content":false,"footnotes":"","jetpack_publicize_message":"","jetpack_publicize_feature_enabled":true,"jetpack_social_post_already_shared":true,"jetpack_social_options":{"image_generator_settings":{"template":"highway","default_image_id":0,"font":"","enabled":false},"version":2}},"categories":[50,44],"tags":[],"class_list":{"0":"post-14437","1":"post","2":"type-post","3":"status-publish","4":"format-standard","5":"has-post-thumbnail","7":"category-interes-general","8":"category-policiales"},"jetpack_publicize_connections":[],"jetpack_featured_media_url":"https:\/\/i0.wp.com\/larevistadigital.com.ar\/blog\/wp-content\/uploads\/Screenshot_2-75.jpg?fit=943%2C527&ssl=1","jetpack_sharing_enabled":true,"jetpack_shortlink":"https:\/\/wp.me\/p8qtrQ-3KR","jetpack-related-posts":[{"id":41431,"url":"https:\/\/larevistadigital.com.ar\/blog\/violenta-golpiza-en-dolores-un-joven-de-24-anos-fue-atacado-por-una-patota-y-hay-un-detenido\/","url_meta":{"origin":14437,"position":0},"title":"Violenta golpiza en Dolores: un joven de 24 a\u00f1os fue atacado por una patota y hay un detenido","author":"Alejandro Sosa Ruda","date":"12 septiembre, 2025","format":false,"excerpt":"El joven, de 24 a\u00f1os, fue brutalmente agredido con palos y piedras por un grupo de al menos cinco personas cerca del Colegio Normal. Tras ser operado de urgencia, evoluciona favorablemente. Un menor fue detenido y la Justicia investiga a los dem\u00e1s implicados. 12 de septiembre de 2025 DOLORES -\u00a0\u2026","rel":"","context":"En \u00abDOLORES\u00bb","block_context":{"text":"DOLORES","link":"https:\/\/larevistadigital.com.ar\/blog\/category\/dolores\/"},"img":{"alt_text":"","src":"https:\/\/i0.wp.com\/larevistadigital.com.ar\/blog\/wp-content\/uploads\/Screenshot_1-121.jpg?fit=1007%2C565&ssl=1&resize=350%2C200","width":350,"height":200,"srcset":"https:\/\/i0.wp.com\/larevistadigital.com.ar\/blog\/wp-content\/uploads\/Screenshot_1-121.jpg?fit=1007%2C565&ssl=1&resize=350%2C200 1x, https:\/\/i0.wp.com\/larevistadigital.com.ar\/blog\/wp-content\/uploads\/Screenshot_1-121.jpg?fit=1007%2C565&ssl=1&resize=525%2C300 1.5x, https:\/\/i0.wp.com\/larevistadigital.com.ar\/blog\/wp-content\/uploads\/Screenshot_1-121.jpg?fit=1007%2C565&ssl=1&resize=700%2C400 2x"},"classes":[]},{"id":40240,"url":"https:\/\/larevistadigital.com.ar\/blog\/san-clemente-una-patota-corrio-con-machetes-a-una-mujer-que-se-refugio-en-un-colectivo-que-termino-apedreado\/","url_meta":{"origin":14437,"position":1},"title":"San Clemente: Una patota corri\u00f3 con machetes a una mujer que se refugi\u00f3 en un colectivo que termin\u00f3 apedreado","author":"Alejandro Sosa Ruda","date":"30 junio, 2025","format":false,"excerpt":"El violento episodio ocurri\u00f3 anoche cerca de la terminal de \u00f3mnibus. La v\u00edctima, herida y en estado de shock, logr\u00f3 huir en un micro que tambi\u00e9n fue atacado. El chofer la llev\u00f3 directo a la comisar\u00eda. 30 de Junio de 2025 SAN CLEMENTE -\u00a0 \u00a0 Una noche de terror se\u2026","rel":"","context":"En \u00abPOLICIALES\u00bb","block_context":{"text":"POLICIALES","link":"https:\/\/larevistadigital.com.ar\/blog\/category\/policiales\/"},"img":{"alt_text":"","src":"https:\/\/i0.wp.com\/larevistadigital.com.ar\/blog\/wp-content\/uploads\/f4247cdfe606bf8950b1629ef6f505009dafe41c.jpeg?fit=1140%2C641&ssl=1&resize=350%2C200","width":350,"height":200,"srcset":"https:\/\/i0.wp.com\/larevistadigital.com.ar\/blog\/wp-content\/uploads\/f4247cdfe606bf8950b1629ef6f505009dafe41c.jpeg?fit=1140%2C641&ssl=1&resize=350%2C200 1x, https:\/\/i0.wp.com\/larevistadigital.com.ar\/blog\/wp-content\/uploads\/f4247cdfe606bf8950b1629ef6f505009dafe41c.jpeg?fit=1140%2C641&ssl=1&resize=525%2C300 1.5x, https:\/\/i0.wp.com\/larevistadigital.com.ar\/blog\/wp-content\/uploads\/f4247cdfe606bf8950b1629ef6f505009dafe41c.jpeg?fit=1140%2C641&ssl=1&resize=700%2C400 2x, https:\/\/i0.wp.com\/larevistadigital.com.ar\/blog\/wp-content\/uploads\/f4247cdfe606bf8950b1629ef6f505009dafe41c.jpeg?fit=1140%2C641&ssl=1&resize=1050%2C600 3x"},"classes":[]},{"id":16793,"url":"https:\/\/larevistadigital.com.ar\/blog\/la-plata-patota-agrede-a-punaladas-a-dos-personas\/","url_meta":{"origin":14437,"position":2},"title":"LA PLATA: PATOTA AGREDE A PU\u00d1ALADAS A DOS PERSONAS","author":"Alejandro Sosa Ruda","date":"6 octubre, 2020","format":false,"excerpt":"Ocurri\u00f3 durante las \u00faltimas horas en 518 y 163. Un hombre de 52 a\u00f1os y un joven de 23 resultaron heridos tras ser agredidos por una patota. Dos personas fueron apu\u00f1aladas por cuatro delincuentes en medio de un violento ataque en La Plata. El hecho se registr\u00f3 el lunes por\u2026","rel":"","context":"En \u00abREGIONALES\u00bb","block_context":{"text":"REGIONALES","link":"https:\/\/larevistadigital.com.ar\/blog\/category\/regionales\/"},"img":{"alt_text":"","src":"https:\/\/i0.wp.com\/larevistadigital.com.ar\/blog\/wp-content\/uploads\/Screenshot_1-121.jpg?fit=1007%2C565&ssl=1&resize=350%2C200","width":350,"height":200,"srcset":"https:\/\/i0.wp.com\/larevistadigital.com.ar\/blog\/wp-content\/uploads\/Screenshot_1-121.jpg?fit=1007%2C565&ssl=1&resize=350%2C200 1x, https:\/\/i0.wp.com\/larevistadigital.com.ar\/blog\/wp-content\/uploads\/Screenshot_1-121.jpg?fit=1007%2C565&ssl=1&resize=525%2C300 1.5x, https:\/\/i0.wp.com\/larevistadigital.com.ar\/blog\/wp-content\/uploads\/Screenshot_1-121.jpg?fit=1007%2C565&ssl=1&resize=700%2C400 2x"},"classes":[]},{"id":16464,"url":"https:\/\/larevistadigital.com.ar\/blog\/la-plata-video-violento-robo-en-patota-a-un-joven\/","url_meta":{"origin":14437,"position":3},"title":"LA PLATA: [VIDEO] VIOLENTO ROBO EN PATOTA A UN JOVEN","author":"Alejandro Sosa Ruda","date":"22 septiembre, 2020","format":false,"excerpt":"Ocurri\u00f3 durante las \u00faltimas horas en el barrio El Mondongo. Actuaron al menos cuatro ladrones que lo interceptaron para llevarse sus pertenencias. Un vecino de\u00a0La Plata\u00a0sufri\u00f3 un violento robo durante las \u00faltimas horas,\u00a0luego de ser sorprendido por un grupo de delincuentes mientras caminaba por el barrio El Mondongo. La secuencia,\u2026","rel":"","context":"En \u00abPOLICIALES\u00bb","block_context":{"text":"POLICIALES","link":"https:\/\/larevistadigital.com.ar\/blog\/category\/policiales\/"},"img":{"alt_text":"","src":"https:\/\/i0.wp.com\/larevistadigital.com.ar\/blog\/wp-content\/uploads\/ROBO-EN-PATOTA.jpg?fit=1000%2C835&ssl=1&resize=350%2C200","width":350,"height":200,"srcset":"https:\/\/i0.wp.com\/larevistadigital.com.ar\/blog\/wp-content\/uploads\/ROBO-EN-PATOTA.jpg?fit=1000%2C835&ssl=1&resize=350%2C200 1x, https:\/\/i0.wp.com\/larevistadigital.com.ar\/blog\/wp-content\/uploads\/ROBO-EN-PATOTA.jpg?fit=1000%2C835&ssl=1&resize=525%2C300 1.5x, https:\/\/i0.wp.com\/larevistadigital.com.ar\/blog\/wp-content\/uploads\/ROBO-EN-PATOTA.jpg?fit=1000%2C835&ssl=1&resize=700%2C400 2x"},"classes":[]},{"id":22774,"url":"https:\/\/larevistadigital.com.ar\/blog\/ataque-pirana-en-chascomus-patota-golpea-y-tajea-a-un-joven-que-salia-de-trabajar\/","url_meta":{"origin":14437,"position":4},"title":"ATAQUE PIRA\u00d1A EN CHASCOM\u00daS: PATOTA GOLPEA Y TAJEA A UN JOVEN QUE SAL\u00cdA DE TRABAJAR","author":"Alejandro Sosa Ruda","date":"23 noviembre, 2021","format":false,"excerpt":"CHASCOM\u00daS -\u00a0\u00a0El fin de semana en la ciudad de Chascom\u00fas, se vivieron dos realidades diametralmente opuestas. Por un lado la l\u00f3gica alegr\u00eda por la gran afluencia de gente que sigue eligiendo la ciudad como destino tur\u00edstico, y por otro una gran sucesi\u00f3n de hechos de inseguridad que cada vez preocupan\u2026","rel":"","context":"En \u00abDESTACADAS\u00bb","block_context":{"text":"DESTACADAS","link":"https:\/\/larevistadigital.com.ar\/blog\/category\/destacadas\/"},"img":{"alt_text":"","src":"https:\/\/i0.wp.com\/larevistadigital.com.ar\/blog\/wp-content\/uploads\/1572530331923.jpg?fit=1200%2C594&ssl=1&resize=350%2C200","width":350,"height":200,"srcset":"https:\/\/i0.wp.com\/larevistadigital.com.ar\/blog\/wp-content\/uploads\/1572530331923.jpg?fit=1200%2C594&ssl=1&resize=350%2C200 1x, https:\/\/i0.wp.com\/larevistadigital.com.ar\/blog\/wp-content\/uploads\/1572530331923.jpg?fit=1200%2C594&ssl=1&resize=525%2C300 1.5x, https:\/\/i0.wp.com\/larevistadigital.com.ar\/blog\/wp-content\/uploads\/1572530331923.jpg?fit=1200%2C594&ssl=1&resize=700%2C400 2x, https:\/\/i0.wp.com\/larevistadigital.com.ar\/blog\/wp-content\/uploads\/1572530331923.jpg?fit=1200%2C594&ssl=1&resize=1050%2C600 3x"},"classes":[]},{"id":40126,"url":"https:\/\/larevistadigital.com.ar\/blog\/joven-de-17-anos-gravemente-agredido-a-la-salida-de-un-boliche\/","url_meta":{"origin":14437,"position":5},"title":"Joven de 17 a\u00f1os gravemente agredido a la salida de un boliche","author":"Alejandro Sosa Ruda","date":"23 junio, 2025","format":false,"excerpt":"Guido Ruiz, de 17 a\u00f1os, fue brutalmente atacado en grupo al salir del boliche \u201cPorte\u00f1o\u201d en la localidad bonaerense de Col\u00f3n. 23 de Junio de 2025 Col\u00f3n. ENTRE R\u00cdOS -\u00a0 \u00a0La agresi\u00f3n tuvo lugar hace una semana y la v\u00edctima, con fracturas en mand\u00edbula y nariz, p\u00e9rdida de varias piezas\u2026","rel":"","context":"En \u00abPOLICIALES\u00bb","block_context":{"text":"POLICIALES","link":"https:\/\/larevistadigital.com.ar\/blog\/category\/policiales\/"},"img":{"alt_text":"","src":"https:\/\/i0.wp.com\/larevistadigital.com.ar\/blog\/wp-content\/uploads\/20250623152846_joven-golpeado-salvajemente-colon.jpg?fit=880%2C512&ssl=1&resize=350%2C200","width":350,"height":200,"srcset":"https:\/\/i0.wp.com\/larevistadigital.com.ar\/blog\/wp-content\/uploads\/20250623152846_joven-golpeado-salvajemente-colon.jpg?fit=880%2C512&ssl=1&resize=350%2C200 1x, https:\/\/i0.wp.com\/larevistadigital.com.ar\/blog\/wp-content\/uploads\/20250623152846_joven-golpeado-salvajemente-colon.jpg?fit=880%2C512&ssl=1&resize=525%2C300 1.5x, https:\/\/i0.wp.com\/larevistadigital.com.ar\/blog\/wp-content\/uploads\/20250623152846_joven-golpeado-salvajemente-colon.jpg?fit=880%2C512&ssl=1&resize=700%2C400 2x"},"classes":[]}],"_links":{"self":[{"href":"https:\/\/larevistadigital.com.ar\/blog\/wp-json\/wp\/v2\/posts\/14437","targetHints":{"allow":["GET"]}}],"collection":[{"href":"https:\/\/larevistadigital.com.ar\/blog\/wp-json\/wp\/v2\/posts"}],"about":[{"href":"https:\/\/larevistadigital.com.ar\/blog\/wp-json\/wp\/v2\/types\/post"}],"author":[{"embeddable":true,"href":"https:\/\/larevistadigital.com.ar\/blog\/wp-json\/wp\/v2\/users\/3"}],"replies":[{"embeddable":true,"href":"https:\/\/larevistadigital.com.ar\/blog\/wp-json\/wp\/v2\/comments?post=14437"}],"version-history":[{"count":1,"href":"https:\/\/larevistadigital.com.ar\/blog\/wp-json\/wp\/v2\/posts\/14437\/revisions"}],"predecessor-version":[{"id":14439,"href":"https:\/\/larevistadigital.com.ar\/blog\/wp-json\/wp\/v2\/posts\/14437\/revisions\/14439"}],"wp:featuredmedia":[{"embeddable":true,"href":"https:\/\/larevistadigital.com.ar\/blog\/wp-json\/wp\/v2\/media\/14438"}],"wp:attachment":[{"href":"https:\/\/larevistadigital.com.ar\/blog\/wp-json\/wp\/v2\/media?parent=14437"}],"wp:term":[{"taxonomy":"category","embeddable":true,"href":"https:\/\/larevistadigital.com.ar\/blog\/wp-json\/wp\/v2\/categories?post=14437"},{"taxonomy":"post_tag","embeddable":true,"href":"https:\/\/larevistadigital.com.ar\/blog\/wp-json\/wp\/v2\/tags?post=14437"}],"curies":[{"name":"wp","href":"https:\/\/api.w.org\/{rel}","templated":true}]}}