{"id":14440,"date":"2020-01-29T20:44:00","date_gmt":"2020-01-29T20:44:00","guid":{"rendered":"https:\/\/larevistadigital.com.ar\/blog\/?p=14440"},"modified":"2020-01-29T20:44:00","modified_gmt":"2020-01-29T20:44:00","slug":"lo-descubren-tirando-un-cuerpo-descuartizado-en-las-vias-del-tren-y-se-suicida-antes-de-ser-detenido","status":"publish","type":"post","link":"https:\/\/larevistadigital.com.ar\/blog\/lo-descubren-tirando-un-cuerpo-descuartizado-en-las-vias-del-tren-y-se-suicida-antes-de-ser-detenido\/","title":{"rendered":"LO DESCUBREN TIRANDO UN CUERPO DESCUARTIZADO EN LAS V\u00cdAS DEL TREN, Y SE SUICIDA ANTES DE SER DETENIDO"},"content":{"rendered":"<div class=\"row pb-content-type-text\">\n<div class=\"col-xs-12 col-print-12\">\n<p class=\"element element-paragraph\">Un hombre\u00a0<b>fue descubierto cuando arrojaba los restos descuartizados de una mujer a un costado de las v\u00edas del tren<\/b>, a metros de la e<b>staci\u00f3n Villa Astolfi del Ferrocarril San Mart\u00edn, en el partido de Pilar<\/b>. En consecuencia, al verse rodeado por polic\u00edas que llegaron para detenerlo, decidi\u00f3\u00a0<b>suicidarse clav\u00e1ndose un cuchillo a la altura del coraz\u00f3n<\/b>.<\/p>\n<div class=\"teads-adCall\">El hombre fue identificado como <b>Lorenzo Esteban Duarte Mart\u00ednez<\/b>, quien ten\u00eda antecedentes penales por distintos delitos, incluso por el homicidio de una pareja anterior cometido en 2005.<\/div>\n<\/div>\n<\/div>\n<div class=\"row pb-content-type-text\">\n<div class=\"col-xs-12 col-print-12\">\n<p class=\"element element-paragraph\">Seg\u00fan las fuentes, alrededor de las\u00a0<b>19.30 del lunes<\/b>, <strong>Duarte Mart\u00ednez<\/strong> caminaba junto a las v\u00edas del Ferrocarril San Mart\u00edn y cargaba una pesada bolsa negra de pl\u00e1stico, lo que llam\u00f3 la atenci\u00f3n de un pasajero que aguardaba la llegada de una formaci\u00f3n en la estaci\u00f3n de Villa Astolfi, en la zona norte del conurbano.<\/p>\n<\/div>\n<\/div>\n<div class=\"row pb-content-type-text\">\n<div class=\"col-xs-12 col-print-12\">\n<blockquote>\n<h3 class=\"element element-paragraph\">El propio<b>\u00a0testigo llam\u00f3 a la Polic\u00eda y cont\u00f3 que acababa de ver a un hombre cargando una bolsa de residuos, que la misma se le enganch\u00f3 con un alambrado y que crey\u00f3 ver una pierna saliendo del interior<\/b>. Ante esa situaci\u00f3n, los polic\u00edas montaron un operativo y comenzaron a buscar al sospechoso, que al advertir la presencia de los efectivos abandon\u00f3 la bolsa en un predio de la calle Guido y sali\u00f3 corriendo.<\/h3>\n<\/blockquote>\n<\/div>\n<\/div>\n<div class=\"row pb-content-type-text\">\n<div class=\"col-xs-12 col-print-12\">\n<p class=\"element element-paragraph\">A unos 600 metros, en Santa Fe y San Jorge, el hombre fue rodeado por polic\u00edas que llegaban al lugar a bordo de patrulleros y, antes de que lograran detenerlo, extrajo un cuchillo y se lo clav\u00f3 en el pecho, a la altura del coraz\u00f3n. El hombre cay\u00f3 al piso y fue auxiliado de inmediato por los polic\u00edas, pero muri\u00f3 cuando era atendido por m\u00e9dicos.<\/p>\n<\/div>\n<\/div>\n<div class=\"row pb-content-type-text\">\n<div class=\"col-xs-12 col-print-12\">\n<p class=\"element element-paragraph\">En tanto, los efectivos hallaron en la bolsa de pl\u00e1stico los miembros y el torso de una mujer, mientras que dentro de una mochila que portaba el hombre fueron encontrados m\u00e1s restos humanos. Tras su muerte, los pesquisas identificaron al sospechoso como<strong> Duarte Mart\u00ednez<\/strong> y a partir de ese dato comenzaron a investigar si los restos que \u00e9l cargaba pertenec\u00edan a\u00a0<b>Mar\u00eda Mercedes Gauto<\/b>\u00a0(46), quien hab\u00eda sido pareja del hombre y que su familia no volvi\u00f3 a ver desde mediados de 2019.<\/p>\n<\/div>\n<\/div>\n<div class=\"row pb-content-type-text\">\n<div class=\"col-xs-12 col-print-12\">\n<blockquote>\n<h3 class=\"element element-paragraph\">Fuentes policiales aseguraron que Liz Gauto, la hija de esta mujer desaparecida, ya se comunic\u00f3 con los investigadores y en las pr\u00f3ximas horas participar\u00e1 de un reconocimiento para intentar identificarla. La propia joven, que est\u00e1 embarazada y reside en Gonz\u00e1lez Cat\u00e1n, asegur\u00f3 a la agencia T\u00e9lam que\u00a0<b>la \u00faltima vez que vio a su madre fue el 20 de agosto pasado<\/b>: \u201cBuscamos a mi mam\u00e1 desde el a\u00f1o pasado, cuando cambi\u00f3 su tel\u00e9fono celular y se hab\u00eda ido de viaje con su nueva pareja, que es este se\u00f1or Duarte Mart\u00ednez. Desde ah\u00ed perdimos todo contacto\u00bb.<\/h3>\n<\/blockquote>\n<\/div>\n<\/div>\n<div class=\"row pb-content-type-text\">\n<div class=\"col-xs-12 col-print-12\">\n<p class=\"element element-paragraph\"><strong><em>\u201dLa Polic\u00eda me llam\u00f3 esta madrugada para ir a un reconocimiento de la mujer encontrada en Pilar. La foto que est\u00e1 en las redes sociales es la de mi mam\u00e1 y su pareja. Esa es una foto cuando decidieron en el a\u00f1o 2018 irse a vivir juntos. Pero un a\u00f1o m\u00e1s tarde perdimos todo contacto directo con ella\u00bb<\/em><\/strong>, explic\u00f3 la mujer, quien agreg\u00f3 que nunca supo que hab\u00eda existido alg\u00fan conflicto entre este hombre y su madre.<\/p>\n<\/div>\n<\/div>\n<div class=\"row pb-content-type-text\">\n<div class=\"col-xs-12 col-print-12\">\n<p class=\"element element-paragraph\">La hija de <strong>Gauto<\/strong> record\u00f3 que su madre y <strong>Duarte Mart\u00ednez<\/strong> resid\u00edan en General Pacheco, y que \u00e9l dec\u00eda que hab\u00eda estado preso por \u201cestafa\u201d. <em><strong>\u201cAl parecer, mi mam\u00e1 lo visitaba en la c\u00e1rcel. \u00c9l despu\u00e9s obtuvo salidas transitorias y cuando ella desapareci\u00f3 nos enteramos de que hab\u00eda esta preso por haber matado a su anterior pareja\u201d<\/strong><\/em>, relat\u00f3.<\/p>\n<\/div>\n<\/div>\n<div class=\"row pb-content-type-text\">\n<div class=\"col-xs-12 col-print-12\">\n<blockquote>\n<h3 class=\"element element-paragraph\">La causa por la desaparici\u00f3n de Mar\u00eda Mercedes qued\u00f3 radicada en el Departamento Judicial La Matanza, ya que Liz hizo la denuncia en Gonz\u00e1lez Cat\u00e1n. Por otra parte, lo ocurrido en Villa Astolfi est\u00e1 siendo investigado por la Fiscal\u00eda Tem\u00e1tica en Violencia de G\u00e9nero de Pilar, a cargo de Mar\u00eda Basiglio.<\/h3>\n<\/blockquote>\n<\/div>\n<\/div>\n<div class=\"row pb-content-type-text\">\n<div class=\"col-xs-12 col-print-12\">\n<p class=\"element element-paragraph\">A su vez, la Polic\u00eda pudo certificar en las \u00faltimas horas los\u00a0<b>antecedentes penales<\/b>\u00a0de <strong>Duarte Mart\u00ednez<\/strong>, que se remontan a diciembre de 1983, cuando estuvo implicado en un caso de \u201c<b>privaci\u00f3n ilegal de la libertad<\/b>\u201d en el Departamento Judicial San Isidro. Luego, en septiembre de 1986, el hombre estuvo vinculado a una causa por \u201c<b>lesiones calificadas<\/b>\u201d; en agosto de 1989 por \u201c<b>hurto automotor<\/b>\u201d; y en enero de 1992 por \u201c<b>abuso de arma, atentado y resistencia a la autoridad<\/b>\u201d; todas en San Isidro. Unos 22 meses despu\u00e9s, en noviembre de 1993, <strong>Duarte Mart\u00ednez<\/strong> volvi\u00f3 a estar imputado en una causa, esta vez por \u201c<b>robo y hurto y violaci\u00f3n<\/b>\u201d en jurisdicci\u00f3n de Z\u00e1rate-Campana; mientras que en marzo de 2005 sum\u00f3 un caso de \u201c<b>homicidio<\/b>\u201d en San Isidro.<\/p>\n<p>PUBLICADO EN INFOBAE<\/p>\n<\/div>\n<\/div>\n","protected":false},"excerpt":{"rendered":"<div class=\"mh-excerpt\"><p>Un hombre\u00a0fue descubierto cuando arrojaba los restos descuartizados de una mujer a un costado de las v\u00edas del tren, a metros de la estaci\u00f3n Villa Astolfi del Ferrocarril San Mart\u00edn, en el partido de Pilar. <a class=\"mh-excerpt-more\" href=\"https:\/\/larevistadigital.com.ar\/blog\/lo-descubren-tirando-un-cuerpo-descuartizado-en-las-vias-del-tren-y-se-suicida-antes-de-ser-detenido\/\" title=\"LO DESCUBREN TIRANDO UN CUERPO DESCUARTIZADO EN LAS V\u00cdAS DEL TREN, Y SE SUICIDA ANTES DE SER DETENIDO\">[Leer M\u00e1s]<\/a><\/p>\n<\/div>","protected":false},"author":3,"featured_media":14441,"comment_status":"open","ping_status":"open","sticky":false,"template":"","format":"standard","meta":{"_jetpack_memberships_contains_paid_content":false,"footnotes":"","jetpack_publicize_message":"","jetpack_publicize_feature_enabled":true,"jetpack_social_post_already_shared":true,"jetpack_social_options":{"image_generator_settings":{"template":"highway","default_image_id":0,"font":"","enabled":false},"version":2}},"categories":[50,44],"tags":[],"class_list":{"0":"post-14440","1":"post","2":"type-post","3":"status-publish","4":"format-standard","5":"has-post-thumbnail","7":"category-interes-general","8":"category-policiales"},"jetpack_publicize_connections":[],"jetpack_featured_media_url":"https:\/\/i0.wp.com\/larevistadigital.com.ar\/blog\/wp-content\/uploads\/Screenshot_1-92.jpg?fit=935%2C703&ssl=1","jetpack_sharing_enabled":true,"jetpack_shortlink":"https:\/\/wp.me\/p8qtrQ-3KU","jetpack-related-posts":[{"id":13044,"url":"https:\/\/larevistadigital.com.ar\/blog\/acusan-a-policia-de-matar-a-un-hombre-arrojandolo-a-las-vias-del-tren\/","url_meta":{"origin":14440,"position":0},"title":"ACUSAN A POLIC\u00cdA DE MATAR A UN HOMBRE, ARROJ\u00c1NDOLO A LAS V\u00cdAS DEL TREN","author":"Alejandro Sosa Ruda","date":"5 noviembre, 2019","format":false,"excerpt":"Esta madrugada un polic\u00eda quedo detenido, acusado por la muerte de un hombre al que habr\u00eda tirado de una formaci\u00f3n de tren en la estaci\u00f3n Ezeiza del ferrocarril Roca cuando intent\u00f3 robarle el arma reglamentaria, seg\u00fan declararon fuentes policiales. El hecho ocurri\u00f3 a las 0.30 de este martes en una\u2026","rel":"","context":"En \u00abPOLICIALES\u00bb","block_context":{"text":"POLICIALES","link":"https:\/\/larevistadigital.com.ar\/blog\/category\/policiales\/"},"img":{"alt_text":"","src":"https:\/\/i0.wp.com\/larevistadigital.com.ar\/blog\/wp-content\/uploads\/el-hecho-ocurrio-en-una___qNjyOsAB_1256x620__1.jpg?fit=1200%2C592&ssl=1&resize=350%2C200","width":350,"height":200,"srcset":"https:\/\/i0.wp.com\/larevistadigital.com.ar\/blog\/wp-content\/uploads\/el-hecho-ocurrio-en-una___qNjyOsAB_1256x620__1.jpg?fit=1200%2C592&ssl=1&resize=350%2C200 1x, https:\/\/i0.wp.com\/larevistadigital.com.ar\/blog\/wp-content\/uploads\/el-hecho-ocurrio-en-una___qNjyOsAB_1256x620__1.jpg?fit=1200%2C592&ssl=1&resize=525%2C300 1.5x, https:\/\/i0.wp.com\/larevistadigital.com.ar\/blog\/wp-content\/uploads\/el-hecho-ocurrio-en-una___qNjyOsAB_1256x620__1.jpg?fit=1200%2C592&ssl=1&resize=700%2C400 2x, https:\/\/i0.wp.com\/larevistadigital.com.ar\/blog\/wp-content\/uploads\/el-hecho-ocurrio-en-una___qNjyOsAB_1256x620__1.jpg?fit=1200%2C592&ssl=1&resize=1050%2C600 3x"},"classes":[]},{"id":17533,"url":"https:\/\/larevistadigital.com.ar\/blog\/insolito-un-hombre-trato-de-frenar-el-tren-con-su-fuerza\/","url_meta":{"origin":14440,"position":1},"title":"INS\u00d3LITO: UN HOMBRE TRAT\u00d3 DE FRENAR EL TREN CON SU FUERZA","author":"Alejandro Sosa Ruda","date":"9 noviembre, 2020","format":false,"excerpt":"BAH\u00cdA BLANCA - En las \u00faltimas ocurri\u00f3 un extra\u00f1o hecho en las v\u00edas del ferrocarril de la localidad de Bah\u00eda Blanca. Es que cuando una formaci\u00f3n de la empresa Ferro Sur Roca se encontraba circulando por las v\u00edas f\u00e9rreas al mando de Marcelo Urrutia, debi\u00f3 frenar de golpe ya que\u2026","rel":"","context":"En \u00abREGIONALES\u00bb","block_context":{"text":"REGIONALES","link":"https:\/\/larevistadigital.com.ar\/blog\/category\/regionales\/"},"img":{"alt_text":"","src":"https:\/\/i0.wp.com\/larevistadigital.com.ar\/blog\/wp-content\/uploads\/196ad9d862d11bb291d1cfc497e114196b973e41.jpeg?fit=1140%2C513&ssl=1&resize=350%2C200","width":350,"height":200,"srcset":"https:\/\/i0.wp.com\/larevistadigital.com.ar\/blog\/wp-content\/uploads\/196ad9d862d11bb291d1cfc497e114196b973e41.jpeg?fit=1140%2C513&ssl=1&resize=350%2C200 1x, https:\/\/i0.wp.com\/larevistadigital.com.ar\/blog\/wp-content\/uploads\/196ad9d862d11bb291d1cfc497e114196b973e41.jpeg?fit=1140%2C513&ssl=1&resize=525%2C300 1.5x, https:\/\/i0.wp.com\/larevistadigital.com.ar\/blog\/wp-content\/uploads\/196ad9d862d11bb291d1cfc497e114196b973e41.jpeg?fit=1140%2C513&ssl=1&resize=700%2C400 2x, https:\/\/i0.wp.com\/larevistadigital.com.ar\/blog\/wp-content\/uploads\/196ad9d862d11bb291d1cfc497e114196b973e41.jpeg?fit=1140%2C513&ssl=1&resize=1050%2C600 3x"},"classes":[]},{"id":24529,"url":"https:\/\/larevistadigital.com.ar\/blog\/tragedia-muere-chica-de-quince-anos-emberstida-por-el-tren\/","url_meta":{"origin":14440,"position":2},"title":"TRAGEDIA: MUERE CHICA DE QUINCE A\u00d1OS EMBERSTIDA POR EL TREN","author":"Alejandro Sosa Ruda","date":"12 marzo, 2022","format":false,"excerpt":"El fatal accidente ocurri\u00f3 a la altura del barrio Stone en Escobar. La adolescente viv\u00eda en las inmediaciones y era hipoac\u00fasica, por lo que no escuch\u00f3 el paso de la formaci\u00f3n y tampoco la vio porque caminaba en la misma direcci\u00f3n. Falleci\u00f3 en el momento. ESCOBAR -\u00a0\u00a0Una chica de 15\u2026","rel":"","context":"En \u00abINTERES GENERAL\u00bb","block_context":{"text":"INTERES GENERAL","link":"https:\/\/larevistadigital.com.ar\/blog\/category\/interes-general\/"},"img":{"alt_text":"","src":"https:\/\/i0.wp.com\/larevistadigital.com.ar\/blog\/wp-content\/uploads\/20220311194702_tree.jpg?fit=880%2C512&ssl=1&resize=350%2C200","width":350,"height":200,"srcset":"https:\/\/i0.wp.com\/larevistadigital.com.ar\/blog\/wp-content\/uploads\/20220311194702_tree.jpg?fit=880%2C512&ssl=1&resize=350%2C200 1x, https:\/\/i0.wp.com\/larevistadigital.com.ar\/blog\/wp-content\/uploads\/20220311194702_tree.jpg?fit=880%2C512&ssl=1&resize=525%2C300 1.5x, https:\/\/i0.wp.com\/larevistadigital.com.ar\/blog\/wp-content\/uploads\/20220311194702_tree.jpg?fit=880%2C512&ssl=1&resize=700%2C400 2x"},"classes":[]},{"id":11613,"url":"https:\/\/larevistadigital.com.ar\/blog\/canuelas-intento-cruzar-por-las-vias-y-fue-arrollada-por-el-tren\/","url_meta":{"origin":14440,"position":3},"title":"CA\u00d1UELAS: INTENT\u00d3 CRUZAR POR LAS V\u00cdAS Y FUE ARROLLADA POR EL TREN","author":"Alejandro Sosa Ruda","date":"29 julio, 2019","format":false,"excerpt":"Este lunes, un tr\u00e1gico acontecimiento ocurri\u00f3 en la localidad de M\u00e1ximo Paz, Ca\u00f1uelas, cuando un tren arroll\u00f3 a una muchacha de 27 a\u00f1os.\u00a0 Sucedi\u00f3 alrededor de las 14.40 en el cruce de las v\u00edas con la calle Colombia. Las primeras versiones indican que la joven, identificada posteriormente como\u00a0\u00darsula Yolanda Pereyra,\u2026","rel":"","context":"En \u00abREGIONALES\u00bb","block_context":{"text":"REGIONALES","link":"https:\/\/larevistadigital.com.ar\/blog\/category\/regionales\/"},"img":{"alt_text":"","src":"https:\/\/i0.wp.com\/larevistadigital.com.ar\/blog\/wp-content\/uploads\/IMG-20190729-WA0012.jpg?fit=1080%2C603&ssl=1&resize=350%2C200","width":350,"height":200,"srcset":"https:\/\/i0.wp.com\/larevistadigital.com.ar\/blog\/wp-content\/uploads\/IMG-20190729-WA0012.jpg?fit=1080%2C603&ssl=1&resize=350%2C200 1x, https:\/\/i0.wp.com\/larevistadigital.com.ar\/blog\/wp-content\/uploads\/IMG-20190729-WA0012.jpg?fit=1080%2C603&ssl=1&resize=525%2C300 1.5x, https:\/\/i0.wp.com\/larevistadigital.com.ar\/blog\/wp-content\/uploads\/IMG-20190729-WA0012.jpg?fit=1080%2C603&ssl=1&resize=700%2C400 2x, https:\/\/i0.wp.com\/larevistadigital.com.ar\/blog\/wp-content\/uploads\/IMG-20190729-WA0012.jpg?fit=1080%2C603&ssl=1&resize=1050%2C600 3x"},"classes":[]},{"id":23555,"url":"https:\/\/larevistadigital.com.ar\/blog\/video-un-auto-provoco-terror-al-inendiarse-a-metros-de-las-vias-en-mar-del-plata\/","url_meta":{"origin":14440,"position":4},"title":"[VIDEO] UN AUTO PROVOC\u00d3 TERROR AL INENDIARSE A METROS DE LAS V\u00cdAS EN MAR DEL PLATA","author":"Alejandro Sosa Ruda","date":"25 enero, 2022","format":false,"excerpt":"El siniestro se registr\u00f3 en inmediaciones de Luro y Jara. Los ocupantes alcanzaron a salir a tiempo y solo hubo que lamentar da\u00f1os materiales. MAR DEL PLATA -\u00a0 El incendio de un veh\u00edculo\u00a0que circulaba por el barrio Estaci\u00f3n Norte de Mar del Plata, a metros de las\u00a0v\u00edas del tren, caus\u00f3\u2026","rel":"","context":"En \u00abINTERES GENERAL\u00bb","block_context":{"text":"INTERES GENERAL","link":"https:\/\/larevistadigital.com.ar\/blog\/category\/interes-general\/"},"img":{"alt_text":"","src":"https:\/\/i0.wp.com\/larevistadigital.com.ar\/blog\/wp-content\/uploads\/Captura-de-pantalla-2022-01-24-212821.jpg?fit=920%2C482&ssl=1&resize=350%2C200","width":350,"height":200,"srcset":"https:\/\/i0.wp.com\/larevistadigital.com.ar\/blog\/wp-content\/uploads\/Captura-de-pantalla-2022-01-24-212821.jpg?fit=920%2C482&ssl=1&resize=350%2C200 1x, https:\/\/i0.wp.com\/larevistadigital.com.ar\/blog\/wp-content\/uploads\/Captura-de-pantalla-2022-01-24-212821.jpg?fit=920%2C482&ssl=1&resize=525%2C300 1.5x, https:\/\/i0.wp.com\/larevistadigital.com.ar\/blog\/wp-content\/uploads\/Captura-de-pantalla-2022-01-24-212821.jpg?fit=920%2C482&ssl=1&resize=700%2C400 2x"},"classes":[]},{"id":24970,"url":"https:\/\/larevistadigital.com.ar\/blog\/quiso-matar-a-su-ex-drogo-a-sus-hijos-y-se-tiro-debajo-del-tren\/","url_meta":{"origin":14440,"position":5},"title":"QUISO MATAR A SU EX, DROG\u00d3 A SUS HIJOS Y SE TIR\u00d3 DEBAJO DEL TREN","author":"Alejandro Sosa Ruda","date":"5 abril, 2022","format":false,"excerpt":"Una ambulancia de SAME traslad\u00f3 a la mujer, que presentaba m\u00faltiples traumatismos en el cr\u00e1neo y a uno de los hijos donde quedaron internados. El agresor intent\u00f3 arrojarse a las v\u00edas del tren en la estaci\u00f3n Castelar y fue golpeado por la m\u00e1quina. Un hombre, de 26 a\u00f1os, dop\u00f3 a\u2026","rel":"","context":"En \u00abINTERES GENERAL\u00bb","block_context":{"text":"INTERES GENERAL","link":"https:\/\/larevistadigital.com.ar\/blog\/category\/interes-general\/"},"img":{"alt_text":"","src":"https:\/\/i0.wp.com\/larevistadigital.com.ar\/blog\/wp-content\/uploads\/20220404162429_castelar.jpg?fit=880%2C512&ssl=1&resize=350%2C200","width":350,"height":200,"srcset":"https:\/\/i0.wp.com\/larevistadigital.com.ar\/blog\/wp-content\/uploads\/20220404162429_castelar.jpg?fit=880%2C512&ssl=1&resize=350%2C200 1x, https:\/\/i0.wp.com\/larevistadigital.com.ar\/blog\/wp-content\/uploads\/20220404162429_castelar.jpg?fit=880%2C512&ssl=1&resize=525%2C300 1.5x, https:\/\/i0.wp.com\/larevistadigital.com.ar\/blog\/wp-content\/uploads\/20220404162429_castelar.jpg?fit=880%2C512&ssl=1&resize=700%2C400 2x"},"classes":[]}],"_links":{"self":[{"href":"https:\/\/larevistadigital.com.ar\/blog\/wp-json\/wp\/v2\/posts\/14440","targetHints":{"allow":["GET"]}}],"collection":[{"href":"https:\/\/larevistadigital.com.ar\/blog\/wp-json\/wp\/v2\/posts"}],"about":[{"href":"https:\/\/larevistadigital.com.ar\/blog\/wp-json\/wp\/v2\/types\/post"}],"author":[{"embeddable":true,"href":"https:\/\/larevistadigital.com.ar\/blog\/wp-json\/wp\/v2\/users\/3"}],"replies":[{"embeddable":true,"href":"https:\/\/larevistadigital.com.ar\/blog\/wp-json\/wp\/v2\/comments?post=14440"}],"version-history":[{"count":1,"href":"https:\/\/larevistadigital.com.ar\/blog\/wp-json\/wp\/v2\/posts\/14440\/revisions"}],"predecessor-version":[{"id":14442,"href":"https:\/\/larevistadigital.com.ar\/blog\/wp-json\/wp\/v2\/posts\/14440\/revisions\/14442"}],"wp:featuredmedia":[{"embeddable":true,"href":"https:\/\/larevistadigital.com.ar\/blog\/wp-json\/wp\/v2\/media\/14441"}],"wp:attachment":[{"href":"https:\/\/larevistadigital.com.ar\/blog\/wp-json\/wp\/v2\/media?parent=14440"}],"wp:term":[{"taxonomy":"category","embeddable":true,"href":"https:\/\/larevistadigital.com.ar\/blog\/wp-json\/wp\/v2\/categories?post=14440"},{"taxonomy":"post_tag","embeddable":true,"href":"https:\/\/larevistadigital.com.ar\/blog\/wp-json\/wp\/v2\/tags?post=14440"}],"curies":[{"name":"wp","href":"https:\/\/api.w.org\/{rel}","templated":true}]}}