{"id":14443,"date":"2020-01-29T21:55:16","date_gmt":"2020-01-29T21:55:16","guid":{"rendered":"https:\/\/larevistadigital.com.ar\/blog\/?p=14443"},"modified":"2020-01-29T21:55:16","modified_gmt":"2020-01-29T21:55:16","slug":"chascomus-vecinos-alertan-a-la-policia-por-ruidos-en-los-techos-y-detienen-a-dos-personas","status":"publish","type":"post","link":"https:\/\/larevistadigital.com.ar\/blog\/chascomus-vecinos-alertan-a-la-policia-por-ruidos-en-los-techos-y-detienen-a-dos-personas\/","title":{"rendered":"CHASCOM\u00daS: VECINOS ALERTAN A LA POLIC\u00cdA POR \u00abRUIDOS EN LOS TECHOS\u00bb Y DETIENEN A DOS PERSONAS"},"content":{"rendered":"<p>Personal E.P.C. Chascomus (Cria. Chascomus) juntamente con DDI CHASCOMUS concurrieron a llamado de vecinos en calle Garay e Hipolito Irigoyen de este medio en raz\u00f3n que escuchaban pasos sobre los techos de una carnicer\u00eda (LA BARRERA) y veterinaria (HUELLAS) existente en el lugar, donde lograron la aprehensi\u00f3n de dos masculinos que\u00a0 descend\u00edan de los mismos d\u00e1ndose a la fuga por una casa lindera a los comercios.<\/p>\n<p>Al momento de su identificaci\u00f3n se determino que uno de ellos era menor de edad. Anoticiado al Fiscal en turno <strong>Dr. ROBERT<\/strong> dispuso aprehensi\u00f3n del mayor en orden al delito de VIOLACI\u00d3N DE DOMICILIO y en cuanto al menor fue puesto a disposici\u00f3n de la Fiscalia del menor en turno del Depto. Judicial Dolores.<\/p>\n","protected":false},"excerpt":{"rendered":"<div class=\"mh-excerpt\"><p>Personal E.P.C. Chascomus (Cria. Chascomus) juntamente con DDI CHASCOMUS concurrieron a llamado de vecinos en calle Garay e Hipolito Irigoyen de este medio en raz\u00f3n que escuchaban pasos sobre los techos de una carnicer\u00eda (LA <a class=\"mh-excerpt-more\" href=\"https:\/\/larevistadigital.com.ar\/blog\/chascomus-vecinos-alertan-a-la-policia-por-ruidos-en-los-techos-y-detienen-a-dos-personas\/\" title=\"CHASCOM\u00daS: VECINOS ALERTAN A LA POLIC\u00cdA POR \u00abRUIDOS EN LOS TECHOS\u00bb Y DETIENEN A DOS PERSONAS\">[Leer M\u00e1s]<\/a><\/p>\n<\/div>","protected":false},"author":3,"featured_media":7557,"comment_status":"open","ping_status":"open","sticky":false,"template":"","format":"standard","meta":{"_jetpack_memberships_contains_paid_content":false,"footnotes":"","jetpack_publicize_message":"","jetpack_publicize_feature_enabled":true,"jetpack_social_post_already_shared":true,"jetpack_social_options":{"image_generator_settings":{"template":"highway","default_image_id":0,"font":"","enabled":false},"version":2}},"categories":[6,44],"tags":[],"class_list":{"0":"post-14443","1":"post","2":"type-post","3":"status-publish","4":"format-standard","5":"has-post-thumbnail","7":"category-chascomus","8":"category-policiales"},"jetpack_publicize_connections":[],"jetpack_featured_media_url":"https:\/\/i0.wp.com\/larevistadigital.com.ar\/blog\/wp-content\/uploads\/2019\/01\/bbx_755050019_comisaria_chasco_01.jpg?fit=800%2C579&ssl=1","jetpack_sharing_enabled":true,"jetpack_shortlink":"https:\/\/wp.me\/p8qtrQ-3KX","jetpack-related-posts":[{"id":9898,"url":"https:\/\/larevistadigital.com.ar\/blog\/chascomus-detienen-a-dos-jovenes-que-andaban-por-los-techos-de-una-vivienda\/","url_meta":{"origin":14443,"position":0},"title":"CHASCOM\u00daS: DETIENEN A DOS J\u00d3VENES QUE ANDABAN POR LOS TECHOS DE UNA VIVIENDA","author":"Alejandro Sosa Ruda","date":"29 abril, 2019","format":false,"excerpt":"La Estaci\u00f3n de Polic\u00eda Comunal inform\u00f3 que ayer fueron detenidos dos j\u00f3venes de 15 y 19 a\u00f1os. El hecho, ocurri\u00f3 en inmediaciones a calle M\u00e9xico y Malvinas Argentinas, donde un llamado puso en alerta que estas dos personas se encontraban arriba del techo de una vivienda. Acudi\u00f3 un m\u00f3vil policial\u2026","rel":"","context":"En \u00abPOLICIALES\u00bb","block_context":{"text":"POLICIALES","link":"https:\/\/larevistadigital.com.ar\/blog\/category\/policiales\/"},"img":{"alt_text":"","src":"https:\/\/i0.wp.com\/larevistadigital.com.ar\/blog\/wp-content\/uploads\/2019\/01\/bbx_755050019_comisaria_chasco_01.jpg?fit=800%2C579&ssl=1&resize=350%2C200","width":350,"height":200,"srcset":"https:\/\/i0.wp.com\/larevistadigital.com.ar\/blog\/wp-content\/uploads\/2019\/01\/bbx_755050019_comisaria_chasco_01.jpg?fit=800%2C579&ssl=1&resize=350%2C200 1x, https:\/\/i0.wp.com\/larevistadigital.com.ar\/blog\/wp-content\/uploads\/2019\/01\/bbx_755050019_comisaria_chasco_01.jpg?fit=800%2C579&ssl=1&resize=525%2C300 1.5x, https:\/\/i0.wp.com\/larevistadigital.com.ar\/blog\/wp-content\/uploads\/2019\/01\/bbx_755050019_comisaria_chasco_01.jpg?fit=800%2C579&ssl=1&resize=700%2C400 2x"},"classes":[]},{"id":36335,"url":"https:\/\/larevistadigital.com.ar\/blog\/chascomus-aprehenden-a-menor-por-robo-en-barrio-parque\/","url_meta":{"origin":14443,"position":1},"title":"CHASCOM\u00daS: APREHENDEN A MENOR POR ROBO EN BARRIO PARQUE.","author":"Alejandro Sosa Ruda","date":"15 junio, 2024","format":false,"excerpt":"El muchacho se encuentra detenido en la comisar\u00eda primera, en espera de resoluci\u00f3n judicial. 15 de Junio de 2024 CHASCOM\u00daS -\u00a0 \u00a0Personal policial de E.P.C. Chascomus 1ra. tras la recepci\u00f3n de denuncia de un hecho de robo ocurrido en el Barrio Parque ocurrido en la madrugada del dia Lunes 10\u2026","rel":"","context":"En \u00abPOLICIALES\u00bb","block_context":{"text":"POLICIALES","link":"https:\/\/larevistadigital.com.ar\/blog\/category\/policiales\/"},"img":{"alt_text":"","src":"https:\/\/i0.wp.com\/larevistadigital.com.ar\/blog\/wp-content\/uploads\/POLICIA-2.jpg?fit=1002%2C671&ssl=1&resize=350%2C200","width":350,"height":200,"srcset":"https:\/\/i0.wp.com\/larevistadigital.com.ar\/blog\/wp-content\/uploads\/POLICIA-2.jpg?fit=1002%2C671&ssl=1&resize=350%2C200 1x, https:\/\/i0.wp.com\/larevistadigital.com.ar\/blog\/wp-content\/uploads\/POLICIA-2.jpg?fit=1002%2C671&ssl=1&resize=525%2C300 1.5x, https:\/\/i0.wp.com\/larevistadigital.com.ar\/blog\/wp-content\/uploads\/POLICIA-2.jpg?fit=1002%2C671&ssl=1&resize=700%2C400 2x"},"classes":[]},{"id":4929,"url":"https:\/\/larevistadigital.com.ar\/blog\/chascomus-actuaciones-policiales-del-fin-semana\/","url_meta":{"origin":14443,"position":2},"title":"CHASCOM\u00daS: ACTUACIONES POLICIALES DEL FIN DE SEMANA","author":"Alejandro Sosa Ruda","date":"14 febrero, 2018","format":false,"excerpt":"INCENDIO INTENCIONAL Se inician actuaciones caratuladas como Incendio, resultando damnificada Pamela Lanta\u00f1o. El hecho se produjo en una vivienda sin habitar en calle Italia 297. Por el hecho con aporte de testigos se indiviadualiz\u00f3 a los responsables del mismo a dos menores de 12 a\u00f1os vecinos de la zona. Interviene\u2026","rel":"","context":"En \u00abPOLICIALES\u00bb","block_context":{"text":"POLICIALES","link":"https:\/\/larevistadigital.com.ar\/blog\/category\/policiales\/"},"img":{"alt_text":"","src":"https:\/\/i0.wp.com\/larevistadigital.com.ar\/blog\/wp-content\/uploads\/2018\/02\/3.png?fit=915%2C585&ssl=1&resize=350%2C200","width":350,"height":200,"srcset":"https:\/\/i0.wp.com\/larevistadigital.com.ar\/blog\/wp-content\/uploads\/2018\/02\/3.png?fit=915%2C585&ssl=1&resize=350%2C200 1x, https:\/\/i0.wp.com\/larevistadigital.com.ar\/blog\/wp-content\/uploads\/2018\/02\/3.png?fit=915%2C585&ssl=1&resize=525%2C300 1.5x, https:\/\/i0.wp.com\/larevistadigital.com.ar\/blog\/wp-content\/uploads\/2018\/02\/3.png?fit=915%2C585&ssl=1&resize=700%2C400 2x"},"classes":[]},{"id":33298,"url":"https:\/\/larevistadigital.com.ar\/blog\/chascomus-la-policia-comunal-frustro-un-robo-al-hotel-los-vascos-hay-dos-aprehendidos\/","url_meta":{"origin":14443,"position":3},"title":"CHASCOM\u00daS: LA POLIC\u00cdA COMUNAL FRUSTR\u00d3 UN ROBO AL HOTEL \u00abLOS VASCOS\u00bb, HAY DOS APREHENDIDOS.","author":"Alejandro Sosa Ruda","date":"5 septiembre, 2023","format":false,"excerpt":"Los sorprendieron luego de saltar el port\u00f3n. Se trata de dos personas con antecedentes. 5 de Septiembre de 2023 CHASCOM\u00daS -\u00a0 Personal policial de EPC Chascomus Primera, procedi\u00f3 a la aprehensi\u00f3n de dos personas masculinas mayores de edad y con antecedentes delictivos, luego de que los mismos tras trepar un\u2026","rel":"","context":"En \u00abDESTACADAS\u00bb","block_context":{"text":"DESTACADAS","link":"https:\/\/larevistadigital.com.ar\/blog\/category\/destacadas\/"},"img":{"alt_text":"","src":"https:\/\/i0.wp.com\/larevistadigital.com.ar\/blog\/wp-content\/uploads\/Captura-de-pantalla-2023-09-05-195909.png?fit=685%2C440&ssl=1&resize=350%2C200","width":350,"height":200,"srcset":"https:\/\/i0.wp.com\/larevistadigital.com.ar\/blog\/wp-content\/uploads\/Captura-de-pantalla-2023-09-05-195909.png?fit=685%2C440&ssl=1&resize=350%2C200 1x, https:\/\/i0.wp.com\/larevistadigital.com.ar\/blog\/wp-content\/uploads\/Captura-de-pantalla-2023-09-05-195909.png?fit=685%2C440&ssl=1&resize=525%2C300 1.5x"},"classes":[]},{"id":18832,"url":"https:\/\/larevistadigital.com.ar\/blog\/chascomus-por-agresion-a-menor-vecinos-habrian-querido-linchar-al-responsable\/","url_meta":{"origin":14443,"position":4},"title":"CHASCOM\u00daS: POR AGRESI\u00d3N A MENOR, VECINOS HABR\u00cdAN QUERIDO LINCHAR AL RESPONSABLE","author":"Alejandro Sosa Ruda","date":"12 febrero, 2021","format":false,"excerpt":"Ocurri\u00f3 anoche una grave situaci\u00f3n en donde un joven habr\u00eda agredido, o intentado hacerlo a una criatura, el padre quiso castigar\u00a0 al agresor y los vecinos del barrio habr\u00edan tratado de lincharlo. Esa es la informaci\u00f3n que nos env\u00edan algunos vecinos. Algunos lectores amigos se comunicaron con nosotros, relat\u00e1ndonos los\u2026","rel":"","context":"En \u00abCHASCOM\u00daS\u00bb","block_context":{"text":"CHASCOM\u00daS","link":"https:\/\/larevistadigital.com.ar\/blog\/category\/chascomus\/"},"img":{"alt_text":"","src":"https:\/\/i0.wp.com\/larevistadigital.com.ar\/blog\/wp-content\/uploads\/Screenshot_1-121.jpg?fit=1007%2C565&ssl=1&resize=350%2C200","width":350,"height":200,"srcset":"https:\/\/i0.wp.com\/larevistadigital.com.ar\/blog\/wp-content\/uploads\/Screenshot_1-121.jpg?fit=1007%2C565&ssl=1&resize=350%2C200 1x, https:\/\/i0.wp.com\/larevistadigital.com.ar\/blog\/wp-content\/uploads\/Screenshot_1-121.jpg?fit=1007%2C565&ssl=1&resize=525%2C300 1.5x, https:\/\/i0.wp.com\/larevistadigital.com.ar\/blog\/wp-content\/uploads\/Screenshot_1-121.jpg?fit=1007%2C565&ssl=1&resize=700%2C400 2x"},"classes":[]},{"id":31238,"url":"https:\/\/larevistadigital.com.ar\/blog\/chascomus-aprehenden-a-un-menor-que-robo-elementos-en-el-barrio-fatima\/","url_meta":{"origin":14443,"position":5},"title":"CHASCOM\u00daS: APREHENDEN A UN MENOR QUE ROBO ELEMENTOS EN EL BARRIO F\u00c1TIMA","author":"Alejandro Sosa Ruda","date":"25 abril, 2023","format":false,"excerpt":"Rob\u00f3 distintos elementos y termin\u00f3 aprehendido. 25 de abril de 2023 CHASCOM\u00daS -\u00a0 Durante el d\u00eda de hoy, y aproximadamente a las 10:30 hs. personal de Polic\u00eda Comunal procedi\u00f3 a la aprehensi\u00f3n de un menor de edad. El joven hab\u00eda sustra\u00eddo elementos de un veh\u00edculo en el Barrio F\u00e1tima, los\u2026","rel":"","context":"En \u00abINTERES GENERAL\u00bb","block_context":{"text":"INTERES GENERAL","link":"https:\/\/larevistadigital.com.ar\/blog\/category\/interes-general\/"},"img":{"alt_text":"","src":"https:\/\/i0.wp.com\/larevistadigital.com.ar\/blog\/wp-content\/uploads\/WhatsApp-Image-2023-04-25-at-11.30.20.jpeg?fit=675%2C1200&ssl=1&resize=350%2C200","width":350,"height":200,"srcset":"https:\/\/i0.wp.com\/larevistadigital.com.ar\/blog\/wp-content\/uploads\/WhatsApp-Image-2023-04-25-at-11.30.20.jpeg?fit=675%2C1200&ssl=1&resize=350%2C200 1x, https:\/\/i0.wp.com\/larevistadigital.com.ar\/blog\/wp-content\/uploads\/WhatsApp-Image-2023-04-25-at-11.30.20.jpeg?fit=675%2C1200&ssl=1&resize=525%2C300 1.5x"},"classes":[]}],"_links":{"self":[{"href":"https:\/\/larevistadigital.com.ar\/blog\/wp-json\/wp\/v2\/posts\/14443","targetHints":{"allow":["GET"]}}],"collection":[{"href":"https:\/\/larevistadigital.com.ar\/blog\/wp-json\/wp\/v2\/posts"}],"about":[{"href":"https:\/\/larevistadigital.com.ar\/blog\/wp-json\/wp\/v2\/types\/post"}],"author":[{"embeddable":true,"href":"https:\/\/larevistadigital.com.ar\/blog\/wp-json\/wp\/v2\/users\/3"}],"replies":[{"embeddable":true,"href":"https:\/\/larevistadigital.com.ar\/blog\/wp-json\/wp\/v2\/comments?post=14443"}],"version-history":[{"count":1,"href":"https:\/\/larevistadigital.com.ar\/blog\/wp-json\/wp\/v2\/posts\/14443\/revisions"}],"predecessor-version":[{"id":14444,"href":"https:\/\/larevistadigital.com.ar\/blog\/wp-json\/wp\/v2\/posts\/14443\/revisions\/14444"}],"wp:featuredmedia":[{"embeddable":true,"href":"https:\/\/larevistadigital.com.ar\/blog\/wp-json\/wp\/v2\/media\/7557"}],"wp:attachment":[{"href":"https:\/\/larevistadigital.com.ar\/blog\/wp-json\/wp\/v2\/media?parent=14443"}],"wp:term":[{"taxonomy":"category","embeddable":true,"href":"https:\/\/larevistadigital.com.ar\/blog\/wp-json\/wp\/v2\/categories?post=14443"},{"taxonomy":"post_tag","embeddable":true,"href":"https:\/\/larevistadigital.com.ar\/blog\/wp-json\/wp\/v2\/tags?post=14443"}],"curies":[{"name":"wp","href":"https:\/\/api.w.org\/{rel}","templated":true}]}}