{"id":14445,"date":"2020-01-29T21:58:21","date_gmt":"2020-01-29T21:58:21","guid":{"rendered":"https:\/\/larevistadigital.com.ar\/blog\/?p=14445"},"modified":"2020-01-29T21:58:21","modified_gmt":"2020-01-29T21:58:21","slug":"la-plata-se-busca-desesperadamente-a-menor-de-14-anos-que-esta-desaparecida","status":"publish","type":"post","link":"https:\/\/larevistadigital.com.ar\/blog\/la-plata-se-busca-desesperadamente-a-menor-de-14-anos-que-esta-desaparecida\/","title":{"rendered":"LA PLATA: SE BUSCA DESESPERADAMENTE A MENOR DE 14 A\u00d1OS QUE EST\u00c1 DESAPARECIDA"},"content":{"rendered":"<h2><em><strong>Fernanda Zeltner C\u00e1rdenes fue vista por \u00faltima vez el s\u00e1bado pasado<\/strong>.<\/em><\/h2>\n<p>La ciudad de La Plata se encuentra en alerta por la desaparici\u00f3n de una joven de 14 a\u00f1os. Fue vista por \u00faltima vez el 25 de enero, cuando dej\u00f3 su casa de 152 bis entre 521 y 522 y desde ese momento no se supo m\u00e1s nada de ella.<\/p>\n<blockquote>\n<h3>Al momento de su desaparici\u00f3n, Fernanda luc\u00eda un short negro, un top claro y zapatillas blancas. Seg\u00fan precisaron sus familiares, no lleva consigo documentaci\u00f3n, ni tel\u00e9fono ni dinero.<\/h3>\n<\/blockquote>\n<p>Se radic\u00f3 la denuncia correspondiente en la comisar\u00eda local.<\/p>\n<p>Ante cualquier informaci\u00f3n sobre el paradero de la menor comunicarse al 221-5639401 o al 911.<\/p>\n","protected":false},"excerpt":{"rendered":"<div class=\"mh-excerpt\"><p>Fernanda Zeltner C\u00e1rdenes fue vista por \u00faltima vez el s\u00e1bado pasado. La ciudad de La Plata se encuentra en alerta por la desaparici\u00f3n de una joven de 14 a\u00f1os. Fue vista por \u00faltima vez el <a class=\"mh-excerpt-more\" href=\"https:\/\/larevistadigital.com.ar\/blog\/la-plata-se-busca-desesperadamente-a-menor-de-14-anos-que-esta-desaparecida\/\" title=\"LA PLATA: SE BUSCA DESESPERADAMENTE A MENOR DE 14 A\u00d1OS QUE EST\u00c1 DESAPARECIDA\">[Leer M\u00e1s]<\/a><\/p>\n<\/div>","protected":false},"author":3,"featured_media":14446,"comment_status":"open","ping_status":"open","sticky":false,"template":"","format":"standard","meta":{"_jetpack_memberships_contains_paid_content":false,"footnotes":"","jetpack_publicize_message":"","jetpack_publicize_feature_enabled":true,"jetpack_social_post_already_shared":true,"jetpack_social_options":{"image_generator_settings":{"template":"highway","default_image_id":0,"font":"","enabled":false},"version":2}},"categories":[44,51],"tags":[],"class_list":{"0":"post-14445","1":"post","2":"type-post","3":"status-publish","4":"format-standard","5":"has-post-thumbnail","7":"category-policiales","8":"category-regionales"},"jetpack_publicize_connections":[],"jetpack_featured_media_url":"https:\/\/i0.wp.com\/larevistadigital.com.ar\/blog\/wp-content\/uploads\/20200129_233215.jpg?fit=1080%2C525&ssl=1","jetpack_sharing_enabled":true,"jetpack_shortlink":"https:\/\/wp.me\/p8qtrQ-3KZ","jetpack-related-posts":[{"id":8406,"url":"https:\/\/larevistadigital.com.ar\/blog\/mar-del-plata-preocupacion-por-la-desaparicion-de-una-menor\/","url_meta":{"origin":14445,"position":0},"title":"MAR DEL PLATA: PREOCUPACI\u00d3N POR LA DESAPARICI\u00d3N DE UNA MENOR","author":"Alejandro Sosa Ruda","date":"13 febrero, 2019","format":false,"excerpt":"Tiene 14 a\u00f1os y se la vio por \u00faltima\u00a0vez en el centro de la ciudad ayer martes por la tarde. La denuncia fue presentada en la comisar\u00eda sexta. Autoridades policiales y judiciales procuran establecer el paradero de una menor de 14 a\u00f1os cuyos familiares denunciaron que desde la tarde del\u2026","rel":"","context":"En \u00abPOLICIALES\u00bb","block_context":{"text":"POLICIALES","link":"https:\/\/larevistadigital.com.ar\/blog\/category\/policiales\/"},"img":{"alt_text":"","src":"https:\/\/i0.wp.com\/larevistadigital.com.ar\/blog\/wp-content\/uploads\/2019\/02\/Screenshot_2-1.jpg?fit=600%2C581&ssl=1&resize=350%2C200","width":350,"height":200,"srcset":"https:\/\/i0.wp.com\/larevistadigital.com.ar\/blog\/wp-content\/uploads\/2019\/02\/Screenshot_2-1.jpg?fit=600%2C581&ssl=1&resize=350%2C200 1x, https:\/\/i0.wp.com\/larevistadigital.com.ar\/blog\/wp-content\/uploads\/2019\/02\/Screenshot_2-1.jpg?fit=600%2C581&ssl=1&resize=525%2C300 1.5x"},"classes":[]},{"id":20615,"url":"https:\/\/larevistadigital.com.ar\/blog\/buscan-con-desesperacion-a-una-chica-que-desaparecio-hace-una-semana-en-la-plata\/","url_meta":{"origin":14445,"position":1},"title":"BUSCAN CON DESESPERACI\u00d3N A UNA CHICA QUE DESAPARECI\u00d3 HACE UNA SEMANA EN LA PLATA","author":"Alejandro Sosa Ruda","date":"2 junio, 2021","format":false,"excerpt":"Milagros fue vista por \u00faltima vez\u00a0durante la ma\u00f1ana del\u00a0jueves 27 de mayo en\u00a063 bis y 169, Los Hornos. Desde ese momento, no se sabe nada acerca de su paradero. LA PLATA - Familiares y amigos de Milagros Celeste Troncoso\u00a0iniciaron una campa\u00f1a en las redes para dar con el paradero de\u2026","rel":"","context":"En \u00abINTERES GENERAL\u00bb","block_context":{"text":"INTERES GENERAL","link":"https:\/\/larevistadigital.com.ar\/blog\/category\/interes-general\/"},"img":{"alt_text":"","src":"https:\/\/i0.wp.com\/larevistadigital.com.ar\/blog\/wp-content\/uploads\/CHICA-BUSCADA-1-e1622648516211.png?fit=800%2C633&ssl=1&resize=350%2C200","width":350,"height":200,"srcset":"https:\/\/i0.wp.com\/larevistadigital.com.ar\/blog\/wp-content\/uploads\/CHICA-BUSCADA-1-e1622648516211.png?fit=800%2C633&ssl=1&resize=350%2C200 1x, https:\/\/i0.wp.com\/larevistadigital.com.ar\/blog\/wp-content\/uploads\/CHICA-BUSCADA-1-e1622648516211.png?fit=800%2C633&ssl=1&resize=525%2C300 1.5x, https:\/\/i0.wp.com\/larevistadigital.com.ar\/blog\/wp-content\/uploads\/CHICA-BUSCADA-1-e1622648516211.png?fit=800%2C633&ssl=1&resize=700%2C400 2x"},"classes":[]},{"id":18910,"url":"https:\/\/larevistadigital.com.ar\/blog\/buscan-con-desesperacion-a-un-nene-de-14-anos-en-la-plata\/","url_meta":{"origin":14445,"position":2},"title":"BUSCAN CON DESESPERACI\u00d3N A UN NENE DE 14 A\u00d1OS EN LA PLATA","author":"Alejandro Sosa Ruda","date":"18 febrero, 2021","format":false,"excerpt":"La madre del adolescente se contact\u00f3 con 0221.com.ar, y cont\u00f3 que la \u00faltima vez que lo vieron fue en la esquina de\u00a013 y 527, en Tolosa. Una familia de Tolosa est\u00e1 en vilo por la\u00a0desaparici\u00f3n de Valent\u00edn, un nene de 14 a\u00f1os que fue visto por \u00faltima vez en la\u2026","rel":"","context":"En \u00abDESTACADAS\u00bb","block_context":{"text":"DESTACADAS","link":"https:\/\/larevistadigital.com.ar\/blog\/category\/destacadas\/"},"img":{"alt_text":"","src":"https:\/\/i0.wp.com\/larevistadigital.com.ar\/blog\/wp-content\/uploads\/1613651717210.jpg?fit=600%2C365&ssl=1&resize=350%2C200","width":350,"height":200,"srcset":"https:\/\/i0.wp.com\/larevistadigital.com.ar\/blog\/wp-content\/uploads\/1613651717210.jpg?fit=600%2C365&ssl=1&resize=350%2C200 1x, https:\/\/i0.wp.com\/larevistadigital.com.ar\/blog\/wp-content\/uploads\/1613651717210.jpg?fit=600%2C365&ssl=1&resize=525%2C300 1.5x"},"classes":[]},{"id":39148,"url":"https:\/\/larevistadigital.com.ar\/blog\/misteriosa-desaparicion-un-joven-de-29-anos-es-buscado-en-la-costa-atlantica\/","url_meta":{"origin":14445,"position":3},"title":"Misteriosa desaparici\u00f3n: un joven de 29 a\u00f1os es buscado en la Costa Atl\u00e1ntica","author":"Alejandro Sosa Ruda","date":"26 marzo, 2025","format":false,"excerpt":"La incertidumbre crece en torno a la desaparici\u00f3n de Juan Pablo Gramigna, un joven de 29 a\u00f1os oriundo de Brandsen, quien fue visto por \u00faltima vez el s\u00e1bado y desde entonces nada se sabe de su desfile. 26 de Marzo de 2025 LA COSTA -\u00a0 Las autoridades han intensificado la\u2026","rel":"","context":"En \u00abPOLICIALES\u00bb","block_context":{"text":"POLICIALES","link":"https:\/\/larevistadigital.com.ar\/blog\/category\/policiales\/"},"img":{"alt_text":"","src":"https:\/\/i0.wp.com\/larevistadigital.com.ar\/blog\/wp-content\/uploads\/48b67031fa0dc06ee90b4e43cb4b757d594e4b97.jpg?fit=1140%2C742&ssl=1&resize=350%2C200","width":350,"height":200,"srcset":"https:\/\/i0.wp.com\/larevistadigital.com.ar\/blog\/wp-content\/uploads\/48b67031fa0dc06ee90b4e43cb4b757d594e4b97.jpg?fit=1140%2C742&ssl=1&resize=350%2C200 1x, https:\/\/i0.wp.com\/larevistadigital.com.ar\/blog\/wp-content\/uploads\/48b67031fa0dc06ee90b4e43cb4b757d594e4b97.jpg?fit=1140%2C742&ssl=1&resize=525%2C300 1.5x, https:\/\/i0.wp.com\/larevistadigital.com.ar\/blog\/wp-content\/uploads\/48b67031fa0dc06ee90b4e43cb4b757d594e4b97.jpg?fit=1140%2C742&ssl=1&resize=700%2C400 2x, https:\/\/i0.wp.com\/larevistadigital.com.ar\/blog\/wp-content\/uploads\/48b67031fa0dc06ee90b4e43cb4b757d594e4b97.jpg?fit=1140%2C742&ssl=1&resize=1050%2C600 3x"},"classes":[]},{"id":21312,"url":"https:\/\/larevistadigital.com.ar\/blog\/villa-gesell-suben-a-1-500-000-la-recompensa-por-informacion-sobre-el-paradero-de-un-anena-desaparecida-hace-11-anos\/","url_meta":{"origin":14445,"position":4},"title":"VILLA GESELL: SUBEN A $1.500.000.- LA RECOMPENSA POR INFORMACI\u00d3N SOBRE EL PARADERO DE UN ANENA DESAPARECIDA HACE 11 A\u00d1OS","author":"Alejandro Sosa Ruda","date":"30 julio, 2021","format":false,"excerpt":"Se trata de Agostina Sorich quien fue vista por \u00faltima vez en octubre de 2010 cuando ten\u00eda 12 a\u00f1os. VILLA GESELL -\u00a0 El ministerio de Seguridad de la provincia de Buenos Aires decidi\u00f3 elevar la recompensa para quienes puedan aportar datos en torno a la investigaci\u00f3n de la desaparici\u00f3n de\u2026","rel":"","context":"En \u00abPOLICIALES\u00bb","block_context":{"text":"POLICIALES","link":"https:\/\/larevistadigital.com.ar\/blog\/category\/policiales\/"},"img":{"alt_text":"","src":"https:\/\/i0.wp.com\/larevistadigital.com.ar\/blog\/wp-content\/uploads\/a23f3cb50c827defdcf731cb50cde3b3f3994fbd.jpg?fit=1140%2C783&ssl=1&resize=350%2C200","width":350,"height":200,"srcset":"https:\/\/i0.wp.com\/larevistadigital.com.ar\/blog\/wp-content\/uploads\/a23f3cb50c827defdcf731cb50cde3b3f3994fbd.jpg?fit=1140%2C783&ssl=1&resize=350%2C200 1x, https:\/\/i0.wp.com\/larevistadigital.com.ar\/blog\/wp-content\/uploads\/a23f3cb50c827defdcf731cb50cde3b3f3994fbd.jpg?fit=1140%2C783&ssl=1&resize=525%2C300 1.5x, https:\/\/i0.wp.com\/larevistadigital.com.ar\/blog\/wp-content\/uploads\/a23f3cb50c827defdcf731cb50cde3b3f3994fbd.jpg?fit=1140%2C783&ssl=1&resize=700%2C400 2x, https:\/\/i0.wp.com\/larevistadigital.com.ar\/blog\/wp-content\/uploads\/a23f3cb50c827defdcf731cb50cde3b3f3994fbd.jpg?fit=1140%2C783&ssl=1&resize=1050%2C600 3x"},"classes":[]},{"id":13781,"url":"https:\/\/larevistadigital.com.ar\/blog\/piden-que-se-comparta-en-redes-se-busca-desesperadamente-a-una-joven\/","url_meta":{"origin":14445,"position":5},"title":"PIDEN QUE SE COMPARTA EN REDES: SE BUSCA DESESPERADAMENTE A UNA JOVEN","author":"Alejandro Sosa Ruda","date":"22 diciembre, 2019","format":false,"excerpt":"Pasan los d\u00edas y Eliana no aparece. La buscan intensamente Eliana Andrea Bernalla Ocampo, es una joven oriunda de Longchamps, que se encuentra desaparecida desde hace m\u00e1s de una semana. Seg\u00fan refiri\u00f3 su familia en di\u00e1logo con\u00a0DLN, \"El jueves 12 de diciembre se qued\u00f3 a dormir en la casa de\u2026","rel":"","context":"En \u00abDESTACADAS\u00bb","block_context":{"text":"DESTACADAS","link":"https:\/\/larevistadigital.com.ar\/blog\/category\/destacadas\/"},"img":{"alt_text":"","src":"https:\/\/i0.wp.com\/larevistadigital.com.ar\/blog\/wp-content\/uploads\/1577058248035_wm.jpg?fit=1200%2C674&ssl=1&resize=350%2C200","width":350,"height":200,"srcset":"https:\/\/i0.wp.com\/larevistadigital.com.ar\/blog\/wp-content\/uploads\/1577058248035_wm.jpg?fit=1200%2C674&ssl=1&resize=350%2C200 1x, https:\/\/i0.wp.com\/larevistadigital.com.ar\/blog\/wp-content\/uploads\/1577058248035_wm.jpg?fit=1200%2C674&ssl=1&resize=525%2C300 1.5x, https:\/\/i0.wp.com\/larevistadigital.com.ar\/blog\/wp-content\/uploads\/1577058248035_wm.jpg?fit=1200%2C674&ssl=1&resize=700%2C400 2x, https:\/\/i0.wp.com\/larevistadigital.com.ar\/blog\/wp-content\/uploads\/1577058248035_wm.jpg?fit=1200%2C674&ssl=1&resize=1050%2C600 3x"},"classes":[]}],"_links":{"self":[{"href":"https:\/\/larevistadigital.com.ar\/blog\/wp-json\/wp\/v2\/posts\/14445","targetHints":{"allow":["GET"]}}],"collection":[{"href":"https:\/\/larevistadigital.com.ar\/blog\/wp-json\/wp\/v2\/posts"}],"about":[{"href":"https:\/\/larevistadigital.com.ar\/blog\/wp-json\/wp\/v2\/types\/post"}],"author":[{"embeddable":true,"href":"https:\/\/larevistadigital.com.ar\/blog\/wp-json\/wp\/v2\/users\/3"}],"replies":[{"embeddable":true,"href":"https:\/\/larevistadigital.com.ar\/blog\/wp-json\/wp\/v2\/comments?post=14445"}],"version-history":[{"count":1,"href":"https:\/\/larevistadigital.com.ar\/blog\/wp-json\/wp\/v2\/posts\/14445\/revisions"}],"predecessor-version":[{"id":14447,"href":"https:\/\/larevistadigital.com.ar\/blog\/wp-json\/wp\/v2\/posts\/14445\/revisions\/14447"}],"wp:featuredmedia":[{"embeddable":true,"href":"https:\/\/larevistadigital.com.ar\/blog\/wp-json\/wp\/v2\/media\/14446"}],"wp:attachment":[{"href":"https:\/\/larevistadigital.com.ar\/blog\/wp-json\/wp\/v2\/media?parent=14445"}],"wp:term":[{"taxonomy":"category","embeddable":true,"href":"https:\/\/larevistadigital.com.ar\/blog\/wp-json\/wp\/v2\/categories?post=14445"},{"taxonomy":"post_tag","embeddable":true,"href":"https:\/\/larevistadigital.com.ar\/blog\/wp-json\/wp\/v2\/tags?post=14445"}],"curies":[{"name":"wp","href":"https:\/\/api.w.org\/{rel}","templated":true}]}}