{"id":1445,"date":"2017-03-20T14:42:11","date_gmt":"2017-03-20T14:42:11","guid":{"rendered":"https:\/\/larevistadigital.com.ar\/blog\/?p=1445"},"modified":"2017-03-20T14:42:11","modified_gmt":"2017-03-20T14:42:11","slug":"fuerte-respaldo-de-macri-a-vidal","status":"publish","type":"post","link":"https:\/\/larevistadigital.com.ar\/blog\/fuerte-respaldo-de-macri-a-vidal\/","title":{"rendered":"FUERTE RESPALDO DE MACRI A VIDAL"},"content":{"rendered":"<p>En el marco de un acto por la firma de un convenio con <strong>Augusto Cicar\u00e9<\/strong>, un empresario de Saladillo que construye helic\u00f3pteros de exportaci\u00f3n, el Presidente de la Naci\u00f3n, ingeniero Mauricio Macri, dio un fuerte respaldo a la gobernadora de la provincia de Buenos Aires, <strong>Mar\u00eda Eugenia Vidal<\/strong>.<\/p>\n<blockquote>\n<h3><strong><em>\u201cCada d\u00eda la quiero m\u00e1s, cada d\u00eda la admiro m\u00e1s, por todas las batallas que da. Porque cada batalla que ella est\u00e1 dando la da por cada uno de los bonaerenses\u00bb. <\/em>Dijo con \u00e9nfasis.<\/strong><\/h3>\n<\/blockquote>\n<p>Vidal, se refiri\u00f3 al conflicto con los maestros, pero sin nombrarlos. \u00a0<strong><em>\u00abLa Argentina que queremos ser, representada en la inmensa mayor\u00eda, somos &#8216;Pirincho&#8217; (en relaci\u00f3n a Cicar\u00e9), los que no bajamos los brazos, los que no nos damos por vencidos, y trabajando silenciosamente cada ma\u00f1ana,\u00a0sin siquiera pensar en no ir a trabajar, aunque haya sido un d\u00eda duro, aunque las condiciones no sean las mejores, aunque las cosas no siempre nos salgan; eso somos y por eso podemos ser un gran pa\u00eds\u00bb.<\/em><\/strong><\/p>\n<p><strong><em>\u00abTanto al presidente como a m\u00ed nos gusta cumplir con la palabra, tiene un valor importante para nosotros; \u00e9l hab\u00eda dado su palabra de impulsar, mejorar y hacer crecer a Cicar\u00e9. Estamos ac\u00e1 festejando el valor de la palabra\u00bb<\/em><\/strong><\/p>\n<p>El presidente tambi\u00e9n se tom\u00f3 un fragmento del discurso para hablar del empresario <strong>Cicar\u00e9<\/strong>. <strong><em>\u00abNada de lo que te pueden regalar significa lo que podes sentir cuando logras las cosas con tu esfuerzo\u00bb<\/em><\/strong>, dijo.<\/p>\n<p><a href=\"https:\/\/i0.wp.com\/larevistadigital.com.ar\/blog\/wp-content\/uploads\/2017\/03\/Hangarcicare.jpg?ssl=1\"><img data-recalc-dims=\"1\" loading=\"lazy\" decoding=\"async\" class=\"size-full wp-image-1446 aligncenter\" src=\"https:\/\/i0.wp.com\/larevistadigital.com.ar\/blog\/wp-content\/uploads\/2017\/03\/Hangarcicare.jpg?resize=847%2C390&#038;ssl=1\" alt=\"\" width=\"847\" height=\"390\" srcset=\"https:\/\/i0.wp.com\/larevistadigital.com.ar\/blog\/wp-content\/uploads\/2017\/03\/Hangarcicare.jpg?w=847&amp;ssl=1 847w, https:\/\/i0.wp.com\/larevistadigital.com.ar\/blog\/wp-content\/uploads\/2017\/03\/Hangarcicare.jpg?resize=300%2C138&amp;ssl=1 300w, https:\/\/i0.wp.com\/larevistadigital.com.ar\/blog\/wp-content\/uploads\/2017\/03\/Hangarcicare.jpg?resize=768%2C354&amp;ssl=1 768w\" sizes=\"auto, (max-width: 847px) 100vw, 847px\" \/><\/a>Termin\u00f3 diciendo al respecto que: <strong><em>\u00abEstamos ratificando una decisi\u00f3n de fondo, animarnos a cambiar, abrir una puerta llena de desaf\u00edos, de dudas; el mundo hoy est\u00e1 cruzando una enorme cantidad de dificultades, pero todas esas dificultades son oportunidades para los argentinos, para que encontremos ese lugar que perdimos hace mucho tiempo\u00bb.<\/em><\/strong><\/p>\n<p>&nbsp;<\/p>\n","protected":false},"excerpt":{"rendered":"<div class=\"mh-excerpt\"><p>En el marco de un acto por la firma de un convenio con Augusto Cicar\u00e9, un empresario de Saladillo que construye helic\u00f3pteros de exportaci\u00f3n, el Presidente de la Naci\u00f3n, ingeniero Mauricio Macri, dio un fuerte <a class=\"mh-excerpt-more\" href=\"https:\/\/larevistadigital.com.ar\/blog\/fuerte-respaldo-de-macri-a-vidal\/\" title=\"FUERTE RESPALDO DE MACRI A VIDAL\">[Leer M\u00e1s]<\/a><\/p>\n<\/div>","protected":false},"author":3,"featured_media":1447,"comment_status":"open","ping_status":"open","sticky":false,"template":"","format":"standard","meta":{"_jetpack_memberships_contains_paid_content":false,"footnotes":"","jetpack_publicize_message":"","jetpack_publicize_feature_enabled":true,"jetpack_social_post_already_shared":true,"jetpack_social_options":{"image_generator_settings":{"template":"highway","default_image_id":0,"font":"","enabled":false},"version":2}},"categories":[41,12,25,24],"tags":[],"class_list":{"0":"post-1445","1":"post","2":"type-post","3":"status-publish","4":"format-standard","5":"has-post-thumbnail","7":"category-destacadas","8":"category-politica","9":"category-politica-nacional","10":"category-politica-provincial"},"jetpack_publicize_connections":[],"jetpack_featured_media_url":"https:\/\/i0.wp.com\/larevistadigital.com.ar\/blog\/wp-content\/uploads\/2017\/03\/macri-vidal03.jpg?fit=1000%2C540&ssl=1","jetpack_sharing_enabled":true,"jetpack_shortlink":"https:\/\/wp.me\/p8qtrQ-nj","jetpack-related-posts":[{"id":2454,"url":"https:\/\/larevistadigital.com.ar\/blog\/macri-y-vidal-escrachados-por-gremialistas-docentes-en-tigre\/","url_meta":{"origin":1445,"position":0},"title":"MACRI Y VIDAL ESCRACHADOS POR GREMIALISTAS DOCENTES EN TIGRE","author":"Alejandro Sosa Ruda","date":"16 junio, 2017","format":false,"excerpt":"Ocurri\u00f3 durante una visita a una librer\u00eda en una recorrida a pie en Tigre, en donde partidarios de Baradel les gritaron reclamando paritarias. El presidente Mauricio Macri y la gobernadora Mar\u00eda Eugenia Vidal\u00a0fueron escrachados hoy por integrantes del sindicato docente SUTEBA\u00a0cuando los l\u00edderes del PRO participaban de una actividad en\u2026","rel":"","context":"En \u00abDESTACADAS\u00bb","block_context":{"text":"DESTACADAS","link":"https:\/\/larevistadigital.com.ar\/blog\/category\/destacadas\/"},"img":{"alt_text":"","src":"https:\/\/i0.wp.com\/larevistadigital.com.ar\/blog\/wp-content\/uploads\/2017\/06\/escrache-macri-vidal.jpg?fit=650%2C526&ssl=1&resize=350%2C200","width":350,"height":200,"srcset":"https:\/\/i0.wp.com\/larevistadigital.com.ar\/blog\/wp-content\/uploads\/2017\/06\/escrache-macri-vidal.jpg?fit=650%2C526&ssl=1&resize=350%2C200 1x, https:\/\/i0.wp.com\/larevistadigital.com.ar\/blog\/wp-content\/uploads\/2017\/06\/escrache-macri-vidal.jpg?fit=650%2C526&ssl=1&resize=525%2C300 1.5x"},"classes":[]},{"id":1824,"url":"https:\/\/larevistadigital.com.ar\/blog\/vidal-dialogara-con-los-docentes-si-estos-dejan-de-hacer-paros\/","url_meta":{"origin":1445,"position":1},"title":"VIDAL DIALOGAR\u00c1 CON LOS DOCENTES, SI ESTOS DEJAN DE HACER PAROS","author":"Alejandro Sosa Ruda","date":"4 abril, 2017","format":false,"excerpt":"Mar\u00eda Eugenia Vidal respondi\u00f3 que aceptar\u00e1 el pedido de reuni\u00f3n \u00a0que le hicieron los gremios docentes bonaerenses, con la condici\u00f3n de que asuman el \"compromiso p\u00fablico\" de no realizar m\u00e1s paros en lo que va del a\u00f1o. Vidal se comprometi\u00f3 a recibir personalmente a los representantes de los gremios \"todas\u2026","rel":"","context":"En \u00abDESTACADAS\u00bb","block_context":{"text":"DESTACADAS","link":"https:\/\/larevistadigital.com.ar\/blog\/category\/destacadas\/"},"img":{"alt_text":"","src":"https:\/\/i0.wp.com\/larevistadigital.com.ar\/blog\/wp-content\/uploads\/2017\/04\/68472_3.jpg?fit=621%2C465&ssl=1&resize=350%2C200","width":350,"height":200,"srcset":"https:\/\/i0.wp.com\/larevistadigital.com.ar\/blog\/wp-content\/uploads\/2017\/04\/68472_3.jpg?fit=621%2C465&ssl=1&resize=350%2C200 1x, https:\/\/i0.wp.com\/larevistadigital.com.ar\/blog\/wp-content\/uploads\/2017\/04\/68472_3.jpg?fit=621%2C465&ssl=1&resize=525%2C300 1.5x"},"classes":[]},{"id":514,"url":"https:\/\/larevistadigital.com.ar\/blog\/carrio-podria-fracturar-la-relacion-macri-vidal\/","url_meta":{"origin":1445,"position":2},"title":"Carri\u00f3 podr\u00eda fracturar la relaci\u00f3n de Macri y Vidal","author":"editor","date":"4 marzo, 2017","format":false,"excerpt":"Si la diputada se postula, podr\u00eda generar una fractura entre el Presidente y la Gobernadora porte\u00f1a. BUENOS AIRES (Redacci\u00f3n) \u2013 Todo se reduce al clima pol\u00edtico y personal que hace que unos conf\u00eden m\u00e1s en unos, que en otros. Elisa Carri\u00f3 hoy tiene mejor imagen dentro del frente que Mar\u00eda\u2026","rel":"","context":"En \u00abDESTACADAS\u00bb","block_context":{"text":"DESTACADAS","link":"https:\/\/larevistadigital.com.ar\/blog\/category\/destacadas\/"},"img":{"alt_text":"","src":"https:\/\/i0.wp.com\/larevistadigital.com.ar\/blog\/wp-content\/uploads\/2017\/03\/0010827227.jpg?fit=1170%2C658&ssl=1&resize=350%2C200","width":350,"height":200,"srcset":"https:\/\/i0.wp.com\/larevistadigital.com.ar\/blog\/wp-content\/uploads\/2017\/03\/0010827227.jpg?fit=1170%2C658&ssl=1&resize=350%2C200 1x, https:\/\/i0.wp.com\/larevistadigital.com.ar\/blog\/wp-content\/uploads\/2017\/03\/0010827227.jpg?fit=1170%2C658&ssl=1&resize=525%2C300 1.5x, https:\/\/i0.wp.com\/larevistadigital.com.ar\/blog\/wp-content\/uploads\/2017\/03\/0010827227.jpg?fit=1170%2C658&ssl=1&resize=700%2C400 2x, https:\/\/i0.wp.com\/larevistadigital.com.ar\/blog\/wp-content\/uploads\/2017\/03\/0010827227.jpg?fit=1170%2C658&ssl=1&resize=1050%2C600 3x"},"classes":[]},{"id":6492,"url":"https:\/\/larevistadigital.com.ar\/blog\/san-miguel-en-el-peor-momento-economico-macri-y-vidal-volvieron-a-salir-de-timbreo\/","url_meta":{"origin":1445,"position":3},"title":"SAN MIGUEL: EN EL PEOR MOMENTO ECON\u00d3MICO, MACRI Y VIDAL VOLVIERON A SALIR DE TIMBREO","author":"Alejandro Sosa Ruda","date":"16 septiembre, 2018","format":false,"excerpt":"La ciudad bonaerense de San Miguel fue el punto de encuentro del presidente de la Naci\u00f3n,\u00a0Mauricio Macri; y la gobernadora\u00a0Mar\u00eda Eugenia Vidal\u00a0para realizar juntos en la tarde de este s\u00e1bado un nuevo \u201ctimbreo\u201d vecinal; una forma de tomar el pulso a la ciudadan\u00eda luego de una dif\u00edcil semana econ\u00f3mica. Adem\u00e1s\u2026","rel":"","context":"En \u00abPOLITICA\u00bb","block_context":{"text":"POLITICA","link":"https:\/\/larevistadigital.com.ar\/blog\/category\/politica\/"},"img":{"alt_text":"","src":"https:\/\/i0.wp.com\/larevistadigital.com.ar\/blog\/wp-content\/uploads\/2018\/09\/not_933767_15_132538_m.jpg?fit=768%2C415&ssl=1&resize=350%2C200","width":350,"height":200,"srcset":"https:\/\/i0.wp.com\/larevistadigital.com.ar\/blog\/wp-content\/uploads\/2018\/09\/not_933767_15_132538_m.jpg?fit=768%2C415&ssl=1&resize=350%2C200 1x, https:\/\/i0.wp.com\/larevistadigital.com.ar\/blog\/wp-content\/uploads\/2018\/09\/not_933767_15_132538_m.jpg?fit=768%2C415&ssl=1&resize=525%2C300 1.5x, https:\/\/i0.wp.com\/larevistadigital.com.ar\/blog\/wp-content\/uploads\/2018\/09\/not_933767_15_132538_m.jpg?fit=768%2C415&ssl=1&resize=700%2C400 2x"},"classes":[]},{"id":2053,"url":"https:\/\/larevistadigital.com.ar\/blog\/bullrich-sera-candidato-a-senador-por-la-provincia-de-buenos-aires\/","url_meta":{"origin":1445,"position":4},"title":"BULLRICH SER\u00c1 CANDIDATO A SENADOR POR LA PROVINCIA DE BUENOS AIRES","author":"Alejandro Sosa Ruda","date":"20 abril, 2017","format":false,"excerpt":"Listo. Decisi\u00f3n tomada. Esteban Bullrich ya empez\u00f3 con las despedidas de rigor dentro del \u00e1mbito del Ministerio porque tiene tomada la decisi\u00f3n de ser candidato a senador por la provincia de Buenos Aires. La cosa se hizo m\u00e1s f\u00e1cil, luego de que Lilita Carri\u00f3 anunci\u00f3 su candidatura en la Ciudad\u2026","rel":"","context":"En \u00abDESTACADAS\u00bb","block_context":{"text":"DESTACADAS","link":"https:\/\/larevistadigital.com.ar\/blog\/category\/destacadas\/"},"img":{"alt_text":"","src":"https:\/\/i0.wp.com\/larevistadigital.com.ar\/blog\/wp-content\/uploads\/2017\/04\/0018609445.jpg?fit=1200%2C671&ssl=1&resize=350%2C200","width":350,"height":200,"srcset":"https:\/\/i0.wp.com\/larevistadigital.com.ar\/blog\/wp-content\/uploads\/2017\/04\/0018609445.jpg?fit=1200%2C671&ssl=1&resize=350%2C200 1x, https:\/\/i0.wp.com\/larevistadigital.com.ar\/blog\/wp-content\/uploads\/2017\/04\/0018609445.jpg?fit=1200%2C671&ssl=1&resize=525%2C300 1.5x, https:\/\/i0.wp.com\/larevistadigital.com.ar\/blog\/wp-content\/uploads\/2017\/04\/0018609445.jpg?fit=1200%2C671&ssl=1&resize=700%2C400 2x, https:\/\/i0.wp.com\/larevistadigital.com.ar\/blog\/wp-content\/uploads\/2017\/04\/0018609445.jpg?fit=1200%2C671&ssl=1&resize=1050%2C600 3x"},"classes":[]},{"id":6262,"url":"https:\/\/larevistadigital.com.ar\/blog\/el-gobierno-quiere-evitar-que-tinelli-sea-candidato-por-el-peronismo\/","url_meta":{"origin":1445,"position":5},"title":"\u00bfEL GOBIERNO QUIERE EVITAR QUE TINELLI SEA CANDIDATO POR EL PERONISMO?","author":"Alejandro Sosa Ruda","date":"17 agosto, 2018","format":false,"excerpt":"POR LAS DUDAS, LARRETA Y VIDAL SALIERON A CONTENER A TINELLI Mar\u00eda Eugenia Vidal y Horacio Rodr\u00edguez Larreta iniciaron un operativo de contenci\u00f3n para Marcelo Tinelli, con el objetivo de acercarlo al gobierno y no correr el riesgo de que -en caso de que decida su salto a la pol\u00edtica\u2026","rel":"","context":"En \u00abPOLITICA\u00bb","block_context":{"text":"POLITICA","link":"https:\/\/larevistadigital.com.ar\/blog\/category\/politica\/"},"img":{"alt_text":"","src":"https:\/\/i0.wp.com\/larevistadigital.com.ar\/blog\/wp-content\/uploads\/2018\/08\/5886be00a6b9e_940_529.jpg?fit=940%2C529&ssl=1&resize=350%2C200","width":350,"height":200,"srcset":"https:\/\/i0.wp.com\/larevistadigital.com.ar\/blog\/wp-content\/uploads\/2018\/08\/5886be00a6b9e_940_529.jpg?fit=940%2C529&ssl=1&resize=350%2C200 1x, https:\/\/i0.wp.com\/larevistadigital.com.ar\/blog\/wp-content\/uploads\/2018\/08\/5886be00a6b9e_940_529.jpg?fit=940%2C529&ssl=1&resize=525%2C300 1.5x, https:\/\/i0.wp.com\/larevistadigital.com.ar\/blog\/wp-content\/uploads\/2018\/08\/5886be00a6b9e_940_529.jpg?fit=940%2C529&ssl=1&resize=700%2C400 2x"},"classes":[]}],"_links":{"self":[{"href":"https:\/\/larevistadigital.com.ar\/blog\/wp-json\/wp\/v2\/posts\/1445","targetHints":{"allow":["GET"]}}],"collection":[{"href":"https:\/\/larevistadigital.com.ar\/blog\/wp-json\/wp\/v2\/posts"}],"about":[{"href":"https:\/\/larevistadigital.com.ar\/blog\/wp-json\/wp\/v2\/types\/post"}],"author":[{"embeddable":true,"href":"https:\/\/larevistadigital.com.ar\/blog\/wp-json\/wp\/v2\/users\/3"}],"replies":[{"embeddable":true,"href":"https:\/\/larevistadigital.com.ar\/blog\/wp-json\/wp\/v2\/comments?post=1445"}],"version-history":[{"count":1,"href":"https:\/\/larevistadigital.com.ar\/blog\/wp-json\/wp\/v2\/posts\/1445\/revisions"}],"predecessor-version":[{"id":1448,"href":"https:\/\/larevistadigital.com.ar\/blog\/wp-json\/wp\/v2\/posts\/1445\/revisions\/1448"}],"wp:featuredmedia":[{"embeddable":true,"href":"https:\/\/larevistadigital.com.ar\/blog\/wp-json\/wp\/v2\/media\/1447"}],"wp:attachment":[{"href":"https:\/\/larevistadigital.com.ar\/blog\/wp-json\/wp\/v2\/media?parent=1445"}],"wp:term":[{"taxonomy":"category","embeddable":true,"href":"https:\/\/larevistadigital.com.ar\/blog\/wp-json\/wp\/v2\/categories?post=1445"},{"taxonomy":"post_tag","embeddable":true,"href":"https:\/\/larevistadigital.com.ar\/blog\/wp-json\/wp\/v2\/tags?post=1445"}],"curies":[{"name":"wp","href":"https:\/\/api.w.org\/{rel}","templated":true}]}}