{"id":14454,"date":"2020-01-31T08:05:08","date_gmt":"2020-01-31T08:05:08","guid":{"rendered":"https:\/\/larevistadigital.com.ar\/blog\/?p=14454"},"modified":"2020-01-31T08:05:08","modified_gmt":"2020-01-31T08:05:08","slug":"novia-de-un-rugbier-imputado-son-chicos-de-bien-estudian-y-trabajan","status":"publish","type":"post","link":"https:\/\/larevistadigital.com.ar\/blog\/novia-de-un-rugbier-imputado-son-chicos-de-bien-estudian-y-trabajan\/","title":{"rendered":"NOVIA DE UN RUGBIER IMPUTADO: \u00abSON CHICOS DE BIEN, ESTUDIAN Y TRABAJAN\u00bb"},"content":{"rendered":"<p id=\"post-header\"><em><strong style=\"font-size: 16px\">Se trata de Karen, novia de Lucas Pertossi, se refiri\u00f3 al grupo de detenidos investigados por el asesinato de Fernando B\u00e1ez Sosa. \u00abSe les fue de las manos\u00bb, dijo la joven.<\/strong><\/em><\/p>\n<header><strong><em>\u00abYo me siento muy triste por lo que pas\u00f3. No voy a hablar por lo que debe sentir la familia de Fernando. A mi me dej\u00f3 muy destrozada, pero \u00e9l es mi novio y lamentablemente me toca el lugar de acompa\u00f1arlo porque es mi familia, al igual que la familia de los otros chicos. Yo los conozco y\u00a0son chicos de bien, estudian, trabajan y no tienen tiempo para meterse en problemas\u00bb<\/em><\/strong>, se\u00f1al\u00f3 la muchacha, en una entrevista que brind\u00f3 durante el pasado jueves.<\/header>\n<blockquote>\n<h3>Adem\u00e1s, detall\u00f3 que la madrugada en que su novio y los amigos cometieron el crimen de <strong>B\u00e1ez<\/strong> en Villa Gesell,<strong> Pertossi<\/strong> le hab\u00eda escrito a las 6 am (hora posterior al ataque), y seg\u00fan ella no mencion\u00f3 nada de ninguna pelea, sino que intercambiaron mensajes sobre \u00abuna vacaciones\u00bb que planeaban juntos. Ellos est\u00e1n en pareja hace seis a\u00f1os, y acorde al relato de la chica<strong><em> \u00abnunca tuvo ning\u00fan problema\u00bb<\/em> <\/strong>ni ning\u00fan \u00abepisodio de violencia\u00bb con \u00e9l: <strong><em>\u00abLucas no es agresivo, \u00e9l es un amor conmigo, no s\u00e9 por qu\u00e9 dicen todas esas cosas\u00bb.<\/em><\/strong><\/h3>\n<\/blockquote>\n<header>En tanto, sostuvo que su novio <strong>\u00abse siente muy arrepentido\u00bb<\/strong> de lo que pas\u00f3 y que los imputados <strong>\u00abno son as\u00ed como los describen\u00bb.<\/strong> Sobre <strong>Pablo Ventura<\/strong> dijo \u00abno conocerlo\u00bb, y se\u00f1al\u00f3 que no sabe por qu\u00e9 lo nombraron el primera instancia: <em><strong>\u00abNo s\u00e9 si fue porque todav\u00eda estaban bajo los efectos del alcohol, si fue un chiste&#8230;\u00bb<\/strong><\/em><\/header>\n<header>En las \u00faltimas horas, tambi\u00e9n habl\u00f3 con la prensa <strong>Marcial Thomsen,<\/strong> padre de <strong>M\u00e1ximo<\/strong>, uno de los acusados como coautor y dijo: <em><strong>\u00abNo s\u00e9 qu\u00e9 les pas\u00f3 por la cabeza. No son asesinos, fue una tragedia.\u00bb<\/strong><\/em><\/p>\n<p>FUENTE DLN<\/p>\n<\/header>\n","protected":false},"excerpt":{"rendered":"<div class=\"mh-excerpt\"><p>Se trata de Karen, novia de Lucas Pertossi, se refiri\u00f3 al grupo de detenidos investigados por el asesinato de Fernando B\u00e1ez Sosa. \u00abSe les fue de las manos\u00bb, dijo la joven. \u00abYo me siento muy <a class=\"mh-excerpt-more\" href=\"https:\/\/larevistadigital.com.ar\/blog\/novia-de-un-rugbier-imputado-son-chicos-de-bien-estudian-y-trabajan\/\" title=\"NOVIA DE UN RUGBIER IMPUTADO: \u00abSON CHICOS DE BIEN, ESTUDIAN Y TRABAJAN\u00bb\">[Leer M\u00e1s]<\/a><\/p>\n<\/div>","protected":false},"author":3,"featured_media":14455,"comment_status":"open","ping_status":"open","sticky":false,"template":"","format":"standard","meta":{"_jetpack_memberships_contains_paid_content":false,"footnotes":"","jetpack_publicize_message":"","jetpack_publicize_feature_enabled":true,"jetpack_social_post_already_shared":true,"jetpack_social_options":{"image_generator_settings":{"template":"highway","default_image_id":0,"font":"","enabled":false},"version":2}},"categories":[50],"tags":[],"class_list":{"0":"post-14454","1":"post","2":"type-post","3":"status-publish","4":"format-standard","5":"has-post-thumbnail","7":"category-interes-general"},"jetpack_publicize_connections":[],"jetpack_featured_media_url":"https:\/\/i0.wp.com\/larevistadigital.com.ar\/blog\/wp-content\/uploads\/Untitled-4.png?fit=902%2C479&ssl=1","jetpack_sharing_enabled":true,"jetpack_shortlink":"https:\/\/wp.me\/p8qtrQ-3L8","jetpack-related-posts":[{"id":29793,"url":"https:\/\/larevistadigital.com.ar\/blog\/caso-baez-sosa-ahora-declaro-ciro-pertosi-y-aseguro-que-freno-la-patada-contra-fernando-en-el-piso\/","url_meta":{"origin":14454,"position":0},"title":"CASO BAEZ SOSA: AHORA DECLAR\u00d3 CIRO PERTOSI, Y ASEGUR\u00d3 QUE \u00abFREN\u00d3 LA  PATADA CONTRA FERNANDO EN EL PISO\u00bb","author":"Alejandro Sosa Ruda","date":"17 enero, 2023","format":false,"excerpt":"Luego de que ayer declarara M\u00e1ximo Thomsen, hoy pidi\u00f3 declarar otro de los imputados en el juicio por el asesinato de Fernando B\u00e1ez Sosa. Tambi\u00e9n explic\u00f3 a qu\u00e9 se refiri\u00f3 cuando mand\u00f3 el audio en el que dice \"de esto no se entera nadie\". 17 de enero de 2023 DOLORES\u2026","rel":"","context":"En \u00abDESTACADAS\u00bb","block_context":{"text":"DESTACADAS","link":"https:\/\/larevistadigital.com.ar\/blog\/category\/destacadas\/"},"img":{"alt_text":"","src":"https:\/\/i0.wp.com\/larevistadigital.com.ar\/blog\/wp-content\/uploads\/47d0257f2ae147453fcdfa354d7557d82ec132a2.jpg?fit=1140%2C641&ssl=1&resize=350%2C200","width":350,"height":200,"srcset":"https:\/\/i0.wp.com\/larevistadigital.com.ar\/blog\/wp-content\/uploads\/47d0257f2ae147453fcdfa354d7557d82ec132a2.jpg?fit=1140%2C641&ssl=1&resize=350%2C200 1x, https:\/\/i0.wp.com\/larevistadigital.com.ar\/blog\/wp-content\/uploads\/47d0257f2ae147453fcdfa354d7557d82ec132a2.jpg?fit=1140%2C641&ssl=1&resize=525%2C300 1.5x, https:\/\/i0.wp.com\/larevistadigital.com.ar\/blog\/wp-content\/uploads\/47d0257f2ae147453fcdfa354d7557d82ec132a2.jpg?fit=1140%2C641&ssl=1&resize=700%2C400 2x, https:\/\/i0.wp.com\/larevistadigital.com.ar\/blog\/wp-content\/uploads\/47d0257f2ae147453fcdfa354d7557d82ec132a2.jpg?fit=1140%2C641&ssl=1&resize=1050%2C600 3x"},"classes":[]},{"id":14817,"url":"https:\/\/larevistadigital.com.ar\/blog\/caduco-el-video-que-muestra-a-pertossi-mandando-el-horrible-mensaje\/","url_meta":{"origin":14454,"position":1},"title":"\u00abCADUC\u00d3\u00bb&#8230; EL VIDEO QUE MUESTRA A PERTOSSI MANDANDO EL HORRIBLE MENSAJE","author":"Alejandro Sosa Ruda","date":"13 febrero, 2020","format":false,"excerpt":"Uno de los rugbiers detenidos por el crimen de Villa Gesell anunci\u00f3 la muerte de Fernando B\u00e1ez Sosa con el t\u00e9rmino \u201ccaduc\u00f3\u201d en el grupo de WhatsApp de los imputados, mientras que otro orden\u00f3 que no se hable del tema con \u201cnadie\u201d, lo que la fiscal interpret\u00f3 como el inicio\u2026","rel":"","context":"En \u00abINTERES GENERAL\u00bb","block_context":{"text":"INTERES GENERAL","link":"https:\/\/larevistadigital.com.ar\/blog\/category\/interes-general\/"},"img":{"alt_text":"","src":"https:\/\/i0.wp.com\/larevistadigital.com.ar\/blog\/wp-content\/uploads\/Screenshot_1-101.jpg?fit=1200%2C596&ssl=1&resize=350%2C200","width":350,"height":200,"srcset":"https:\/\/i0.wp.com\/larevistadigital.com.ar\/blog\/wp-content\/uploads\/Screenshot_1-101.jpg?fit=1200%2C596&ssl=1&resize=350%2C200 1x, https:\/\/i0.wp.com\/larevistadigital.com.ar\/blog\/wp-content\/uploads\/Screenshot_1-101.jpg?fit=1200%2C596&ssl=1&resize=525%2C300 1.5x, https:\/\/i0.wp.com\/larevistadigital.com.ar\/blog\/wp-content\/uploads\/Screenshot_1-101.jpg?fit=1200%2C596&ssl=1&resize=700%2C400 2x, https:\/\/i0.wp.com\/larevistadigital.com.ar\/blog\/wp-content\/uploads\/Screenshot_1-101.jpg?fit=1200%2C596&ssl=1&resize=1050%2C600 3x"},"classes":[]},{"id":29773,"url":"https:\/\/larevistadigital.com.ar\/blog\/caso-baez-sosa-ni-los-propios-amigos-pueden-hablar-bien-de-los-acusados-dijo-burlando\/","url_meta":{"origin":14454,"position":2},"title":"CASO BAEZ SOSA: \u00abNI LOS PROPIOS AMIGOS PUEDEN HABLAR BIEN DE LOS ACUSADOS\u00bb DIJO BURLANDO","author":"Alejandro Sosa Ruda","date":"16 enero, 2023","format":false,"excerpt":"Declararon Tomas Colazo y Juan Pedro Guarino. Alejo Milanessi no lo hizo. Si bien el abogado dijo que\u00a0\"hubo muchas contradicciones\", aclar\u00f3 que tratan\u00a0\"de darle agilidad en las diligencias\". 16 de enero de 2023 DOLORES -\u00a0 Fernando Burlando, abogado de los padres de Fernando B\u00e1ez Sosa en la puerta de los\u2026","rel":"","context":"En \u00abINTERES GENERAL\u00bb","block_context":{"text":"INTERES GENERAL","link":"https:\/\/larevistadigital.com.ar\/blog\/category\/interes-general\/"},"img":{"alt_text":"","src":"https:\/\/i0.wp.com\/larevistadigital.com.ar\/blog\/wp-content\/uploads\/686822-16-01-2023-juan-pedro-guarino-uno-de.jpg?fit=1200%2C1050&ssl=1&resize=350%2C200","width":350,"height":200,"srcset":"https:\/\/i0.wp.com\/larevistadigital.com.ar\/blog\/wp-content\/uploads\/686822-16-01-2023-juan-pedro-guarino-uno-de.jpg?fit=1200%2C1050&ssl=1&resize=350%2C200 1x, https:\/\/i0.wp.com\/larevistadigital.com.ar\/blog\/wp-content\/uploads\/686822-16-01-2023-juan-pedro-guarino-uno-de.jpg?fit=1200%2C1050&ssl=1&resize=525%2C300 1.5x, https:\/\/i0.wp.com\/larevistadigital.com.ar\/blog\/wp-content\/uploads\/686822-16-01-2023-juan-pedro-guarino-uno-de.jpg?fit=1200%2C1050&ssl=1&resize=700%2C400 2x, https:\/\/i0.wp.com\/larevistadigital.com.ar\/blog\/wp-content\/uploads\/686822-16-01-2023-juan-pedro-guarino-uno-de.jpg?fit=1200%2C1050&ssl=1&resize=1050%2C600 3x"},"classes":[]},{"id":35693,"url":"https:\/\/larevistadigital.com.ar\/blog\/caso-baez-sosa-casacion-confirmo-las-condenas-a-los-rugbiers\/","url_meta":{"origin":14454,"position":3},"title":"CASO B\u00c1EZ SOSA: CASACI\u00d3N CONFIRM\u00d3 LAS CONDENAS A LOS RUGBIERS","author":"Alejandro Sosa Ruda","date":"23 marzo, 2024","format":false,"excerpt":"Corrigi\u00f3 la calificaci\u00f3n y consider\u00f3 que no hubo alevos\u00eda, pero esa decisi\u00f3n no alter\u00f3 las penas para los 8 asesinos, de los cuales 5 recibieron prisi\u00f3n perpetua. 23 de marzo de 2024 LA COSTA -\u00a0 La C\u00e1mara de Casaci\u00f3n de la provincia de Buenos Aires ha ratificado las condenas dictadas\u2026","rel":"","context":"En \u00abINTERES GENERAL\u00bb","block_context":{"text":"INTERES GENERAL","link":"https:\/\/larevistadigital.com.ar\/blog\/category\/interes-general\/"},"img":{"alt_text":"","src":"https:\/\/i0.wp.com\/larevistadigital.com.ar\/blog\/wp-content\/uploads\/0b3005939bffd257b60471737f3b917f9f0b6c0c.jpg?fit=1140%2C640&ssl=1&resize=350%2C200","width":350,"height":200,"srcset":"https:\/\/i0.wp.com\/larevistadigital.com.ar\/blog\/wp-content\/uploads\/0b3005939bffd257b60471737f3b917f9f0b6c0c.jpg?fit=1140%2C640&ssl=1&resize=350%2C200 1x, https:\/\/i0.wp.com\/larevistadigital.com.ar\/blog\/wp-content\/uploads\/0b3005939bffd257b60471737f3b917f9f0b6c0c.jpg?fit=1140%2C640&ssl=1&resize=525%2C300 1.5x, https:\/\/i0.wp.com\/larevistadigital.com.ar\/blog\/wp-content\/uploads\/0b3005939bffd257b60471737f3b917f9f0b6c0c.jpg?fit=1140%2C640&ssl=1&resize=700%2C400 2x, https:\/\/i0.wp.com\/larevistadigital.com.ar\/blog\/wp-content\/uploads\/0b3005939bffd257b60471737f3b917f9f0b6c0c.jpg?fit=1140%2C640&ssl=1&resize=1050%2C600 3x"},"classes":[]},{"id":14246,"url":"https:\/\/larevistadigital.com.ar\/blog\/villa-gesell-11-son-los-detenidos-por-la-golpiza-asesina-de-los-rugbiers-el-lunes-van-a-rueda-de-reconocimiento\/","url_meta":{"origin":14454,"position":4},"title":"VILLA GESELL: 11 SON LOS DETENIDOS POR LA GOLPIZA ASESINA DE LOS RUGBIERS. EL LUNES VAN A RUEDA DE RECONOCIMIENTO","author":"Alejandro Sosa Ruda","date":"19 enero, 2020","format":false,"excerpt":"La polic\u00eda detuvo a otro de los j\u00f3venes que particip\u00f3 en la golpiza fatal a Federico B\u00e1ez, que hab\u00eda escapado de la ciudad balnearia hacia Z\u00e1rate. El lunes, los 11 imputados por \"homidicio en ri\u00f1a\" ser\u00e1n sometidos a una rueda de reconocimiento. El club N\u00e1utico Arsenal emiti\u00f3 un comunicado por\u2026","rel":"","context":"En \u00abINTERES GENERAL\u00bb","block_context":{"text":"INTERES GENERAL","link":"https:\/\/larevistadigital.com.ar\/blog\/category\/interes-general\/"},"img":{"alt_text":"","src":"https:\/\/i0.wp.com\/larevistadigital.com.ar\/blog\/wp-content\/uploads\/Screenshot_1-85.jpg?fit=933%2C527&ssl=1&resize=350%2C200","width":350,"height":200,"srcset":"https:\/\/i0.wp.com\/larevistadigital.com.ar\/blog\/wp-content\/uploads\/Screenshot_1-85.jpg?fit=933%2C527&ssl=1&resize=350%2C200 1x, https:\/\/i0.wp.com\/larevistadigital.com.ar\/blog\/wp-content\/uploads\/Screenshot_1-85.jpg?fit=933%2C527&ssl=1&resize=525%2C300 1.5x, https:\/\/i0.wp.com\/larevistadigital.com.ar\/blog\/wp-content\/uploads\/Screenshot_1-85.jpg?fit=933%2C527&ssl=1&resize=700%2C400 2x"},"classes":[]},{"id":30016,"url":"https:\/\/larevistadigital.com.ar\/blog\/caso-baez-sosa-perpetua-para-thomsen-comelli-benicelli-ciro-y-luciano-pertosi-violaz-cinalli-y-lucas-pertosi-participes-secundarios-y-15-anos-de-prision\/","url_meta":{"origin":14454,"position":5},"title":"CASO BAEZ SOSA: PERPETUA PARA THOMSEN, COMELLI BENICELLI, CIRO Y LUCIANO PERTOSI. VIOLAZ, CINALLI Y LUCAS PERTOSI PART\u00cdCIPES SECUNDARIOS Y 15 A\u00d1OS DE PRISI\u00d3N.","author":"Alejandro Sosa Ruda","date":"6 febrero, 2023","format":false,"excerpt":"El jurado declar\u00f3 culpables por unanimidad a Thompsen, Comelli, Benicelli, Ciro y Luciano Pertosi, mientras que Violaz, Cinalli y Lucas Pertosi fueron condenados a 15 a\u00f1os de prisi\u00f3n. DOLORES -\u00a0 Finalmente lleg\u00f3 el momento de la lectura del veredicto, y de los ocho imputados, cinco fueron condenados a cadena perpetua,\u2026","rel":"","context":"En \u00abDESTACADAS\u00bb","block_context":{"text":"DESTACADAS","link":"https:\/\/larevistadigital.com.ar\/blog\/category\/destacadas\/"},"img":{"alt_text":"","src":"https:\/\/i0.wp.com\/larevistadigital.com.ar\/blog\/wp-content\/uploads\/Captura-de-pantalla-2023-02-06-134941.jpg?fit=922%2C448&ssl=1&resize=350%2C200","width":350,"height":200,"srcset":"https:\/\/i0.wp.com\/larevistadigital.com.ar\/blog\/wp-content\/uploads\/Captura-de-pantalla-2023-02-06-134941.jpg?fit=922%2C448&ssl=1&resize=350%2C200 1x, https:\/\/i0.wp.com\/larevistadigital.com.ar\/blog\/wp-content\/uploads\/Captura-de-pantalla-2023-02-06-134941.jpg?fit=922%2C448&ssl=1&resize=525%2C300 1.5x, https:\/\/i0.wp.com\/larevistadigital.com.ar\/blog\/wp-content\/uploads\/Captura-de-pantalla-2023-02-06-134941.jpg?fit=922%2C448&ssl=1&resize=700%2C400 2x"},"classes":[]}],"_links":{"self":[{"href":"https:\/\/larevistadigital.com.ar\/blog\/wp-json\/wp\/v2\/posts\/14454","targetHints":{"allow":["GET"]}}],"collection":[{"href":"https:\/\/larevistadigital.com.ar\/blog\/wp-json\/wp\/v2\/posts"}],"about":[{"href":"https:\/\/larevistadigital.com.ar\/blog\/wp-json\/wp\/v2\/types\/post"}],"author":[{"embeddable":true,"href":"https:\/\/larevistadigital.com.ar\/blog\/wp-json\/wp\/v2\/users\/3"}],"replies":[{"embeddable":true,"href":"https:\/\/larevistadigital.com.ar\/blog\/wp-json\/wp\/v2\/comments?post=14454"}],"version-history":[{"count":1,"href":"https:\/\/larevistadigital.com.ar\/blog\/wp-json\/wp\/v2\/posts\/14454\/revisions"}],"predecessor-version":[{"id":14456,"href":"https:\/\/larevistadigital.com.ar\/blog\/wp-json\/wp\/v2\/posts\/14454\/revisions\/14456"}],"wp:featuredmedia":[{"embeddable":true,"href":"https:\/\/larevistadigital.com.ar\/blog\/wp-json\/wp\/v2\/media\/14455"}],"wp:attachment":[{"href":"https:\/\/larevistadigital.com.ar\/blog\/wp-json\/wp\/v2\/media?parent=14454"}],"wp:term":[{"taxonomy":"category","embeddable":true,"href":"https:\/\/larevistadigital.com.ar\/blog\/wp-json\/wp\/v2\/categories?post=14454"},{"taxonomy":"post_tag","embeddable":true,"href":"https:\/\/larevistadigital.com.ar\/blog\/wp-json\/wp\/v2\/tags?post=14454"}],"curies":[{"name":"wp","href":"https:\/\/api.w.org\/{rel}","templated":true}]}}