{"id":14457,"date":"2020-01-31T08:44:15","date_gmt":"2020-01-31T08:44:15","guid":{"rendered":"https:\/\/larevistadigital.com.ar\/blog\/?p=14457"},"modified":"2020-01-31T08:44:15","modified_gmt":"2020-01-31T08:44:15","slug":"coronavirus-en-pergamino-confirman-caso-sospechoso","status":"publish","type":"post","link":"https:\/\/larevistadigital.com.ar\/blog\/coronavirus-en-pergamino-confirman-caso-sospechoso\/","title":{"rendered":"\u00bfCORONAVIRUS EN PERGAMINO? CONFIRMAN CASO SOSPECHOSO"},"content":{"rendered":"<p>Una mujer de nacionalidad china\u00a0lleg\u00f3 al\u00a0Hospital San Jos\u00e9\u00a0con\u00a0s\u00edntomas\u00a0relacionados con la enfermedad. Se trata de\u00a0una persona de 46 a\u00f1os que regres\u00f3 de su pa\u00eds hace 10 d\u00edas e\u00a0ingres\u00f3 a la guardia con fiebre y dolores musculares.<\/p>\n<p>Esta ma\u00f1ana las autoridades del Hospital brindaron una conferencia de prensa y aseguraron que <em><strong>\u00abes un caso sospechoso, pero de muy bajo riesgo\u00bb. \u00abNo est\u00e1 confirmado ni descartado. Reci\u00e9n ma\u00f1ana se tendr\u00e1n los resultados del an\u00e1lisis de sangre\u00bb<\/strong><\/em>, dijeron.<\/p>\n<p>Este caso, provoc\u00f3 que se active el \u00abProtocolo de Seguridad\u00bb, como medida preventiva.<\/p>\n<p>&nbsp;<\/p>\n","protected":false},"excerpt":{"rendered":"<div class=\"mh-excerpt\"><p>Una mujer de nacionalidad china\u00a0lleg\u00f3 al\u00a0Hospital San Jos\u00e9\u00a0con\u00a0s\u00edntomas\u00a0relacionados con la enfermedad. Se trata de\u00a0una persona de 46 a\u00f1os que regres\u00f3 de su pa\u00eds hace 10 d\u00edas e\u00a0ingres\u00f3 a la guardia con fiebre y dolores musculares. <a class=\"mh-excerpt-more\" href=\"https:\/\/larevistadigital.com.ar\/blog\/coronavirus-en-pergamino-confirman-caso-sospechoso\/\" title=\"\u00bfCORONAVIRUS EN PERGAMINO? CONFIRMAN CASO SOSPECHOSO\">[Leer M\u00e1s]<\/a><\/p>\n<\/div>","protected":false},"author":3,"featured_media":14458,"comment_status":"open","ping_status":"open","sticky":false,"template":"","format":"standard","meta":{"_jetpack_memberships_contains_paid_content":false,"footnotes":"","jetpack_publicize_message":"","jetpack_publicize_feature_enabled":true,"jetpack_social_post_already_shared":true,"jetpack_social_options":{"image_generator_settings":{"template":"highway","default_image_id":0,"font":"","enabled":false},"version":2}},"categories":[41],"tags":[],"class_list":{"0":"post-14457","1":"post","2":"type-post","3":"status-publish","4":"format-standard","5":"has-post-thumbnail","7":"category-destacadas"},"jetpack_publicize_connections":[],"jetpack_featured_media_url":"https:\/\/i0.wp.com\/larevistadigital.com.ar\/blog\/wp-content\/uploads\/whatsapp_image_2020-01-31_at_10.50.30dd.jpg?fit=600%2C375&ssl=1","jetpack_sharing_enabled":true,"jetpack_shortlink":"https:\/\/wp.me\/p8qtrQ-3Lb","jetpack-related-posts":[{"id":14992,"url":"https:\/\/larevistadigital.com.ar\/blog\/fallecio-un-paciente-que-es-el-primer-caso-por-protocolo-sospechoso-de-coronavirus\/","url_meta":{"origin":14457,"position":0},"title":"FALLECI\u00d3 UN PACIENTE QUE ES EL PRIMER CASO POR PROTOCOLO SOSPECHOSO DE CORONAVIRUS","author":"Alejandro Sosa Ruda","date":"29 marzo, 2020","format":false,"excerpt":"La Municipalidad de Chascom\u00fas a trav\u00e9s de la Secretar\u00eda de Salud P\u00fablica informa que se registra el primer caso sospechoso, por protocolo y no por epidemiolog\u00eda, de Coronavirus COVID 19 en la ciudad de Chascom\u00fas. En la noche del s\u00e1bado 28 de marzo se produjo el fallecimiento de un paciente\u2026","rel":"","context":"En \u00abCHASCOM\u00daS\u00bb","block_context":{"text":"CHASCOM\u00daS","link":"https:\/\/larevistadigital.com.ar\/blog\/category\/chascomus\/"},"img":{"alt_text":"","src":"https:\/\/i0.wp.com\/larevistadigital.com.ar\/blog\/wp-content\/uploads\/91513576_3722920674415614_9141635111245053952_o.jpg?fit=960%2C960&ssl=1&resize=350%2C200","width":350,"height":200,"srcset":"https:\/\/i0.wp.com\/larevistadigital.com.ar\/blog\/wp-content\/uploads\/91513576_3722920674415614_9141635111245053952_o.jpg?fit=960%2C960&ssl=1&resize=350%2C200 1x, https:\/\/i0.wp.com\/larevistadigital.com.ar\/blog\/wp-content\/uploads\/91513576_3722920674415614_9141635111245053952_o.jpg?fit=960%2C960&ssl=1&resize=525%2C300 1.5x, https:\/\/i0.wp.com\/larevistadigital.com.ar\/blog\/wp-content\/uploads\/91513576_3722920674415614_9141635111245053952_o.jpg?fit=960%2C960&ssl=1&resize=700%2C400 2x"},"classes":[]},{"id":15812,"url":"https:\/\/larevistadigital.com.ar\/blog\/la-plata-cerraron-el-walmart-por-un-caso-sospechoso-de-covid-19\/","url_meta":{"origin":14457,"position":1},"title":"LA PLATA: CERRARON EL WALMART POR UN CASO SOSPECHOSO DE COVID-19","author":"Alejandro Sosa Ruda","date":"25 junio, 2020","format":false,"excerpt":"La empresa recibi\u00f3 la notificaci\u00f3n de un posible caso positivo entre uno de sus colaboradores. La sucursal que funciona sobre el Camino General Belgrano est\u00e1 siendo fumigada y sanitizada. Walmart\u00a0cerr\u00f3 sus puertas en La Plata\u00a0cerca de las\u00a010 horas\u00a0de este jueves luego de identificar entre su planta de empleados\u00a0un caso sospechoso\u2026","rel":"","context":"En \u00abREGIONALES\u00bb","block_context":{"text":"REGIONALES","link":"https:\/\/larevistadigital.com.ar\/blog\/category\/regionales\/"},"img":{"alt_text":"","src":"https:\/\/i0.wp.com\/larevistadigital.com.ar\/blog\/wp-content\/uploads\/20181115225548_1492639819345.jpg?fit=880%2C586&ssl=1&resize=350%2C200","width":350,"height":200,"srcset":"https:\/\/i0.wp.com\/larevistadigital.com.ar\/blog\/wp-content\/uploads\/20181115225548_1492639819345.jpg?fit=880%2C586&ssl=1&resize=350%2C200 1x, https:\/\/i0.wp.com\/larevistadigital.com.ar\/blog\/wp-content\/uploads\/20181115225548_1492639819345.jpg?fit=880%2C586&ssl=1&resize=525%2C300 1.5x, https:\/\/i0.wp.com\/larevistadigital.com.ar\/blog\/wp-content\/uploads\/20181115225548_1492639819345.jpg?fit=880%2C586&ssl=1&resize=700%2C400 2x"},"classes":[]},{"id":3124,"url":"https:\/\/larevistadigital.com.ar\/blog\/gral-belgrano-detuvieron-a-un-vecino-por-el-abuso-de-una-menor\/","url_meta":{"origin":14457,"position":2},"title":"GRAL.BELGRANO: DETUVIERON A UN VECINO POR EL ABUSO DE UNA MENOR","author":"Alejandro Sosa Ruda","date":"15 agosto, 2017","format":false,"excerpt":"Anoche, aproximadamente a las 22 hs., una menor de 15 a\u00f1os de edad fue enviada por sus padres en busca de su hermano, a la casa de un amigo de este \u00faltimo, en donde se encontraban estudiando. Luego de un rato, regresa el chico, y al preguntarle por su hermana,\u2026","rel":"","context":"En \u00abDESTACADAS\u00bb","block_context":{"text":"DESTACADAS","link":"https:\/\/larevistadigital.com.ar\/blog\/category\/destacadas\/"},"img":{"alt_text":"","src":"https:\/\/i0.wp.com\/larevistadigital.com.ar\/blog\/wp-content\/uploads\/2017\/08\/12.jpg?fit=1200%2C678&ssl=1&resize=350%2C200","width":350,"height":200,"srcset":"https:\/\/i0.wp.com\/larevistadigital.com.ar\/blog\/wp-content\/uploads\/2017\/08\/12.jpg?fit=1200%2C678&ssl=1&resize=350%2C200 1x, https:\/\/i0.wp.com\/larevistadigital.com.ar\/blog\/wp-content\/uploads\/2017\/08\/12.jpg?fit=1200%2C678&ssl=1&resize=525%2C300 1.5x, https:\/\/i0.wp.com\/larevistadigital.com.ar\/blog\/wp-content\/uploads\/2017\/08\/12.jpg?fit=1200%2C678&ssl=1&resize=700%2C400 2x, https:\/\/i0.wp.com\/larevistadigital.com.ar\/blog\/wp-content\/uploads\/2017\/08\/12.jpg?fit=1200%2C678&ssl=1&resize=1050%2C600 3x"},"classes":[]},{"id":13934,"url":"https:\/\/larevistadigital.com.ar\/blog\/quien-es-el-principal-sospechoso-del-crimen-de-melchor-romero\/","url_meta":{"origin":14457,"position":3},"title":"\u00bfQUI\u00c9N ES EL PRINCIPAL SOSPECHOSO DEL CR\u00cdMEN DE MELCHOR ROMERO?","author":"Alejandro Sosa Ruda","date":"2 enero, 2020","format":false,"excerpt":"Un chico de 17 a\u00f1os es intensamente buscado este jueves como principal sospechoso de descuartizar una nena de 5 a\u00f1os, decapitar a un hombre de 54 a\u00f1os y asesinar a pu\u00f1aladas a una mujer de la misma edad en la localidad platense de Melchor Romero. Fuentes policiales detallaron que el\u2026","rel":"","context":"En \u00abDESTACADAS\u00bb","block_context":{"text":"DESTACADAS","link":"https:\/\/larevistadigital.com.ar\/blog\/category\/destacadas\/"},"img":{"alt_text":"","src":"https:\/\/i0.wp.com\/larevistadigital.com.ar\/blog\/wp-content\/uploads\/Screenshot_2-71.jpg?fit=1200%2C610&ssl=1&resize=350%2C200","width":350,"height":200,"srcset":"https:\/\/i0.wp.com\/larevistadigital.com.ar\/blog\/wp-content\/uploads\/Screenshot_2-71.jpg?fit=1200%2C610&ssl=1&resize=350%2C200 1x, https:\/\/i0.wp.com\/larevistadigital.com.ar\/blog\/wp-content\/uploads\/Screenshot_2-71.jpg?fit=1200%2C610&ssl=1&resize=525%2C300 1.5x, https:\/\/i0.wp.com\/larevistadigital.com.ar\/blog\/wp-content\/uploads\/Screenshot_2-71.jpg?fit=1200%2C610&ssl=1&resize=700%2C400 2x, https:\/\/i0.wp.com\/larevistadigital.com.ar\/blog\/wp-content\/uploads\/Screenshot_2-71.jpg?fit=1200%2C610&ssl=1&resize=1050%2C600 3x"},"classes":[]},{"id":15127,"url":"https:\/\/larevistadigital.com.ar\/blog\/ranchos-dio-negativo-de-covid-19-el-caso-en-estudio\/","url_meta":{"origin":14457,"position":4},"title":"RANCHOS: DIO NEGATIVO DE COVID 19 EL CASO EN ESTUDIO","author":"Alejandro Sosa Ruda","date":"2 mayo, 2020","format":false,"excerpt":"COMUNICADO EXTRAORDINARIO DEL COMIT\u00c9 DE PREVENCION, SEGUIMIENTO Y TRATAMIENTO DE CORONAVIRUS. \u00a0 RESULTADO NEGATIVO EN EL ANALISIS DEL CASO EN ESTUDIO \u00a0 El Director del \u202fComit\u00e9 de Prevenci\u00f3n, Seguimiento y Tratamiento de Coronavirus. \u202fDr. Santiago Dos Santos, Comunica que: \u00a0 El caso en estudio que ingreso ayer a la tarde\u2026","rel":"","context":"En \u00abRANCHOS\u00bb","block_context":{"text":"RANCHOS","link":"https:\/\/larevistadigital.com.ar\/blog\/category\/ranchos\/"},"img":{"alt_text":"","src":"https:\/\/i0.wp.com\/larevistadigital.com.ar\/blog\/wp-content\/uploads\/PLANTILLA-CORONAVIRUS-2.jpg?fit=1200%2C600&ssl=1&resize=350%2C200","width":350,"height":200,"srcset":"https:\/\/i0.wp.com\/larevistadigital.com.ar\/blog\/wp-content\/uploads\/PLANTILLA-CORONAVIRUS-2.jpg?fit=1200%2C600&ssl=1&resize=350%2C200 1x, https:\/\/i0.wp.com\/larevistadigital.com.ar\/blog\/wp-content\/uploads\/PLANTILLA-CORONAVIRUS-2.jpg?fit=1200%2C600&ssl=1&resize=525%2C300 1.5x, https:\/\/i0.wp.com\/larevistadigital.com.ar\/blog\/wp-content\/uploads\/PLANTILLA-CORONAVIRUS-2.jpg?fit=1200%2C600&ssl=1&resize=700%2C400 2x, https:\/\/i0.wp.com\/larevistadigital.com.ar\/blog\/wp-content\/uploads\/PLANTILLA-CORONAVIRUS-2.jpg?fit=1200%2C600&ssl=1&resize=1050%2C600 3x"},"classes":[]},{"id":38426,"url":"https:\/\/larevistadigital.com.ar\/blog\/detienen-al-principal-sospechoso-del-asesinato-de-la-pinamarense-maria-marta-landivar\/","url_meta":{"origin":14457,"position":5},"title":"Detienen al principal sospechoso del asesinato de la pinamarense Mar\u00eda Marta Land\u00edvar","author":"Alejandro Sosa Ruda","date":"8 enero, 2025","format":false,"excerpt":"A m\u00e1s de 12 a\u00f1os del crimen que conmocion\u00f3 a Pinamar, y a\u00fan no est\u00e1 resuelto, Santiago Nicol\u00e1s Mallol, alias \u201cPipa\u201d, fue arrestado como principal sospechoso del asesinato de la psic\u00f3loga Mar\u00eda Marta Land\u00edvar. Otros cuatro imputados esperan juicio en libertad, mientras las autoridades judiciales contin\u00faan investigando el caso, con\u2026","rel":"","context":"En \u00abPOLICIALES\u00bb","block_context":{"text":"POLICIALES","link":"https:\/\/larevistadigital.com.ar\/blog\/category\/policiales\/"},"img":{"alt_text":"","src":"https:\/\/i0.wp.com\/larevistadigital.com.ar\/blog\/wp-content\/uploads\/20250108165905_maria-marta-landivar-pinamar.jpg?fit=880%2C512&ssl=1&resize=350%2C200","width":350,"height":200,"srcset":"https:\/\/i0.wp.com\/larevistadigital.com.ar\/blog\/wp-content\/uploads\/20250108165905_maria-marta-landivar-pinamar.jpg?fit=880%2C512&ssl=1&resize=350%2C200 1x, https:\/\/i0.wp.com\/larevistadigital.com.ar\/blog\/wp-content\/uploads\/20250108165905_maria-marta-landivar-pinamar.jpg?fit=880%2C512&ssl=1&resize=525%2C300 1.5x, https:\/\/i0.wp.com\/larevistadigital.com.ar\/blog\/wp-content\/uploads\/20250108165905_maria-marta-landivar-pinamar.jpg?fit=880%2C512&ssl=1&resize=700%2C400 2x"},"classes":[]}],"_links":{"self":[{"href":"https:\/\/larevistadigital.com.ar\/blog\/wp-json\/wp\/v2\/posts\/14457","targetHints":{"allow":["GET"]}}],"collection":[{"href":"https:\/\/larevistadigital.com.ar\/blog\/wp-json\/wp\/v2\/posts"}],"about":[{"href":"https:\/\/larevistadigital.com.ar\/blog\/wp-json\/wp\/v2\/types\/post"}],"author":[{"embeddable":true,"href":"https:\/\/larevistadigital.com.ar\/blog\/wp-json\/wp\/v2\/users\/3"}],"replies":[{"embeddable":true,"href":"https:\/\/larevistadigital.com.ar\/blog\/wp-json\/wp\/v2\/comments?post=14457"}],"version-history":[{"count":1,"href":"https:\/\/larevistadigital.com.ar\/blog\/wp-json\/wp\/v2\/posts\/14457\/revisions"}],"predecessor-version":[{"id":14459,"href":"https:\/\/larevistadigital.com.ar\/blog\/wp-json\/wp\/v2\/posts\/14457\/revisions\/14459"}],"wp:featuredmedia":[{"embeddable":true,"href":"https:\/\/larevistadigital.com.ar\/blog\/wp-json\/wp\/v2\/media\/14458"}],"wp:attachment":[{"href":"https:\/\/larevistadigital.com.ar\/blog\/wp-json\/wp\/v2\/media?parent=14457"}],"wp:term":[{"taxonomy":"category","embeddable":true,"href":"https:\/\/larevistadigital.com.ar\/blog\/wp-json\/wp\/v2\/categories?post=14457"},{"taxonomy":"post_tag","embeddable":true,"href":"https:\/\/larevistadigital.com.ar\/blog\/wp-json\/wp\/v2\/tags?post=14457"}],"curies":[{"name":"wp","href":"https:\/\/api.w.org\/{rel}","templated":true}]}}