{"id":14467,"date":"2020-01-31T09:30:23","date_gmt":"2020-01-31T09:30:23","guid":{"rendered":"https:\/\/larevistadigital.com.ar\/blog\/?p=14467"},"modified":"2020-01-31T09:30:23","modified_gmt":"2020-01-31T09:30:23","slug":"proyecto-local-reunion-de-coordinacion-entre-salud-y-educacion-en-el-municipio","status":"publish","type":"post","link":"https:\/\/larevistadigital.com.ar\/blog\/proyecto-local-reunion-de-coordinacion-entre-salud-y-educacion-en-el-municipio\/","title":{"rendered":"PROYECTO LOCAL: REUNI\u00d3N DE COORDINACI\u00d3N ENTRE SALUD Y EDUCACI\u00d3N EN EL MUNICIPIO"},"content":{"rendered":"<p>El Intendente interino <strong>Sebasti\u00e1n Echarren<\/strong> recibi\u00f3 en su despacho a autoridades locales de salud y educaci\u00f3n para trabajar en proyectos conjuntos con pol\u00edticas p\u00fablicas destinadas a los vecinos de Castelli.<\/p>\n<h3>Estuvieron presentes el Director de Salud Municipal Dr. Mariano Aquino y el Subsecretario de Administraci\u00f3n Sanitaria, Daniel De Oar.<\/h3>\n<div class=\"text_exposed_show\">\n<blockquote>\n<h3>Tambi\u00e9n la Directora de Educaci\u00f3n del Municipio Alejandra Figini, la Inspectora Jefe del Distrito, Mar\u00eda Imelda Molina y el Inspector de Educaci\u00f3n F\u00edsica Nazareno Fonollosa.<\/h3>\n<\/blockquote>\n<p>Se sumaron adem\u00e1s a este espacio las representantes del Consejo Escolar <strong>Georgina Constantino y Susana Arosa.<\/strong><\/p>\n<p>Se acord\u00f3 coordinar la reuni\u00f3n de equipos t\u00e9cnicos para mediados de febrero y as\u00ed diagramar el cronograma de trabajo para este 2020.<\/p>\n<\/div>\n","protected":false},"excerpt":{"rendered":"<div class=\"mh-excerpt\"><p>El Intendente interino Sebasti\u00e1n Echarren recibi\u00f3 en su despacho a autoridades locales de salud y educaci\u00f3n para trabajar en proyectos conjuntos con pol\u00edticas p\u00fablicas destinadas a los vecinos de Castelli. Estuvieron presentes el Director de <a class=\"mh-excerpt-more\" href=\"https:\/\/larevistadigital.com.ar\/blog\/proyecto-local-reunion-de-coordinacion-entre-salud-y-educacion-en-el-municipio\/\" title=\"PROYECTO LOCAL: REUNI\u00d3N DE COORDINACI\u00d3N ENTRE SALUD Y EDUCACI\u00d3N EN EL MUNICIPIO\">[Leer M\u00e1s]<\/a><\/p>\n<\/div>","protected":false},"author":3,"featured_media":14468,"comment_status":"open","ping_status":"open","sticky":false,"template":"","format":"standard","meta":{"_jetpack_memberships_contains_paid_content":false,"footnotes":"","jetpack_publicize_message":"","jetpack_publicize_feature_enabled":true,"jetpack_social_post_already_shared":true,"jetpack_social_options":{"image_generator_settings":{"template":"highway","default_image_id":0,"font":"","enabled":false},"version":2}},"categories":[4,51],"tags":[],"class_list":{"0":"post-14467","1":"post","2":"type-post","3":"status-publish","4":"format-standard","5":"has-post-thumbnail","7":"category-castelli","8":"category-regionales"},"jetpack_publicize_connections":[],"jetpack_featured_media_url":"https:\/\/i0.wp.com\/larevistadigital.com.ar\/blog\/wp-content\/uploads\/84150340_1384502971719401_33325578962599936_o.jpg?fit=960%2C640&ssl=1","jetpack_sharing_enabled":true,"jetpack_shortlink":"https:\/\/wp.me\/p8qtrQ-3Ll","jetpack-related-posts":[{"id":41371,"url":"https:\/\/larevistadigital.com.ar\/blog\/castelli-echarren-aseguro-que-hay-que-defender-la-salud-la-educacion-y-a-nuestro-pueblo\/","url_meta":{"origin":14467,"position":0},"title":"Castelli: Echarren asegur\u00f3 que hay que defender la salud, la educaci\u00f3n y a nuestro pueblo","author":"Alejandro Sosa Ruda","date":"10 septiembre, 2025","format":false,"excerpt":"El intendente de Castelli, Francisco Echarren, calific\u00f3 como \u201chist\u00f3rica\u201d la jornada electoral tras los comicios legislativos, en los que su espacio obtuvo un fuerte acompa\u00f1amiento de la comunidad. 10 de SSeptiembre de 2025 CASTELLI -\u00a0 \u201c\u00a1Elecci\u00f3n hist\u00f3rica, Castelli! N\u00fameros que nos llenan de orgullo, de esperanzas y que nos obligan\u2026","rel":"","context":"En \u00abCASTELLI\u00bb","block_context":{"text":"CASTELLI","link":"https:\/\/larevistadigital.com.ar\/blog\/category\/castelli\/"},"img":{"alt_text":"","src":"https:\/\/i0.wp.com\/larevistadigital.com.ar\/blog\/wp-content\/uploads\/multimedia.normal.93fcbc5bec195f5e.bm9ybWFsLkdJRg.gif?fit=795%2C524&ssl=1&resize=350%2C200","width":350,"height":200,"srcset":"https:\/\/i0.wp.com\/larevistadigital.com.ar\/blog\/wp-content\/uploads\/multimedia.normal.93fcbc5bec195f5e.bm9ybWFsLkdJRg.gif?fit=795%2C524&ssl=1&resize=350%2C200 1x, https:\/\/i0.wp.com\/larevistadigital.com.ar\/blog\/wp-content\/uploads\/multimedia.normal.93fcbc5bec195f5e.bm9ybWFsLkdJRg.gif?fit=795%2C524&ssl=1&resize=525%2C300 1.5x, https:\/\/i0.wp.com\/larevistadigital.com.ar\/blog\/wp-content\/uploads\/multimedia.normal.93fcbc5bec195f5e.bm9ybWFsLkdJRg.gif?fit=795%2C524&ssl=1&resize=700%2C400 2x"},"classes":[]},{"id":16784,"url":"https:\/\/larevistadigital.com.ar\/blog\/castelli-sera-sede-del-foro-virtual-educacion-fisica-y-deporte\/","url_meta":{"origin":14467,"position":1},"title":"CASTELLI SER\u00c1 SEDE DEL FORO VIRTUAL \u201cEDUCACI\u00d3N F\u00cdSICA Y DEPORTE\u201d","author":"Alejandro Sosa Ruda","date":"6 octubre, 2020","format":false,"excerpt":"Este jueves 8 de octubre desde Castelli se estar\u00e1 brindando para toda la provincia el Foro Virtual de Educaci\u00f3n F\u00edsica y Deporte, un congreso destinado a docentes, profesores de educaci\u00f3n f\u00edsica, entrenadores y formadores de escuelas deportivas. La charla se realizar\u00e1 a trav\u00e9s de la plataforma Zoom, con acceso libre\u2026","rel":"","context":"En \u00abCASTELLI\u00bb","block_context":{"text":"CASTELLI","link":"https:\/\/larevistadigital.com.ar\/blog\/category\/castelli\/"},"img":{"alt_text":"","src":"https:\/\/i0.wp.com\/larevistadigital.com.ar\/blog\/wp-content\/uploads\/121033985_1594776294025400_9030923548873505277_n.jpg?fit=960%2C960&ssl=1&resize=350%2C200","width":350,"height":200,"srcset":"https:\/\/i0.wp.com\/larevistadigital.com.ar\/blog\/wp-content\/uploads\/121033985_1594776294025400_9030923548873505277_n.jpg?fit=960%2C960&ssl=1&resize=350%2C200 1x, https:\/\/i0.wp.com\/larevistadigital.com.ar\/blog\/wp-content\/uploads\/121033985_1594776294025400_9030923548873505277_n.jpg?fit=960%2C960&ssl=1&resize=525%2C300 1.5x, https:\/\/i0.wp.com\/larevistadigital.com.ar\/blog\/wp-content\/uploads\/121033985_1594776294025400_9030923548873505277_n.jpg?fit=960%2C960&ssl=1&resize=700%2C400 2x"},"classes":[]},{"id":14743,"url":"https:\/\/larevistadigital.com.ar\/blog\/castelli-sebastian-echarren-fue-recibido-por-el-ministro-de-salud-de-la-provincia\/","url_meta":{"origin":14467,"position":2},"title":"CASTELLI: SEBASTI\u00c1N ECHARREN FUE RECIBIDO POR EL MINISTRO DE SALUD DE LA PROVINCIA","author":"Alejandro Sosa Ruda","date":"12 febrero, 2020","format":false,"excerpt":"En la jornada de este martes, el titular de la cartera sanitaria, Daniel Gollan, recibi\u00f3 en su despacho al jefe de gabinete de Castelli, Sebasti\u00e1n Echarren. El encuentro se da en el marco de reuniones que el ministerio de salud bonaerense contin\u00faa realizando con los municipios de la Provincia para\u2026","rel":"","context":"En \u00abCASTELLI\u00bb","block_context":{"text":"CASTELLI","link":"https:\/\/larevistadigital.com.ar\/blog\/category\/castelli\/"},"img":{"alt_text":"","src":"https:\/\/i0.wp.com\/larevistadigital.com.ar\/blog\/wp-content\/uploads\/85060803_1393085587527806_8737639526626754560_n.jpg?fit=960%2C634&ssl=1&resize=350%2C200","width":350,"height":200,"srcset":"https:\/\/i0.wp.com\/larevistadigital.com.ar\/blog\/wp-content\/uploads\/85060803_1393085587527806_8737639526626754560_n.jpg?fit=960%2C634&ssl=1&resize=350%2C200 1x, https:\/\/i0.wp.com\/larevistadigital.com.ar\/blog\/wp-content\/uploads\/85060803_1393085587527806_8737639526626754560_n.jpg?fit=960%2C634&ssl=1&resize=525%2C300 1.5x, https:\/\/i0.wp.com\/larevistadigital.com.ar\/blog\/wp-content\/uploads\/85060803_1393085587527806_8737639526626754560_n.jpg?fit=960%2C634&ssl=1&resize=700%2C400 2x"},"classes":[]},{"id":5099,"url":"https:\/\/larevistadigital.com.ar\/blog\/inversion-salud-castelli-se-sumara-al-same-la-provincia\/","url_meta":{"origin":14467,"position":3},"title":"INVERSI\u00d3N EN SALUD: CASTELLI SE SUMAR\u00c1 AL SAME DE LA PROVINCIA","author":"admin","date":"15 febrero, 2018","format":false,"excerpt":"Esta semana, luego de la aprobaci\u00f3n del convenio por parte del Concejo Deliberante, nuestra ciudad quedar\u00e1 adherida al Sistema de Atenci\u00f3n M\u00e9dica en Emergencias (SAME) a trav\u00e9s del Ministerio de Salud de la Provincia de Buenos Aires. Esto requerir\u00e1 una inversi\u00f3n en salud que redundar\u00e1 en m\u00e1s y mejor atenci\u00f3n\u2026","rel":"","context":"En \u00abCASTELLI\u00bb","block_context":{"text":"CASTELLI","link":"https:\/\/larevistadigital.com.ar\/blog\/category\/castelli\/"},"img":{"alt_text":"","src":"https:\/\/i0.wp.com\/larevistadigital.com.ar\/blog\/wp-content\/uploads\/2018\/03\/same-664x335.jpg?fit=664%2C335&ssl=1&resize=350%2C200","width":350,"height":200,"srcset":"https:\/\/i0.wp.com\/larevistadigital.com.ar\/blog\/wp-content\/uploads\/2018\/03\/same-664x335.jpg?fit=664%2C335&ssl=1&resize=350%2C200 1x, https:\/\/i0.wp.com\/larevistadigital.com.ar\/blog\/wp-content\/uploads\/2018\/03\/same-664x335.jpg?fit=664%2C335&ssl=1&resize=525%2C300 1.5x"},"classes":[]},{"id":16392,"url":"https:\/\/larevistadigital.com.ar\/blog\/el-hospital-de-castelli-subira-de-categoria-y-apunta-a-la-atencion-regional-en-salud\/","url_meta":{"origin":14467,"position":4},"title":"EL HOSPITAL DE CASTELLI SUBIR\u00c1 DE CATEGOR\u00cdA Y APUNTA A LA ATENCI\u00d3N REGIONAL EN SALUD","author":"Alejandro Sosa Ruda","date":"18 septiembre, 2020","format":false,"excerpt":"Esta semana, el Jefe Comunal Francisco Echarren junto al Jefe de Gabinete de Castelli, Sebasti\u00e1n Echarren mantuvieron una reuni\u00f3n con el Ministro de Salud Daniel Goll\u00e1n donde analizaron la actualidad de la salud local, coincidiendo en que establecer la cuarentena signific\u00f3 un \u201c\u00e9xito en t\u00e9rminos sanitarios\u201d. Tambi\u00e9n participaron del encuentro\u2026","rel":"","context":"En \u00abCASTELLI\u00bb","block_context":{"text":"CASTELLI","link":"https:\/\/larevistadigital.com.ar\/blog\/category\/castelli\/"},"img":{"alt_text":"","src":"https:\/\/i0.wp.com\/larevistadigital.com.ar\/blog\/wp-content\/uploads\/119574085_1578303259006037_7365230350435266520_n.jpg?fit=960%2C640&ssl=1&resize=350%2C200","width":350,"height":200,"srcset":"https:\/\/i0.wp.com\/larevistadigital.com.ar\/blog\/wp-content\/uploads\/119574085_1578303259006037_7365230350435266520_n.jpg?fit=960%2C640&ssl=1&resize=350%2C200 1x, https:\/\/i0.wp.com\/larevistadigital.com.ar\/blog\/wp-content\/uploads\/119574085_1578303259006037_7365230350435266520_n.jpg?fit=960%2C640&ssl=1&resize=525%2C300 1.5x, https:\/\/i0.wp.com\/larevistadigital.com.ar\/blog\/wp-content\/uploads\/119574085_1578303259006037_7365230350435266520_n.jpg?fit=960%2C640&ssl=1&resize=700%2C400 2x"},"classes":[]},{"id":5317,"url":"https:\/\/larevistadigital.com.ar\/blog\/hogar-de-ancianos-ministerio-de-salud-aprobo-las-obras-realizadas\/","url_meta":{"origin":14467,"position":5},"title":"HOGAR DE ANCIANOS: MINISTERIO DE SALUD APROB\u00d3 LAS OBRAS REALIZADAS","author":"admin","date":"29 marzo, 2018","format":false,"excerpt":"Esta ma\u00f1ana inspectores del Ministerio de Salud de la Provincia de Buenos Aires realizaron una recorrida por el Hogar de Ancianos de Castelli con el fin de certificar las obras realizadas. Los agentes certificaron las refacciones y ampliaciones y las evaluaron de forma positiva, permitiendo su aprobaci\u00f3n. Este es el\u2026","rel":"","context":"En \u00abCASTELLI\u00bb","block_context":{"text":"CASTELLI","link":"https:\/\/larevistadigital.com.ar\/blog\/category\/castelli\/"},"img":{"alt_text":"","src":"https:\/\/i0.wp.com\/larevistadigital.com.ar\/blog\/wp-content\/uploads\/2018\/03\/29064207_906032666233103_8367034162837477004_o-662x335.jpg?fit=662%2C335&ssl=1&resize=350%2C200","width":350,"height":200,"srcset":"https:\/\/i0.wp.com\/larevistadigital.com.ar\/blog\/wp-content\/uploads\/2018\/03\/29064207_906032666233103_8367034162837477004_o-662x335.jpg?fit=662%2C335&ssl=1&resize=350%2C200 1x, https:\/\/i0.wp.com\/larevistadigital.com.ar\/blog\/wp-content\/uploads\/2018\/03\/29064207_906032666233103_8367034162837477004_o-662x335.jpg?fit=662%2C335&ssl=1&resize=525%2C300 1.5x"},"classes":[]}],"_links":{"self":[{"href":"https:\/\/larevistadigital.com.ar\/blog\/wp-json\/wp\/v2\/posts\/14467","targetHints":{"allow":["GET"]}}],"collection":[{"href":"https:\/\/larevistadigital.com.ar\/blog\/wp-json\/wp\/v2\/posts"}],"about":[{"href":"https:\/\/larevistadigital.com.ar\/blog\/wp-json\/wp\/v2\/types\/post"}],"author":[{"embeddable":true,"href":"https:\/\/larevistadigital.com.ar\/blog\/wp-json\/wp\/v2\/users\/3"}],"replies":[{"embeddable":true,"href":"https:\/\/larevistadigital.com.ar\/blog\/wp-json\/wp\/v2\/comments?post=14467"}],"version-history":[{"count":1,"href":"https:\/\/larevistadigital.com.ar\/blog\/wp-json\/wp\/v2\/posts\/14467\/revisions"}],"predecessor-version":[{"id":14469,"href":"https:\/\/larevistadigital.com.ar\/blog\/wp-json\/wp\/v2\/posts\/14467\/revisions\/14469"}],"wp:featuredmedia":[{"embeddable":true,"href":"https:\/\/larevistadigital.com.ar\/blog\/wp-json\/wp\/v2\/media\/14468"}],"wp:attachment":[{"href":"https:\/\/larevistadigital.com.ar\/blog\/wp-json\/wp\/v2\/media?parent=14467"}],"wp:term":[{"taxonomy":"category","embeddable":true,"href":"https:\/\/larevistadigital.com.ar\/blog\/wp-json\/wp\/v2\/categories?post=14467"},{"taxonomy":"post_tag","embeddable":true,"href":"https:\/\/larevistadigital.com.ar\/blog\/wp-json\/wp\/v2\/tags?post=14467"}],"curies":[{"name":"wp","href":"https:\/\/api.w.org\/{rel}","templated":true}]}}