{"id":1452,"date":"2017-03-20T15:18:15","date_gmt":"2017-03-20T15:18:15","guid":{"rendered":"https:\/\/larevistadigital.com.ar\/blog\/?p=1452"},"modified":"2017-03-20T15:18:15","modified_gmt":"2017-03-20T15:18:15","slug":"vidal-quiere-dejar-sin-personeria-gremial-a-algunos-sindicatos-docentes","status":"publish","type":"post","link":"https:\/\/larevistadigital.com.ar\/blog\/vidal-quiere-dejar-sin-personeria-gremial-a-algunos-sindicatos-docentes\/","title":{"rendered":"VIDAL QUIERE DEJAR SIN PERSONER\u00cdA GREMIAL A ALGUNOS SINDICATOS DOCENTES"},"content":{"rendered":"<h2>La gobernadora de la provincia de Buenos Aires,\u00a0 Mar\u00eda Eugenia Vidal, solicit\u00f3 al Ministro de Trabajo de la Naci\u00f3n que eval\u00fae la posibilidad de dejar sin personer\u00eda gremial a aquellos gremios de docentes que no han acatado las conciliaciones obligatorias dictadas y han realizado paros.<\/h2>\n<p>Este pedido, fue confirmado por el Ministro de trabajo de Provincia Marcelo Villegas, quien afirm\u00f3 que la gobernadora hizo <strong><em>\u00abuna presentaci\u00f3n ante el ministerio de Trabajo de la Naci\u00f3n, como autoridad de aplicaci\u00f3n originaria en tema personer\u00eda para que inicie un sumario tendiente a verificar el incumplimiento de de los extremos legales que justifican el uso de personer\u00eda y aplique las sanciones que corresponda\u00bb.<\/em><\/strong><\/p>\n<p>Adem\u00e1s dijo que presentaci\u00f3n se da <strong><em>\u00aben el marco del cumplimiento de los deberes de funcionario p\u00fablico, cuando alguien no acata la conciliaci\u00f3n obligatoria ni la Ley de Ministerios y\u00a0se perturba la paz social al impedir el inicio del ciclo lectivo, porque \u00e9ste no es un paro que se da en el transcurso del ciclo lectivo sino al inicio\u00bb.<\/em><\/strong><\/p>\n<blockquote>\n<h3><strong><em>\u00abEs por eso que se solicita la intervenci\u00f3n del Ministerio de Trabajo de la Naci\u00f3n para que se eval\u00fae la quita de personer\u00eda\u00bb<\/em><\/strong><\/h3>\n<\/blockquote>\n<p>Confirm\u00f3 tambi\u00e9n que en el orden provincial\u00a0<em>\u00abse est\u00e1 evaluando la aplicaci\u00f3n de multas a los gremios docentes\u00a0que hayan adherido a medidas de acci\u00f3n directa existiendo un proceso de conciliaci\u00f3n obligatoria\u00bb<\/em>. Explic\u00f3 que para ello <strong><em>\u00abestamos recolectando actas e informaci\u00f3n de los medios gr\u00e1ficos, radiales y televisivos\u00bb.<\/em><\/strong><\/p>\n<p><strong><em>\u00abLa \u00fanica salida es destrabar el conflicto docente\u00bb<\/em><\/strong>, asegur\u00f3 Villegas, quien insisti\u00f3 que eso debe hacerse <strong><em>\u00abdiscutiendo con los chicos en clases, respetando las leyes y dejando cuestiones pol\u00edticas personales fuera de la mesa (de discusi\u00f3n)\u00bb.<\/em><\/strong><\/p>\n<p><strong><em>\u00abEstoy en un proceso de conciliaci\u00f3n y\u00a0debo generar acercamento entre los ministros de Econom\u00eda y Educaci\u00f3n y los sectores gremiales, pero cualquier propuesta debe ser hecha por las partes y yo debo facilitar el espacio de la conciliaci\u00f3n obligatoria que es una herramienta para defender a los m\u00e1s d\u00e9biles que son los chicos y una herramienta para defender la paz social, cosa que debe hacerse alrededor de la mesa\u00bb<\/em><\/strong>, remarc\u00f3.<\/p>\n","protected":false},"excerpt":{"rendered":"<div class=\"mh-excerpt\"><p>La gobernadora de la provincia de Buenos Aires,\u00a0 Mar\u00eda Eugenia Vidal, solicit\u00f3 al Ministro de Trabajo de la Naci\u00f3n que eval\u00fae la posibilidad de dejar sin personer\u00eda gremial a aquellos gremios de docentes que no <a class=\"mh-excerpt-more\" href=\"https:\/\/larevistadigital.com.ar\/blog\/vidal-quiere-dejar-sin-personeria-gremial-a-algunos-sindicatos-docentes\/\" title=\"VIDAL QUIERE DEJAR SIN PERSONER\u00cdA GREMIAL A ALGUNOS SINDICATOS DOCENTES\">[Leer M\u00e1s]<\/a><\/p>\n<\/div>","protected":false},"author":3,"featured_media":1453,"comment_status":"open","ping_status":"open","sticky":false,"template":"","format":"standard","meta":{"_jetpack_memberships_contains_paid_content":false,"footnotes":"","jetpack_publicize_message":"","jetpack_publicize_feature_enabled":true,"jetpack_social_post_already_shared":true,"jetpack_social_options":{"image_generator_settings":{"template":"highway","default_image_id":0,"font":"","enabled":false},"version":2}},"categories":[41,12,24],"tags":[],"class_list":{"0":"post-1452","1":"post","2":"type-post","3":"status-publish","4":"format-standard","5":"has-post-thumbnail","7":"category-destacadas","8":"category-politica","9":"category-politica-provincial"},"jetpack_publicize_connections":[],"jetpack_featured_media_url":"https:\/\/i0.wp.com\/larevistadigital.com.ar\/blog\/wp-content\/uploads\/2017\/03\/Mar%C3%ADa_Eugenia_Vidal_en_conferencia_de_prensa_sobre_dengue_6847445673.jpg?fit=2500%2C2124&ssl=1","jetpack_sharing_enabled":true,"jetpack_shortlink":"https:\/\/wp.me\/p8qtrQ-nq","jetpack-related-posts":[{"id":1084,"url":"https:\/\/larevistadigital.com.ar\/blog\/revocan-la-personeria-gremial-de-los-metrodelegados-a-horas-de-comenzar-las-paritarias\/","url_meta":{"origin":1452,"position":0},"title":"Revocan la personer\u00eda gremial de los Metrodelegados a horas de comenzar las paritarias","author":"editor","date":"10 marzo, 2017","format":false,"excerpt":"\u201cJusto en la semana en que toca discutir la paritaria\u201d sale este fallo, dijo N\u00e9stor Segovia, referente de los Metrodelegados, quien acus\u00f3\u00a0a\u00a0Mauricio Macri y a Jorge Triaca de una \u201cpersecuci\u00f3n pol\u00edtica y gremial\u201d contra el gremio. El delegado de la l\u00ednea C de subterr\u00e1neos y referente de los Metrodelegados, N\u00e9stor\u2026","rel":"","context":"En \u00abGREMIALES\u00bb","block_context":{"text":"GREMIALES","link":"https:\/\/larevistadigital.com.ar\/blog\/category\/gremiales\/"},"img":{"alt_text":"","src":"https:\/\/i0.wp.com\/larevistadigital.com.ar\/blog\/wp-content\/uploads\/2017\/03\/metrodelegados-q-644x340.jpg?fit=644%2C340&ssl=1&resize=350%2C200","width":350,"height":200,"srcset":"https:\/\/i0.wp.com\/larevistadigital.com.ar\/blog\/wp-content\/uploads\/2017\/03\/metrodelegados-q-644x340.jpg?fit=644%2C340&ssl=1&resize=350%2C200 1x, https:\/\/i0.wp.com\/larevistadigital.com.ar\/blog\/wp-content\/uploads\/2017\/03\/metrodelegados-q-644x340.jpg?fit=644%2C340&ssl=1&resize=525%2C300 1.5x"},"classes":[]},{"id":1708,"url":"https:\/\/larevistadigital.com.ar\/blog\/mientras-los-docentes-van-por-48-horas-mas-de-paro-vidal-redobla-la-apuesta\/","url_meta":{"origin":1452,"position":1},"title":"MIENTRAS LOS DOCENTES VAN POR 48 HORAS M\u00c1S DE PARO, VIDAL REDOBLA LA APUESTA","author":"Alejandro Sosa Ruda","date":"29 marzo, 2017","format":false,"excerpt":"La situaci\u00f3n de conflicto entre el gobierno de la provincia de Buenos Aires, y los gremios docentes en lugar de ir mejorando, parece complicarse cada d\u00eda m\u00e1s. La gobernadora Mar\u00eda Eugenia Vidal est\u00e1 dispuesta a ir m\u00e1s all\u00e1, ya que no solo no firm\u00f3 por decreto un aumento salarial para\u2026","rel":"","context":"En \u00abDESTACADAS\u00bb","block_context":{"text":"DESTACADAS","link":"https:\/\/larevistadigital.com.ar\/blog\/category\/destacadas\/"},"img":{"alt_text":"","src":"https:\/\/i0.wp.com\/larevistadigital.com.ar\/blog\/wp-content\/uploads\/2017\/03\/B5.jpg?fit=1200%2C900&ssl=1&resize=350%2C200","width":350,"height":200,"srcset":"https:\/\/i0.wp.com\/larevistadigital.com.ar\/blog\/wp-content\/uploads\/2017\/03\/B5.jpg?fit=1200%2C900&ssl=1&resize=350%2C200 1x, https:\/\/i0.wp.com\/larevistadigital.com.ar\/blog\/wp-content\/uploads\/2017\/03\/B5.jpg?fit=1200%2C900&ssl=1&resize=525%2C300 1.5x, https:\/\/i0.wp.com\/larevistadigital.com.ar\/blog\/wp-content\/uploads\/2017\/03\/B5.jpg?fit=1200%2C900&ssl=1&resize=700%2C400 2x, https:\/\/i0.wp.com\/larevistadigital.com.ar\/blog\/wp-content\/uploads\/2017\/03\/B5.jpg?fit=1200%2C900&ssl=1&resize=1050%2C600 3x"},"classes":[]},{"id":1075,"url":"https:\/\/larevistadigital.com.ar\/blog\/para-segovia-tiene-un-tinte-politico-la-quita-de-la-personeria-gremial\/","url_meta":{"origin":1452,"position":2},"title":"Para Segovia, \u00abtiene un tinte pol\u00edtico\u00bb la quita de la personer\u00eda gremial","author":"editor","date":"11 marzo, 2017","format":false,"excerpt":"El dirigente de la Asociaci\u00f3n Gremial de Trabajadores del Subterr\u00e1neo y Premetro (Agtsyp), critic\u00f3 la decisi\u00f3n de la Justicia de revocar la personer\u00eda gremial a los metrodelegados y la interpret\u00f3 como \"una maniobra del gobierno nacional\" porque -dijo- \"prefiere negociar con la UTA\" en el marco de las discusiones paritarias.\u2026","rel":"","context":"En \u00abGREMIALES\u00bb","block_context":{"text":"GREMIALES","link":"https:\/\/larevistadigital.com.ar\/blog\/category\/gremiales\/"},"img":{"alt_text":"","src":"https:\/\/i0.wp.com\/larevistadigital.com.ar\/blog\/wp-content\/uploads\/2017\/03\/58c2e60369cd2_324x182-1.jpg?fit=800%2C449&ssl=1&resize=350%2C200","width":350,"height":200,"srcset":"https:\/\/i0.wp.com\/larevistadigital.com.ar\/blog\/wp-content\/uploads\/2017\/03\/58c2e60369cd2_324x182-1.jpg?fit=800%2C449&ssl=1&resize=350%2C200 1x, https:\/\/i0.wp.com\/larevistadigital.com.ar\/blog\/wp-content\/uploads\/2017\/03\/58c2e60369cd2_324x182-1.jpg?fit=800%2C449&ssl=1&resize=525%2C300 1.5x, https:\/\/i0.wp.com\/larevistadigital.com.ar\/blog\/wp-content\/uploads\/2017\/03\/58c2e60369cd2_324x182-1.jpg?fit=800%2C449&ssl=1&resize=700%2C400 2x"},"classes":[]},{"id":29628,"url":"https:\/\/larevistadigital.com.ar\/blog\/partidos-politicos-bonaerenses-perdieron-la-personeria-al-no-presentar-un-minimo-de-afiliados\/","url_meta":{"origin":1452,"position":3},"title":"PARTIDOS POL\u00cdTICOS BONAERENSES PERDIERON LA PERSONER\u00cdA AL NO PRESENTAR UN M\u00cdNIMO DE AFILIADOS.","author":"Alejandro Sosa Ruda","date":"26 diciembre, 2022","format":false,"excerpt":"En los fundamentos de las medidas se record\u00f3 que \u201ces causa de declaraci\u00f3n de caducidad de la personer\u00eda pol\u00edtica no mantener el n\u00famero m\u00ednimo de afiliados requeridos para el reconocimiento definitivo, circunstancia que ser\u00e1 verificada anualmente por el \u00f3rgano de aplicaci\u00f3n\u201d. 26 de diciembre de 2022 Se procedi\u00f3 a la\u2026","rel":"","context":"En \u00abINTERES GENERAL\u00bb","block_context":{"text":"INTERES GENERAL","link":"https:\/\/larevistadigital.com.ar\/blog\/category\/interes-general\/"},"img":{"alt_text":"","src":"https:\/\/i0.wp.com\/larevistadigital.com.ar\/blog\/wp-content\/uploads\/20221224161315_20221223104419-urna.jpg?fit=880%2C512&ssl=1&resize=350%2C200","width":350,"height":200,"srcset":"https:\/\/i0.wp.com\/larevistadigital.com.ar\/blog\/wp-content\/uploads\/20221224161315_20221223104419-urna.jpg?fit=880%2C512&ssl=1&resize=350%2C200 1x, https:\/\/i0.wp.com\/larevistadigital.com.ar\/blog\/wp-content\/uploads\/20221224161315_20221223104419-urna.jpg?fit=880%2C512&ssl=1&resize=525%2C300 1.5x, https:\/\/i0.wp.com\/larevistadigital.com.ar\/blog\/wp-content\/uploads\/20221224161315_20221223104419-urna.jpg?fit=880%2C512&ssl=1&resize=700%2C400 2x"},"classes":[]},{"id":2139,"url":"https:\/\/larevistadigital.com.ar\/blog\/de-campana-bullrich-junto-a-vidal-en-un-acto\/","url_meta":{"origin":1452,"position":4},"title":"\u00bfDE CAMPA\u00d1A?&#8230;BULLRICH JUNTO A VIDAL EN UN ACTO","author":"Alejandro Sosa Ruda","date":"27 abril, 2017","format":false,"excerpt":"Fue en el acto de anuncio de la ampliaci\u00f3n del Boleto Estudiantil Gratuito a las universidades de Avellaneda, Lan\u00fas, Lujan y Moreno, en donde la gobernadora dijo \u201cS\u00e9 de su compromiso con la provincia\u201d En el d\u00eda de hoy, y junto a un grupo de Intendentes Bonaerenses de la tercera\u2026","rel":"","context":"En \u00abDESTACADAS\u00bb","block_context":{"text":"DESTACADAS","link":"https:\/\/larevistadigital.com.ar\/blog\/category\/destacadas\/"},"img":{"alt_text":"","src":"https:\/\/i0.wp.com\/larevistadigital.com.ar\/blog\/wp-content\/uploads\/2017\/04\/69283_3.jpg?fit=862%2C615&ssl=1&resize=350%2C200","width":350,"height":200,"srcset":"https:\/\/i0.wp.com\/larevistadigital.com.ar\/blog\/wp-content\/uploads\/2017\/04\/69283_3.jpg?fit=862%2C615&ssl=1&resize=350%2C200 1x, https:\/\/i0.wp.com\/larevistadigital.com.ar\/blog\/wp-content\/uploads\/2017\/04\/69283_3.jpg?fit=862%2C615&ssl=1&resize=525%2C300 1.5x, https:\/\/i0.wp.com\/larevistadigital.com.ar\/blog\/wp-content\/uploads\/2017\/04\/69283_3.jpg?fit=862%2C615&ssl=1&resize=700%2C400 2x"},"classes":[]},{"id":9691,"url":"https:\/\/larevistadigital.com.ar\/blog\/encuentro-educativo-en-dolores-con-participacion-de-consejeros-escolares-de-cambiemos\/","url_meta":{"origin":1452,"position":5},"title":"ENCUENTRO EDUCATIVO EN DOLORES, CON PARTICIPACI\u00d3N DE CONSEJEROS ESCOLARES DE CAMBIEMOS","author":"Alejandro Sosa Ruda","date":"15 abril, 2019","format":false,"excerpt":"Alrededor de mil docentes concurrieron a las instalaciones del Club Ever Ready de Dolores, donde se llev\u00f3 a cabo el Encuentro de Educaci\u00f3n de la Quinta Secci\u00f3n, durante el fin de semana. Consejeros escolares chascomunenses de Cambiemos participaron de este encuentro. Del mismo tomaron parte el Ministro de la Producci\u00f3n\u2026","rel":"","context":"En \u00abPOLITICA\u00bb","block_context":{"text":"POLITICA","link":"https:\/\/larevistadigital.com.ar\/blog\/category\/politica\/"},"img":{"alt_text":"","src":"https:\/\/i0.wp.com\/larevistadigital.com.ar\/blog\/wp-content\/uploads\/2019\/04\/56990156_419957752174685_3386169069618069504_n.jpg?fit=930%2C691&ssl=1&resize=350%2C200","width":350,"height":200,"srcset":"https:\/\/i0.wp.com\/larevistadigital.com.ar\/blog\/wp-content\/uploads\/2019\/04\/56990156_419957752174685_3386169069618069504_n.jpg?fit=930%2C691&ssl=1&resize=350%2C200 1x, https:\/\/i0.wp.com\/larevistadigital.com.ar\/blog\/wp-content\/uploads\/2019\/04\/56990156_419957752174685_3386169069618069504_n.jpg?fit=930%2C691&ssl=1&resize=525%2C300 1.5x, https:\/\/i0.wp.com\/larevistadigital.com.ar\/blog\/wp-content\/uploads\/2019\/04\/56990156_419957752174685_3386169069618069504_n.jpg?fit=930%2C691&ssl=1&resize=700%2C400 2x"},"classes":[]}],"_links":{"self":[{"href":"https:\/\/larevistadigital.com.ar\/blog\/wp-json\/wp\/v2\/posts\/1452","targetHints":{"allow":["GET"]}}],"collection":[{"href":"https:\/\/larevistadigital.com.ar\/blog\/wp-json\/wp\/v2\/posts"}],"about":[{"href":"https:\/\/larevistadigital.com.ar\/blog\/wp-json\/wp\/v2\/types\/post"}],"author":[{"embeddable":true,"href":"https:\/\/larevistadigital.com.ar\/blog\/wp-json\/wp\/v2\/users\/3"}],"replies":[{"embeddable":true,"href":"https:\/\/larevistadigital.com.ar\/blog\/wp-json\/wp\/v2\/comments?post=1452"}],"version-history":[{"count":1,"href":"https:\/\/larevistadigital.com.ar\/blog\/wp-json\/wp\/v2\/posts\/1452\/revisions"}],"predecessor-version":[{"id":1454,"href":"https:\/\/larevistadigital.com.ar\/blog\/wp-json\/wp\/v2\/posts\/1452\/revisions\/1454"}],"wp:featuredmedia":[{"embeddable":true,"href":"https:\/\/larevistadigital.com.ar\/blog\/wp-json\/wp\/v2\/media\/1453"}],"wp:attachment":[{"href":"https:\/\/larevistadigital.com.ar\/blog\/wp-json\/wp\/v2\/media?parent=1452"}],"wp:term":[{"taxonomy":"category","embeddable":true,"href":"https:\/\/larevistadigital.com.ar\/blog\/wp-json\/wp\/v2\/categories?post=1452"},{"taxonomy":"post_tag","embeddable":true,"href":"https:\/\/larevistadigital.com.ar\/blog\/wp-json\/wp\/v2\/tags?post=1452"}],"curies":[{"name":"wp","href":"https:\/\/api.w.org\/{rel}","templated":true}]}}