{"id":1455,"date":"2017-03-20T16:28:24","date_gmt":"2017-03-20T16:28:24","guid":{"rendered":"https:\/\/larevistadigital.com.ar\/blog\/?p=1455"},"modified":"2017-03-20T16:28:24","modified_gmt":"2017-03-20T16:28:24","slug":"no-sera-mucho-segun-suteba-descuentan-por-paro-a-docente-con-licencia-por-maternidad","status":"publish","type":"post","link":"https:\/\/larevistadigital.com.ar\/blog\/no-sera-mucho-segun-suteba-descuentan-por-paro-a-docente-con-licencia-por-maternidad\/","title":{"rendered":"\u00bfNO SER\u00c1 MUCHO? SEG\u00daN SUTEBA, DESCUENTAN POR PARO A DOCENTE CON LICENCIA POR MATERNIDAD"},"content":{"rendered":"<p>En el contexto del conflicto entre el gobierno y los docentes en la provincia de Buenos Aires, desde la SUTEBA se denunci\u00f3 que se han hecho descuentos de forma indiscriminada, por lo que han perjudicado a gente que estaba embarazada o con licencia por enfermedad.<\/p>\n<p>Esto, fue asegurado por la secretaria gremial del SUTEBA, <strong>Mar\u00eda Laura Torre<\/strong>, que afirm\u00f3 que el ejecutivo incurri\u00f3 en una ilegalidad absoluta al descontar a los docentes los d\u00edas de paro.<\/p>\n<p>Torre dijo que: <strong><em>\u00abEl viernes, visualizamos una irregularidad muy grande: descontaron (en los sueldos docentes) con algo que ellos llaman carga masiva. Le descontaron dos d\u00edas a todos: si vos estabas embarazada y no ibas a la escuela por licencia de maternidad tambi\u00e9n te descontaban por paro; si estabas enferma tambi\u00e9n\u00bb<\/em><\/strong>.<\/p>\n<p><strong><em>\u00abnosotros necesitamos que nos hagan una propuesta que se acerque a que un docente no quede debajo de la l\u00ednea de pobreza\u00bb<\/em><\/strong>, manifest\u00f3. (Aunque su gremio no quiso participar de las mesas de di\u00e1logo).<\/p>\n<p>&nbsp;<\/p>\n<p>&nbsp;<\/p>\n<p>&nbsp;<\/p>\n","protected":false},"excerpt":{"rendered":"<div class=\"mh-excerpt\"><p>En el contexto del conflicto entre el gobierno y los docentes en la provincia de Buenos Aires, desde la SUTEBA se denunci\u00f3 que se han hecho descuentos de forma indiscriminada, por lo que han perjudicado <a class=\"mh-excerpt-more\" href=\"https:\/\/larevistadigital.com.ar\/blog\/no-sera-mucho-segun-suteba-descuentan-por-paro-a-docente-con-licencia-por-maternidad\/\" title=\"\u00bfNO SER\u00c1 MUCHO? SEG\u00daN SUTEBA, DESCUENTAN POR PARO A DOCENTE CON LICENCIA POR MATERNIDAD\">[Leer M\u00e1s]<\/a><\/p>\n<\/div>","protected":false},"author":3,"featured_media":1457,"comment_status":"open","ping_status":"open","sticky":false,"template":"","format":"standard","meta":{"_jetpack_memberships_contains_paid_content":false,"footnotes":"","jetpack_publicize_message":"","jetpack_publicize_feature_enabled":true,"jetpack_social_post_already_shared":true,"jetpack_social_options":{"image_generator_settings":{"template":"highway","default_image_id":0,"font":"","enabled":false},"version":2}},"categories":[10,27],"tags":[],"class_list":{"0":"post-1455","1":"post","2":"type-post","3":"status-publish","4":"format-standard","5":"has-post-thumbnail","7":"category-gremiales","8":"category-provinciales"},"jetpack_publicize_connections":[],"jetpack_featured_media_url":"https:\/\/i0.wp.com\/larevistadigital.com.ar\/blog\/wp-content\/uploads\/2017\/03\/maria-laura-torres.png?fit=1302%2C706&ssl=1","jetpack_sharing_enabled":true,"jetpack_shortlink":"https:\/\/wp.me\/p8qtrQ-nt","jetpack-related-posts":[{"id":5112,"url":"https:\/\/larevistadigital.com.ar\/blog\/paritaria-se-complica-los-docentes-decidiran-van-al-paro-tras-rechazar-la-propuesta-la-gobernadora-vidal\/","url_meta":{"origin":1455,"position":0},"title":"Paritaria que se complica Los docentes decidir\u00e1n si van al paro, tras rechazar la propuesta de la gobernadora Vidal","author":"admin","date":"1 marzo, 2018","format":false,"excerpt":"Los gremios docentes rechazaron de manera un\u00e1nime la propuesta de recomposici\u00f3n salarial para este a\u00f1o elevada por el Gobierno bonaerense, consistente, como en las ocasiones anteriores, de un aumento del 15 por ciento a pagarse en tres tramos, un bono por presentismo y la novedad de la imposici\u00f3n de una\u2026","rel":"","context":"En \u00abGREMIALES\u00bb","block_context":{"text":"GREMIALES","link":"https:\/\/larevistadigital.com.ar\/blog\/category\/gremiales\/"},"img":{"alt_text":"","src":"https:\/\/i0.wp.com\/larevistadigital.com.ar\/blog\/wp-content\/uploads\/2018\/03\/f999x666-387133_482198_0.jpg?fit=737%2C415&ssl=1&resize=350%2C200","width":350,"height":200,"srcset":"https:\/\/i0.wp.com\/larevistadigital.com.ar\/blog\/wp-content\/uploads\/2018\/03\/f999x666-387133_482198_0.jpg?fit=737%2C415&ssl=1&resize=350%2C200 1x, https:\/\/i0.wp.com\/larevistadigital.com.ar\/blog\/wp-content\/uploads\/2018\/03\/f999x666-387133_482198_0.jpg?fit=737%2C415&ssl=1&resize=525%2C300 1.5x, https:\/\/i0.wp.com\/larevistadigital.com.ar\/blog\/wp-content\/uploads\/2018\/03\/f999x666-387133_482198_0.jpg?fit=737%2C415&ssl=1&resize=700%2C400 2x"},"classes":[]},{"id":1385,"url":"https:\/\/larevistadigital.com.ar\/blog\/desde-suteba-acusaron-a-maria-eugenia-vidal-la-ultima-vez-que-hablo-mas-que-puentes-tiro-nafta\/","url_meta":{"origin":1455,"position":1},"title":"Desde Suteba acusaron a Mar\u00eda Eugenia Vidal: \u00abLa \u00faltima vez que habl\u00f3 m\u00e1s que puentes tir\u00f3 nafta\u00bb","author":"editor","date":"19 marzo, 2017","format":false,"excerpt":"A ya dos semanas de paro en las escuelas p\u00fablicas, Mar\u00eda Laura Torres, secretaria de Suteba, insisti\u00f3 en que el conflicto real es salarial y apunt\u00f3 contra la gobernadora de la provincia,Mar\u00eda Eugenia Vidal , a quien acus\u00f3 de tirar nafta en vez de tender puentes. \"Ma\u00f1ana hay convocada una\u2026","rel":"","context":"En \u00abGREMIALES\u00bb","block_context":{"text":"GREMIALES","link":"https:\/\/larevistadigital.com.ar\/blog\/category\/gremiales\/"},"img":{"alt_text":"","src":"https:\/\/i0.wp.com\/larevistadigital.com.ar\/blog\/wp-content\/uploads\/2017\/03\/BByo9My.jpg?fit=728%2C410&ssl=1&resize=350%2C200","width":350,"height":200,"srcset":"https:\/\/i0.wp.com\/larevistadigital.com.ar\/blog\/wp-content\/uploads\/2017\/03\/BByo9My.jpg?fit=728%2C410&ssl=1&resize=350%2C200 1x, https:\/\/i0.wp.com\/larevistadigital.com.ar\/blog\/wp-content\/uploads\/2017\/03\/BByo9My.jpg?fit=728%2C410&ssl=1&resize=525%2C300 1.5x, https:\/\/i0.wp.com\/larevistadigital.com.ar\/blog\/wp-content\/uploads\/2017\/03\/BByo9My.jpg?fit=728%2C410&ssl=1&resize=700%2C400 2x"},"classes":[]},{"id":847,"url":"https:\/\/larevistadigital.com.ar\/blog\/se-agrava-conflicto-los-docentes-sigue-paro-24-hs-mas\/","url_meta":{"origin":1455,"position":2},"title":"Se agrava el conflicto con los docentes: sigue el paro por 24 hs m\u00e1s","author":"Alejandro Sosa Ruda","date":"9 marzo, 2017","format":false,"excerpt":"La decisi\u00f3n la tom\u00f3 el Frente gremial docente, en donde la medida se extiende por 24 hs. m\u00e1s, llegando al cuarto d\u00eda consecutivo. Se retomar\u00edan las clases el d\u00eda viernes. Se llev\u00f3 a cabo una reuni\u00f3n en la sede de Sadop, en la ciudad de La Plata, para llegar a\u2026","rel":"","context":"En \u00abDESTACADAS\u00bb","block_context":{"text":"DESTACADAS","link":"https:\/\/larevistadigital.com.ar\/blog\/category\/destacadas\/"},"img":{"alt_text":"","src":"https:\/\/i0.wp.com\/larevistadigital.com.ar\/blog\/wp-content\/uploads\/2017\/03\/nota-1042597-frente-gremial-docente-bonaerense-exigio-convocatoria-paritarias-140208101505.jpg?fit=1200%2C1200&ssl=1&resize=350%2C200","width":350,"height":200,"srcset":"https:\/\/i0.wp.com\/larevistadigital.com.ar\/blog\/wp-content\/uploads\/2017\/03\/nota-1042597-frente-gremial-docente-bonaerense-exigio-convocatoria-paritarias-140208101505.jpg?fit=1200%2C1200&ssl=1&resize=350%2C200 1x, https:\/\/i0.wp.com\/larevistadigital.com.ar\/blog\/wp-content\/uploads\/2017\/03\/nota-1042597-frente-gremial-docente-bonaerense-exigio-convocatoria-paritarias-140208101505.jpg?fit=1200%2C1200&ssl=1&resize=525%2C300 1.5x, https:\/\/i0.wp.com\/larevistadigital.com.ar\/blog\/wp-content\/uploads\/2017\/03\/nota-1042597-frente-gremial-docente-bonaerense-exigio-convocatoria-paritarias-140208101505.jpg?fit=1200%2C1200&ssl=1&resize=700%2C400 2x, https:\/\/i0.wp.com\/larevistadigital.com.ar\/blog\/wp-content\/uploads\/2017\/03\/nota-1042597-frente-gremial-docente-bonaerense-exigio-convocatoria-paritarias-140208101505.jpg?fit=1200%2C1200&ssl=1&resize=1050%2C600 3x"},"classes":[]},{"id":1168,"url":"https:\/\/larevistadigital.com.ar\/blog\/nada-de-conciliacion-tres-dias-mas-de-paro-docente\/","url_meta":{"origin":1455,"position":3},"title":"NADA DE CONCILIACI\u00d3N. TRES D\u00cdAS M\u00c1S DE PARO DOCENTE","author":"Alejandro Sosa Ruda","date":"14 marzo, 2017","format":false,"excerpt":"Finalmente, y pese a los intentos del Gobierno. La negociaci\u00f3n con los docentes no lleg\u00f3 a buen puerto: no hay acuerdo, por lo tanto\u2026\u00a0hay paro. Abarcara el d\u00eda de hoy, martes \u00a0(en el marco de las discusiones salariales), y el mi\u00e9rcoles y jueves (estos dos por adherir a la huelga\u2026","rel":"","context":"En \u00abDESTACADAS\u00bb","block_context":{"text":"DESTACADAS","link":"https:\/\/larevistadigital.com.ar\/blog\/category\/destacadas\/"},"img":{"alt_text":"","src":"https:\/\/i0.wp.com\/larevistadigital.com.ar\/blog\/wp-content\/uploads\/2017\/03\/Baradel_conf_1_04-08-2014_74907.jpg?fit=1200%2C799&ssl=1&resize=350%2C200","width":350,"height":200,"srcset":"https:\/\/i0.wp.com\/larevistadigital.com.ar\/blog\/wp-content\/uploads\/2017\/03\/Baradel_conf_1_04-08-2014_74907.jpg?fit=1200%2C799&ssl=1&resize=350%2C200 1x, https:\/\/i0.wp.com\/larevistadigital.com.ar\/blog\/wp-content\/uploads\/2017\/03\/Baradel_conf_1_04-08-2014_74907.jpg?fit=1200%2C799&ssl=1&resize=525%2C300 1.5x, https:\/\/i0.wp.com\/larevistadigital.com.ar\/blog\/wp-content\/uploads\/2017\/03\/Baradel_conf_1_04-08-2014_74907.jpg?fit=1200%2C799&ssl=1&resize=700%2C400 2x, https:\/\/i0.wp.com\/larevistadigital.com.ar\/blog\/wp-content\/uploads\/2017\/03\/Baradel_conf_1_04-08-2014_74907.jpg?fit=1200%2C799&ssl=1&resize=1050%2C600 3x"},"classes":[]},{"id":1708,"url":"https:\/\/larevistadigital.com.ar\/blog\/mientras-los-docentes-van-por-48-horas-mas-de-paro-vidal-redobla-la-apuesta\/","url_meta":{"origin":1455,"position":4},"title":"MIENTRAS LOS DOCENTES VAN POR 48 HORAS M\u00c1S DE PARO, VIDAL REDOBLA LA APUESTA","author":"Alejandro Sosa Ruda","date":"29 marzo, 2017","format":false,"excerpt":"La situaci\u00f3n de conflicto entre el gobierno de la provincia de Buenos Aires, y los gremios docentes en lugar de ir mejorando, parece complicarse cada d\u00eda m\u00e1s. La gobernadora Mar\u00eda Eugenia Vidal est\u00e1 dispuesta a ir m\u00e1s all\u00e1, ya que no solo no firm\u00f3 por decreto un aumento salarial para\u2026","rel":"","context":"En \u00abDESTACADAS\u00bb","block_context":{"text":"DESTACADAS","link":"https:\/\/larevistadigital.com.ar\/blog\/category\/destacadas\/"},"img":{"alt_text":"","src":"https:\/\/i0.wp.com\/larevistadigital.com.ar\/blog\/wp-content\/uploads\/2017\/03\/B5.jpg?fit=1200%2C900&ssl=1&resize=350%2C200","width":350,"height":200,"srcset":"https:\/\/i0.wp.com\/larevistadigital.com.ar\/blog\/wp-content\/uploads\/2017\/03\/B5.jpg?fit=1200%2C900&ssl=1&resize=350%2C200 1x, https:\/\/i0.wp.com\/larevistadigital.com.ar\/blog\/wp-content\/uploads\/2017\/03\/B5.jpg?fit=1200%2C900&ssl=1&resize=525%2C300 1.5x, https:\/\/i0.wp.com\/larevistadigital.com.ar\/blog\/wp-content\/uploads\/2017\/03\/B5.jpg?fit=1200%2C900&ssl=1&resize=700%2C400 2x, https:\/\/i0.wp.com\/larevistadigital.com.ar\/blog\/wp-content\/uploads\/2017\/03\/B5.jpg?fit=1200%2C900&ssl=1&resize=1050%2C600 3x"},"classes":[]},{"id":635,"url":"https:\/\/larevistadigital.com.ar\/blog\/una-multitud-maestros-se-movilizaron-al-ministerio-educacion\/","url_meta":{"origin":1455,"position":5},"title":"Una multitud de maestros se movilizaron al Ministerio de Educaci\u00f3n","author":"Alejandro Sosa Ruda","date":"7 marzo, 2017","format":false,"excerpt":"El paro ha tenido un alt\u00edsimo acatamiento y una verdadera multitud de docentes se movilizaron al Ministerio de Educaci\u00f3n. Cambiemos redobla la apuesta y sali\u00f3 a cuestionar las intenciones pol\u00edticas de la huelga que se extender\u00e1 por 48 horas. En un marco en el que un gran n\u00famero de gremios\u2026","rel":"","context":"En \u00abPOLITICA\u00bb","block_context":{"text":"POLITICA","link":"https:\/\/larevistadigital.com.ar\/blog\/category\/politica\/"},"img":{"alt_text":"","src":"https:\/\/i0.wp.com\/larevistadigital.com.ar\/blog\/wp-content\/uploads\/2017\/03\/docentes-05.jpg?fit=1080%2C1080&ssl=1&resize=350%2C200","width":350,"height":200,"srcset":"https:\/\/i0.wp.com\/larevistadigital.com.ar\/blog\/wp-content\/uploads\/2017\/03\/docentes-05.jpg?fit=1080%2C1080&ssl=1&resize=350%2C200 1x, https:\/\/i0.wp.com\/larevistadigital.com.ar\/blog\/wp-content\/uploads\/2017\/03\/docentes-05.jpg?fit=1080%2C1080&ssl=1&resize=525%2C300 1.5x, https:\/\/i0.wp.com\/larevistadigital.com.ar\/blog\/wp-content\/uploads\/2017\/03\/docentes-05.jpg?fit=1080%2C1080&ssl=1&resize=700%2C400 2x, https:\/\/i0.wp.com\/larevistadigital.com.ar\/blog\/wp-content\/uploads\/2017\/03\/docentes-05.jpg?fit=1080%2C1080&ssl=1&resize=1050%2C600 3x"},"classes":[]}],"_links":{"self":[{"href":"https:\/\/larevistadigital.com.ar\/blog\/wp-json\/wp\/v2\/posts\/1455","targetHints":{"allow":["GET"]}}],"collection":[{"href":"https:\/\/larevistadigital.com.ar\/blog\/wp-json\/wp\/v2\/posts"}],"about":[{"href":"https:\/\/larevistadigital.com.ar\/blog\/wp-json\/wp\/v2\/types\/post"}],"author":[{"embeddable":true,"href":"https:\/\/larevistadigital.com.ar\/blog\/wp-json\/wp\/v2\/users\/3"}],"replies":[{"embeddable":true,"href":"https:\/\/larevistadigital.com.ar\/blog\/wp-json\/wp\/v2\/comments?post=1455"}],"version-history":[{"count":1,"href":"https:\/\/larevistadigital.com.ar\/blog\/wp-json\/wp\/v2\/posts\/1455\/revisions"}],"predecessor-version":[{"id":1456,"href":"https:\/\/larevistadigital.com.ar\/blog\/wp-json\/wp\/v2\/posts\/1455\/revisions\/1456"}],"wp:featuredmedia":[{"embeddable":true,"href":"https:\/\/larevistadigital.com.ar\/blog\/wp-json\/wp\/v2\/media\/1457"}],"wp:attachment":[{"href":"https:\/\/larevistadigital.com.ar\/blog\/wp-json\/wp\/v2\/media?parent=1455"}],"wp:term":[{"taxonomy":"category","embeddable":true,"href":"https:\/\/larevistadigital.com.ar\/blog\/wp-json\/wp\/v2\/categories?post=1455"},{"taxonomy":"post_tag","embeddable":true,"href":"https:\/\/larevistadigital.com.ar\/blog\/wp-json\/wp\/v2\/tags?post=1455"}],"curies":[{"name":"wp","href":"https:\/\/api.w.org\/{rel}","templated":true}]}}