{"id":14569,"date":"2020-02-03T19:31:02","date_gmt":"2020-02-03T19:31:02","guid":{"rendered":"https:\/\/larevistadigital.com.ar\/blog\/?p=14569"},"modified":"2020-02-03T19:31:02","modified_gmt":"2020-02-03T19:31:02","slug":"colocaron-nuevo-puente-peatonal-en-la-avenida-juan-manuel-de-rosas","status":"publish","type":"post","link":"https:\/\/larevistadigital.com.ar\/blog\/colocaron-nuevo-puente-peatonal-en-la-avenida-juan-manuel-de-rosas\/","title":{"rendered":"COLOCARON NUEVO PUENTE PEATONAL EN LA AVENIDA JUAN MANUEL DE ROSAS"},"content":{"rendered":"<p>En el bulevar de la avenida Juan Manuel de Rosas y Neuqu\u00e9n fue instalado hoy el nuevo puente que permite el cruce de peatones, como parte de las obras complementarias a la bicisenda recientemente finalizada.<\/p>\n<blockquote>\n<h3>La pasarela de madera tiene 10 metros de largo y 2 de ancho y fue \u00edntegramente construida en la Carpinter\u00eda Municipal.Adem\u00e1s, contar\u00e1 con una rampa para que los usuarios puedan subir sin riesgo y sea utili<span class=\"text_exposed_show\">zado por personas con alguna discapacidad.<\/span><\/h3>\n<\/blockquote>\n<div class=\"text_exposed_show\">\n<p>Antes de su montaje, fueron colocados los pilares de base asentados en hormig\u00f3n y se prepar\u00f3 el lugar para garantizar su durabilidad y seguridad.<\/p>\n<blockquote>\n<h3>Anteriormente, hab\u00eda sido colocada otra estructura similar en Avenida Juan Manuel de Rosas y San Lorenzo, en dos puntos altamente utilizados por los vecinos para cruzar hacia los supermercados ubicados en esos lugares.<\/h3>\n<\/blockquote>\n<p>Una vez emplazado, ser\u00e1 pintado de blanco para una mejor visualizaci\u00f3n de peatones y conductores.<\/p>\n<\/div>\n","protected":false},"excerpt":{"rendered":"<div class=\"mh-excerpt\"><p>En el bulevar de la avenida Juan Manuel de Rosas y Neuqu\u00e9n fue instalado hoy el nuevo puente que permite el cruce de peatones, como parte de las obras complementarias a la bicisenda recientemente finalizada. <a class=\"mh-excerpt-more\" href=\"https:\/\/larevistadigital.com.ar\/blog\/colocaron-nuevo-puente-peatonal-en-la-avenida-juan-manuel-de-rosas\/\" title=\"COLOCARON NUEVO PUENTE PEATONAL EN LA AVENIDA JUAN MANUEL DE ROSAS\">[Leer M\u00e1s]<\/a><\/p>\n<\/div>","protected":false},"author":3,"featured_media":14570,"comment_status":"open","ping_status":"open","sticky":false,"template":"","format":"standard","meta":{"_jetpack_memberships_contains_paid_content":false,"footnotes":"","jetpack_publicize_message":"","jetpack_publicize_feature_enabled":true,"jetpack_social_post_already_shared":true,"jetpack_social_options":{"image_generator_settings":{"template":"highway","default_image_id":0,"font":"","enabled":false},"version":2}},"categories":[6],"tags":[],"class_list":{"0":"post-14569","1":"post","2":"type-post","3":"status-publish","4":"format-standard","5":"has-post-thumbnail","7":"category-chascomus"},"jetpack_publicize_connections":[],"jetpack_featured_media_url":"https:\/\/i0.wp.com\/larevistadigital.com.ar\/blog\/wp-content\/uploads\/84462289_3539315106109506_2999752979415826432_n.jpg?fit=912%2C610&ssl=1","jetpack_sharing_enabled":true,"jetpack_shortlink":"https:\/\/wp.me\/p8qtrQ-3MZ","jetpack-related-posts":[{"id":29355,"url":"https:\/\/larevistadigital.com.ar\/blog\/chascomus-fotos-choque-y-vuelco-en-avda-juan-manuel-de-rosas-y-25-de-mayo\/","url_meta":{"origin":14569,"position":0},"title":"CHASCOM\u00daS: [FOTOS CHOQUE Y VUELCO EN AVDA. JUAN MANUEL DE ROSAS Y 25 DE MAYO.","author":"Alejandro Sosa Ruda","date":"9 diciembre, 2022","format":false,"excerpt":"Un accidente que incluy\u00f3 un vuelco se produjo en la ma\u00f1ana del d\u00eda de hoy, en el Acceso Norte de la ciudad, m\u00e1s precisamente en la Avenida Juan Manuel de Rosas y 25 de Mayo. Se trat\u00f3 de un choque que culmin\u00f3 con un vuelco en una zanja del lugar.\u2026","rel":"","context":"En \u00abINTERES GENERAL\u00bb","block_context":{"text":"INTERES GENERAL","link":"https:\/\/larevistadigital.com.ar\/blog\/category\/interes-general\/"},"img":{"alt_text":"","src":"https:\/\/i0.wp.com\/larevistadigital.com.ar\/blog\/wp-content\/uploads\/3-5.jpeg?fit=900%2C1200&ssl=1&resize=350%2C200","width":350,"height":200,"srcset":"https:\/\/i0.wp.com\/larevistadigital.com.ar\/blog\/wp-content\/uploads\/3-5.jpeg?fit=900%2C1200&ssl=1&resize=350%2C200 1x, https:\/\/i0.wp.com\/larevistadigital.com.ar\/blog\/wp-content\/uploads\/3-5.jpeg?fit=900%2C1200&ssl=1&resize=525%2C300 1.5x, https:\/\/i0.wp.com\/larevistadigital.com.ar\/blog\/wp-content\/uploads\/3-5.jpeg?fit=900%2C1200&ssl=1&resize=700%2C400 2x"},"classes":[]},{"id":44160,"url":"https:\/\/larevistadigital.com.ar\/blog\/chascomus-vialidad-provincial-realizara-obras-de-reparacion-y-bacheo-en-accesos-a-la-ciudad\/","url_meta":{"origin":14569,"position":1},"title":"Chascom\u00fas: Vialidad Provincial realizar\u00e1 obras de reparaci\u00f3n y bacheo en accesos a la ciudad","author":"Alejandro Sosa Ruda","date":"24 febrero, 2026","format":false,"excerpt":"Los trabajos se iniciar\u00e1n este mi\u00e9rcoles en la ruta 58 y continuar\u00e1n en la avenida Juan Manuel de Rosas. 23 de febrero de 2026 CHASCOM\u00daS\u00a0 -\u00a0 \u00a0Vialidad Provincial realizar\u00e1 una obra integral de bacheo en la ruta provincial 58 (ex avenida Campa\u00f1as al Desierto) y en la avenida Juan Manuel\u2026","rel":"","context":"En \u00abCHASCOM\u00daS\u00bb","block_context":{"text":"CHASCOM\u00daS","link":"https:\/\/larevistadigital.com.ar\/blog\/category\/chascomus\/"},"img":{"alt_text":"","src":"https:\/\/i0.wp.com\/larevistadigital.com.ar\/blog\/wp-content\/uploads\/699dc912943a7.png?fit=668%2C445&ssl=1&resize=350%2C200","width":350,"height":200,"srcset":"https:\/\/i0.wp.com\/larevistadigital.com.ar\/blog\/wp-content\/uploads\/699dc912943a7.png?fit=668%2C445&ssl=1&resize=350%2C200 1x, https:\/\/i0.wp.com\/larevistadigital.com.ar\/blog\/wp-content\/uploads\/699dc912943a7.png?fit=668%2C445&ssl=1&resize=525%2C300 1.5x"},"classes":[]},{"id":29710,"url":"https:\/\/larevistadigital.com.ar\/blog\/chascomus-la-policia-persiguio-y-aprehedio-a-cuatro-jovenes-a-bordo-de-un-automovil-con-pedido-de-secuestro\/","url_meta":{"origin":14569,"position":2},"title":"CHASCOM\u00daS: LA POLIC\u00cdA PERSIGUI\u00d3 Y APREHEDI\u00d3 A CUATRO JOVENES A BORDO DE UN AUTOM\u00d3VIL CON PEDIDO DE SECUESTRO","author":"Alejandro Sosa Ruda","date":"30 diciembre, 2022","format":false,"excerpt":"Los descubrieron circulando por la avenida Juan Manuel de Rosas y ante el pedido de que se detengan, emprendieron la fuga que termin\u00f3 con la aprehensi\u00f3n de los ocupantes y el secuestro del veh\u00edculo. 30 de diciembre de 2022 Durante la noche de ayer, pasadas las 23:30hs. personal de la\u2026","rel":"","context":"En \u00abDESTACADAS\u00bb","block_context":{"text":"DESTACADAS","link":"https:\/\/larevistadigital.com.ar\/blog\/category\/destacadas\/"},"img":{"alt_text":"","src":"https:\/\/i0.wp.com\/larevistadigital.com.ar\/blog\/wp-content\/uploads\/WhatsApp-Image-2022-12-30-at-09.23.27-1.jpeg?fit=1200%2C798&ssl=1&resize=350%2C200","width":350,"height":200,"srcset":"https:\/\/i0.wp.com\/larevistadigital.com.ar\/blog\/wp-content\/uploads\/WhatsApp-Image-2022-12-30-at-09.23.27-1.jpeg?fit=1200%2C798&ssl=1&resize=350%2C200 1x, https:\/\/i0.wp.com\/larevistadigital.com.ar\/blog\/wp-content\/uploads\/WhatsApp-Image-2022-12-30-at-09.23.27-1.jpeg?fit=1200%2C798&ssl=1&resize=525%2C300 1.5x, https:\/\/i0.wp.com\/larevistadigital.com.ar\/blog\/wp-content\/uploads\/WhatsApp-Image-2022-12-30-at-09.23.27-1.jpeg?fit=1200%2C798&ssl=1&resize=700%2C400 2x, https:\/\/i0.wp.com\/larevistadigital.com.ar\/blog\/wp-content\/uploads\/WhatsApp-Image-2022-12-30-at-09.23.27-1.jpeg?fit=1200%2C798&ssl=1&resize=1050%2C600 3x"},"classes":[]},{"id":33813,"url":"https:\/\/larevistadigital.com.ar\/blog\/fallecio-leonidas-requelme-lider-y-figura-del-gremio-de-los-vigiladores-privados\/","url_meta":{"origin":14569,"position":3},"title":"FALLECI\u00d3 LEONIDAS REQUELME, LIDER Y FIGURA DEL GREMIO DE LOS VIGILADORES PRIVADOS","author":"Alejandro Sosa Ruda","date":"4 octubre, 2023","format":false,"excerpt":"Fu\u00e9 quien logr\u00f3 terminar con la hegemon\u00eda de Angel Garc\u00eda, y comand\u00f3 la hist\u00f3rica agrupaci\u00f3n gremial \"Juan Manuel de Rosas\". 04 de Octubre de 2023 Lamentablemente nos toca comunicar la triste noticia del fallecimiento de un notable dirigente gremial, y mejor persona: Leonidas Requelme. \"Leo\", o el \"pelado\" como le\u2026","rel":"","context":"En \u00abDESTACADAS\u00bb","block_context":{"text":"DESTACADAS","link":"https:\/\/larevistadigital.com.ar\/blog\/category\/destacadas\/"},"img":{"alt_text":"","src":"https:\/\/i0.wp.com\/larevistadigital.com.ar\/blog\/wp-content\/uploads\/382597932_651873373725688_4889000063923714467_n.jpg?fit=886%2C664&ssl=1&resize=350%2C200","width":350,"height":200,"srcset":"https:\/\/i0.wp.com\/larevistadigital.com.ar\/blog\/wp-content\/uploads\/382597932_651873373725688_4889000063923714467_n.jpg?fit=886%2C664&ssl=1&resize=350%2C200 1x, https:\/\/i0.wp.com\/larevistadigital.com.ar\/blog\/wp-content\/uploads\/382597932_651873373725688_4889000063923714467_n.jpg?fit=886%2C664&ssl=1&resize=525%2C300 1.5x, https:\/\/i0.wp.com\/larevistadigital.com.ar\/blog\/wp-content\/uploads\/382597932_651873373725688_4889000063923714467_n.jpg?fit=886%2C664&ssl=1&resize=700%2C400 2x"},"classes":[]},{"id":37172,"url":"https:\/\/larevistadigital.com.ar\/blog\/preparativos-para-la-apertura-de-una-nueva-farmacia-en-el-barrio-san-cayetano\/","url_meta":{"origin":14569,"position":4},"title":"Preparativos para la apertura de una nueva farmacia en el barrio San Cayetano","author":"Alejandro Sosa Ruda","date":"10 septiembre, 2024","format":false,"excerpt":"El nuevo local, ubicado en el ingreso al barrio, mejorar\u00e1 el acceso a medicamentos para los vecinos de la zona norte de Chascom\u00fas. 10 de Septiembre de 2024 CHASCOM\u00daS -\u00a0 En la avenida Juan Manuel de Rosas 2494, avanzan los trabajos previos para la apertura de una nueva farmacia en\u2026","rel":"","context":"En \u00abINTERES GENERAL\u00bb","block_context":{"text":"INTERES GENERAL","link":"https:\/\/larevistadigital.com.ar\/blog\/category\/interes-general\/"},"img":{"alt_text":"","src":"https:\/\/i0.wp.com\/larevistadigital.com.ar\/blog\/wp-content\/uploads\/66df3c6153b9c.png?fit=668%2C445&ssl=1&resize=350%2C200","width":350,"height":200,"srcset":"https:\/\/i0.wp.com\/larevistadigital.com.ar\/blog\/wp-content\/uploads\/66df3c6153b9c.png?fit=668%2C445&ssl=1&resize=350%2C200 1x, https:\/\/i0.wp.com\/larevistadigital.com.ar\/blog\/wp-content\/uploads\/66df3c6153b9c.png?fit=668%2C445&ssl=1&resize=525%2C300 1.5x"},"classes":[]},{"id":10052,"url":"https:\/\/larevistadigital.com.ar\/blog\/chascomus-recuperan-moto-con-pedido-de-secuestro-desde-marzo\/","url_meta":{"origin":14569,"position":5},"title":"CHASCOM\u00daS: RECUPERAN MOTO CON PEDIDO DE SECUESTRO DESDE MARZO","author":"Alejandro Sosa Ruda","date":"8 mayo, 2019","format":false,"excerpt":"Se inform\u00f3 desde la Estaci\u00f3n de Polic\u00eda Comunal, que ayer fue recuperada una moto que hab\u00eda sido robada en marzo del corriente a\u00f1o. El hecho se dio cerca del mediod\u00eda en calle Yrigoyen y Escribano, donde se intercept\u00f3 a una mujer a bordo de una motocicleta Guerrero 110 \u2013patente 076\u2026","rel":"","context":"En \u00abPOLICIALES\u00bb","block_context":{"text":"POLICIALES","link":"https:\/\/larevistadigital.com.ar\/blog\/category\/policiales\/"},"img":{"alt_text":"","src":"https:\/\/i0.wp.com\/larevistadigital.com.ar\/blog\/wp-content\/uploads\/2019\/01\/bbx_755050019_comisaria_chasco_01.jpg?fit=800%2C579&ssl=1&resize=350%2C200","width":350,"height":200,"srcset":"https:\/\/i0.wp.com\/larevistadigital.com.ar\/blog\/wp-content\/uploads\/2019\/01\/bbx_755050019_comisaria_chasco_01.jpg?fit=800%2C579&ssl=1&resize=350%2C200 1x, https:\/\/i0.wp.com\/larevistadigital.com.ar\/blog\/wp-content\/uploads\/2019\/01\/bbx_755050019_comisaria_chasco_01.jpg?fit=800%2C579&ssl=1&resize=525%2C300 1.5x, https:\/\/i0.wp.com\/larevistadigital.com.ar\/blog\/wp-content\/uploads\/2019\/01\/bbx_755050019_comisaria_chasco_01.jpg?fit=800%2C579&ssl=1&resize=700%2C400 2x"},"classes":[]}],"_links":{"self":[{"href":"https:\/\/larevistadigital.com.ar\/blog\/wp-json\/wp\/v2\/posts\/14569","targetHints":{"allow":["GET"]}}],"collection":[{"href":"https:\/\/larevistadigital.com.ar\/blog\/wp-json\/wp\/v2\/posts"}],"about":[{"href":"https:\/\/larevistadigital.com.ar\/blog\/wp-json\/wp\/v2\/types\/post"}],"author":[{"embeddable":true,"href":"https:\/\/larevistadigital.com.ar\/blog\/wp-json\/wp\/v2\/users\/3"}],"replies":[{"embeddable":true,"href":"https:\/\/larevistadigital.com.ar\/blog\/wp-json\/wp\/v2\/comments?post=14569"}],"version-history":[{"count":1,"href":"https:\/\/larevistadigital.com.ar\/blog\/wp-json\/wp\/v2\/posts\/14569\/revisions"}],"predecessor-version":[{"id":14571,"href":"https:\/\/larevistadigital.com.ar\/blog\/wp-json\/wp\/v2\/posts\/14569\/revisions\/14571"}],"wp:featuredmedia":[{"embeddable":true,"href":"https:\/\/larevistadigital.com.ar\/blog\/wp-json\/wp\/v2\/media\/14570"}],"wp:attachment":[{"href":"https:\/\/larevistadigital.com.ar\/blog\/wp-json\/wp\/v2\/media?parent=14569"}],"wp:term":[{"taxonomy":"category","embeddable":true,"href":"https:\/\/larevistadigital.com.ar\/blog\/wp-json\/wp\/v2\/categories?post=14569"},{"taxonomy":"post_tag","embeddable":true,"href":"https:\/\/larevistadigital.com.ar\/blog\/wp-json\/wp\/v2\/tags?post=14569"}],"curies":[{"name":"wp","href":"https:\/\/api.w.org\/{rel}","templated":true}]}}