{"id":1458,"date":"2017-03-20T17:45:22","date_gmt":"2017-03-20T17:45:22","guid":{"rendered":"https:\/\/larevistadigital.com.ar\/blog\/?p=1458"},"modified":"2017-03-20T17:45:22","modified_gmt":"2017-03-20T17:45:22","slug":"hector-daer-el-protocolo-antipiquete-puede-terminar-en-guerra-de-pobres-contra-pobres","status":"publish","type":"post","link":"https:\/\/larevistadigital.com.ar\/blog\/hector-daer-el-protocolo-antipiquete-puede-terminar-en-guerra-de-pobres-contra-pobres\/","title":{"rendered":"HECTOR DAER :\u201dEL PROTOCOLO ANTIPIQUETE, PUEDE TERMINAR EN GUERRA DE POBRES CONTRA POBRES\u201d"},"content":{"rendered":"<p>Uno de los tres l\u00edderes de la CGT Unificada, H\u00e9ctor Daer sostuvo que si se pone en marcha el protocolo antipiquete, existe el peligro de que ocurra en la v\u00eda p\u00fablica <strong><em>\u00abuna guerra de pobres contra pobres\u00bb.\u00a0\u00abNing\u00fan protocolo puede esconder las desigualdades que cada vez son m\u00e1s grandes. Lo que hay que atacar no es el piquete sino las consecuencias que llevan al \u00e9xito a ese piquete\u00bb<\/em><\/strong>, afirm\u00f3 el dirigente sindical en radio\u00a0<em>El Mundo<\/em>.<\/p>\n<blockquote>\n<h3>Estas declaraciones, surgen luego que la durante el fin de semana, la ministra de Seguridad,\u00a0<strong>Patricia Bullrich<\/strong>, adelant\u00f3 que intentar\u00e1n\u00a0 relanzar el llamado \u201cprotocolo antipiquetes\u201d<\/h3>\n<\/blockquote>\n<p>Sobre los piquetes, reconoci\u00f3 que <strong><em>\u00abhay algunos que son totalmente sobredimensionados en t\u00e9rminos de que son diez tipos que cortan la (avenida) 9 de Julio (en el microcentro porte\u00f1o)\u00bb.<\/em><\/strong><\/p>\n<p>Sin embargo, manifest\u00f3 que hay <strong><em>\u00abotras marchas a las que habr\u00eda que diferenciar de los piquetes, porque lo que hacen es visibilizar las grandes desigualdades que hay en el pa\u00eds\u00bb.<\/em><\/strong><\/p>\n","protected":false},"excerpt":{"rendered":"<div class=\"mh-excerpt\"><p>Uno de los tres l\u00edderes de la CGT Unificada, H\u00e9ctor Daer sostuvo que si se pone en marcha el protocolo antipiquete, existe el peligro de que ocurra en la v\u00eda p\u00fablica \u00abuna guerra de pobres <a class=\"mh-excerpt-more\" href=\"https:\/\/larevistadigital.com.ar\/blog\/hector-daer-el-protocolo-antipiquete-puede-terminar-en-guerra-de-pobres-contra-pobres\/\" title=\"HECTOR DAER :\u201dEL PROTOCOLO ANTIPIQUETE, PUEDE TERMINAR EN GUERRA DE POBRES CONTRA POBRES\u201d\">[Leer M\u00e1s]<\/a><\/p>\n<\/div>","protected":false},"author":3,"featured_media":1459,"comment_status":"open","ping_status":"open","sticky":false,"template":"","format":"standard","meta":{"_jetpack_memberships_contains_paid_content":false,"footnotes":"","jetpack_publicize_message":"","jetpack_publicize_feature_enabled":true,"jetpack_social_post_already_shared":true,"jetpack_social_options":{"image_generator_settings":{"template":"highway","default_image_id":0,"font":"","enabled":false},"version":2}},"categories":[10,28],"tags":[],"class_list":{"0":"post-1458","1":"post","2":"type-post","3":"status-publish","4":"format-standard","5":"has-post-thumbnail","7":"category-gremiales","8":"category-nacionales"},"jetpack_publicize_connections":[],"jetpack_featured_media_url":"https:\/\/i0.wp.com\/larevistadigital.com.ar\/blog\/wp-content\/uploads\/2017\/03\/hector-daer-1.jpg?fit=1366%2C760&ssl=1","jetpack_sharing_enabled":true,"jetpack_shortlink":"https:\/\/wp.me\/p8qtrQ-nw","jetpack-related-posts":[{"id":1141,"url":"https:\/\/larevistadigital.com.ar\/blog\/daer-desmintio-a-barrionuevo\/","url_meta":{"origin":1458,"position":0},"title":"\u00bfDAER DESMINTI\u00d3 A BARRIONUEVO?","author":"Alejandro Sosa Ruda","date":"13 marzo, 2017","format":false,"excerpt":"Uno de los integrantes del triunvirato que lidera la CGT, \u00a0H\u00e9ctor \u00a0Daer neg\u00f3 la versi\u00f3n que indicaba que el propio presidente, Mauricio Macri llam\u00f3 a la c\u00fapula ceget\u00edsta antes del martes del paro. Para pedirles que no pongan fecha a un paro general. Adem\u00e1s, afirm\u00f3 que \u201cEl ejecutivo tiene toda\u2026","rel":"","context":"En \u00abDESTACADAS\u00bb","block_context":{"text":"DESTACADAS","link":"https:\/\/larevistadigital.com.ar\/blog\/category\/destacadas\/"},"img":{"alt_text":"","src":"https:\/\/i0.wp.com\/larevistadigital.com.ar\/blog\/wp-content\/uploads\/2017\/03\/hector-daer.jpg?fit=1200%2C675&ssl=1&resize=350%2C200","width":350,"height":200,"srcset":"https:\/\/i0.wp.com\/larevistadigital.com.ar\/blog\/wp-content\/uploads\/2017\/03\/hector-daer.jpg?fit=1200%2C675&ssl=1&resize=350%2C200 1x, https:\/\/i0.wp.com\/larevistadigital.com.ar\/blog\/wp-content\/uploads\/2017\/03\/hector-daer.jpg?fit=1200%2C675&ssl=1&resize=525%2C300 1.5x, https:\/\/i0.wp.com\/larevistadigital.com.ar\/blog\/wp-content\/uploads\/2017\/03\/hector-daer.jpg?fit=1200%2C675&ssl=1&resize=700%2C400 2x, https:\/\/i0.wp.com\/larevistadigital.com.ar\/blog\/wp-content\/uploads\/2017\/03\/hector-daer.jpg?fit=1200%2C675&ssl=1&resize=1050%2C600 3x"},"classes":[]},{"id":35278,"url":"https:\/\/larevistadigital.com.ar\/blog\/trabajadores-de-la-sanidad-realizan-un-paro-general-por-bajos-salarios\/","url_meta":{"origin":1458,"position":1},"title":"TRABAJADORES DE LA SANIDAD REALIZAN UN PARO GENERAL POR BAJOS SALARIOS","author":"Alejandro Sosa Ruda","date":"20 febrero, 2024","format":false,"excerpt":"El secretario general del sindicato, H\u00e9ctor Daer, anunci\u00f3 la medida y adelant\u00f3 que llevar\u00e1n adelante \"todas las acciones necesarias\" para la recomposici\u00f3n salarial. 20 de febrero de 2023 La\u00a0Federaci\u00f3n de Asociaciones Trabajadores de la\u00a0Sanidad\u00a0Argentina (FATSA)\u00a0anunci\u00f3 que llevar\u00e1 a cabo un\u00a0paro nacional este jueves 22 de febrero, en reclamo por una\u2026","rel":"","context":"En \u00abINTERES GENERAL\u00bb","block_context":{"text":"INTERES GENERAL","link":"https:\/\/larevistadigital.com.ar\/blog\/category\/interes-general\/"},"img":{"alt_text":"","src":"https:\/\/i0.wp.com\/larevistadigital.com.ar\/blog\/wp-content\/uploads\/Captura-de-pantalla-2024-02-20-101324.png?fit=891%2C505&ssl=1&resize=350%2C200","width":350,"height":200,"srcset":"https:\/\/i0.wp.com\/larevistadigital.com.ar\/blog\/wp-content\/uploads\/Captura-de-pantalla-2024-02-20-101324.png?fit=891%2C505&ssl=1&resize=350%2C200 1x, https:\/\/i0.wp.com\/larevistadigital.com.ar\/blog\/wp-content\/uploads\/Captura-de-pantalla-2024-02-20-101324.png?fit=891%2C505&ssl=1&resize=525%2C300 1.5x, https:\/\/i0.wp.com\/larevistadigital.com.ar\/blog\/wp-content\/uploads\/Captura-de-pantalla-2024-02-20-101324.png?fit=891%2C505&ssl=1&resize=700%2C400 2x"},"classes":[]},{"id":14992,"url":"https:\/\/larevistadigital.com.ar\/blog\/fallecio-un-paciente-que-es-el-primer-caso-por-protocolo-sospechoso-de-coronavirus\/","url_meta":{"origin":1458,"position":2},"title":"FALLECI\u00d3 UN PACIENTE QUE ES EL PRIMER CASO POR PROTOCOLO SOSPECHOSO DE CORONAVIRUS","author":"Alejandro Sosa Ruda","date":"29 marzo, 2020","format":false,"excerpt":"La Municipalidad de Chascom\u00fas a trav\u00e9s de la Secretar\u00eda de Salud P\u00fablica informa que se registra el primer caso sospechoso, por protocolo y no por epidemiolog\u00eda, de Coronavirus COVID 19 en la ciudad de Chascom\u00fas. En la noche del s\u00e1bado 28 de marzo se produjo el fallecimiento de un paciente\u2026","rel":"","context":"En \u00abCHASCOM\u00daS\u00bb","block_context":{"text":"CHASCOM\u00daS","link":"https:\/\/larevistadigital.com.ar\/blog\/category\/chascomus\/"},"img":{"alt_text":"","src":"https:\/\/i0.wp.com\/larevistadigital.com.ar\/blog\/wp-content\/uploads\/91513576_3722920674415614_9141635111245053952_o.jpg?fit=960%2C960&ssl=1&resize=350%2C200","width":350,"height":200,"srcset":"https:\/\/i0.wp.com\/larevistadigital.com.ar\/blog\/wp-content\/uploads\/91513576_3722920674415614_9141635111245053952_o.jpg?fit=960%2C960&ssl=1&resize=350%2C200 1x, https:\/\/i0.wp.com\/larevistadigital.com.ar\/blog\/wp-content\/uploads\/91513576_3722920674415614_9141635111245053952_o.jpg?fit=960%2C960&ssl=1&resize=525%2C300 1.5x, https:\/\/i0.wp.com\/larevistadigital.com.ar\/blog\/wp-content\/uploads\/91513576_3722920674415614_9141635111245053952_o.jpg?fit=960%2C960&ssl=1&resize=700%2C400 2x"},"classes":[]},{"id":42507,"url":"https:\/\/larevistadigital.com.ar\/blog\/escalada-entre-bullrich-y-ate-aguiar-hablo-de-persecucion\/","url_meta":{"origin":1458,"position":3},"title":"Escalada entre Bullrich y ATE: Aguiar habl\u00f3 de persecuci\u00f3n","author":"Alejandro Sosa Ruda","date":"17 noviembre, 2025","format":false,"excerpt":"Bullrich denunci\u00f3 a Rodolfo Aguiar y en ATE estallaron: hablan de \u201cfantasmas\u201d y \u201cpersecuci\u00f3n\u201d. Un cruce picante en la previa al paro nacional. La tensi\u00f3n entre el Gobierno nacional y los gremios estatales volvi\u00f3 a escalar en las \u00faltimas horas. La ministra de Seguridad, Patricia Bullrich, present\u00f3 una denuncia penal\u2026","rel":"","context":"En \u00abINTERES GENERAL\u00bb","block_context":{"text":"INTERES GENERAL","link":"https:\/\/larevistadigital.com.ar\/blog\/category\/interes-general\/"},"img":{"alt_text":"","src":"https:\/\/i0.wp.com\/larevistadigital.com.ar\/blog\/wp-content\/uploads\/Captura-de-pantalla-2025-11-17-231147.jpg?fit=652%2C437&ssl=1&resize=350%2C200","width":350,"height":200,"srcset":"https:\/\/i0.wp.com\/larevistadigital.com.ar\/blog\/wp-content\/uploads\/Captura-de-pantalla-2025-11-17-231147.jpg?fit=652%2C437&ssl=1&resize=350%2C200 1x, https:\/\/i0.wp.com\/larevistadigital.com.ar\/blog\/wp-content\/uploads\/Captura-de-pantalla-2025-11-17-231147.jpg?fit=652%2C437&ssl=1&resize=525%2C300 1.5x"},"classes":[]},{"id":639,"url":"https:\/\/larevistadigital.com.ar\/blog\/la-oposicion-marcha-gobierno-lo-promete-una-jornada-alto-acatamiento-del-paro\/","url_meta":{"origin":1458,"position":4},"title":"La oposici\u00f3n marcha contra el gobierno, en lo que promete ser una jornada de alto acatamiento del paro","author":"Alejandro Sosa Ruda","date":"7 marzo, 2017","format":false,"excerpt":"En \u00a0la primera protesta organizada por la CGT Unificada, el gobierno espera para sacar conclusiones, tratando de hacer ver \u201cla pata pol\u00edtica\u201d del paro, mientras que desde los sectores gremiales dicen entre otras cosas que no se cumpli\u00f3 el freno a los despidos. No solo los organizadores esperan una multitudinaria\u2026","rel":"","context":"En \u00abDESTACADAS\u00bb","block_context":{"text":"DESTACADAS","link":"https:\/\/larevistadigital.com.ar\/blog\/category\/destacadas\/"},"img":{"alt_text":"","src":"https:\/\/i0.wp.com\/larevistadigital.com.ar\/blog\/wp-content\/uploads\/2017\/03\/conflicto-gremial-2359248w620.jpg?fit=620%2C348&ssl=1&resize=350%2C200","width":350,"height":200,"srcset":"https:\/\/i0.wp.com\/larevistadigital.com.ar\/blog\/wp-content\/uploads\/2017\/03\/conflicto-gremial-2359248w620.jpg?fit=620%2C348&ssl=1&resize=350%2C200 1x, https:\/\/i0.wp.com\/larevistadigital.com.ar\/blog\/wp-content\/uploads\/2017\/03\/conflicto-gremial-2359248w620.jpg?fit=620%2C348&ssl=1&resize=525%2C300 1.5x"},"classes":[]},{"id":5895,"url":"https:\/\/larevistadigital.com.ar\/blog\/la-iglesia-pidio-que-las-politicas-de-ajuste-no-se-practiquen-sobre-los-pobres\/","url_meta":{"origin":1458,"position":5},"title":"La Iglesia pidi\u00f3 que \u00ablas pol\u00edticas de ajuste no se practiquen sobre los pobres\u00bb","author":"admin","date":"25 junio, 2018","format":false,"excerpt":"El mensaje de clausura de la\u00a0Semana Social 2018 organizada por la Comisi\u00f3n Episcopal de Pastoral Social (Cepas), que se realiz\u00f3 en la ciudad de Mar del Plata, la Iglesia plante\u00f3 la existencia de una \"deuda con los pobres\" que es necesario saldar. Adem\u00e1s se destac\u00f3 la necesidad de \"nuevas normas\u2026","rel":"","context":"En \u00abPOLITICA\u00bb","block_context":{"text":"POLITICA","link":"https:\/\/larevistadigital.com.ar\/blog\/category\/politica\/"},"img":{"alt_text":"","src":"https:\/\/i0.wp.com\/larevistadigital.com.ar\/blog\/wp-content\/uploads\/2018\/06\/Obispo-Ruben-Frassia.jpg?fit=1200%2C675&ssl=1&resize=350%2C200","width":350,"height":200,"srcset":"https:\/\/i0.wp.com\/larevistadigital.com.ar\/blog\/wp-content\/uploads\/2018\/06\/Obispo-Ruben-Frassia.jpg?fit=1200%2C675&ssl=1&resize=350%2C200 1x, https:\/\/i0.wp.com\/larevistadigital.com.ar\/blog\/wp-content\/uploads\/2018\/06\/Obispo-Ruben-Frassia.jpg?fit=1200%2C675&ssl=1&resize=525%2C300 1.5x, https:\/\/i0.wp.com\/larevistadigital.com.ar\/blog\/wp-content\/uploads\/2018\/06\/Obispo-Ruben-Frassia.jpg?fit=1200%2C675&ssl=1&resize=700%2C400 2x, https:\/\/i0.wp.com\/larevistadigital.com.ar\/blog\/wp-content\/uploads\/2018\/06\/Obispo-Ruben-Frassia.jpg?fit=1200%2C675&ssl=1&resize=1050%2C600 3x"},"classes":[]}],"_links":{"self":[{"href":"https:\/\/larevistadigital.com.ar\/blog\/wp-json\/wp\/v2\/posts\/1458","targetHints":{"allow":["GET"]}}],"collection":[{"href":"https:\/\/larevistadigital.com.ar\/blog\/wp-json\/wp\/v2\/posts"}],"about":[{"href":"https:\/\/larevistadigital.com.ar\/blog\/wp-json\/wp\/v2\/types\/post"}],"author":[{"embeddable":true,"href":"https:\/\/larevistadigital.com.ar\/blog\/wp-json\/wp\/v2\/users\/3"}],"replies":[{"embeddable":true,"href":"https:\/\/larevistadigital.com.ar\/blog\/wp-json\/wp\/v2\/comments?post=1458"}],"version-history":[{"count":1,"href":"https:\/\/larevistadigital.com.ar\/blog\/wp-json\/wp\/v2\/posts\/1458\/revisions"}],"predecessor-version":[{"id":1460,"href":"https:\/\/larevistadigital.com.ar\/blog\/wp-json\/wp\/v2\/posts\/1458\/revisions\/1460"}],"wp:featuredmedia":[{"embeddable":true,"href":"https:\/\/larevistadigital.com.ar\/blog\/wp-json\/wp\/v2\/media\/1459"}],"wp:attachment":[{"href":"https:\/\/larevistadigital.com.ar\/blog\/wp-json\/wp\/v2\/media?parent=1458"}],"wp:term":[{"taxonomy":"category","embeddable":true,"href":"https:\/\/larevistadigital.com.ar\/blog\/wp-json\/wp\/v2\/categories?post=1458"},{"taxonomy":"post_tag","embeddable":true,"href":"https:\/\/larevistadigital.com.ar\/blog\/wp-json\/wp\/v2\/tags?post=1458"}],"curies":[{"name":"wp","href":"https:\/\/api.w.org\/{rel}","templated":true}]}}