{"id":14584,"date":"2020-02-04T05:39:09","date_gmt":"2020-02-04T05:39:09","guid":{"rendered":"https:\/\/larevistadigital.com.ar\/blog\/?p=14584"},"modified":"2020-02-04T05:41:11","modified_gmt":"2020-02-04T05:41:11","slug":"vuelca-micro-en-ruta-2-a-la-altura-del-puente-samborombon-hasta-el-momento-hay-2-muertos","status":"publish","type":"post","link":"https:\/\/larevistadigital.com.ar\/blog\/vuelca-micro-en-ruta-2-a-la-altura-del-puente-samborombon-hasta-el-momento-hay-2-muertos\/","title":{"rendered":"VUELCA MICRO EN RUTA 2 A LA ALTURA DEL PUENTE SAMBOROMBON. HASTA EL MOMENTO HAY 2 MUERTOS"},"content":{"rendered":"<p>Un micro, perteneciente a la empresa V\u00eda Bariloche, volc\u00f3 aproximadamente a las 6 de la ma\u00f1ana en la ruta 2, mano a Capital Federal, sobre el puente del r\u00edo Samboromb\u00f3n a la altura del kil\u00f3metro 93.<\/p>\n<blockquote>\n<h3>En principio de hablaba de 13 heridos, cinco de ellos de gravedad que fueron trasladados al Hospital Municipal San Vicente de Paul en Chascom\u00fas,\u00a0 lamentablemente dos personas han fallecido.<\/h3>\n<\/blockquote>\n<p>El chofer, result\u00f3 ileso y se encuentra demorado, y se desconocen los motivos que ocasionaron el siniestro.<\/p>\n<blockquote>\n<h3>El colectivo hab\u00eda salido de Miramar, par\u00f3 en Mar del Plata y se dirig\u00eda a Pacheco.<\/h3>\n<\/blockquote>\n<p>Una testigo ocasional, coment\u00f3 al medio \u00abMinutouno\u00bb que <strong><em>\u00abla gente gritaba y lloraba, y tratamos de ayudar de alguna manera\u00bb<\/em><\/strong>. Adem\u00e1s asegur\u00f3 que <em><strong>\u00abhab\u00eda gente atrapada dentro del micro\u00bb. \u00abTratamos de ayudar a calmar a la gente que hab\u00eda salido del micro por sus propios medios\u00bb<\/strong><\/em>, dijo.<\/p>\n<p>En el lugar trabajan polic\u00eda vial y de Samboromb\u00f3n, Bomberos de Chascom\u00fas, Bomberos de Brandsen, ambulancias del hospital de Chascom\u00fas y un helic\u00f3ptero del SAME.<\/p>\n<p>NOTICIA EN DESARROLLO<\/p>\n<p>&nbsp;<\/p>\n<p>&nbsp;<\/p>\n","protected":false},"excerpt":{"rendered":"<div class=\"mh-excerpt\"><p>Un micro, perteneciente a la empresa V\u00eda Bariloche, volc\u00f3 aproximadamente a las 6 de la ma\u00f1ana en la ruta 2, mano a Capital Federal, sobre el puente del r\u00edo Samboromb\u00f3n a la altura del kil\u00f3metro <a class=\"mh-excerpt-more\" href=\"https:\/\/larevistadigital.com.ar\/blog\/vuelca-micro-en-ruta-2-a-la-altura-del-puente-samborombon-hasta-el-momento-hay-2-muertos\/\" title=\"VUELCA MICRO EN RUTA 2 A LA ALTURA DEL PUENTE SAMBOROMBON. HASTA EL MOMENTO HAY 2 MUERTOS\">[Leer M\u00e1s]<\/a><\/p>\n<\/div>","protected":false},"author":3,"featured_media":14585,"comment_status":"open","ping_status":"open","sticky":false,"template":"","format":"standard","meta":{"_jetpack_memberships_contains_paid_content":false,"footnotes":"","jetpack_publicize_message":"","jetpack_publicize_feature_enabled":true,"jetpack_social_post_already_shared":true,"jetpack_social_options":{"image_generator_settings":{"template":"highway","default_image_id":0,"font":"","enabled":false},"version":2}},"categories":[41],"tags":[],"class_list":{"0":"post-14584","1":"post","2":"type-post","3":"status-publish","4":"format-standard","5":"has-post-thumbnail","7":"category-destacadas"},"jetpack_publicize_connections":[],"jetpack_featured_media_url":"https:\/\/i0.wp.com\/larevistadigital.com.ar\/blog\/wp-content\/uploads\/0037365036.jpg?fit=1140%2C640&ssl=1","jetpack_sharing_enabled":true,"jetpack_shortlink":"https:\/\/wp.me\/p8qtrQ-3Ne","jetpack-related-posts":[{"id":22026,"url":"https:\/\/larevistadigital.com.ar\/blog\/muy-grave-accidente-en-la-ruta-29-a-la-altura-del-samborombon-con-varios-heridos\/","url_meta":{"origin":14584,"position":0},"title":"MUY GRAVE ACCIDENTE EN LA RUTA 29 A LA ALTURA DEL SAMBOROMBON, CON VARIOS HERIDOS","author":"Alejandro Sosa Ruda","date":"18 septiembre, 2021","format":false,"excerpt":"BRANDSEN - Cerca de las 22 horas de este viernes 17 de septiembre, por causas que a\u00fan se desconocen, se produjo un fortisimo accidente entre dos veh\u00edculos en ruta 29 a la altura del puente Samboromb\u00f3n,\u00a0en el partido de Brandsen. Seg\u00fan la primera informaci\u00f3n a la que accede el portal\u2026","rel":"","context":"En \u00abPOLICIALES\u00bb","block_context":{"text":"POLICIALES","link":"https:\/\/larevistadigital.com.ar\/blog\/category\/policiales\/"},"img":{"alt_text":"","src":"https:\/\/i0.wp.com\/larevistadigital.com.ar\/blog\/wp-content\/uploads\/Captura-de-pantalla-2021-09-17-223820.jpg?fit=1200%2C592&ssl=1&resize=350%2C200","width":350,"height":200,"srcset":"https:\/\/i0.wp.com\/larevistadigital.com.ar\/blog\/wp-content\/uploads\/Captura-de-pantalla-2021-09-17-223820.jpg?fit=1200%2C592&ssl=1&resize=350%2C200 1x, https:\/\/i0.wp.com\/larevistadigital.com.ar\/blog\/wp-content\/uploads\/Captura-de-pantalla-2021-09-17-223820.jpg?fit=1200%2C592&ssl=1&resize=525%2C300 1.5x, https:\/\/i0.wp.com\/larevistadigital.com.ar\/blog\/wp-content\/uploads\/Captura-de-pantalla-2021-09-17-223820.jpg?fit=1200%2C592&ssl=1&resize=700%2C400 2x, https:\/\/i0.wp.com\/larevistadigital.com.ar\/blog\/wp-content\/uploads\/Captura-de-pantalla-2021-09-17-223820.jpg?fit=1200%2C592&ssl=1&resize=1050%2C600 3x"},"classes":[]},{"id":14600,"url":"https:\/\/larevistadigital.com.ar\/blog\/aviso-importante-la-municipalidad-de-chascomus-informo-que-se-suspenden-los-turnos-programados-en-el-hospital-municipal\/","url_meta":{"origin":14584,"position":1},"title":"AVISO IMPORTANTE: LA MUNICIPALIDAD DE CHASCOM\u00daS INFORM\u00d3 QUE SE SUSPENDEN LOS TURNOS PROGRAMADOS EN EL HOSPITAL MUNICIPAL","author":"Alejandro Sosa Ruda","date":"4 febrero, 2020","format":false,"excerpt":"Hace instantes, la Municipalidad de Chascom\u00fas a trav\u00e9s del grupo de \"Prensa\" en whatsapp, inform\u00f3 que con motivo del accidente ocurrido a la ma\u00f1ana en el que un micro volc\u00f3 a la altura del puente Samboromb\u00f3n se suspenden los turnos programados. EL COMUNICADO: Desde la Municipalidad de Chascom\u00fas, queremos informar\u2026","rel":"","context":"En \u00abCHASCOM\u00daS\u00bb","block_context":{"text":"CHASCOM\u00daS","link":"https:\/\/larevistadigital.com.ar\/blog\/category\/chascomus\/"},"img":{"alt_text":"","src":"https:\/\/i0.wp.com\/larevistadigital.com.ar\/blog\/wp-content\/uploads\/municipalidad-de-chascomus.jpg?fit=1200%2C800&ssl=1&resize=350%2C200","width":350,"height":200,"srcset":"https:\/\/i0.wp.com\/larevistadigital.com.ar\/blog\/wp-content\/uploads\/municipalidad-de-chascomus.jpg?fit=1200%2C800&ssl=1&resize=350%2C200 1x, https:\/\/i0.wp.com\/larevistadigital.com.ar\/blog\/wp-content\/uploads\/municipalidad-de-chascomus.jpg?fit=1200%2C800&ssl=1&resize=525%2C300 1.5x, https:\/\/i0.wp.com\/larevistadigital.com.ar\/blog\/wp-content\/uploads\/municipalidad-de-chascomus.jpg?fit=1200%2C800&ssl=1&resize=700%2C400 2x, https:\/\/i0.wp.com\/larevistadigital.com.ar\/blog\/wp-content\/uploads\/municipalidad-de-chascomus.jpg?fit=1200%2C800&ssl=1&resize=1050%2C600 3x"},"classes":[]},{"id":14862,"url":"https:\/\/larevistadigital.com.ar\/blog\/interceptan-en-ruta-2-un-micro-de-dos-pisos-sin-habilitacion-y-llevando-68-pasajeros\/","url_meta":{"origin":14584,"position":2},"title":"INTERCEPTAN EN RUTA 2 UN MICRO DE DOS PISOS, SIN HABILITACI\u00d3N Y LLEVANDO 68 PASAJEROS","author":"Alejandro Sosa Ruda","date":"17 febrero, 2020","format":false,"excerpt":"El \u00f3mnibus hab\u00eda salido de Santa Teresita y se dirig\u00eda a la ciudad de Claypole. El chofer fue detenido por negarse a descender del mismo. En la madrugada de este lunes 17 de febrero,\u00a0personal del Destacamento de Polic\u00eda Vial de Samboromb\u00f3n al mando del Subcomisario Daniel Gasta\u00f1a,\u00a0en un control de\u2026","rel":"","context":"En \u00abDESTACADAS\u00bb","block_context":{"text":"DESTACADAS","link":"https:\/\/larevistadigital.com.ar\/blog\/category\/destacadas\/"},"img":{"alt_text":"","src":"https:\/\/i0.wp.com\/larevistadigital.com.ar\/blog\/wp-content\/uploads\/0037401424.jpg?fit=1140%2C640&ssl=1&resize=350%2C200","width":350,"height":200,"srcset":"https:\/\/i0.wp.com\/larevistadigital.com.ar\/blog\/wp-content\/uploads\/0037401424.jpg?fit=1140%2C640&ssl=1&resize=350%2C200 1x, https:\/\/i0.wp.com\/larevistadigital.com.ar\/blog\/wp-content\/uploads\/0037401424.jpg?fit=1140%2C640&ssl=1&resize=525%2C300 1.5x, https:\/\/i0.wp.com\/larevistadigital.com.ar\/blog\/wp-content\/uploads\/0037401424.jpg?fit=1140%2C640&ssl=1&resize=700%2C400 2x, https:\/\/i0.wp.com\/larevistadigital.com.ar\/blog\/wp-content\/uploads\/0037401424.jpg?fit=1140%2C640&ssl=1&resize=1050%2C600 3x"},"classes":[]},{"id":36789,"url":"https:\/\/larevistadigital.com.ar\/blog\/ruta-2-volco-un-micro-y-hay-heridos-e-internados-en-el-hospital-municipal\/","url_meta":{"origin":14584,"position":3},"title":"RUTA 2: VOLC\u00d3 UN MICRO Y HAY HERIDOS E INTERNADOS EN EL HOSPITAL MUNICIPAL.","author":"Alejandro Sosa Ruda","date":"25 julio, 2024","format":false,"excerpt":"Sucedi\u00f3 a la madrugada a la altura de Lezama. El micro iba a Villa Gesell y hay heridos. 25 de Julio de 2024 LEZAMA -\u00a0 Durante la madrugada de hoy, pasadas las 3:00 AM. se produjo el vuelco de un micro que se dirig\u00eda a Villa Gesell en la ruta\u2026","rel":"","context":"En \u00abDESTACADAS\u00bb","block_context":{"text":"DESTACADAS","link":"https:\/\/larevistadigital.com.ar\/blog\/category\/destacadas\/"},"img":{"alt_text":"","src":"https:\/\/i0.wp.com\/larevistadigital.com.ar\/blog\/wp-content\/uploads\/a443378ba3f7a66c8b54e9cc489e58e7af4cfc1c.png?fit=1140%2C638&ssl=1&resize=350%2C200","width":350,"height":200,"srcset":"https:\/\/i0.wp.com\/larevistadigital.com.ar\/blog\/wp-content\/uploads\/a443378ba3f7a66c8b54e9cc489e58e7af4cfc1c.png?fit=1140%2C638&ssl=1&resize=350%2C200 1x, https:\/\/i0.wp.com\/larevistadigital.com.ar\/blog\/wp-content\/uploads\/a443378ba3f7a66c8b54e9cc489e58e7af4cfc1c.png?fit=1140%2C638&ssl=1&resize=525%2C300 1.5x, https:\/\/i0.wp.com\/larevistadigital.com.ar\/blog\/wp-content\/uploads\/a443378ba3f7a66c8b54e9cc489e58e7af4cfc1c.png?fit=1140%2C638&ssl=1&resize=700%2C400 2x, https:\/\/i0.wp.com\/larevistadigital.com.ar\/blog\/wp-content\/uploads\/a443378ba3f7a66c8b54e9cc489e58e7af4cfc1c.png?fit=1140%2C638&ssl=1&resize=1050%2C600 3x"},"classes":[]},{"id":47119,"url":"https:\/\/larevistadigital.com.ar\/blog\/grave-accidente-en-la-ruta-2-una-mujer-termino-debajo-de-un-puente-y-fue-hospitalizada\/","url_meta":{"origin":14584,"position":4},"title":"Grave accidente en la Ruta 2: una mujer termin\u00f3 debajo de un puente y fue hospitalizada","author":"Alejandro Sosa Ruda","date":"31 agosto, 2026","format":false,"excerpt":"Una mujer de 74 a\u00f1os result\u00f3 herida luego de perder el control de su Peugeot 208, despistar y volcar a la altura del kil\u00f3metro 93 de la Autov\u00eda 2, en jurisdicci\u00f3n de Chascom\u00fas. El veh\u00edculo termin\u00f3 debajo de un puente y la conductora fue trasladada al Hospital Municipal. 30 de\u2026","rel":"","context":"En \u00abINTERES GENERAL\u00bb","block_context":{"text":"INTERES GENERAL","link":"https:\/\/larevistadigital.com.ar\/blog\/category\/interes-general\/"},"img":{"alt_text":"","src":"https:\/\/i0.wp.com\/larevistadigital.com.ar\/blog\/wp-content\/uploads\/Captura-de-pantalla-2026-08-31-000847.jpg?fit=722%2C342&ssl=1&resize=350%2C200","width":350,"height":200,"srcset":"https:\/\/i0.wp.com\/larevistadigital.com.ar\/blog\/wp-content\/uploads\/Captura-de-pantalla-2026-08-31-000847.jpg?fit=722%2C342&ssl=1&resize=350%2C200 1x, https:\/\/i0.wp.com\/larevistadigital.com.ar\/blog\/wp-content\/uploads\/Captura-de-pantalla-2026-08-31-000847.jpg?fit=722%2C342&ssl=1&resize=525%2C300 1.5x, https:\/\/i0.wp.com\/larevistadigital.com.ar\/blog\/wp-content\/uploads\/Captura-de-pantalla-2026-08-31-000847.jpg?fit=722%2C342&ssl=1&resize=700%2C400 2x"},"classes":[]},{"id":34483,"url":"https:\/\/larevistadigital.com.ar\/blog\/ruta-3-incendio-de-un-camion-que-provoco-una-fuerte-explosion-que-afecto-a-un-micro\/","url_meta":{"origin":14584,"position":5},"title":"RUTA 3: INCENDIO DE UN CAMI\u00d3N QUE PROVOC\u00d3 UNA FUERTE EXPLOSI\u00d3N QUE AFECT\u00d3 A UN MICRO","author":"Alejandro Sosa Ruda","date":"10 noviembre, 2023","format":false,"excerpt":"El micro sufri\u00f3 la rotura de cuatro ventanales. Afortunadamente, no se reportaron heridos entre los pasajeros del micro, que se hab\u00eda salido de la ciudad de Azul y se dirig\u00eda a La Plata. 10 de Noviembre de 2023 LAS FLORES -\u00a0 En la ma\u00f1ana de este jueves aproximadamente a las\u2026","rel":"","context":"En \u00abPOLICIALES\u00bb","block_context":{"text":"POLICIALES","link":"https:\/\/larevistadigital.com.ar\/blog\/category\/policiales\/"},"img":{"alt_text":"","src":"https:\/\/i0.wp.com\/larevistadigital.com.ar\/blog\/wp-content\/uploads\/20231109180711_camion.jpg?fit=880%2C512&ssl=1&resize=350%2C200","width":350,"height":200,"srcset":"https:\/\/i0.wp.com\/larevistadigital.com.ar\/blog\/wp-content\/uploads\/20231109180711_camion.jpg?fit=880%2C512&ssl=1&resize=350%2C200 1x, https:\/\/i0.wp.com\/larevistadigital.com.ar\/blog\/wp-content\/uploads\/20231109180711_camion.jpg?fit=880%2C512&ssl=1&resize=525%2C300 1.5x, https:\/\/i0.wp.com\/larevistadigital.com.ar\/blog\/wp-content\/uploads\/20231109180711_camion.jpg?fit=880%2C512&ssl=1&resize=700%2C400 2x"},"classes":[]}],"_links":{"self":[{"href":"https:\/\/larevistadigital.com.ar\/blog\/wp-json\/wp\/v2\/posts\/14584","targetHints":{"allow":["GET"]}}],"collection":[{"href":"https:\/\/larevistadigital.com.ar\/blog\/wp-json\/wp\/v2\/posts"}],"about":[{"href":"https:\/\/larevistadigital.com.ar\/blog\/wp-json\/wp\/v2\/types\/post"}],"author":[{"embeddable":true,"href":"https:\/\/larevistadigital.com.ar\/blog\/wp-json\/wp\/v2\/users\/3"}],"replies":[{"embeddable":true,"href":"https:\/\/larevistadigital.com.ar\/blog\/wp-json\/wp\/v2\/comments?post=14584"}],"version-history":[{"count":3,"href":"https:\/\/larevistadigital.com.ar\/blog\/wp-json\/wp\/v2\/posts\/14584\/revisions"}],"predecessor-version":[{"id":14588,"href":"https:\/\/larevistadigital.com.ar\/blog\/wp-json\/wp\/v2\/posts\/14584\/revisions\/14588"}],"wp:featuredmedia":[{"embeddable":true,"href":"https:\/\/larevistadigital.com.ar\/blog\/wp-json\/wp\/v2\/media\/14585"}],"wp:attachment":[{"href":"https:\/\/larevistadigital.com.ar\/blog\/wp-json\/wp\/v2\/media?parent=14584"}],"wp:term":[{"taxonomy":"category","embeddable":true,"href":"https:\/\/larevistadigital.com.ar\/blog\/wp-json\/wp\/v2\/categories?post=14584"},{"taxonomy":"post_tag","embeddable":true,"href":"https:\/\/larevistadigital.com.ar\/blog\/wp-json\/wp\/v2\/tags?post=14584"}],"curies":[{"name":"wp","href":"https:\/\/api.w.org\/{rel}","templated":true}]}}