{"id":14610,"date":"2020-02-04T08:57:46","date_gmt":"2020-02-04T08:57:46","guid":{"rendered":"https:\/\/larevistadigital.com.ar\/blog\/?p=14610"},"modified":"2020-02-04T08:58:14","modified_gmt":"2020-02-04T08:58:14","slug":"un-herido-al-explotar-el-motor-de-una-heladera","status":"publish","type":"post","link":"https:\/\/larevistadigital.com.ar\/blog\/un-herido-al-explotar-el-motor-de-una-heladera\/","title":{"rendered":"UN HERIDO AL EXPLOTAR EL MOTOR DE UNA HELADERA"},"content":{"rendered":"<p><strong>DOLORES &#8211;<\/strong> Ayer, minutos antes del mediod\u00eda, dos dotaciones del Cuartel de Bomberos de Dolores acudieron a calle Machado al 1500, alertados por la explosi\u00f3n del motor de una heladera.<\/p>\n<blockquote>\n<h3>Al llegar al lugar constataron que hab\u00eda un hombre con una herida en el brazo derecho, y que no hab\u00eda da\u00f1os materiales.<\/h3>\n<\/blockquote>\n<p>A los pocos minutos lleg\u00f3 una Ambulancia, que luego traslado al herido al Hospital.<\/p>\n<p>PUBLICADO EN DIARIO COMPROMISO<\/p>\n","protected":false},"excerpt":{"rendered":"<div class=\"mh-excerpt\"><p>DOLORES &#8211; Ayer, minutos antes del mediod\u00eda, dos dotaciones del Cuartel de Bomberos de Dolores acudieron a calle Machado al 1500, alertados por la explosi\u00f3n del motor de una heladera. Al llegar al lugar constataron <a class=\"mh-excerpt-more\" href=\"https:\/\/larevistadigital.com.ar\/blog\/un-herido-al-explotar-el-motor-de-una-heladera\/\" title=\"UN HERIDO AL EXPLOTAR EL MOTOR DE UNA HELADERA\">[Leer M\u00e1s]<\/a><\/p>\n<\/div>","protected":false},"author":3,"featured_media":14611,"comment_status":"open","ping_status":"open","sticky":false,"template":"","format":"standard","meta":{"_jetpack_memberships_contains_paid_content":false,"footnotes":"","jetpack_publicize_message":"","jetpack_publicize_feature_enabled":true,"jetpack_social_post_already_shared":true,"jetpack_social_options":{"image_generator_settings":{"template":"highway","default_image_id":0,"font":"","enabled":false},"version":2}},"categories":[43,51],"tags":[],"class_list":{"0":"post-14610","1":"post","2":"type-post","3":"status-publish","4":"format-standard","5":"has-post-thumbnail","7":"category-dolores","8":"category-regionales"},"jetpack_publicize_connections":[],"jetpack_featured_media_url":"https:\/\/i0.wp.com\/larevistadigital.com.ar\/blog\/wp-content\/uploads\/Bomberos1.jpg?fit=693%2C346&ssl=1","jetpack_sharing_enabled":true,"jetpack_shortlink":"https:\/\/wp.me\/p8qtrQ-3NE","jetpack-related-posts":[{"id":17399,"url":"https:\/\/larevistadigital.com.ar\/blog\/un-hombre-fue-herido-con-un-fierro\/","url_meta":{"origin":14610,"position":0},"title":"UN HOMBRE FUE HERIDO CON UN FIERRO","author":"Alejandro Sosa Ruda","date":"2 noviembre, 2020","format":false,"excerpt":"El ataque est\u00e1 siendo investigado. Un hombre fue fuertemente herido con un objeto contundente. El hecho fue en calle Carranza entre Ingeniero Quadri y Ameghino. Al llegar la polic\u00eda pudieron descomprimir la situaci\u00f3n y asistir al joven, que posteriormente fue trasladado por el sistema de emergencias. Hay que agregar que\u2026","rel":"","context":"En \u00abDOLORES\u00bb","block_context":{"text":"DOLORES","link":"https:\/\/larevistadigital.com.ar\/blog\/category\/dolores\/"},"img":{"alt_text":"","src":"https:\/\/i0.wp.com\/larevistadigital.com.ar\/blog\/wp-content\/uploads\/7e40a774598636156001c37cfc7576ab772f1f48.jpg?fit=1140%2C731&ssl=1&resize=350%2C200","width":350,"height":200,"srcset":"https:\/\/i0.wp.com\/larevistadigital.com.ar\/blog\/wp-content\/uploads\/7e40a774598636156001c37cfc7576ab772f1f48.jpg?fit=1140%2C731&ssl=1&resize=350%2C200 1x, https:\/\/i0.wp.com\/larevistadigital.com.ar\/blog\/wp-content\/uploads\/7e40a774598636156001c37cfc7576ab772f1f48.jpg?fit=1140%2C731&ssl=1&resize=525%2C300 1.5x, https:\/\/i0.wp.com\/larevistadigital.com.ar\/blog\/wp-content\/uploads\/7e40a774598636156001c37cfc7576ab772f1f48.jpg?fit=1140%2C731&ssl=1&resize=700%2C400 2x, https:\/\/i0.wp.com\/larevistadigital.com.ar\/blog\/wp-content\/uploads\/7e40a774598636156001c37cfc7576ab772f1f48.jpg?fit=1140%2C731&ssl=1&resize=1050%2C600 3x"},"classes":[]},{"id":34627,"url":"https:\/\/larevistadigital.com.ar\/blog\/dolores-un-herido-en-un-accidente-en-la-ruta-63\/","url_meta":{"origin":14610,"position":1},"title":"DOLORES: UN HERIDO EN UN ACCIDENTE EN LA RUTA 63","author":"Alejandro Sosa Ruda","date":"26 noviembre, 2023","format":false,"excerpt":"Se trata de una persona de sexo masculino, de 50 a\u00f1os de edad. 26 de Noviembre de 2023 DOLORES -\u00a0 Ayer por la tarde se produjo un fuerte accidente de tr\u00e1nsito\u00a0en la zona de parrillas de la ruta 63, jurisdicci\u00f3n de Dolores. El choque fue precisamente en el kil\u00f3metro 1,\u2026","rel":"","context":"En \u00abPOLICIALES\u00bb","block_context":{"text":"POLICIALES","link":"https:\/\/larevistadigital.com.ar\/blog\/category\/policiales\/"},"img":{"alt_text":"","src":"https:\/\/i0.wp.com\/larevistadigital.com.ar\/blog\/wp-content\/uploads\/834d4b46f04eca326b30e510d773b3846fd9ecb2.jpg?fit=1140%2C760&ssl=1&resize=350%2C200","width":350,"height":200,"srcset":"https:\/\/i0.wp.com\/larevistadigital.com.ar\/blog\/wp-content\/uploads\/834d4b46f04eca326b30e510d773b3846fd9ecb2.jpg?fit=1140%2C760&ssl=1&resize=350%2C200 1x, https:\/\/i0.wp.com\/larevistadigital.com.ar\/blog\/wp-content\/uploads\/834d4b46f04eca326b30e510d773b3846fd9ecb2.jpg?fit=1140%2C760&ssl=1&resize=525%2C300 1.5x, https:\/\/i0.wp.com\/larevistadigital.com.ar\/blog\/wp-content\/uploads\/834d4b46f04eca326b30e510d773b3846fd9ecb2.jpg?fit=1140%2C760&ssl=1&resize=700%2C400 2x, https:\/\/i0.wp.com\/larevistadigital.com.ar\/blog\/wp-content\/uploads\/834d4b46f04eca326b30e510d773b3846fd9ecb2.jpg?fit=1140%2C760&ssl=1&resize=1050%2C600 3x"},"classes":[]},{"id":2852,"url":"https:\/\/larevistadigital.com.ar\/blog\/tentativa-de-homicidio-con-herido-grave-y-un-aprehendido\/","url_meta":{"origin":14610,"position":2},"title":"Tentativa de homicidio con herido grave y un aprehendido","author":"admin","date":"3 agosto, 2017","format":false,"excerpt":"En horas de la ma\u00f1ana del pasado domingo, dos sujetos estar\u00edan tomando alcohol en la habitaci\u00f3n que comparten en una pensi\u00f3n de la ciudad de Dolores, cuando se origin\u00f3 una discusi\u00f3n y uno de los ellos le incrust\u00f3 un cuchillo en el lado izquierdo del abdomen a su compa\u00f1ero. \u00c9ste\u2026","rel":"","context":"En \u00abDOLORES\u00bb","block_context":{"text":"DOLORES","link":"https:\/\/larevistadigital.com.ar\/blog\/category\/dolores\/"},"img":{"alt_text":"","src":"https:\/\/i0.wp.com\/larevistadigital.com.ar\/blog\/wp-content\/uploads\/2017\/08\/dolores_02deagostode2017_elfuerte.jpg?fit=737%2C415&ssl=1&resize=350%2C200","width":350,"height":200,"srcset":"https:\/\/i0.wp.com\/larevistadigital.com.ar\/blog\/wp-content\/uploads\/2017\/08\/dolores_02deagostode2017_elfuerte.jpg?fit=737%2C415&ssl=1&resize=350%2C200 1x, https:\/\/i0.wp.com\/larevistadigital.com.ar\/blog\/wp-content\/uploads\/2017\/08\/dolores_02deagostode2017_elfuerte.jpg?fit=737%2C415&ssl=1&resize=525%2C300 1.5x, https:\/\/i0.wp.com\/larevistadigital.com.ar\/blog\/wp-content\/uploads\/2017\/08\/dolores_02deagostode2017_elfuerte.jpg?fit=737%2C415&ssl=1&resize=700%2C400 2x"},"classes":[]},{"id":5658,"url":"https:\/\/larevistadigital.com.ar\/blog\/dolores-choque-enter-auto-y-moto-dejo-el-saldo-de-un-herido\/","url_meta":{"origin":14610,"position":3},"title":"DOLORES: CHOQUE ENTER AUTO Y MOTO DEJ\u00d3 EL SALDO DE UN HERIDO","author":"Alejandro Sosa Ruda","date":"27 mayo, 2018","format":false,"excerpt":"Una persona result\u00f3 herida tras colisionar la moto en la que se movilizaba con un autom\u00f3vil,\u00a0 en la intersecci\u00f3n\u00a0 de las calles Echeverr\u00eda y Pueyrred\u00f3n. El hecho ocurri\u00f3 pasadas las 23 horas cuando el conductor de una moto Honda Titan Cg 110 que se trasladaba por calle Echeverr\u00eda, colision\u00f3 con\u2026","rel":"","context":"En \u00abDOLORES\u00bb","block_context":{"text":"DOLORES","link":"https:\/\/larevistadigital.com.ar\/blog\/category\/dolores\/"},"img":{"alt_text":"","src":"https:\/\/i0.wp.com\/larevistadigital.com.ar\/blog\/wp-content\/uploads\/2018\/05\/accidente-dolores.jpg?fit=870%2C441&ssl=1&resize=350%2C200","width":350,"height":200,"srcset":"https:\/\/i0.wp.com\/larevistadigital.com.ar\/blog\/wp-content\/uploads\/2018\/05\/accidente-dolores.jpg?fit=870%2C441&ssl=1&resize=350%2C200 1x, https:\/\/i0.wp.com\/larevistadigital.com.ar\/blog\/wp-content\/uploads\/2018\/05\/accidente-dolores.jpg?fit=870%2C441&ssl=1&resize=525%2C300 1.5x, https:\/\/i0.wp.com\/larevistadigital.com.ar\/blog\/wp-content\/uploads\/2018\/05\/accidente-dolores.jpg?fit=870%2C441&ssl=1&resize=700%2C400 2x"},"classes":[]},{"id":2864,"url":"https:\/\/larevistadigital.com.ar\/blog\/murio-el-hombre-que-habia-sido-baleado-durante-una-pelea-con-familiares-en-calle-juncal\/","url_meta":{"origin":14610,"position":4},"title":"Muri\u00f3 el hombre que hab\u00eda sido baleado durante una pelea con familiares en calle Juncal","author":"admin","date":"3 agosto, 2017","format":false,"excerpt":"El hecho hab\u00eda ocurrido el pasado 21 de julio en la ciudad de Dolores, cuando Abel Luna result\u00f3 gravemente herido de dos disparos de arma de fuego a la altura costal y cuello, tras discutir con sus familiares cuando habr\u00eda ido a una vivienda, a buscar a una mujer. La\u2026","rel":"","context":"En \u00abDOLORES\u00bb","block_context":{"text":"DOLORES","link":"https:\/\/larevistadigital.com.ar\/blog\/category\/dolores\/"},"img":{"alt_text":"","src":"https:\/\/i0.wp.com\/larevistadigital.com.ar\/blog\/wp-content\/uploads\/2017\/08\/dolores_03deagostode2017_elfuerte.jpg?fit=737%2C415&ssl=1&resize=350%2C200","width":350,"height":200,"srcset":"https:\/\/i0.wp.com\/larevistadigital.com.ar\/blog\/wp-content\/uploads\/2017\/08\/dolores_03deagostode2017_elfuerte.jpg?fit=737%2C415&ssl=1&resize=350%2C200 1x, https:\/\/i0.wp.com\/larevistadigital.com.ar\/blog\/wp-content\/uploads\/2017\/08\/dolores_03deagostode2017_elfuerte.jpg?fit=737%2C415&ssl=1&resize=525%2C300 1.5x, https:\/\/i0.wp.com\/larevistadigital.com.ar\/blog\/wp-content\/uploads\/2017\/08\/dolores_03deagostode2017_elfuerte.jpg?fit=737%2C415&ssl=1&resize=700%2C400 2x"},"classes":[]},{"id":30971,"url":"https:\/\/larevistadigital.com.ar\/blog\/dolores-vuelco-de-un-auto-en-ruta-2-con-el-saldo-de-dos-muertos-y-un-herido-grave\/","url_meta":{"origin":14610,"position":5},"title":"DOLORES: VUELCO DE UN AUTO EN RUTA 2, CON EL SALDO DE DOS MUERTOS Y UN HERIDO GRAVE","author":"Alejandro Sosa Ruda","date":"10 abril, 2023","format":false,"excerpt":"Ocurri\u00f3 en la ruta 2 a la altura de Dolores, en mano a Mar del Plata. 10 de abril de 2023 DOLORES -\u00a0 Un despiste y vuelco de un autom\u00f3vil Volkswagen Crossfox, en la Ruta Provincial N\u00b0 2, tuvo el lamentable saldo de dos personas fallecidas y un herido de\u2026","rel":"","context":"En \u00abDOLORES\u00bb","block_context":{"text":"DOLORES","link":"https:\/\/larevistadigital.com.ar\/blog\/category\/dolores\/"},"img":{"alt_text":"","src":"https:\/\/i0.wp.com\/larevistadigital.com.ar\/blog\/wp-content\/uploads\/340746990_1430228207719582_8487664414906273358_n.jpg?fit=768%2C960&ssl=1&resize=350%2C200","width":350,"height":200,"srcset":"https:\/\/i0.wp.com\/larevistadigital.com.ar\/blog\/wp-content\/uploads\/340746990_1430228207719582_8487664414906273358_n.jpg?fit=768%2C960&ssl=1&resize=350%2C200 1x, https:\/\/i0.wp.com\/larevistadigital.com.ar\/blog\/wp-content\/uploads\/340746990_1430228207719582_8487664414906273358_n.jpg?fit=768%2C960&ssl=1&resize=525%2C300 1.5x, https:\/\/i0.wp.com\/larevistadigital.com.ar\/blog\/wp-content\/uploads\/340746990_1430228207719582_8487664414906273358_n.jpg?fit=768%2C960&ssl=1&resize=700%2C400 2x"},"classes":[]}],"_links":{"self":[{"href":"https:\/\/larevistadigital.com.ar\/blog\/wp-json\/wp\/v2\/posts\/14610","targetHints":{"allow":["GET"]}}],"collection":[{"href":"https:\/\/larevistadigital.com.ar\/blog\/wp-json\/wp\/v2\/posts"}],"about":[{"href":"https:\/\/larevistadigital.com.ar\/blog\/wp-json\/wp\/v2\/types\/post"}],"author":[{"embeddable":true,"href":"https:\/\/larevistadigital.com.ar\/blog\/wp-json\/wp\/v2\/users\/3"}],"replies":[{"embeddable":true,"href":"https:\/\/larevistadigital.com.ar\/blog\/wp-json\/wp\/v2\/comments?post=14610"}],"version-history":[{"count":2,"href":"https:\/\/larevistadigital.com.ar\/blog\/wp-json\/wp\/v2\/posts\/14610\/revisions"}],"predecessor-version":[{"id":14613,"href":"https:\/\/larevistadigital.com.ar\/blog\/wp-json\/wp\/v2\/posts\/14610\/revisions\/14613"}],"wp:featuredmedia":[{"embeddable":true,"href":"https:\/\/larevistadigital.com.ar\/blog\/wp-json\/wp\/v2\/media\/14611"}],"wp:attachment":[{"href":"https:\/\/larevistadigital.com.ar\/blog\/wp-json\/wp\/v2\/media?parent=14610"}],"wp:term":[{"taxonomy":"category","embeddable":true,"href":"https:\/\/larevistadigital.com.ar\/blog\/wp-json\/wp\/v2\/categories?post=14610"},{"taxonomy":"post_tag","embeddable":true,"href":"https:\/\/larevistadigital.com.ar\/blog\/wp-json\/wp\/v2\/tags?post=14610"}],"curies":[{"name":"wp","href":"https:\/\/api.w.org\/{rel}","templated":true}]}}