{"id":1462,"date":"2017-03-21T22:13:29","date_gmt":"2017-03-21T22:13:29","guid":{"rendered":"https:\/\/larevistadigital.com.ar\/blog\/?p=1462"},"modified":"2017-03-21T22:13:29","modified_gmt":"2017-03-21T22:13:29","slug":"la-corte-suprema-confirmo-la-condena-del-cura-grassi","status":"publish","type":"post","link":"https:\/\/larevistadigital.com.ar\/blog\/la-corte-suprema-confirmo-la-condena-del-cura-grassi\/","title":{"rendered":"LA CORTE SUPREMA CONFIRM\u00d3 LA CONDENA DEL CURA GRASSI"},"content":{"rendered":"<h2>De manera un\u00e1nime fueron desestimados todos los recursos planteados por el cura Julio Grassi, por lo que de esta manera qued\u00f3 convalidada la condena de 15 a\u00f1os por uno de los casos en los que se lo ha acusado y juzgado.<\/h2>\n<p>La sentencia\u00a0dictada por el Tribunal en lo Criminal N\u00b0 1 de Mor\u00f3n, que hab\u00eda condenado a <strong>Grassi<\/strong> a\u00a0<strong>15 a\u00f1os de prisi\u00f3n por abuso sexual de menores<\/strong>, con el agravante de que era sacerdote y encargado de la educaci\u00f3n y guarda de las v\u00edctimas, qued\u00f3 totalmente firme por lo que tendr\u00e1 que ser cumplida por el cura.<\/p>\n<p><strong>Grassi<\/strong>, \u00a0est\u00e1 actualmente alojado en la Unidad Penitenciaria N\u00ba 41 de Campana, provincia de Buenos Aires, y all\u00ed continuar\u00e1 detenido.<\/p>\n<blockquote><p><strong>El fallo tiene la firma de los jueces Ricardo Lorenzetti, Elena Highton de Nolasco, Juan Maqueda, Horacio Rosati y Carlos Rosenkrantz, por lo que ha sido una\u00a0decisi\u00f3n un\u00e1nime\u00a0del Tribunal.<\/strong><\/p><\/blockquote>\n<p>En una resoluci\u00f3n de una carilla, el alto tribunal desestim\u00f3 tanto los recursos presentados por la defensa como los presentados por la querella, pues los acusadores ven\u00edan solicitando que la imputaci\u00f3n por abuso sexual tambi\u00e9n comprenda a otros casos.<\/p>\n<p>El Tribunal Oral Criminal 1 de Mor\u00f3n conden\u00f3 a <strong>Grassi <\/strong>por abuso sexual en el caso del menor conocido como <strong>\u00abGabriel\u00bb<\/strong> y lo sobresey\u00f3 en otros dos casos, pero el cura no fue preso en el momento del fallo sino reci\u00e9n en 2013 cuando la Corte confirm\u00f3 su condena.<\/p>\n<blockquote><p><strong>Grassi fue condenado en 2009 a la pena de 15 a\u00f1os, pero permaneci\u00f3 en libertad hasta septiembre de 2013, cuando perdi\u00f3 el beneficio de la libertad vigilada de la que gozaba ante el fallo de la Corte Suprema.<\/strong><\/p><\/blockquote>\n<p>Para el Tribunal, <strong>Grassi <\/strong>fue responsable del abuso de <strong>\u00abGabriel\u00bb<\/strong>, hechos que habr\u00edan tenido lugar en la <strong>\u00abCasa San Juan Bosco\u00bb<\/strong> de la Fundaci\u00f3n, en Hurlingham, y los mismos promovieron una <strong>\u00abdesviaci\u00f3n en la sexualidad a\u00fan en formaci\u00f3n del menor\u00bb.<\/strong><\/p>\n<p><a href=\"https:\/\/i0.wp.com\/larevistadigital.com.ar\/blog\/wp-content\/uploads\/2017\/03\/368791.jpg?ssl=1\"><img data-recalc-dims=\"1\" loading=\"lazy\" decoding=\"async\" class=\"size-full wp-image-1463 aligncenter\" src=\"https:\/\/i0.wp.com\/larevistadigital.com.ar\/blog\/wp-content\/uploads\/2017\/03\/368791.jpg?resize=1024%2C877&#038;ssl=1\" alt=\"\" width=\"1024\" height=\"877\" srcset=\"https:\/\/i0.wp.com\/larevistadigital.com.ar\/blog\/wp-content\/uploads\/2017\/03\/368791.jpg?w=1024&amp;ssl=1 1024w, https:\/\/i0.wp.com\/larevistadigital.com.ar\/blog\/wp-content\/uploads\/2017\/03\/368791.jpg?resize=300%2C257&amp;ssl=1 300w, https:\/\/i0.wp.com\/larevistadigital.com.ar\/blog\/wp-content\/uploads\/2017\/03\/368791.jpg?resize=768%2C658&amp;ssl=1 768w\" sizes=\"auto, (max-width: 1000px) 100vw, 1000px\" \/><\/a><\/p>\n<p>En cambio, <strong>Grassi<\/strong> fue sobrese\u00eddo en los casos de abuso y corrupci\u00f3n de menores sobre <strong>\u00abEzequiel\u00bb y \u00abLuis\u00bb<\/strong>, lo que tambi\u00e9n qued\u00f3 firme tras el fallo de la Corte Suprema de Justicia.<\/p>\n<p>&nbsp;<\/p>\n<p>&nbsp;<\/p>\n","protected":false},"excerpt":{"rendered":"<div class=\"mh-excerpt\"><p>De manera un\u00e1nime fueron desestimados todos los recursos planteados por el cura Julio Grassi, por lo que de esta manera qued\u00f3 convalidada la condena de 15 a\u00f1os por uno de los casos en los que <a class=\"mh-excerpt-more\" href=\"https:\/\/larevistadigital.com.ar\/blog\/la-corte-suprema-confirmo-la-condena-del-cura-grassi\/\" title=\"LA CORTE SUPREMA CONFIRM\u00d3 LA CONDENA DEL CURA GRASSI\">[Leer M\u00e1s]<\/a><\/p>\n<\/div>","protected":false},"author":3,"featured_media":1465,"comment_status":"open","ping_status":"open","sticky":false,"template":"","format":"standard","meta":{"_jetpack_memberships_contains_paid_content":false,"footnotes":"","jetpack_publicize_message":"","jetpack_publicize_feature_enabled":true,"jetpack_social_post_already_shared":true,"jetpack_social_options":{"image_generator_settings":{"template":"highway","default_image_id":0,"font":"","enabled":false},"version":2}},"categories":[41,29],"tags":[],"class_list":{"0":"post-1462","1":"post","2":"type-post","3":"status-publish","4":"format-standard","5":"has-post-thumbnail","7":"category-destacadas","8":"category-sociedad"},"jetpack_publicize_connections":[],"jetpack_featured_media_url":"https:\/\/i0.wp.com\/larevistadigital.com.ar\/blog\/wp-content\/uploads\/2017\/03\/grassi.jpg?fit=1366%2C765&ssl=1","jetpack_sharing_enabled":true,"jetpack_shortlink":"https:\/\/wp.me\/p8qtrQ-nA","jetpack-related-posts":[{"id":9961,"url":"https:\/\/larevistadigital.com.ar\/blog\/horrible-uno-esta-alrededor-de-varones-y-necesita-carino-dijo-un-cura-acusado-de-abusador\/","url_meta":{"origin":1462,"position":0},"title":"HORRIBLE: \u00abUNO EST\u00c1 ALREDEDOR DE VARONES Y NECESITA CARI\u00d1O\u00bb DIJO UN CURA ACUSADO DE ABUSADOR","author":"Alejandro Sosa Ruda","date":"2 mayo, 2019","format":false,"excerpt":"Esa fue la defensa que esgrimi\u00f3, en un audio que se habr\u00eda grabado por gente que trabaja en el instituto que dirig\u00eda El sacerdote\u00a0Fernando Y\u00e1\u00f1ez,\u00a0quien fue recientemente absuelto de las acusaciones de abuso sexual a un menor de edad, fue separado de su cargo.\u00a0\"Uno est\u00e1 rodeado de varones y necesita\u2026","rel":"","context":"En \u00abPOLICIALES\u00bb","block_context":{"text":"POLICIALES","link":"https:\/\/larevistadigital.com.ar\/blog\/category\/policiales\/"},"img":{"alt_text":"","src":"https:\/\/i0.wp.com\/larevistadigital.com.ar\/blog\/wp-content\/uploads\/2019\/05\/0036520596.jpg?fit=1140%2C640&ssl=1&resize=350%2C200","width":350,"height":200,"srcset":"https:\/\/i0.wp.com\/larevistadigital.com.ar\/blog\/wp-content\/uploads\/2019\/05\/0036520596.jpg?fit=1140%2C640&ssl=1&resize=350%2C200 1x, https:\/\/i0.wp.com\/larevistadigital.com.ar\/blog\/wp-content\/uploads\/2019\/05\/0036520596.jpg?fit=1140%2C640&ssl=1&resize=525%2C300 1.5x, https:\/\/i0.wp.com\/larevistadigital.com.ar\/blog\/wp-content\/uploads\/2019\/05\/0036520596.jpg?fit=1140%2C640&ssl=1&resize=700%2C400 2x, https:\/\/i0.wp.com\/larevistadigital.com.ar\/blog\/wp-content\/uploads\/2019\/05\/0036520596.jpg?fit=1140%2C640&ssl=1&resize=1050%2C600 3x"},"classes":[]},{"id":30487,"url":"https:\/\/larevistadigital.com.ar\/blog\/lo-condenaron-a-13-anos-de-prision-por-violar-a-su-hijastra-y-quedo-detenido-luego-de-la-lectura-de-la-sentencia\/","url_meta":{"origin":1462,"position":1},"title":"LO CONDENARON A 13 A\u00d1OS DE PRISI\u00d3N POR VIOLAR A SU HIJASTRA, Y QUED\u00d3 DETENIDO LUEGO DE LA LECTURA DE LA SENTENCIA","author":"Alejandro Sosa Ruda","date":"8 marzo, 2023","format":false,"excerpt":"Sucedi\u00f3 este mi\u00e9rcoles en el Tribunal Oral en lo Criminal N\u00b03. El imputado cometi\u00f3 los hechos entre 2008 y 2016 en la casa que compart\u00edan, en descampados y en un hotel. MAR DEL PLATA -\u00a0 Viol\u00f3 a su hijastra durante 8 a\u00f1os, cuando esta era adolescente. Los hechos ocurrieron en\u2026","rel":"","context":"En \u00abPOLICIALES\u00bb","block_context":{"text":"POLICIALES","link":"https:\/\/larevistadigital.com.ar\/blog\/category\/policiales\/"},"img":{"alt_text":"","src":"https:\/\/i0.wp.com\/larevistadigital.com.ar\/blog\/wp-content\/uploads\/VIOLADOR-1.png?fit=801%2C423&ssl=1&resize=350%2C200","width":350,"height":200,"srcset":"https:\/\/i0.wp.com\/larevistadigital.com.ar\/blog\/wp-content\/uploads\/VIOLADOR-1.png?fit=801%2C423&ssl=1&resize=350%2C200 1x, https:\/\/i0.wp.com\/larevistadigital.com.ar\/blog\/wp-content\/uploads\/VIOLADOR-1.png?fit=801%2C423&ssl=1&resize=525%2C300 1.5x, https:\/\/i0.wp.com\/larevistadigital.com.ar\/blog\/wp-content\/uploads\/VIOLADOR-1.png?fit=801%2C423&ssl=1&resize=700%2C400 2x"},"classes":[]},{"id":23032,"url":"https:\/\/larevistadigital.com.ar\/blog\/maltrato-a-su-hijo-de-2-anos-lo-vieron-los-vecinos-y-casi-lo-linchan\/","url_meta":{"origin":1462,"position":2},"title":"MALTRAT\u00d3 A SU HIJO DE 2 A\u00d1OS, LO VIERON LOS VECINOS Y CASI LO LINCHAN","author":"Alejandro Sosa Ruda","date":"26 diciembre, 2021","format":false,"excerpt":"El joven fue agredido por sus mismos vecinos que presenciaron c\u00f3mo le pegaba de manera muy violenta a su hijo de 2 a\u00f1os. Qued\u00f3 detenido. LA PLATA -\u00a0 Un llamado al 911 alert\u00f3 a la Polic\u00eda sobre un lamentable episodio que ocurri\u00f3 en Barrio\u00a0Hip\u00f3dromo\u00a0cuando\u00a0un joven de 23 a\u00f1os agredi\u00f3 de\u2026","rel":"","context":"En \u00abPOLICIALES\u00bb","block_context":{"text":"POLICIALES","link":"https:\/\/larevistadigital.com.ar\/blog\/category\/policiales\/"},"img":{"alt_text":"","src":"https:\/\/i0.wp.com\/larevistadigital.com.ar\/blog\/wp-content\/uploads\/1558128449042-1.jpg?fit=1200%2C594&ssl=1&resize=350%2C200","width":350,"height":200,"srcset":"https:\/\/i0.wp.com\/larevistadigital.com.ar\/blog\/wp-content\/uploads\/1558128449042-1.jpg?fit=1200%2C594&ssl=1&resize=350%2C200 1x, https:\/\/i0.wp.com\/larevistadigital.com.ar\/blog\/wp-content\/uploads\/1558128449042-1.jpg?fit=1200%2C594&ssl=1&resize=525%2C300 1.5x, https:\/\/i0.wp.com\/larevistadigital.com.ar\/blog\/wp-content\/uploads\/1558128449042-1.jpg?fit=1200%2C594&ssl=1&resize=700%2C400 2x, https:\/\/i0.wp.com\/larevistadigital.com.ar\/blog\/wp-content\/uploads\/1558128449042-1.jpg?fit=1200%2C594&ssl=1&resize=1050%2C600 3x"},"classes":[]},{"id":31214,"url":"https:\/\/larevistadigital.com.ar\/blog\/dolores-fue-condenado-por-abusar-de-los-alumnos-particulares-de-su-esposa-la-mujer-fue-absuelta\/","url_meta":{"origin":1462,"position":3},"title":"DOLORES: FUE CONDENADO POR ABUSAR DE LOS ALUMNOS PARTICULARES DE SU ESPOSA. LA MUJER FUE ABSUELTA","author":"Alejandro Sosa Ruda","date":"24 abril, 2023","format":false,"excerpt":"Esteban Sosa abus\u00f3 de ni\u00f1os que ten\u00edan entre 6 y 10 a\u00f1os y concurr\u00edan a su casa para tomar clases particulares con su esposa, no qued\u00f3 acreditada la participaci\u00f3n de la mujer. 24 de abril de 2023 DOLORES -\u00a0 El Tribunal Oral N\u00ba 1 dict\u00f3 la sentencia en el caso\u2026","rel":"","context":"En \u00abDOLORES\u00bb","block_context":{"text":"DOLORES","link":"https:\/\/larevistadigital.com.ar\/blog\/category\/dolores\/"},"img":{"alt_text":"","src":"https:\/\/i0.wp.com\/larevistadigital.com.ar\/blog\/wp-content\/uploads\/1a0f30622921843faa2c9781eb37b3e59202a671.jpg?fit=1140%2C684&ssl=1&resize=350%2C200","width":350,"height":200,"srcset":"https:\/\/i0.wp.com\/larevistadigital.com.ar\/blog\/wp-content\/uploads\/1a0f30622921843faa2c9781eb37b3e59202a671.jpg?fit=1140%2C684&ssl=1&resize=350%2C200 1x, https:\/\/i0.wp.com\/larevistadigital.com.ar\/blog\/wp-content\/uploads\/1a0f30622921843faa2c9781eb37b3e59202a671.jpg?fit=1140%2C684&ssl=1&resize=525%2C300 1.5x, https:\/\/i0.wp.com\/larevistadigital.com.ar\/blog\/wp-content\/uploads\/1a0f30622921843faa2c9781eb37b3e59202a671.jpg?fit=1140%2C684&ssl=1&resize=700%2C400 2x, https:\/\/i0.wp.com\/larevistadigital.com.ar\/blog\/wp-content\/uploads\/1a0f30622921843faa2c9781eb37b3e59202a671.jpg?fit=1140%2C684&ssl=1&resize=1050%2C600 3x"},"classes":[]},{"id":13192,"url":"https:\/\/larevistadigital.com.ar\/blog\/nena-de-11-anos-grabo-a-un-cura-cuando-abusaba-de-ella\/","url_meta":{"origin":1462,"position":4},"title":"NENA DE 11 A\u00d1OS GRAB\u00d3 A UN CURA CUANDO ABUSABA DE ELLA","author":"Alejandro Sosa Ruda","date":"13 noviembre, 2019","format":false,"excerpt":"Le hab\u00eda contado a dos adultos, pero no le creyeron. \"Es solo un juego, no hacemos nada malo\", se escucha decir al hombre en la grabaci\u00f3n, despu\u00e9s de que ella le pidiera que parara. Detr\u00e1s de las paredes de una iglesia en Italia, una nena de 11 a\u00f1os encontr\u00f3 el\u2026","rel":"","context":"En \u00abINTERES GENERAL\u00bb","block_context":{"text":"INTERES GENERAL","link":"https:\/\/larevistadigital.com.ar\/blog\/category\/interes-general\/"},"img":{"alt_text":"","src":"https:\/\/i0.wp.com\/larevistadigital.com.ar\/blog\/wp-content\/uploads\/Screenshot_2-60.jpg?fit=1200%2C706&ssl=1&resize=350%2C200","width":350,"height":200,"srcset":"https:\/\/i0.wp.com\/larevistadigital.com.ar\/blog\/wp-content\/uploads\/Screenshot_2-60.jpg?fit=1200%2C706&ssl=1&resize=350%2C200 1x, https:\/\/i0.wp.com\/larevistadigital.com.ar\/blog\/wp-content\/uploads\/Screenshot_2-60.jpg?fit=1200%2C706&ssl=1&resize=525%2C300 1.5x, https:\/\/i0.wp.com\/larevistadigital.com.ar\/blog\/wp-content\/uploads\/Screenshot_2-60.jpg?fit=1200%2C706&ssl=1&resize=700%2C400 2x, https:\/\/i0.wp.com\/larevistadigital.com.ar\/blog\/wp-content\/uploads\/Screenshot_2-60.jpg?fit=1200%2C706&ssl=1&resize=1050%2C600 3x"},"classes":[]},{"id":39489,"url":"https:\/\/larevistadigital.com.ar\/blog\/mi-valiente-cura-por-marcelo-muscarello\/","url_meta":{"origin":1462,"position":5},"title":"\u00abMi valiente cura\u00bb Por Marcelo Muscarello","author":"Alejandro Sosa Ruda","date":"22 abril, 2025","format":false,"excerpt":"Marcelo Muscarello, es un importante dirigente peronista chascomunense, que hoy se dedica entre otras cosas a escribir. Nos comparti\u00f3 esta emotiva nota. 22 de Abril de 2025 Hoy estuve en Buenos Aires por una consulta medica, note una modorra poco habitual, casi sin bocinazos, ninguna discusion de transito, ni tan\u2026","rel":"","context":"En \u00abDESTACADAS\u00bb","block_context":{"text":"DESTACADAS","link":"https:\/\/larevistadigital.com.ar\/blog\/category\/destacadas\/"},"img":{"alt_text":"","src":"https:\/\/i0.wp.com\/larevistadigital.com.ar\/blog\/wp-content\/uploads\/66e0a2e59820f.jpg?fit=1200%2C675&ssl=1&resize=350%2C200","width":350,"height":200,"srcset":"https:\/\/i0.wp.com\/larevistadigital.com.ar\/blog\/wp-content\/uploads\/66e0a2e59820f.jpg?fit=1200%2C675&ssl=1&resize=350%2C200 1x, https:\/\/i0.wp.com\/larevistadigital.com.ar\/blog\/wp-content\/uploads\/66e0a2e59820f.jpg?fit=1200%2C675&ssl=1&resize=525%2C300 1.5x, https:\/\/i0.wp.com\/larevistadigital.com.ar\/blog\/wp-content\/uploads\/66e0a2e59820f.jpg?fit=1200%2C675&ssl=1&resize=700%2C400 2x, https:\/\/i0.wp.com\/larevistadigital.com.ar\/blog\/wp-content\/uploads\/66e0a2e59820f.jpg?fit=1200%2C675&ssl=1&resize=1050%2C600 3x"},"classes":[]}],"_links":{"self":[{"href":"https:\/\/larevistadigital.com.ar\/blog\/wp-json\/wp\/v2\/posts\/1462","targetHints":{"allow":["GET"]}}],"collection":[{"href":"https:\/\/larevistadigital.com.ar\/blog\/wp-json\/wp\/v2\/posts"}],"about":[{"href":"https:\/\/larevistadigital.com.ar\/blog\/wp-json\/wp\/v2\/types\/post"}],"author":[{"embeddable":true,"href":"https:\/\/larevistadigital.com.ar\/blog\/wp-json\/wp\/v2\/users\/3"}],"replies":[{"embeddable":true,"href":"https:\/\/larevistadigital.com.ar\/blog\/wp-json\/wp\/v2\/comments?post=1462"}],"version-history":[{"count":1,"href":"https:\/\/larevistadigital.com.ar\/blog\/wp-json\/wp\/v2\/posts\/1462\/revisions"}],"predecessor-version":[{"id":1466,"href":"https:\/\/larevistadigital.com.ar\/blog\/wp-json\/wp\/v2\/posts\/1462\/revisions\/1466"}],"wp:featuredmedia":[{"embeddable":true,"href":"https:\/\/larevistadigital.com.ar\/blog\/wp-json\/wp\/v2\/media\/1465"}],"wp:attachment":[{"href":"https:\/\/larevistadigital.com.ar\/blog\/wp-json\/wp\/v2\/media?parent=1462"}],"wp:term":[{"taxonomy":"category","embeddable":true,"href":"https:\/\/larevistadigital.com.ar\/blog\/wp-json\/wp\/v2\/categories?post=1462"},{"taxonomy":"post_tag","embeddable":true,"href":"https:\/\/larevistadigital.com.ar\/blog\/wp-json\/wp\/v2\/tags?post=1462"}],"curies":[{"name":"wp","href":"https:\/\/api.w.org\/{rel}","templated":true}]}}