{"id":14627,"date":"2020-02-04T12:35:26","date_gmt":"2020-02-04T12:35:26","guid":{"rendered":"https:\/\/larevistadigital.com.ar\/blog\/?p=14627"},"modified":"2020-02-04T12:35:26","modified_gmt":"2020-02-04T12:35:26","slug":"fatal-accidente-en-un-camino-rural-tres-muertos","status":"publish","type":"post","link":"https:\/\/larevistadigital.com.ar\/blog\/fatal-accidente-en-un-camino-rural-tres-muertos\/","title":{"rendered":"FATAL ACCIDENTE EN UN CAMINO RURAL: TRES MUERTOS"},"content":{"rendered":"<h2><em>El fatal vuelco de un veh\u00edculo en un camino rural, enluta a toda la ciudad de\u00a0<strong>Ayacucho<\/strong>\u00a0luego que murieran tres personas producto del siniestro.<\/em><\/h2>\n<p>Todo sucedi\u00f3 en las primeras horas de la tarde de este martes en el camino \u201c<strong>El Cortijo<\/strong>\u201d a 10 kil\u00f3metros de\u00a0<strong>Ruta 74,<\/strong>\u00a0en el ingreso a un establecimiento.<\/p>\n<p>El veh\u00edculo habr\u00eda perdido el control y volc\u00f3, produciendo el fallecimiento de los tres ocupantes, uno de ellos sali\u00f3 despedido del habit\u00e1culo.<\/p>\n<p>Una ambulancia del SAME lleg\u00f3 al lugar y constat\u00f3 el deceso de las personas.<ins><\/ins><\/p>\n<p>Personal del Comando de Prevenci\u00f3n Rural trabaja en el lugar, tomando declaraciones a la persona que denunci\u00f3 el accidente.<\/p>\n<p>El lugar es reservado por Polic\u00eda hasta el arribo de cient\u00edfica.<\/p>\n<p>La polic\u00eda a\u00fan no brind\u00f3 detalles sobre las caracter\u00edsticas del veh\u00edculo y las identidades de las personas fallecidas.<\/p>\n","protected":false},"excerpt":{"rendered":"<div class=\"mh-excerpt\"><p>El fatal vuelco de un veh\u00edculo en un camino rural, enluta a toda la ciudad de\u00a0Ayacucho\u00a0luego que murieran tres personas producto del siniestro. Todo sucedi\u00f3 en las primeras horas de la tarde de este martes <a class=\"mh-excerpt-more\" href=\"https:\/\/larevistadigital.com.ar\/blog\/fatal-accidente-en-un-camino-rural-tres-muertos\/\" title=\"FATAL ACCIDENTE EN UN CAMINO RURAL: TRES MUERTOS\">[Leer M\u00e1s]<\/a><\/p>\n<\/div>","protected":false},"author":3,"featured_media":14628,"comment_status":"open","ping_status":"open","sticky":false,"template":"","format":"standard","meta":{"_jetpack_memberships_contains_paid_content":false,"footnotes":"","jetpack_publicize_message":"","jetpack_publicize_feature_enabled":true,"jetpack_social_post_already_shared":true,"jetpack_social_options":{"image_generator_settings":{"template":"highway","default_image_id":0,"font":"","enabled":false},"version":2}},"categories":[51],"tags":[],"class_list":{"0":"post-14627","1":"post","2":"type-post","3":"status-publish","4":"format-standard","5":"has-post-thumbnail","7":"category-regionales"},"jetpack_publicize_connections":[],"jetpack_featured_media_url":"https:\/\/i0.wp.com\/larevistadigital.com.ar\/blog\/wp-content\/uploads\/Screenshot_1-93.jpg?fit=1144%2C490&ssl=1","jetpack_sharing_enabled":true,"jetpack_shortlink":"https:\/\/wp.me\/p8qtrQ-3NV","jetpack-related-posts":[{"id":27663,"url":"https:\/\/larevistadigital.com.ar\/blog\/joven-muere-luego-de-un-vuelco-en-un-camino-rural\/","url_meta":{"origin":14627,"position":0},"title":"JOVEN MUERE LUEGO DE UN VUELCO EN UN CAMINO RURAL","author":"Alejandro Sosa Ruda","date":"11 septiembre, 2022","format":false,"excerpt":"El joven de 30 a\u00f1os circulaba s\u00f3lo en el auto que protagoniz\u00f3 el accidente. 11 de septiembre de 2022 MAIP\u00da -\u00a0 Ayer por la ma\u00f1ana se produjo un fatal accidente de tr\u00e1nsito en el camino rural \"El Chaja\", en el l\u00edmite de los Partidos de Maip\u00fa y General Madariaga. Por\u2026","rel":"","context":"En \u00abPOLICIALES\u00bb","block_context":{"text":"POLICIALES","link":"https:\/\/larevistadigital.com.ar\/blog\/category\/policiales\/"},"img":{"alt_text":"","src":"https:\/\/i0.wp.com\/larevistadigital.com.ar\/blog\/wp-content\/uploads\/764e5acffdb8d13707e5dae43ea1802ac79480cd-1.jpg?fit=1140%2C761&ssl=1&resize=350%2C200","width":350,"height":200,"srcset":"https:\/\/i0.wp.com\/larevistadigital.com.ar\/blog\/wp-content\/uploads\/764e5acffdb8d13707e5dae43ea1802ac79480cd-1.jpg?fit=1140%2C761&ssl=1&resize=350%2C200 1x, https:\/\/i0.wp.com\/larevistadigital.com.ar\/blog\/wp-content\/uploads\/764e5acffdb8d13707e5dae43ea1802ac79480cd-1.jpg?fit=1140%2C761&ssl=1&resize=525%2C300 1.5x, https:\/\/i0.wp.com\/larevistadigital.com.ar\/blog\/wp-content\/uploads\/764e5acffdb8d13707e5dae43ea1802ac79480cd-1.jpg?fit=1140%2C761&ssl=1&resize=700%2C400 2x, https:\/\/i0.wp.com\/larevistadigital.com.ar\/blog\/wp-content\/uploads\/764e5acffdb8d13707e5dae43ea1802ac79480cd-1.jpg?fit=1140%2C761&ssl=1&resize=1050%2C600 3x"},"classes":[]},{"id":26449,"url":"https:\/\/larevistadigital.com.ar\/blog\/persecucion-y-tiroteo-en-panamericana-tres-muertos-y-un-herido\/","url_meta":{"origin":14627,"position":1},"title":"PERSECUCI\u00d3N Y TIROTEO EN PANAMERICANA: TRES MUERTOS Y UN HERIDO","author":"Alejandro Sosa Ruda","date":"8 julio, 2022","format":false,"excerpt":"Tres muertos y un herido grave es el resultado de un choque entre un autom\u00f3vil y un cami\u00f3n. El Volkswagen Vento fue perseguido durante 6 kil\u00f3mnetros por un patrullero de la Polic\u00eda Bonaerense\u00a0por el ramal Campana de la autopista Panamericana, en direcci\u00f3n a Provincia.\u00a0Por el operativo hay demoras en el\u2026","rel":"","context":"En \u00abINTERES GENERAL\u00bb","block_context":{"text":"INTERES GENERAL","link":"https:\/\/larevistadigital.com.ar\/blog\/category\/interes-general\/"},"img":{"alt_text":"","src":"https:\/\/i0.wp.com\/larevistadigital.com.ar\/blog\/wp-content\/uploads\/FXI-Hk3-Uc-AAEKBK.jpg?fit=680%2C357&ssl=1&resize=350%2C200","width":350,"height":200,"srcset":"https:\/\/i0.wp.com\/larevistadigital.com.ar\/blog\/wp-content\/uploads\/FXI-Hk3-Uc-AAEKBK.jpg?fit=680%2C357&ssl=1&resize=350%2C200 1x, https:\/\/i0.wp.com\/larevistadigital.com.ar\/blog\/wp-content\/uploads\/FXI-Hk3-Uc-AAEKBK.jpg?fit=680%2C357&ssl=1&resize=525%2C300 1.5x"},"classes":[]},{"id":41104,"url":"https:\/\/larevistadigital.com.ar\/blog\/hallan-un-auto-con-dos-personas-muertas-en-un-camino-rural\/","url_meta":{"origin":14627,"position":2},"title":"Hallan un auto con dos personas muertas en un camino rural","author":"Alejandro Sosa Ruda","date":"26 agosto, 2025","format":false,"excerpt":"Este domingo 24 de agosto, la Polic\u00eda encontr\u00f3 un veh\u00edculo con dos cuerpos en su interior en un camino rural de San Antonio de Areco, a la altura del paraje conocido como Yegua Muerta, frente al Haras Vacaci\u00f3n y a unos mil metros de la ruta provincial 41. 26 de\u2026","rel":"","context":"En \u00abPOLICIALES\u00bb","block_context":{"text":"POLICIALES","link":"https:\/\/larevistadigital.com.ar\/blog\/category\/policiales\/"},"img":{"alt_text":"","src":"https:\/\/i0.wp.com\/larevistadigital.com.ar\/blog\/wp-content\/uploads\/20250825074650_san-antonio-de-areco-auto-personas-fallecidas.jpg?fit=880%2C512&ssl=1&resize=350%2C200","width":350,"height":200,"srcset":"https:\/\/i0.wp.com\/larevistadigital.com.ar\/blog\/wp-content\/uploads\/20250825074650_san-antonio-de-areco-auto-personas-fallecidas.jpg?fit=880%2C512&ssl=1&resize=350%2C200 1x, https:\/\/i0.wp.com\/larevistadigital.com.ar\/blog\/wp-content\/uploads\/20250825074650_san-antonio-de-areco-auto-personas-fallecidas.jpg?fit=880%2C512&ssl=1&resize=525%2C300 1.5x, https:\/\/i0.wp.com\/larevistadigital.com.ar\/blog\/wp-content\/uploads\/20250825074650_san-antonio-de-areco-auto-personas-fallecidas.jpg?fit=880%2C512&ssl=1&resize=700%2C400 2x"},"classes":[]},{"id":47114,"url":"https:\/\/larevistadigital.com.ar\/blog\/despiste-en-el-camino-de-circunvalacion-tres-personas-fueron-asistidas\/","url_meta":{"origin":14627,"position":3},"title":"Despiste en el Camino de Circunvalaci\u00f3n: tres personas fueron asistidas","author":"Alejandro Sosa Ruda","date":"30 agosto, 2026","format":false,"excerpt":"Un Toyota Corolla que circulaba por el Camino de Circunvalaci\u00f3n despist\u00f3 en inmediaciones de la Entrada 1 de Lomas Altas, pasando El Castillo. Tres ocupantes fueron asistidos por una ambulancia, pero se encontraban ilesos y rechazaron el traslado al hospital. 30 de agosto de 2026 CHASCOM\u00daS\u00a0 -\u00a0 El hecho ocurri\u00f3\u2026","rel":"","context":"En \u00abDESTACADAS\u00bb","block_context":{"text":"DESTACADAS","link":"https:\/\/larevistadigital.com.ar\/blog\/category\/destacadas\/"},"img":{"alt_text":"","src":"https:\/\/i0.wp.com\/larevistadigital.com.ar\/blog\/wp-content\/uploads\/1-28.jpg?fit=1025%2C567&ssl=1&resize=350%2C200","width":350,"height":200,"srcset":"https:\/\/i0.wp.com\/larevistadigital.com.ar\/blog\/wp-content\/uploads\/1-28.jpg?fit=1025%2C567&ssl=1&resize=350%2C200 1x, https:\/\/i0.wp.com\/larevistadigital.com.ar\/blog\/wp-content\/uploads\/1-28.jpg?fit=1025%2C567&ssl=1&resize=525%2C300 1.5x, https:\/\/i0.wp.com\/larevistadigital.com.ar\/blog\/wp-content\/uploads\/1-28.jpg?fit=1025%2C567&ssl=1&resize=700%2C400 2x"},"classes":[]},{"id":24336,"url":"https:\/\/larevistadigital.com.ar\/blog\/lezama-accidente-fatal-en-la-ruta-2-por-choque-entre-un-camion-y-un-auto\/","url_meta":{"origin":14627,"position":4},"title":"LEZAMA: ACCIDENTE FATAL EN LA RUTA 2 POR CHOQUE ENTRE UN CAMI\u00d3N Y UN AUTO","author":"Alejandro Sosa Ruda","date":"4 marzo, 2022","format":false,"excerpt":"El siniestro provoc\u00f3 un muerto y tres heridos graves. LEZAMA -\u00a0 El accidente fue protagonizado por un autom\u00f3vil Chevrolet Cruze que embisti\u00f3 la parte trasera de un cami\u00f3n Dodge 1000, en la Ruta Provincial N\u00b0 2, en el kil\u00f3metro 160, en jurisdicci\u00f3n del partido de Lezama, sentido hacia la Ciudad\u2026","rel":"","context":"En \u00abLEZAMA\u00bb","block_context":{"text":"LEZAMA","link":"https:\/\/larevistadigital.com.ar\/blog\/category\/lezama\/"},"img":{"alt_text":"","src":"https:\/\/i0.wp.com\/larevistadigital.com.ar\/blog\/wp-content\/uploads\/274990046_3038607069735160_7660224162669634410_n.jpg?fit=1029%2C686&ssl=1&resize=350%2C200","width":350,"height":200,"srcset":"https:\/\/i0.wp.com\/larevistadigital.com.ar\/blog\/wp-content\/uploads\/274990046_3038607069735160_7660224162669634410_n.jpg?fit=1029%2C686&ssl=1&resize=350%2C200 1x, https:\/\/i0.wp.com\/larevistadigital.com.ar\/blog\/wp-content\/uploads\/274990046_3038607069735160_7660224162669634410_n.jpg?fit=1029%2C686&ssl=1&resize=525%2C300 1.5x, https:\/\/i0.wp.com\/larevistadigital.com.ar\/blog\/wp-content\/uploads\/274990046_3038607069735160_7660224162669634410_n.jpg?fit=1029%2C686&ssl=1&resize=700%2C400 2x"},"classes":[]},{"id":17738,"url":"https:\/\/larevistadigital.com.ar\/blog\/accidente-fatal-en-la-ruta-11-dos-personas-fallecidas-en-choque-frontal\/","url_meta":{"origin":14627,"position":5},"title":"ACCIDENTE FATAL EN LA RUTA 11: DOS PERSONAS FALLECIDAS EN CHOQUE FRONTAL","author":"Alejandro Sosa Ruda","date":"19 noviembre, 2020","format":false,"excerpt":"El tr\u00e1gico hecho ocurri\u00f3 esta ma\u00f1ana, en el kilometro 385, a la altura de Costa Esmeralda. Adem\u00e1s, hay tres heridos de gravedad. Un accidente fatal ocurri\u00f3 en primeras horas de la ma\u00f1ana de este jueves en el kilometro 385 de la Ruta 11, a la altura de Costa Esmeralda, la\u2026","rel":"","context":"En \u00abPOLICIALES\u00bb","block_context":{"text":"POLICIALES","link":"https:\/\/larevistadigital.com.ar\/blog\/category\/policiales\/"},"img":{"alt_text":"","src":"https:\/\/i0.wp.com\/larevistadigital.com.ar\/blog\/wp-content\/uploads\/3807eff0639874a7cf71b6d3d738cbef1a3c8aa2.jpg?fit=1140%2C711&ssl=1&resize=350%2C200","width":350,"height":200,"srcset":"https:\/\/i0.wp.com\/larevistadigital.com.ar\/blog\/wp-content\/uploads\/3807eff0639874a7cf71b6d3d738cbef1a3c8aa2.jpg?fit=1140%2C711&ssl=1&resize=350%2C200 1x, https:\/\/i0.wp.com\/larevistadigital.com.ar\/blog\/wp-content\/uploads\/3807eff0639874a7cf71b6d3d738cbef1a3c8aa2.jpg?fit=1140%2C711&ssl=1&resize=525%2C300 1.5x, https:\/\/i0.wp.com\/larevistadigital.com.ar\/blog\/wp-content\/uploads\/3807eff0639874a7cf71b6d3d738cbef1a3c8aa2.jpg?fit=1140%2C711&ssl=1&resize=700%2C400 2x, https:\/\/i0.wp.com\/larevistadigital.com.ar\/blog\/wp-content\/uploads\/3807eff0639874a7cf71b6d3d738cbef1a3c8aa2.jpg?fit=1140%2C711&ssl=1&resize=1050%2C600 3x"},"classes":[]}],"_links":{"self":[{"href":"https:\/\/larevistadigital.com.ar\/blog\/wp-json\/wp\/v2\/posts\/14627","targetHints":{"allow":["GET"]}}],"collection":[{"href":"https:\/\/larevistadigital.com.ar\/blog\/wp-json\/wp\/v2\/posts"}],"about":[{"href":"https:\/\/larevistadigital.com.ar\/blog\/wp-json\/wp\/v2\/types\/post"}],"author":[{"embeddable":true,"href":"https:\/\/larevistadigital.com.ar\/blog\/wp-json\/wp\/v2\/users\/3"}],"replies":[{"embeddable":true,"href":"https:\/\/larevistadigital.com.ar\/blog\/wp-json\/wp\/v2\/comments?post=14627"}],"version-history":[{"count":1,"href":"https:\/\/larevistadigital.com.ar\/blog\/wp-json\/wp\/v2\/posts\/14627\/revisions"}],"predecessor-version":[{"id":14629,"href":"https:\/\/larevistadigital.com.ar\/blog\/wp-json\/wp\/v2\/posts\/14627\/revisions\/14629"}],"wp:featuredmedia":[{"embeddable":true,"href":"https:\/\/larevistadigital.com.ar\/blog\/wp-json\/wp\/v2\/media\/14628"}],"wp:attachment":[{"href":"https:\/\/larevistadigital.com.ar\/blog\/wp-json\/wp\/v2\/media?parent=14627"}],"wp:term":[{"taxonomy":"category","embeddable":true,"href":"https:\/\/larevistadigital.com.ar\/blog\/wp-json\/wp\/v2\/categories?post=14627"},{"taxonomy":"post_tag","embeddable":true,"href":"https:\/\/larevistadigital.com.ar\/blog\/wp-json\/wp\/v2\/tags?post=14627"}],"curies":[{"name":"wp","href":"https:\/\/api.w.org\/{rel}","templated":true}]}}