{"id":14645,"date":"2020-02-06T11:38:29","date_gmt":"2020-02-06T11:38:29","guid":{"rendered":"https:\/\/larevistadigital.com.ar\/blog\/?p=14645"},"modified":"2020-02-06T11:38:29","modified_gmt":"2020-02-06T11:38:29","slug":"se-conformo-la-directiva-del-pro-te-contamos-quienes-son","status":"publish","type":"post","link":"https:\/\/larevistadigital.com.ar\/blog\/se-conformo-la-directiva-del-pro-te-contamos-quienes-son\/","title":{"rendered":"SE CONFORM\u00d3 LA DIRECTIVA DEL PRO: TE CONTAMOS QUIENES SON"},"content":{"rendered":"<h2><em>De forma un\u00e1nime y con lista \u00fanica se constituy\u00f3 el nuevo Consejo Directivo nacional del PRO a trav\u00e9s de la resoluci\u00f3n N\u00ba 3\/20. Su presidenta ser\u00e1 Patricia Bullrich, quien asegur\u00f3 estar \u00aborgullosa\u00bb de asumir tal responsabilidad.<\/em><\/h2>\n<p>Este mi\u00e9rcoles 05\/02 se confirm\u00f3 la nueva conducci\u00f3n nacional del PRO. El partido qued\u00f3 presidido por la exministra de Seguridad de la naci\u00f3n, Patricia Bullrich,<strong>\u00a0por lo que este espacio promete una nueva era, ahora como oposici\u00f3n, de mayor presencia y mucho m\u00e1s combativa.<\/strong><\/p>\n<blockquote>\n<h3>Luego de ser elegida por sus compa\u00f1eros de partido, Patricia Bullrich dijo que para ella era\u00a0<em>\u00abun orgullo y una responsabilidad dirigir el PRO\u00bb.<\/em><\/h3>\n<\/blockquote>\n<p>Adem\u00e1s, aprovech\u00f3 para agradecer al expresidente <strong>Mauricio Macri<\/strong> y en ese sentido, a\u00f1adi\u00f3: <em><strong>\u00abMe comprometo a trabajar por la libertad, la transparencia, la igualdad de oportunidades y el progreso y la autonom\u00eda personal como motores de todo cambio positivo en la sociedad\u00bb.<\/strong><\/em><\/p>\n<p><strong>Por su parte, quien qued\u00f3 elegido como secretario general, fue Eduardo Macchiavelli,<\/strong>\u00a0quien se\u00f1al\u00f3 que\u00a0<strong><em>\u00abtodos los que comparten nuestros valores nos piden que trabajemos juntos, que no aflojemos. Por eso es muy importante haber logrado una lista consensuada y unificada. Es una se\u00f1al inconfundible que estamos juntos, trabajando en di\u00e1logo en esta nueva etapa\u00bb<\/em><\/strong>, sentenci\u00f3.<\/p>\n<ul>\n<li><strong><u>Qui\u00e9n es qui\u00e9n:<\/u>\u00a0<\/strong><\/li>\n<\/ul>\n<p>Nuevo Consejo Directivo nacional del PRO:<\/p>\n<p><strong>Presidente: Patricia Bullrich:\u00a0<\/strong>Desde 2015 hasta 2019 ejerci\u00f3 el cargo de ministra de Seguridad de la Naci\u00f3n. Tambi\u00e9n fue ministra de Trabajo y ministra de Seguridad Social durante el gobierno de <strong>Fernando de la R\u00faa<\/strong>; y diputada de Uni\u00f3n por la Libertad por la Ciudad Aut\u00f3noma de Buenos Aires durante tres per\u00edodos.<\/p>\n<p><strong><u>Vicepresidente 1\u00b0:<\/u>\u00a0Federico Angelini:<\/strong>\u00a0Rosarino, diputado nacional de Juntos por el Cambio. Seg\u00fan trascendi\u00f3, el cargo es a modo de reconocimiento a su triunfo electoral en la provincia que lo posicion\u00f3 como primer diputado de la lista de JxC.<\/p>\n<p><strong><u>Vicepresidente 2\u00b0:<\/u>\u00a0Laura Rodr\u00edguez Machado:\u00a0<\/strong>Cordobesa. Abogada. Senadora Nacional (2015-2021).<\/p>\n<p><strong><u>Secretario General:\u00a0<\/u>Eduardo Macchiavelli:\u00a0<\/strong>Porte\u00f1o. En su biograf\u00eda detalla: Soy <strong>Eduardo Macchiavelli<\/strong>, Pap\u00e1 de <strong>Franco y Lucas<\/strong>, mi mayor orgullo; y de mis dos hijos del coraz\u00f3n: <strong>Camila y Juan<\/strong>. Hoy soy Secretario de Ambiente de la Ciudad de Buenos Aires y Secretario General del PRO Nacional.<\/p>\n<ul>\n<li><strong>Vocales titulares:<\/strong><\/li>\n<\/ul>\n<p>1.<strong>\u00a0\u00a0 \u00a0Carmen Polledo:<\/strong>\u00a0Diputada nacional del PRO (2017-2021). Preside la Comisi\u00f3n de Salud del Congreso Nacional.<\/p>\n<p>2. \u00a0 \u00a0<strong>Cristian Ritondo:\u00a0<\/strong>Naci\u00f3 el 27 de julio de 1966, es casado y tiene dos hijos. Fue Subsecretario de Interior y ahora es Diputado Nacional y jefe del bloque en el parlamento.<\/p>\n<p>3. \u00a0 \u00a0<strong>Gladys Mois\u00e9s:<\/strong>\u00a0Diputada Provincial por el Departamento Met\u00e1n del bloque del PRO.<\/p>\n<p>4. \u00a0\u00a0<strong>\u00a0Fernando De Andreis:<\/strong>\u00a0Ocup\u00f3 el cargo de Secretario General de la Presidencia de la Naci\u00f3n entre el 10 de diciembre de 2015 y el 10 de diciembre de 2019, durante la presidencia de Mauricio Macri.<\/p>\n<p>5. \u00a0 \u00a0<strong>Karina Spalla:<\/strong>\u00a0Diputada por el PRO en Legislatura de la Ciudad Aut\u00f3noma de Buenos Aires.<\/p>\n<p>6. \u00a0\u00a0<strong>\u00a0Esteban Bullrich:\u00a0<\/strong>Es inform\u00e1tico y pol\u00edtico. Padre de 5 hijos. Actualmente ocupa una banca en el Senado.<\/p>\n<p>7. \u00a0 \u00a0<strong>Camila Crescimbeni:\u00a0<\/strong>19 a\u00f1os. Presidenta de la juventud del PRO.<\/p>\n<p>8. \u00a0 \u00a0<strong>N\u00e9stor Grindetti:\u00a0<\/strong>Pol\u00edtico, actuario. Intendente de Lan\u00fas desde el 2015.<\/p>\n<p>9. \u00a0<strong>Ver\u00f3nica Barbieri:<\/strong>\u00a0Licenciada en Gobierno y relaciones internacionales, dirigente de la juventud del PRO.<\/p>\n<p>10.\u00a0<strong>Guillermo Dietrich<\/strong>: Ex ministro de transporte de Mauricio Macri. Antes fue el subsecretario de Transporte del Gobierno de la Ciudad de Buenos Aires entre 2009 y 2015.<\/p>\n<p>11.\u00a0<strong>Alfredo Luis De Angeli:<\/strong>\u00a0Senador nacional por Juntos por el Cambio (2019-2021).<\/p>\n<p>12.\u00a0<strong>Alicia Nidia Moirano<\/strong>: Senadora Provincial. Form\u00f3 parte del equipo de Mar\u00eda Eugenia Vidal.<\/p>\n<p>13.\u00a0<strong>Mart\u00edn Goerling:<\/strong>\u00a0Director ejecutivo de la Entidad Binacional Yacyret\u00e1 (EBY) durante el macrismo.<\/p>\n<p>14.\u00a0<strong>Omar De Marchi:\u00a0<\/strong>Describe en su biograf\u00eda: Diputado Nacional Juntos x el Cambio. Luj\u00e1n de Cuyo, Mendoza. Siempre mirando hacia adelante. Nunca el futuro est\u00e1\u00a0en el pasado.<\/p>\n<p>15.\u00a0<strong>Sonia Cavagnini:\u00a0<\/strong>Se desempe\u00f1\u00f3 como delegada del organismo nacional de Migraciones en Chubut.<\/p>\n<p>16.\u00a0<strong>Sergio Wisky:<\/strong>\u00a0De R\u00edo Negro. Fue diputado nacional de Juntos por el Cambio hasta el 2019.<\/p>\n<p>17.\u00a0<strong>Ra\u00fal Schiavi:\u00a0<\/strong>Ministro de Industria, Trabajo y Comercio de la Provincia de Corrientes.<\/p>\n<ul>\n<li>Vocales suplentes:<\/li>\n<\/ul>\n<p>1. \u00a0 \u00a0<strong>Adriana Montes:\u00a0<\/strong>Directora General de Vinculaci\u00f3n Territorial de la Legislatura de la Ciudad de Buenos Aires.<\/p>\n<p>2. \u00a0\u00a0<strong>\u00a0Carlos Mar\u00eda Brun:<\/strong>\u00a0Director de Bomberos Voluntarios (2018).<\/p>\n<p>3. \u00a0 \u00a0<strong>Alejandra Olmedo:<\/strong>\u00a0L\u00edder el PRO en formosa. Fue candidata a diputada de Juntos por el Cambio.<\/p>\n<p>4. \u00a0 \u00a0<strong>Carlos Molina:\u00a0<\/strong>Diputado provincial por el FCS-Cambiemos (Catamarca).<\/p>\n<p>5. \u00a0<strong>\u00a0\u00a0Natalia S\u00e1nchez Ejarque:\u00a0<\/strong>Form\u00f3 parte del equipo del Ministerio de salud y Desarrollo Social de la Naci\u00f3n y ahora forma parte de la Fundaci\u00f3n Pensar San Juan. Es abogado.<\/p>\n<p>6. \u00a0 \u00a0<strong>Leandro L\u00f3pez:<\/strong>\u00a0Abogado. De Neuqu\u00e9n. Militante de Juntos por el Cambio.<\/p>\n<p>7. \u00a0 \u00a0<strong>Susana Lazzari:\u00a0<\/strong>Diputada por la Provincia de Buenos Aires Segunda Secci\u00f3n Electoral ( Cambiemos ). Abogada. Tiene 3 hijos.<\/p>\n<p>8. \u00a0 \u00a0<strong>Gustavo Ferrari: \u00a0<\/strong>Actualmente se desempe\u00f1a como Ministro de Justicia de la Provincia de Buenos Aires. Fue Asesor General del Gobierno de la Provincia de Buenos Aires (2013-2016), Presidente del Consejo Directivo de la Escuela de Abogados de la Administraci\u00f3n P\u00fablica Provincial, Diputado por el Mercosur (2011-2013) y Diputado Nacional por la provincia de Buenos Aires integrando el Bloque del Peronismo Federal (2009-2013).<\/p>\n<p>9. \u00a0 \u00a0<strong>Alejandra Nahiara Tuma:<\/strong>\u00a0Fue concejal de Santiago del Estero pero luego renunci\u00f3 a su cargo por \u00abmotivos personales\u00bb.<\/p>\n<p>10.<strong>\u00a0Leonardo Juan Manazzoni:<\/strong>\u00a0Tandilense. Actualmente trabaja en el Consejo de la Magistratura de la Ciudad Aut\u00f3noma de Buenos Aires.<\/p>\n<p>PUBLICADO EN URGENTE24<\/p>\n","protected":false},"excerpt":{"rendered":"<div class=\"mh-excerpt\"><p>De forma un\u00e1nime y con lista \u00fanica se constituy\u00f3 el nuevo Consejo Directivo nacional del PRO a trav\u00e9s de la resoluci\u00f3n N\u00ba 3\/20. Su presidenta ser\u00e1 Patricia Bullrich, quien asegur\u00f3 estar \u00aborgullosa\u00bb de asumir tal <a class=\"mh-excerpt-more\" href=\"https:\/\/larevistadigital.com.ar\/blog\/se-conformo-la-directiva-del-pro-te-contamos-quienes-son\/\" title=\"SE CONFORM\u00d3 LA DIRECTIVA DEL PRO: TE CONTAMOS QUIENES SON\">[Leer M\u00e1s]<\/a><\/p>\n<\/div>","protected":false},"author":3,"featured_media":14646,"comment_status":"open","ping_status":"open","sticky":false,"template":"","format":"standard","meta":{"_jetpack_memberships_contains_paid_content":false,"footnotes":"","jetpack_publicize_message":"","jetpack_publicize_feature_enabled":true,"jetpack_social_post_already_shared":true,"jetpack_social_options":{"image_generator_settings":{"template":"highway","default_image_id":0,"font":"","enabled":false},"version":2}},"categories":[50,12],"tags":[],"class_list":{"0":"post-14645","1":"post","2":"type-post","3":"status-publish","4":"format-standard","5":"has-post-thumbnail","7":"category-interes-general","8":"category-politica"},"jetpack_publicize_connections":[],"jetpack_featured_media_url":"https:\/\/i0.wp.com\/larevistadigital.com.ar\/blog\/wp-content\/uploads\/patricia_bullrich.png?fit=750%2C416&ssl=1","jetpack_sharing_enabled":true,"jetpack_shortlink":"https:\/\/wp.me\/p8qtrQ-3Od","jetpack-related-posts":[{"id":20490,"url":"https:\/\/larevistadigital.com.ar\/blog\/ricardo-alfonsin-indignado-con-patricia-bullrich-y-el-partido-radical\/","url_meta":{"origin":14645,"position":0},"title":"RICARDO ALFONS\u00cdN INDIGNADO CON PATRICIA BULLRICH Y EL PARTIDO RADICAL","author":"Alejandro Sosa Ruda","date":"26 mayo, 2021","format":false,"excerpt":"Se refiri\u00f3 al partido radical, expresando su enojo porque \"no reaccion\u00f3 ante los dichos de la presidente del PRO\", en referencia a que sugiri\u00f3 irregularidades en la negociaci\u00f3n por vacunas. El chascomunense y embajador argentino en Espa\u00f1a, Ricardo Alfons\u00edn, dijo estar \"indignado\" por la forma de actuar del radicalismo, tras\u2026","rel":"","context":"En \u00abINTERES GENERAL\u00bb","block_context":{"text":"INTERES GENERAL","link":"https:\/\/larevistadigital.com.ar\/blog\/category\/interes-general\/"},"img":{"alt_text":"","src":"https:\/\/i0.wp.com\/larevistadigital.com.ar\/blog\/wp-content\/uploads\/VFMHOBPWFZDRVHHHVWUQIR3DD4.jpg?fit=1200%2C675&ssl=1&resize=350%2C200","width":350,"height":200,"srcset":"https:\/\/i0.wp.com\/larevistadigital.com.ar\/blog\/wp-content\/uploads\/VFMHOBPWFZDRVHHHVWUQIR3DD4.jpg?fit=1200%2C675&ssl=1&resize=350%2C200 1x, https:\/\/i0.wp.com\/larevistadigital.com.ar\/blog\/wp-content\/uploads\/VFMHOBPWFZDRVHHHVWUQIR3DD4.jpg?fit=1200%2C675&ssl=1&resize=525%2C300 1.5x, https:\/\/i0.wp.com\/larevistadigital.com.ar\/blog\/wp-content\/uploads\/VFMHOBPWFZDRVHHHVWUQIR3DD4.jpg?fit=1200%2C675&ssl=1&resize=700%2C400 2x, https:\/\/i0.wp.com\/larevistadigital.com.ar\/blog\/wp-content\/uploads\/VFMHOBPWFZDRVHHHVWUQIR3DD4.jpg?fit=1200%2C675&ssl=1&resize=1050%2C600 3x"},"classes":[]},{"id":27510,"url":"https:\/\/larevistadigital.com.ar\/blog\/patricia-bullrich-bloqueo-un-comunicado-de-juntos-condenando-el-ataque-a-cristina\/","url_meta":{"origin":14645,"position":1},"title":"PATRICIA BULLRICH BLOQUE\u00d3 UN COMUNICADO DE JUNTOS CONDENANDO EL ATAQUE A CRISTINA","author":"Alejandro Sosa Ruda","date":"2 septiembre, 2022","format":false,"excerpt":"La presidenta del PRO fue la \u00fanica referente de la alianza opositora que no repudi\u00f3 el episodio y bloque\u00f3 una comunicaci\u00f3n conjunta. Patricia Bullrich se diferenci\u00f3 de Mauricio Macri y Horacio Rodr\u00edguez Larreta y no conden\u00f3 el atentado contra Cristina Kirchner,\u00a0una postura que provoc\u00f3 que no hubiera un comunicado conjunto\u2026","rel":"","context":"En \u00abINTERES GENERAL\u00bb","block_context":{"text":"INTERES GENERAL","link":"https:\/\/larevistadigital.com.ar\/blog\/category\/interes-general\/"},"img":{"alt_text":"","src":"https:\/\/i0.wp.com\/larevistadigital.com.ar\/blog\/wp-content\/uploads\/PATRICIA.png?fit=835%2C533&ssl=1&resize=350%2C200","width":350,"height":200,"srcset":"https:\/\/i0.wp.com\/larevistadigital.com.ar\/blog\/wp-content\/uploads\/PATRICIA.png?fit=835%2C533&ssl=1&resize=350%2C200 1x, https:\/\/i0.wp.com\/larevistadigital.com.ar\/blog\/wp-content\/uploads\/PATRICIA.png?fit=835%2C533&ssl=1&resize=525%2C300 1.5x, https:\/\/i0.wp.com\/larevistadigital.com.ar\/blog\/wp-content\/uploads\/PATRICIA.png?fit=835%2C533&ssl=1&resize=700%2C400 2x"},"classes":[]},{"id":20997,"url":"https:\/\/larevistadigital.com.ar\/blog\/finalmente-se-bajo-bullrich-y-vidal-encabezara-la-lista-de-cambiemos-en-la-ciudad\/","url_meta":{"origin":14645,"position":2},"title":"FINALMENTE SE BAJ\u00d3 BULLRICH, Y VIDAL ENCABEZAR\u00c1 LA LISTA DE CAMBIEMOS EN LA CIUDAD","author":"Alejandro Sosa Ruda","date":"4 julio, 2021","format":false,"excerpt":"Decidi\u00f3 no integrar la lista porte\u00f1a y ahora se \"concentrar\u00e1\" en el armado del PRO en el interior. Patricia Bullrich decidi\u00f3 no ser candidata de Cambiemos en las pr\u00f3ximas elecciones y la lista de Cambiemos en la Ciudad estar\u00e1 encabezada por Mar\u00eda Eugenia Vidal.\u00a0El corrimiento de Bullrich le abre la\u2026","rel":"","context":"En \u00abINTERES GENERAL\u00bb","block_context":{"text":"INTERES GENERAL","link":"https:\/\/larevistadigital.com.ar\/blog\/category\/interes-general\/"},"img":{"alt_text":"","src":"https:\/\/i0.wp.com\/larevistadigital.com.ar\/blog\/wp-content\/uploads\/patricia-bullrich.jpg?fit=1200%2C675&ssl=1&resize=350%2C200","width":350,"height":200,"srcset":"https:\/\/i0.wp.com\/larevistadigital.com.ar\/blog\/wp-content\/uploads\/patricia-bullrich.jpg?fit=1200%2C675&ssl=1&resize=350%2C200 1x, https:\/\/i0.wp.com\/larevistadigital.com.ar\/blog\/wp-content\/uploads\/patricia-bullrich.jpg?fit=1200%2C675&ssl=1&resize=525%2C300 1.5x, https:\/\/i0.wp.com\/larevistadigital.com.ar\/blog\/wp-content\/uploads\/patricia-bullrich.jpg?fit=1200%2C675&ssl=1&resize=700%2C400 2x, https:\/\/i0.wp.com\/larevistadigital.com.ar\/blog\/wp-content\/uploads\/patricia-bullrich.jpg?fit=1200%2C675&ssl=1&resize=1050%2C600 3x"},"classes":[]},{"id":45771,"url":"https:\/\/larevistadigital.com.ar\/blog\/renuncio-un-funcionario-de-bullrich-y-crece-la-interna-libertaria-en-seguridad\/","url_meta":{"origin":14645,"position":3},"title":"Renunci\u00f3 un funcionario de Bullrich y crece la interna libertaria en Seguridad","author":"Alejandro Sosa Ruda","date":"23 mayo, 2026","format":false,"excerpt":"Federico Angelini renunci\u00f3 al Ministerio de Seguridad: era un hombre de Bullrich, manejaba el Plan Bandera y se suma a Pullaro. 23 de mayo de 2026 La interna libertaria sum\u00f3 un nuevo cap\u00edtulo en el Ministerio de Seguridad. Federico Angelini, dirigente rosarino cercano a Patricia Bullrich, present\u00f3 su renuncia como\u2026","rel":"","context":"En \u00abINTERES GENERAL\u00bb","block_context":{"text":"INTERES GENERAL","link":"https:\/\/larevistadigital.com.ar\/blog\/category\/interes-general\/"},"img":{"alt_text":"","src":"https:\/\/i0.wp.com\/larevistadigital.com.ar\/blog\/wp-content\/uploads\/Captura-de-pantalla-2026-05-23-142828.jpg?fit=832%2C484&ssl=1&resize=350%2C200","width":350,"height":200,"srcset":"https:\/\/i0.wp.com\/larevistadigital.com.ar\/blog\/wp-content\/uploads\/Captura-de-pantalla-2026-05-23-142828.jpg?fit=832%2C484&ssl=1&resize=350%2C200 1x, https:\/\/i0.wp.com\/larevistadigital.com.ar\/blog\/wp-content\/uploads\/Captura-de-pantalla-2026-05-23-142828.jpg?fit=832%2C484&ssl=1&resize=525%2C300 1.5x, https:\/\/i0.wp.com\/larevistadigital.com.ar\/blog\/wp-content\/uploads\/Captura-de-pantalla-2026-05-23-142828.jpg?fit=832%2C484&ssl=1&resize=700%2C400 2x"},"classes":[]},{"id":32704,"url":"https:\/\/larevistadigital.com.ar\/blog\/gente-de-patricia-bullrich-martin-yeza-visito-la-ciudad-de-chascomus-y-se-encontro-con-gustavo-lopez\/","url_meta":{"origin":14645,"position":4},"title":"\u00abGENTE DE PATRICIA BULLRICH\u00bb MARTIN YEZA VISIT\u00d3 LA CIUDAD DE CHASCOM\u00daS Y SE ENCONTR\u00d3 CON GUSTAVO L\u00d3PEZ","author":"Alejandro Sosa Ruda","date":"1 agosto, 2023","format":false,"excerpt":"La visita fue en apoyo al precandidato a intendente Gustavo L\u00f3pez, ya que ambos acompa\u00f1an la candidatura de Patricia Bullrich. 1\u00b0 de agosto de 2023 CHASCOM\u00daS -\u00a0 Estuvo visitando nuestra ciudad el precandidato a Diputado Nacional y actual intendente de Pinamar Mart\u00edn Yeza, quien fuera recibido por el precandidato a\u2026","rel":"","context":"En \u00abPOLITICA\u00bb","block_context":{"text":"POLITICA","link":"https:\/\/larevistadigital.com.ar\/blog\/category\/politica\/"},"img":{"alt_text":"","src":"https:\/\/i0.wp.com\/larevistadigital.com.ar\/blog\/wp-content\/uploads\/Captura-de-pantalla-2023-08-01-193834.jpg?fit=800%2C525&ssl=1&resize=350%2C200","width":350,"height":200,"srcset":"https:\/\/i0.wp.com\/larevistadigital.com.ar\/blog\/wp-content\/uploads\/Captura-de-pantalla-2023-08-01-193834.jpg?fit=800%2C525&ssl=1&resize=350%2C200 1x, https:\/\/i0.wp.com\/larevistadigital.com.ar\/blog\/wp-content\/uploads\/Captura-de-pantalla-2023-08-01-193834.jpg?fit=800%2C525&ssl=1&resize=525%2C300 1.5x, https:\/\/i0.wp.com\/larevistadigital.com.ar\/blog\/wp-content\/uploads\/Captura-de-pantalla-2023-08-01-193834.jpg?fit=800%2C525&ssl=1&resize=700%2C400 2x"},"classes":[]},{"id":46449,"url":"https:\/\/larevistadigital.com.ar\/blog\/patricia-bullrich-desafia-a-milei-y-lanza-una-gira-nacional-en-medio-de-la-creciente-interna-oficialista\/","url_meta":{"origin":14645,"position":5},"title":"Patricia Bullrich desaf\u00eda a Milei y lanza una gira nacional en medio de la creciente interna oficialista","author":"Alejandro Sosa Ruda","date":"5 julio, 2026","format":false,"excerpt":"La senadora comenzar\u00e1 una recorrida por distintas provincias para fortalecer su perfil pol\u00edtico. El movimiento profundiza las tensiones con el entorno del presidente Javier Milei y alimenta las especulaciones sobre una eventual candidatura presidencial en 2027. 05 de julio de 2026 La interna en el oficialismo sum\u00f3 un nuevo cap\u00edtulo\u2026","rel":"","context":"En \u00abINTERES GENERAL\u00bb","block_context":{"text":"INTERES GENERAL","link":"https:\/\/larevistadigital.com.ar\/blog\/category\/interes-general\/"},"img":{"alt_text":"","src":"https:\/\/i0.wp.com\/larevistadigital.com.ar\/blog\/wp-content\/uploads\/Captura-de-pantalla-2026-07-05-163134.jpg?fit=936%2C544&ssl=1&resize=350%2C200","width":350,"height":200,"srcset":"https:\/\/i0.wp.com\/larevistadigital.com.ar\/blog\/wp-content\/uploads\/Captura-de-pantalla-2026-07-05-163134.jpg?fit=936%2C544&ssl=1&resize=350%2C200 1x, https:\/\/i0.wp.com\/larevistadigital.com.ar\/blog\/wp-content\/uploads\/Captura-de-pantalla-2026-07-05-163134.jpg?fit=936%2C544&ssl=1&resize=525%2C300 1.5x, https:\/\/i0.wp.com\/larevistadigital.com.ar\/blog\/wp-content\/uploads\/Captura-de-pantalla-2026-07-05-163134.jpg?fit=936%2C544&ssl=1&resize=700%2C400 2x"},"classes":[]}],"_links":{"self":[{"href":"https:\/\/larevistadigital.com.ar\/blog\/wp-json\/wp\/v2\/posts\/14645","targetHints":{"allow":["GET"]}}],"collection":[{"href":"https:\/\/larevistadigital.com.ar\/blog\/wp-json\/wp\/v2\/posts"}],"about":[{"href":"https:\/\/larevistadigital.com.ar\/blog\/wp-json\/wp\/v2\/types\/post"}],"author":[{"embeddable":true,"href":"https:\/\/larevistadigital.com.ar\/blog\/wp-json\/wp\/v2\/users\/3"}],"replies":[{"embeddable":true,"href":"https:\/\/larevistadigital.com.ar\/blog\/wp-json\/wp\/v2\/comments?post=14645"}],"version-history":[{"count":1,"href":"https:\/\/larevistadigital.com.ar\/blog\/wp-json\/wp\/v2\/posts\/14645\/revisions"}],"predecessor-version":[{"id":14647,"href":"https:\/\/larevistadigital.com.ar\/blog\/wp-json\/wp\/v2\/posts\/14645\/revisions\/14647"}],"wp:featuredmedia":[{"embeddable":true,"href":"https:\/\/larevistadigital.com.ar\/blog\/wp-json\/wp\/v2\/media\/14646"}],"wp:attachment":[{"href":"https:\/\/larevistadigital.com.ar\/blog\/wp-json\/wp\/v2\/media?parent=14645"}],"wp:term":[{"taxonomy":"category","embeddable":true,"href":"https:\/\/larevistadigital.com.ar\/blog\/wp-json\/wp\/v2\/categories?post=14645"},{"taxonomy":"post_tag","embeddable":true,"href":"https:\/\/larevistadigital.com.ar\/blog\/wp-json\/wp\/v2\/tags?post=14645"}],"curies":[{"name":"wp","href":"https:\/\/api.w.org\/{rel}","templated":true}]}}