{"id":1467,"date":"2017-03-21T22:41:46","date_gmt":"2017-03-21T22:41:46","guid":{"rendered":"https:\/\/larevistadigital.com.ar\/blog\/?p=1467"},"modified":"2017-03-21T22:41:46","modified_gmt":"2017-03-21T22:41:46","slug":"cambiemos-salio-a-apoyar-al-intendente-de-olavarria","status":"publish","type":"post","link":"https:\/\/larevistadigital.com.ar\/blog\/cambiemos-salio-a-apoyar-al-intendente-de-olavarria\/","title":{"rendered":"CAMBIEMOS SALI\u00d3 A APOYAR AL INTENDENTE DE OLAVARR\u00cdA"},"content":{"rendered":"<h2>Un grupo de legisladores junto al titular de la c\u00e1mara baja de la provincia de Buenos Aires, visitaron el municipio de Olavarr\u00eda, e n lo que ha sido la primera e importante muestra de respaldo a la figura del controvertido intendente <strong>Galli<\/strong>.<\/h2>\n<p>Luego de la tragedia ocurrida durante el recital del <strong>Indio Solari<\/strong> en la ciudad de Olavarr\u00eda, y toda la cantidad de documentos f\u00edlmicos y dem\u00e1s que complican la figura del Intendente <strong>Ezequiel Galli<\/strong>, adem\u00e1s de l\u00f3gicamente la del <strong>Indio Solari<\/strong> y sobre todo a los titulares de la empresa productora del evento en el que se produjeron dos muertes, y en la antesala de la interpelaci\u00f3n que se realizar\u00e1 al jefe comunal, tanto el presidente de la C\u00e1mara de diputados, <strong>Manuel Mosca<\/strong>, que adem\u00e1s es el hombre de confianza de la gobernadora <strong>Mar\u00eda Eugenia Vidal<\/strong>, \u00a0quien estuvo acompa\u00f1ado por los senadores del bloque Cambiemos <strong>Pilar Ayllon<\/strong>, <strong>Julieta Centeno<\/strong> y <strong>Andres de Leo<\/strong>, adem\u00e1s de los diputados <strong>Santiago Nardelli<\/strong>, <strong>Alejandra Lorden<\/strong>, <strong>Eduardo Barragan<\/strong> y <strong>Mauricio Vivani<\/strong>.<\/p>\n<blockquote>\n<h3>Seguramente m\u00e1s tranquilo, por el respaldo de sus camaradas pol\u00edticos, el jefe comunal dijo: <strong><em>\u201c<\/em><\/strong><strong><em>Agradezco enormemente la visita del presidente de la C\u00e1mara de Diputados de la Provincia de Buenos Aires, Manuel Mosca, y de los legisladores del bloque Cambiemos que vinieron hasta Olavarr\u00eda para darme su apoyo. Ellos mejor que nadie entienden que los mecanismos institucionales son los que deben actuar en estos casos, por eso valoro su presencia ac\u00e1, para hacer extensiva esa responsabilidad a todo el cuerpo de concejales del distrito\u201d.\u00a0<\/em><\/strong><\/h3>\n<\/blockquote>\n<p>Mientras que Mosca dijo: <strong><em>\u201cVinimos a dialogar con el intendente y a traerle el respaldo de todos nosotros para este proceso donde se va a poner a disposici\u00f3n del Concejo Deliberante y de la justicia. Queremos resaltar la muy buena actitud de la oposici\u00f3n de Olavarr\u00eda que no ha hecho uso del oportunismo pol\u00edtico, lo cual habla a las claras de su responsabilidad y el respeto por la voluntad de los vecinos de la ciudad\u00bb.<\/em><\/strong><\/p>\n<p>Esta visita, es sumamente significativa ya que se trata de un fuerte respaldo para quien tendr\u00e1 que justificar una serie de denuncias y anomal\u00edas que han sido registradas en videos que se filmaron antes del pol\u00e9mico recital, lo que ocasion\u00f3 una situaci\u00f3n de casi \u201cdesgobierno\u201d que ya se ha cobrado una v\u00edctima que fue \u00a0la renuncia del Jefe de Gabinete de Olavarr\u00eda, <strong>Jorge Larreche<\/strong>, padrino pol\u00edtico de <strong>Galli<\/strong> y candidato del monzo\u00edsmo para encabezar la lista en la S\u00e9ptima.<\/p>\n<p>Desde la oposici\u00f3n en Olavarr\u00eda, se est\u00e1 hablando casi desde el tr\u00e1gico evento de la responsabilidad del Intendente, por lo que se prev\u00e9 que la cosa no ser\u00e1 para nada f\u00e1cil para el jefe comunal.<\/p>\n<blockquote>\n<h3>Ma\u00f1ana, 22 de marzo es el d\u00eda en el que se realizar\u00e1 la reuni\u00f3n en la que los distintos concejales tendr\u00e1n que votar para que el jefe comunal tenga que dar explicaciones sobre el recital del Indio Solari, su organizaci\u00f3n, el rol de la comuna y los tr\u00e1gicos sucesos. Cabe destacar que, la medida ser\u00eda acompa\u00f1ada hasta por los mismos concejales de la alianza oficialista.<\/h3>\n<\/blockquote>\n<p>Mientras tanto, Galli dijo que <strong><em>\u00abNo tengo miedo de una destituci\u00f3n, si tengo que dar explicaciones las voy a dar, no tengo nada que esconder\u00bb<\/em><\/strong>, se\u00f1al\u00f3 en ese momento el jefe comunal en declaraciones radiales, y destac\u00f3 que <strong><em>\u00abla responsabilidad dentro predio es de la productora\u00bb<\/em><\/strong>.<\/p>\n<p>A nuestro entender, la cosa no es tan sencilla ya que hemos visto videos en los que se lo ve discutiendo con la gente que vende el alcohol, hablando en medios de la cantidad que supon\u00edan que llegar\u00eda a la ciudad, y hasta mencionando que en su entorno se realizaban \u201capuestas\u201d con respecto a la cantidad de gente que ir\u00eda, mencionando como n\u00famero posible las 350.000 personas.<\/p>\n<p>Es decir, que Galli era consciente de la posibilidad de que el evento triplique la cantidad de ciudadanos que viven en la ciudad, y ante lo sucedido, queda de manifiesto que nada hizo para prevenir una tragedia.<\/p>\n","protected":false},"excerpt":{"rendered":"<div class=\"mh-excerpt\"><p>Un grupo de legisladores junto al titular de la c\u00e1mara baja de la provincia de Buenos Aires, visitaron el municipio de Olavarr\u00eda, e n lo que ha sido la primera e importante muestra de respaldo <a class=\"mh-excerpt-more\" href=\"https:\/\/larevistadigital.com.ar\/blog\/cambiemos-salio-a-apoyar-al-intendente-de-olavarria\/\" title=\"CAMBIEMOS SALI\u00d3 A APOYAR AL INTENDENTE DE OLAVARR\u00cdA\">[Leer M\u00e1s]<\/a><\/p>\n<\/div>","protected":false},"author":3,"featured_media":1468,"comment_status":"open","ping_status":"open","sticky":false,"template":"","format":"standard","meta":{"_jetpack_memberships_contains_paid_content":false,"footnotes":"","jetpack_publicize_message":"","jetpack_publicize_feature_enabled":true,"jetpack_social_post_already_shared":true,"jetpack_social_options":{"image_generator_settings":{"template":"highway","default_image_id":0,"font":"","enabled":false},"version":2}},"categories":[41,24,29],"tags":[],"class_list":{"0":"post-1467","1":"post","2":"type-post","3":"status-publish","4":"format-standard","5":"has-post-thumbnail","7":"category-destacadas","8":"category-politica-provincial","9":"category-sociedad"},"jetpack_publicize_connections":[],"jetpack_featured_media_url":"https:\/\/i0.wp.com\/larevistadigital.com.ar\/blog\/wp-content\/uploads\/2017\/03\/67914_3.jpg?fit=862%2C574&ssl=1","jetpack_sharing_enabled":true,"jetpack_shortlink":"https:\/\/wp.me\/p8qtrQ-nF","jetpack-related-posts":[{"id":1221,"url":"https:\/\/larevistadigital.com.ar\/blog\/fernando-burlando-pedira-las-detenciones-del-indio-solari-el-intendente-de-olavarria-y-los-productores\/","url_meta":{"origin":1467,"position":0},"title":"FERNANDO BURLANDO PEDIR\u00c1 LAS DETENCI\u00d3NES DEL INDIO SOLARI, EL INTENDENTE DE OLAVARRIA Y LOS PRODUCTORES","author":"Alejandro Sosa Ruda","date":"15 marzo, 2017","format":false,"excerpt":"El medi\u00e1tico abogado representa a la familia de Javier le\u00f3n, una de las v\u00edctimas fatales de la tragedia de Olavarr\u00eda en ocasi\u00f3n del recital brindado por el Indio Solari. En una nota brindada al portal Infobae, coment\u00f3 que est\u00e1 trabajando en \u00a0los escritos necesarios para solicitar las detenciones del Indio\u2026","rel":"","context":"En \u00abDESTACADAS\u00bb","block_context":{"text":"DESTACADAS","link":"https:\/\/larevistadigital.com.ar\/blog\/category\/destacadas\/"},"img":{"alt_text":"","src":"https:\/\/i0.wp.com\/larevistadigital.com.ar\/blog\/wp-content\/uploads\/2017\/03\/2198562.jpg?fit=1200%2C675&ssl=1&resize=350%2C200","width":350,"height":200,"srcset":"https:\/\/i0.wp.com\/larevistadigital.com.ar\/blog\/wp-content\/uploads\/2017\/03\/2198562.jpg?fit=1200%2C675&ssl=1&resize=350%2C200 1x, https:\/\/i0.wp.com\/larevistadigital.com.ar\/blog\/wp-content\/uploads\/2017\/03\/2198562.jpg?fit=1200%2C675&ssl=1&resize=525%2C300 1.5x, https:\/\/i0.wp.com\/larevistadigital.com.ar\/blog\/wp-content\/uploads\/2017\/03\/2198562.jpg?fit=1200%2C675&ssl=1&resize=700%2C400 2x, https:\/\/i0.wp.com\/larevistadigital.com.ar\/blog\/wp-content\/uploads\/2017\/03\/2198562.jpg?fit=1200%2C675&ssl=1&resize=1050%2C600 3x"},"classes":[]},{"id":1093,"url":"https:\/\/larevistadigital.com.ar\/blog\/el-documento-que-firmo-la-comuna-de-olavarria-con-el-indio-solari\/","url_meta":{"origin":1467,"position":1},"title":"EL DOCUMENTO QUE FIRM\u00d3 LA COMUNA DE OLAVARR\u00cdA CON EL INDIO SOLARI.","author":"Alejandro Sosa Ruda","date":"13 marzo, 2017","format":false,"excerpt":"El portal INFOBAE present\u00f3 las partes m\u00e1s importantes del contrato firmado entre el municipio de Olavarr\u00eda y el Indio Solari. Una de las cosas m\u00e1s relevantes del documento firmado por el intendente Galli y el Indio Solari, es que la comuna se compromete como fiador de los organizadores del evento.\u2026","rel":"","context":"En \u00abDESTACADAS\u00bb","block_context":{"text":"DESTACADAS","link":"https:\/\/larevistadigital.com.ar\/blog\/category\/destacadas\/"},"img":{"alt_text":"","src":"https:\/\/i0.wp.com\/larevistadigital.com.ar\/blog\/wp-content\/uploads\/2017\/03\/ezequiel-galli-intendente-olavarria-19201-1024x575.jpg?fit=600%2C337&ssl=1&resize=350%2C200","width":350,"height":200,"srcset":"https:\/\/i0.wp.com\/larevistadigital.com.ar\/blog\/wp-content\/uploads\/2017\/03\/ezequiel-galli-intendente-olavarria-19201-1024x575.jpg?fit=600%2C337&ssl=1&resize=350%2C200 1x, https:\/\/i0.wp.com\/larevistadigital.com.ar\/blog\/wp-content\/uploads\/2017\/03\/ezequiel-galli-intendente-olavarria-19201-1024x575.jpg?fit=600%2C337&ssl=1&resize=525%2C300 1.5x"},"classes":[]},{"id":1545,"url":"https:\/\/larevistadigital.com.ar\/blog\/votacion-unanime-sera-interpelado-el-intendente-de-olavarria\/","url_meta":{"origin":1467,"position":2},"title":"VOTACI\u00d3N UN\u00c1NIME: SER\u00c1 INTERPELADO EL INTENDENTE DE OLAVARR\u00cdA","author":"Alejandro Sosa Ruda","date":"22 marzo, 2017","format":false,"excerpt":"En una sesi\u00f3n extraordinaria los concejales votaron por unanimidad a favor de interpelar al intendente de Olavarr\u00eda, Ezequiel Galli, luego de los hechos sucedidos durante el recital del Indio Solari, en el que fallecieron dos hombres. El pedido de interpelaci\u00f3n fue hecho por el bloque del Frente Renovador, en alianza\u2026","rel":"","context":"En \u00abDESTACADAS\u00bb","block_context":{"text":"DESTACADAS","link":"https:\/\/larevistadigital.com.ar\/blog\/category\/destacadas\/"},"img":{"alt_text":"","src":"https:\/\/i0.wp.com\/larevistadigital.com.ar\/blog\/wp-content\/uploads\/2017\/03\/Ezequiel-Galli-2.jpg?fit=1200%2C675&ssl=1&resize=350%2C200","width":350,"height":200,"srcset":"https:\/\/i0.wp.com\/larevistadigital.com.ar\/blog\/wp-content\/uploads\/2017\/03\/Ezequiel-Galli-2.jpg?fit=1200%2C675&ssl=1&resize=350%2C200 1x, https:\/\/i0.wp.com\/larevistadigital.com.ar\/blog\/wp-content\/uploads\/2017\/03\/Ezequiel-Galli-2.jpg?fit=1200%2C675&ssl=1&resize=525%2C300 1.5x, https:\/\/i0.wp.com\/larevistadigital.com.ar\/blog\/wp-content\/uploads\/2017\/03\/Ezequiel-Galli-2.jpg?fit=1200%2C675&ssl=1&resize=700%2C400 2x, https:\/\/i0.wp.com\/larevistadigital.com.ar\/blog\/wp-content\/uploads\/2017\/03\/Ezequiel-Galli-2.jpg?fit=1200%2C675&ssl=1&resize=1050%2C600 3x"},"classes":[]},{"id":1029,"url":"https:\/\/larevistadigital.com.ar\/blog\/ezequiel-galli-intendente-de-olavarria-es-muchisima-la-gente-que-va-a-venir-pero-no-va-a-ocurrir-ninguna-locura\/","url_meta":{"origin":1467,"position":3},"title":"EZEQUIEL GALLI, INTENDENTE DE OLAVARR\u00cdA: \u201cES MUCHISIMA LA GENTE QUE VA A VENIR,  PERO NO VA A OCURRIR NINGUNA LOCURA\u201d","author":"Alejandro Sosa Ruda","date":"12 marzo, 2017","format":false,"excerpt":"Aunque parezca mentira, eso es lo que dec\u00eda el intendente de Olavarr\u00eda, Ezequiel Galli, unos d\u00edas antes del recital de Solari. En varias oportunidades en las que dialog\u00f3 con la prensa, contaba muy entusiasmado el r\u00e9dito econ\u00f3mico que representaba para su municipio la realizaci\u00f3n de este tipo de eventos. Hoy,\u2026","rel":"","context":"En \u00abDESTACADAS\u00bb","block_context":{"text":"DESTACADAS","link":"https:\/\/larevistadigital.com.ar\/blog\/category\/destacadas\/"},"img":{"alt_text":"","src":"https:\/\/i0.wp.com\/larevistadigital.com.ar\/blog\/wp-content\/uploads\/2017\/03\/Indio-Olavarria-2-1024x576-1.jpg?fit=700%2C394&ssl=1&resize=350%2C200","width":350,"height":200,"srcset":"https:\/\/i0.wp.com\/larevistadigital.com.ar\/blog\/wp-content\/uploads\/2017\/03\/Indio-Olavarria-2-1024x576-1.jpg?fit=700%2C394&ssl=1&resize=350%2C200 1x, https:\/\/i0.wp.com\/larevistadigital.com.ar\/blog\/wp-content\/uploads\/2017\/03\/Indio-Olavarria-2-1024x576-1.jpg?fit=700%2C394&ssl=1&resize=525%2C300 1.5x, https:\/\/i0.wp.com\/larevistadigital.com.ar\/blog\/wp-content\/uploads\/2017\/03\/Indio-Olavarria-2-1024x576-1.jpg?fit=700%2C394&ssl=1&resize=700%2C400 2x"},"classes":[]},{"id":30545,"url":"https:\/\/larevistadigital.com.ar\/blog\/olavarria-murio-la-madre-del-intendente-al-chocar-contra-un-limitador-de-altura\/","url_meta":{"origin":1467,"position":4},"title":"OLAVARRIA: MURI\u00d3 LA MADRE DEL INTENDENTE AL CHOCAR CONTRA UN LIMITADOR DE ALTURA","author":"Alejandro Sosa Ruda","date":"12 marzo, 2023","format":false,"excerpt":"\u00a0 OLAVARR\u00cdA -\u00a0 El hecho ocurri\u00f3 este viernes pasadas las 13.30 horas en el Camino de los Peregrinos. Mar\u00eda Cecilia Moncla, madre del intendente de Olavarr\u00eda Ezequiel Galli, choc\u00f3 a alta velocidad contra la columna de un limitador de altura y perdi\u00f3 la vida. La mujer conduc\u00eda un Volkswagen Nivus\u2026","rel":"","context":"En \u00abINTERES GENERAL\u00bb","block_context":{"text":"INTERES GENERAL","link":"https:\/\/larevistadigital.com.ar\/blog\/category\/interes-general\/"},"img":{"alt_text":"","src":"https:\/\/i0.wp.com\/larevistadigital.com.ar\/blog\/wp-content\/uploads\/20230310182910_limitador.jpg?fit=880%2C512&ssl=1&resize=350%2C200","width":350,"height":200,"srcset":"https:\/\/i0.wp.com\/larevistadigital.com.ar\/blog\/wp-content\/uploads\/20230310182910_limitador.jpg?fit=880%2C512&ssl=1&resize=350%2C200 1x, https:\/\/i0.wp.com\/larevistadigital.com.ar\/blog\/wp-content\/uploads\/20230310182910_limitador.jpg?fit=880%2C512&ssl=1&resize=525%2C300 1.5x, https:\/\/i0.wp.com\/larevistadigital.com.ar\/blog\/wp-content\/uploads\/20230310182910_limitador.jpg?fit=880%2C512&ssl=1&resize=700%2C400 2x"},"classes":[]},{"id":969,"url":"https:\/\/larevistadigital.com.ar\/blog\/tragedia-en-recital-del-indio-solari-incidentes-y-al-menos-5-muertos\/","url_meta":{"origin":1467,"position":5},"title":"TRAGEDIA EN RECITAL DEL INDIO SOLARI: INCIDENTES Y AL MENOS 2 MUERTOS","author":"Alejandro Sosa Ruda","date":"12 marzo, 2017","format":false,"excerpt":"Seg\u00fan Informaci\u00f3n de la polic\u00eda, en el recital del Indio Solari hubieron al menos 2\u00a0muertos como consecuencia del desborde provocado por la multitud que habr\u00eda sido de alrededor de 300.000 personas. Una terrible tragedia que cost\u00f3 la vida de al menos cinco personas en el predio llamado La Colmena en\u2026","rel":"","context":"En \u00abDESTACADAS\u00bb","block_context":{"text":"DESTACADAS","link":"https:\/\/larevistadigital.com.ar\/blog\/category\/destacadas\/"},"img":{"alt_text":"","src":"https:\/\/i0.wp.com\/larevistadigital.com.ar\/blog\/wp-content\/uploads\/2017\/03\/HJ5phLMil_720x0.jpg?fit=720%2C479&ssl=1&resize=350%2C200","width":350,"height":200,"srcset":"https:\/\/i0.wp.com\/larevistadigital.com.ar\/blog\/wp-content\/uploads\/2017\/03\/HJ5phLMil_720x0.jpg?fit=720%2C479&ssl=1&resize=350%2C200 1x, https:\/\/i0.wp.com\/larevistadigital.com.ar\/blog\/wp-content\/uploads\/2017\/03\/HJ5phLMil_720x0.jpg?fit=720%2C479&ssl=1&resize=525%2C300 1.5x, https:\/\/i0.wp.com\/larevistadigital.com.ar\/blog\/wp-content\/uploads\/2017\/03\/HJ5phLMil_720x0.jpg?fit=720%2C479&ssl=1&resize=700%2C400 2x"},"classes":[]}],"_links":{"self":[{"href":"https:\/\/larevistadigital.com.ar\/blog\/wp-json\/wp\/v2\/posts\/1467","targetHints":{"allow":["GET"]}}],"collection":[{"href":"https:\/\/larevistadigital.com.ar\/blog\/wp-json\/wp\/v2\/posts"}],"about":[{"href":"https:\/\/larevistadigital.com.ar\/blog\/wp-json\/wp\/v2\/types\/post"}],"author":[{"embeddable":true,"href":"https:\/\/larevistadigital.com.ar\/blog\/wp-json\/wp\/v2\/users\/3"}],"replies":[{"embeddable":true,"href":"https:\/\/larevistadigital.com.ar\/blog\/wp-json\/wp\/v2\/comments?post=1467"}],"version-history":[{"count":1,"href":"https:\/\/larevistadigital.com.ar\/blog\/wp-json\/wp\/v2\/posts\/1467\/revisions"}],"predecessor-version":[{"id":1469,"href":"https:\/\/larevistadigital.com.ar\/blog\/wp-json\/wp\/v2\/posts\/1467\/revisions\/1469"}],"wp:featuredmedia":[{"embeddable":true,"href":"https:\/\/larevistadigital.com.ar\/blog\/wp-json\/wp\/v2\/media\/1468"}],"wp:attachment":[{"href":"https:\/\/larevistadigital.com.ar\/blog\/wp-json\/wp\/v2\/media?parent=1467"}],"wp:term":[{"taxonomy":"category","embeddable":true,"href":"https:\/\/larevistadigital.com.ar\/blog\/wp-json\/wp\/v2\/categories?post=1467"},{"taxonomy":"post_tag","embeddable":true,"href":"https:\/\/larevistadigital.com.ar\/blog\/wp-json\/wp\/v2\/tags?post=1467"}],"curies":[{"name":"wp","href":"https:\/\/api.w.org\/{rel}","templated":true}]}}