{"id":1471,"date":"2017-03-22T00:19:43","date_gmt":"2017-03-22T00:19:43","guid":{"rendered":"https:\/\/larevistadigital.com.ar\/blog\/?p=1471"},"modified":"2017-03-22T00:19:43","modified_gmt":"2017-03-22T00:19:43","slug":"el-pro-tendra-su-acto-en-un-estadio-de-futbol","status":"publish","type":"post","link":"https:\/\/larevistadigital.com.ar\/blog\/el-pro-tendra-su-acto-en-un-estadio-de-futbol\/","title":{"rendered":"EL PRO TENDR\u00c1 SU ACTO EN UN ESTADIO DE FUTBOL"},"content":{"rendered":"<h2><strong><em>El PRO tendr\u00e1 su primer acto en un estadio de f\u00fatbol, intentando volver a las fuentes y dar vuelta los malos \u00edndices que marcan las encuestas en referencia a la elecci\u00f3n legislativa de octubre.<\/em><\/strong><\/h2>\n<p>El marco elegido ser\u00e1 el Estadio Ciudad de La Plata y el motivo del acto la puesta en marcha del Sistema de Atenci\u00f3n m\u00e9dica de Emergencias (SAME).<\/p>\n<p>El PRO pondr\u00e1 \u201ctoda la carne en el asador\u201d ya que participar\u00e1n del mismo, el presidente <strong>Mauricio Macri<\/strong>, la gobernadora <strong>Mar\u00eda Eugenia Vidal<\/strong>, el Jefe de Gobierno de la Ciudad Aut\u00f3noma <strong>Hor\u00e1cio Rodriguez Larreta<\/strong> y una veintena de Intendentes.<\/p>\n<blockquote><p>Cabe destacar que la \u00faltima vez que un presidente se mostr\u00f3 en un estadio, fue en el a\u00f1o 2010 cuando junto a <strong>Hugo Moyano<\/strong> celebraron el d\u00eda de la lealtad, junto a <strong>N\u00e9stor<\/strong> y <strong>Cristina Kirchner<\/strong> en el estadio de River Plate.<\/p>\n<h3><strong><a href=\"https:\/\/i0.wp.com\/larevistadigital.com.ar\/blog\/wp-content\/uploads\/2017\/03\/Cristina_Fern%C3%A1ndez_encabez%C3%B3_el_acto_por_el_D%C3%ADa_de_la_Lealtad_Peronista.jpg?ssl=1\"><img data-recalc-dims=\"1\" loading=\"lazy\" decoding=\"async\" class=\"size-full wp-image-1473 aligncenter\" src=\"https:\/\/i0.wp.com\/larevistadigital.com.ar\/blog\/wp-content\/uploads\/2017\/03\/Cristina_Fern%C3%A1ndez_encabez%C3%B3_el_acto_por_el_D%C3%ADa_de_la_Lealtad_Peronista.jpg?resize=2000%2C1351&#038;ssl=1\" alt=\"\" width=\"2000\" height=\"1351\" srcset=\"https:\/\/i0.wp.com\/larevistadigital.com.ar\/blog\/wp-content\/uploads\/2017\/03\/Cristina_Fern%C3%A1ndez_encabez%C3%B3_el_acto_por_el_D%C3%ADa_de_la_Lealtad_Peronista.jpg?w=2000&amp;ssl=1 2000w, https:\/\/i0.wp.com\/larevistadigital.com.ar\/blog\/wp-content\/uploads\/2017\/03\/Cristina_Fern%C3%A1ndez_encabez%C3%B3_el_acto_por_el_D%C3%ADa_de_la_Lealtad_Peronista.jpg?resize=300%2C203&amp;ssl=1 300w, https:\/\/i0.wp.com\/larevistadigital.com.ar\/blog\/wp-content\/uploads\/2017\/03\/Cristina_Fern%C3%A1ndez_encabez%C3%B3_el_acto_por_el_D%C3%ADa_de_la_Lealtad_Peronista.jpg?resize=768%2C519&amp;ssl=1 768w, https:\/\/i0.wp.com\/larevistadigital.com.ar\/blog\/wp-content\/uploads\/2017\/03\/Cristina_Fern%C3%A1ndez_encabez%C3%B3_el_acto_por_el_D%C3%ADa_de_la_Lealtad_Peronista.jpg?resize=1024%2C692&amp;ssl=1 1024w\" sizes=\"auto, (max-width: 1000px) 100vw, 1000px\" \/><\/a><\/strong><\/h3>\n<h3><\/h3>\n<\/blockquote>\n<h3>El servicio del SAME en provincia de Buenos Aires comenzar\u00e1 con una inversi\u00f3n de mil millones de pesos a partir de convenios firmados con los municipios que deber\u00e1n adherir a trav\u00e9s de convenios con el \u00e1rea metropolitana.<\/h3>\n<p>En la primera etapa se incorporar\u00e1n al menos 11 municipios: La Plata, Berisso, Lan\u00fas, Ensenada, 3 de Febrero, Mor\u00f3n, Almirante Brown, Florencio Varela, Quilmes, San Miguel y Jos\u00e9 C Paz.<\/p>\n<p>Se espera la presencia de los jefes comunales PRO\u00a0<strong>Martiniano Molina<\/strong>\u00a0(Quilmes),\u00a0<strong>N\u00e9stor Grindetti<\/strong>\u00a0(Lan\u00fas),\u00a0<strong>Nicol\u00e1s Ducot\u00e9<\/strong>\u00a0(Pilar),\u00a0<strong>Diego Valenzuela<\/strong>\u00a0(3 de Febrero) y el anfitri\u00f3n platense,\u00a0<strong>Julio Garro<\/strong>.<\/p>\n<blockquote>\n<h3><strong>Obviamente, el acto ser\u00e1 encabezado por el presidente de la naci\u00f3n, secundado por Vidal y Larreta en donde se har\u00e1 entrega de ambulancias,\u00a0 junto a los intendentes mencionados.<\/strong><\/h3>\n<\/blockquote>\n<p>El radicalismo tambi\u00e9n tendr\u00e1 su representaci\u00f3n, que ser\u00e1 \u00a0por <strong>Gustavo Posse<\/strong>\u00a0(San Isidro), mientras que el peronismo prepara una comitiva encabezada por exponentes del Grupo Esmeralda como\u00a0<strong>Mart\u00edn Insaurralde<\/strong>\u00a0(Lomas de Zamora) y\u00a0<strong>Mariano Cascallares<\/strong>\u00a0(Almirante Brown), adem\u00e1s de\u00a0<strong>Ariel Sujarchuk<\/strong>\u00a0(Escobar) y\u00a0<strong>Julio Pereyra<\/strong>\u00a0(Florencio Varela) del Grupo F\u00e9nix. La tercera v\u00eda peronista, m\u00e1s cercana a Cambiemos, se encarnar\u00e1 a trav\u00e9s de\u00a0<strong>Alejandro Granados<\/strong>\u00a0(Ezeiza) y\u00a0<strong>Mario Ishii<\/strong>\u00a0(Jos\u00e9 C. Paz).<\/p>\n<p>&nbsp;<\/p>\n","protected":false},"excerpt":{"rendered":"<div class=\"mh-excerpt\"><p>El PRO tendr\u00e1 su primer acto en un estadio de f\u00fatbol, intentando volver a las fuentes y dar vuelta los malos \u00edndices que marcan las encuestas en referencia a la elecci\u00f3n legislativa de octubre. El <a class=\"mh-excerpt-more\" href=\"https:\/\/larevistadigital.com.ar\/blog\/el-pro-tendra-su-acto-en-un-estadio-de-futbol\/\" title=\"EL PRO TENDR\u00c1 SU ACTO EN UN ESTADIO DE FUTBOL\">[Leer M\u00e1s]<\/a><\/p>\n<\/div>","protected":false},"author":3,"featured_media":1472,"comment_status":"open","ping_status":"open","sticky":false,"template":"","format":"standard","meta":{"_jetpack_memberships_contains_paid_content":false,"footnotes":"","jetpack_publicize_message":"","jetpack_publicize_feature_enabled":true,"jetpack_social_post_already_shared":true,"jetpack_social_options":{"image_generator_settings":{"template":"highway","default_image_id":0,"font":"","enabled":false},"version":2}},"categories":[41,12,25],"tags":[],"class_list":{"0":"post-1471","1":"post","2":"type-post","3":"status-publish","4":"format-standard","5":"has-post-thumbnail","7":"category-destacadas","8":"category-politica","9":"category-politica-nacional"},"jetpack_publicize_connections":[],"jetpack_featured_media_url":"https:\/\/i0.wp.com\/larevistadigital.com.ar\/blog\/wp-content\/uploads\/2017\/03\/larreta-macri-vidal-2.jpg?fit=700%2C430&ssl=1","jetpack_sharing_enabled":true,"jetpack_shortlink":"https:\/\/wp.me\/p8qtrQ-nJ","jetpack-related-posts":[{"id":29778,"url":"https:\/\/larevistadigital.com.ar\/blog\/maxi-abad-lanzara-su-candidatura-a-gobernador-en-mar-del-plata\/","url_meta":{"origin":1471,"position":0},"title":"MAXI ABAD LANZAR\u00c1 SU CANDIDATURA A GOBERNADOR EN MAR DEL PLATA","author":"Alejandro Sosa Ruda","date":"16 enero, 2023","format":false,"excerpt":"El pr\u00f3ximo viernes, el presidente de la UCR bonaerense lanzar\u00e1 su precandidatura a la Gobernaci\u00f3n de la Provincia, en su ciudad natal. El acto se realizar\u00e1 en el Club Once Unidos. 16 de enero de 2023 La UCR bonaerense lanzar\u00e1 la precandidatura de Maximiliano Abad en un acto que se\u2026","rel":"","context":"En \u00abINTERES GENERAL\u00bb","block_context":{"text":"INTERES GENERAL","link":"https:\/\/larevistadigital.com.ar\/blog\/category\/interes-general\/"},"img":{"alt_text":"","src":"https:\/\/i0.wp.com\/larevistadigital.com.ar\/blog\/wp-content\/uploads\/IMG-8b92955d-6aa2-4e1b-87c5-9c9505ea2757.jpg?fit=1200%2C908&ssl=1&resize=350%2C200","width":350,"height":200,"srcset":"https:\/\/i0.wp.com\/larevistadigital.com.ar\/blog\/wp-content\/uploads\/IMG-8b92955d-6aa2-4e1b-87c5-9c9505ea2757.jpg?fit=1200%2C908&ssl=1&resize=350%2C200 1x, https:\/\/i0.wp.com\/larevistadigital.com.ar\/blog\/wp-content\/uploads\/IMG-8b92955d-6aa2-4e1b-87c5-9c9505ea2757.jpg?fit=1200%2C908&ssl=1&resize=525%2C300 1.5x, https:\/\/i0.wp.com\/larevistadigital.com.ar\/blog\/wp-content\/uploads\/IMG-8b92955d-6aa2-4e1b-87c5-9c9505ea2757.jpg?fit=1200%2C908&ssl=1&resize=700%2C400 2x, https:\/\/i0.wp.com\/larevistadigital.com.ar\/blog\/wp-content\/uploads\/IMG-8b92955d-6aa2-4e1b-87c5-9c9505ea2757.jpg?fit=1200%2C908&ssl=1&resize=1050%2C600 3x"},"classes":[]},{"id":33840,"url":"https:\/\/larevistadigital.com.ar\/blog\/kicillof-encabeza-a-las-16-un-acto-en-el-estadio-atenas-de-la-plata\/","url_meta":{"origin":1471,"position":1},"title":"KICILLOF ENCABEZA A LAS 16 UN ACTO EN EL ESTADIO ATENAS DE LA PLATA","author":"Alejandro Sosa Ruda","date":"5 octubre, 2023","format":false,"excerpt":"El encuentro es organizado por el ministro de Salud bonaerense, Nicol\u00e1s Kreplak, de cara a las pr\u00f3ximos elecciones. Axel Kicillof ser\u00e1 el orador principal. 05 de Octubre de 2023 LA PLATA -\u00a0 El gobernador de la Provincia de Buenos Aires, Axel Kicillof, encabezar\u00e1 el acto \"Salud por la Patria\", que\u2026","rel":"","context":"En \u00abDESTACADAS\u00bb","block_context":{"text":"DESTACADAS","link":"https:\/\/larevistadigital.com.ar\/blog\/category\/destacadas\/"},"img":{"alt_text":"","src":"https:\/\/i0.wp.com\/larevistadigital.com.ar\/blog\/wp-content\/uploads\/Captura-de-pantalla-2023-10-05-123952.png?fit=884%2C524&ssl=1&resize=350%2C200","width":350,"height":200,"srcset":"https:\/\/i0.wp.com\/larevistadigital.com.ar\/blog\/wp-content\/uploads\/Captura-de-pantalla-2023-10-05-123952.png?fit=884%2C524&ssl=1&resize=350%2C200 1x, https:\/\/i0.wp.com\/larevistadigital.com.ar\/blog\/wp-content\/uploads\/Captura-de-pantalla-2023-10-05-123952.png?fit=884%2C524&ssl=1&resize=525%2C300 1.5x, https:\/\/i0.wp.com\/larevistadigital.com.ar\/blog\/wp-content\/uploads\/Captura-de-pantalla-2023-10-05-123952.png?fit=884%2C524&ssl=1&resize=700%2C400 2x"},"classes":[]},{"id":2139,"url":"https:\/\/larevistadigital.com.ar\/blog\/de-campana-bullrich-junto-a-vidal-en-un-acto\/","url_meta":{"origin":1471,"position":2},"title":"\u00bfDE CAMPA\u00d1A?&#8230;BULLRICH JUNTO A VIDAL EN UN ACTO","author":"Alejandro Sosa Ruda","date":"27 abril, 2017","format":false,"excerpt":"Fue en el acto de anuncio de la ampliaci\u00f3n del Boleto Estudiantil Gratuito a las universidades de Avellaneda, Lan\u00fas, Lujan y Moreno, en donde la gobernadora dijo \u201cS\u00e9 de su compromiso con la provincia\u201d En el d\u00eda de hoy, y junto a un grupo de Intendentes Bonaerenses de la tercera\u2026","rel":"","context":"En \u00abDESTACADAS\u00bb","block_context":{"text":"DESTACADAS","link":"https:\/\/larevistadigital.com.ar\/blog\/category\/destacadas\/"},"img":{"alt_text":"","src":"https:\/\/i0.wp.com\/larevistadigital.com.ar\/blog\/wp-content\/uploads\/2017\/04\/69283_3.jpg?fit=862%2C615&ssl=1&resize=350%2C200","width":350,"height":200,"srcset":"https:\/\/i0.wp.com\/larevistadigital.com.ar\/blog\/wp-content\/uploads\/2017\/04\/69283_3.jpg?fit=862%2C615&ssl=1&resize=350%2C200 1x, https:\/\/i0.wp.com\/larevistadigital.com.ar\/blog\/wp-content\/uploads\/2017\/04\/69283_3.jpg?fit=862%2C615&ssl=1&resize=525%2C300 1.5x, https:\/\/i0.wp.com\/larevistadigital.com.ar\/blog\/wp-content\/uploads\/2017\/04\/69283_3.jpg?fit=862%2C615&ssl=1&resize=700%2C400 2x"},"classes":[]},{"id":40231,"url":"https:\/\/larevistadigital.com.ar\/blog\/chascomus-sera-sede-del-circuito-buenos-aires-aventura\/","url_meta":{"origin":1471,"position":3},"title":"Chascom\u00fas ser\u00e1 sede del Circuito Buenos Aires Aventura","author":"Alejandro Sosa Ruda","date":"30 junio, 2025","format":false,"excerpt":"Avanzan las gestiones con Deportes PBA para incorporar este evento a la agenda local y lograr la iluminaci\u00f3n del Estadio Municipal. 30 de Junio de 2025 CHASCOM\u00daS -\u00a0 El secretario de Cultura, Deportes y Relaciones Institucionales, Pablo N\u00e1poli; junto al subsecretario de Deportes municipal, Pablo Francese; particip\u00f3 de una reuni\u00f3n\u2026","rel":"","context":"En \u00abCHASCOM\u00daS\u00bb","block_context":{"text":"CHASCOM\u00daS","link":"https:\/\/larevistadigital.com.ar\/blog\/category\/chascomus\/"},"img":{"alt_text":"","src":"https:\/\/i0.wp.com\/larevistadigital.com.ar\/blog\/wp-content\/uploads\/6862c8d6b8bb7.png?fit=668%2C445&ssl=1&resize=350%2C200","width":350,"height":200,"srcset":"https:\/\/i0.wp.com\/larevistadigital.com.ar\/blog\/wp-content\/uploads\/6862c8d6b8bb7.png?fit=668%2C445&ssl=1&resize=350%2C200 1x, https:\/\/i0.wp.com\/larevistadigital.com.ar\/blog\/wp-content\/uploads\/6862c8d6b8bb7.png?fit=668%2C445&ssl=1&resize=525%2C300 1.5x"},"classes":[]},{"id":40530,"url":"https:\/\/larevistadigital.com.ar\/blog\/chascomus-analizan-mejorar-el-cesped-del-estadio-juan-silverio-oroz\/","url_meta":{"origin":1471,"position":4},"title":"Chascom\u00fas: Analizan mejorar el c\u00e9sped del Estadio Juan Silverio Oroz","author":"Alejandro Sosa Ruda","date":"18 julio, 2025","format":false,"excerpt":"La Municipalidad de Chascom\u00fas trabaja en el estudio de distintas l\u00edneas de acci\u00f3n destinadas a mejorar el campo de juego. 18 de Julio de 2025 CHASCOM\u00daS -\u00a0 \u00a0Este viernes, el subsecretario de Deportes Pablo Francese recibi\u00f3 a la Ing. Agr. Paula Campestre de la Direcci\u00f3n de Agroecolog\u00eda y Diversidad para\u2026","rel":"","context":"En \u00abCHASCOM\u00daS\u00bb","block_context":{"text":"CHASCOM\u00daS","link":"https:\/\/larevistadigital.com.ar\/blog\/category\/chascomus\/"},"img":{"alt_text":"","src":"https:\/\/i0.wp.com\/larevistadigital.com.ar\/blog\/wp-content\/uploads\/687a89ce96dd4.png?fit=668%2C445&ssl=1&resize=350%2C200","width":350,"height":200,"srcset":"https:\/\/i0.wp.com\/larevistadigital.com.ar\/blog\/wp-content\/uploads\/687a89ce96dd4.png?fit=668%2C445&ssl=1&resize=350%2C200 1x, https:\/\/i0.wp.com\/larevistadigital.com.ar\/blog\/wp-content\/uploads\/687a89ce96dd4.png?fit=668%2C445&ssl=1&resize=525%2C300 1.5x"},"classes":[]},{"id":35825,"url":"https:\/\/larevistadigital.com.ar\/blog\/la-plata-reacondicionaran-el-estadio-unico-para-desarrollar-eventos-de-nivel-internacional\/","url_meta":{"origin":1471,"position":5},"title":"LA PLATA: REACONDICIONAR\u00c1N EL EST\u00c1DIO \u00daNICO PARA DESARROLLAR EVENTOS DE NIVEL INTERNACIONAL","author":"Alejandro Sosa Ruda","date":"14 abril, 2024","format":false,"excerpt":"As\u00ed lo manifest\u00f3 el Director de la Agencia de la Administraci\u00f3n del Estadio \u00danico Diego Armando Maradona de La Plata, Cristian Cardozo: \u201cVamos a dejar el estadio en condiciones para que est\u00e9 disponible cuando se lo requiera\u201d. CHASCOM\u00daS -\u00a0 En di\u00e1logo en el Deportivo 1270, Cardozo explic\u00f3 el trabajo a\u2026","rel":"","context":"En \u00abPOLITICA PROVINCIAL\u00bb","block_context":{"text":"POLITICA PROVINCIAL","link":"https:\/\/larevistadigital.com.ar\/blog\/category\/politica\/politica-provincial\/"},"img":{"alt_text":"","src":"https:\/\/i0.wp.com\/larevistadigital.com.ar\/blog\/wp-content\/uploads\/20240413134213_estadio-unico-diego-armando-maradona-de-la-plata-cristian-cardozo.jpg?fit=880%2C512&ssl=1&resize=350%2C200","width":350,"height":200,"srcset":"https:\/\/i0.wp.com\/larevistadigital.com.ar\/blog\/wp-content\/uploads\/20240413134213_estadio-unico-diego-armando-maradona-de-la-plata-cristian-cardozo.jpg?fit=880%2C512&ssl=1&resize=350%2C200 1x, https:\/\/i0.wp.com\/larevistadigital.com.ar\/blog\/wp-content\/uploads\/20240413134213_estadio-unico-diego-armando-maradona-de-la-plata-cristian-cardozo.jpg?fit=880%2C512&ssl=1&resize=525%2C300 1.5x, https:\/\/i0.wp.com\/larevistadigital.com.ar\/blog\/wp-content\/uploads\/20240413134213_estadio-unico-diego-armando-maradona-de-la-plata-cristian-cardozo.jpg?fit=880%2C512&ssl=1&resize=700%2C400 2x"},"classes":[]}],"_links":{"self":[{"href":"https:\/\/larevistadigital.com.ar\/blog\/wp-json\/wp\/v2\/posts\/1471","targetHints":{"allow":["GET"]}}],"collection":[{"href":"https:\/\/larevistadigital.com.ar\/blog\/wp-json\/wp\/v2\/posts"}],"about":[{"href":"https:\/\/larevistadigital.com.ar\/blog\/wp-json\/wp\/v2\/types\/post"}],"author":[{"embeddable":true,"href":"https:\/\/larevistadigital.com.ar\/blog\/wp-json\/wp\/v2\/users\/3"}],"replies":[{"embeddable":true,"href":"https:\/\/larevistadigital.com.ar\/blog\/wp-json\/wp\/v2\/comments?post=1471"}],"version-history":[{"count":2,"href":"https:\/\/larevistadigital.com.ar\/blog\/wp-json\/wp\/v2\/posts\/1471\/revisions"}],"predecessor-version":[{"id":1475,"href":"https:\/\/larevistadigital.com.ar\/blog\/wp-json\/wp\/v2\/posts\/1471\/revisions\/1475"}],"wp:featuredmedia":[{"embeddable":true,"href":"https:\/\/larevistadigital.com.ar\/blog\/wp-json\/wp\/v2\/media\/1472"}],"wp:attachment":[{"href":"https:\/\/larevistadigital.com.ar\/blog\/wp-json\/wp\/v2\/media?parent=1471"}],"wp:term":[{"taxonomy":"category","embeddable":true,"href":"https:\/\/larevistadigital.com.ar\/blog\/wp-json\/wp\/v2\/categories?post=1471"},{"taxonomy":"post_tag","embeddable":true,"href":"https:\/\/larevistadigital.com.ar\/blog\/wp-json\/wp\/v2\/tags?post=1471"}],"curies":[{"name":"wp","href":"https:\/\/api.w.org\/{rel}","templated":true}]}}