{"id":14712,"date":"2020-02-11T13:49:09","date_gmt":"2020-02-11T13:49:09","guid":{"rendered":"https:\/\/larevistadigital.com.ar\/blog\/?p=14712"},"modified":"2020-02-11T13:49:09","modified_gmt":"2020-02-11T13:49:09","slug":"la-anmat-prohibio-la-venta-de-reconocidas-marcas-de-galletitas","status":"publish","type":"post","link":"https:\/\/larevistadigital.com.ar\/blog\/la-anmat-prohibio-la-venta-de-reconocidas-marcas-de-galletitas\/","title":{"rendered":"LA ANMAT PROHIBI\u00d3 LA VENTA DE RECONOCIDAS MARCAS DE GALLETITAS"},"content":{"rendered":"<p>La Administraci\u00f3n Nacional de Medicamentos, Alimentos y Tecnolog\u00eda M\u00e9dica ( ANMAT) proh\u00edbe la venta y distribuci\u00f3n de dos reconocidas marcas de tapitas con sabor a vainilla para alfajores, espec\u00edficamente las del \u201cD\u00eda %\u201d y \u201cFachitas\u201d.<\/p>\n<p>El producto identificado como \u201cTapitas\u201d de la marca \u201cD\u00eda %\u201d, que es cotidianamente usado para rellenar alfajores tipo maicena. La decisi\u00f3n se llev\u00f3 a cabo porque en su envase no advierte ni informa sobre la posible presencia de prote\u00ednas de la leche, huevo, man\u00ed y derivados de la soja.<\/p>\n<blockquote>\n<h3>La raz\u00f3n es porque en la l\u00ednea de producci\u00f3n, pudo haberse producido un contacto o contaminaci\u00f3n cruzada con dem\u00e1s alimentos que contienen este componente al\u00e9rgeno en su creaci\u00f3n.<\/h3>\n<\/blockquote>\n<p>Las \u201cMini Tapitas\u201d de la reconocida marca \u201cFachitas\u201d fue prohibido por el mismo motivo que el producto antes nombrado. Estos alimentos son creados por Saborisimo S.A, establecimiento situado en la localidad de Lomas del Mirador, provincia de Buenos Aires (Melo 839, entre las calles Paso y Quintana). La empresa mand\u00f3 un comunicado ante este retiro de manera preventiva del mercado comercial.<\/p>\n<p>PUBLICADO EN DIARIO COMPROMISO<\/p>\n","protected":false},"excerpt":{"rendered":"<div class=\"mh-excerpt\"><p>La Administraci\u00f3n Nacional de Medicamentos, Alimentos y Tecnolog\u00eda M\u00e9dica ( ANMAT) proh\u00edbe la venta y distribuci\u00f3n de dos reconocidas marcas de tapitas con sabor a vainilla para alfajores, espec\u00edficamente las del \u201cD\u00eda %\u201d y \u201cFachitas\u201d. <a class=\"mh-excerpt-more\" href=\"https:\/\/larevistadigital.com.ar\/blog\/la-anmat-prohibio-la-venta-de-reconocidas-marcas-de-galletitas\/\" title=\"LA ANMAT PROHIBI\u00d3 LA VENTA DE RECONOCIDAS MARCAS DE GALLETITAS\">[Leer M\u00e1s]<\/a><\/p>\n<\/div>","protected":false},"author":3,"featured_media":14713,"comment_status":"open","ping_status":"open","sticky":false,"template":"","format":"standard","meta":{"_jetpack_memberships_contains_paid_content":false,"footnotes":"","jetpack_publicize_message":"","jetpack_publicize_feature_enabled":true,"jetpack_social_post_already_shared":true,"jetpack_social_options":{"image_generator_settings":{"template":"highway","default_image_id":0,"font":"","enabled":false},"version":2}},"categories":[50],"tags":[],"class_list":{"0":"post-14712","1":"post","2":"type-post","3":"status-publish","4":"format-standard","5":"has-post-thumbnail","7":"category-interes-general"},"jetpack_publicize_connections":[],"jetpack_featured_media_url":"https:\/\/i0.wp.com\/larevistadigital.com.ar\/blog\/wp-content\/uploads\/anmat-copia1.jpg?fit=693%2C346&ssl=1","jetpack_sharing_enabled":true,"jetpack_shortlink":"https:\/\/wp.me\/p8qtrQ-3Pi","jetpack-related-posts":[{"id":12328,"url":"https:\/\/larevistadigital.com.ar\/blog\/que-alfajores-y-turrones-fueron-prohibidos-por-la-anmat\/","url_meta":{"origin":14712,"position":0},"title":"QU\u00c9 ALFAJORES Y TURRONES FUERON PROHIBIDOS POR LA ANMAT","author":"Alejandro Sosa Ruda","date":"26 septiembre, 2019","format":false,"excerpt":"Para el organismo, los productos no\u00a0cumplen \"con las especificaciones del art\u00edculo 155 tris del C\u00f3digo Alimentario Argentino\". la Administraci\u00f3n Nacional de Medicamentos, Alimentos y Tecnolog\u00eda M\u00e9dica (ANMAT) prohibi\u00f3 este jueves 26 de septiembre la comercializaci\u00f3n en todo el territorio nacional de varias golosinas, entre las que se encuentran alfajores y\u2026","rel":"","context":"En \u00abINTERES GENERAL\u00bb","block_context":{"text":"INTERES GENERAL","link":"https:\/\/larevistadigital.com.ar\/blog\/category\/interes-general\/"},"img":{"alt_text":"","src":"https:\/\/i0.wp.com\/larevistadigital.com.ar\/blog\/wp-content\/uploads\/Screenshot_1-41.jpg?fit=744%2C471&ssl=1&resize=350%2C200","width":350,"height":200,"srcset":"https:\/\/i0.wp.com\/larevistadigital.com.ar\/blog\/wp-content\/uploads\/Screenshot_1-41.jpg?fit=744%2C471&ssl=1&resize=350%2C200 1x, https:\/\/i0.wp.com\/larevistadigital.com.ar\/blog\/wp-content\/uploads\/Screenshot_1-41.jpg?fit=744%2C471&ssl=1&resize=525%2C300 1.5x, https:\/\/i0.wp.com\/larevistadigital.com.ar\/blog\/wp-content\/uploads\/Screenshot_1-41.jpg?fit=744%2C471&ssl=1&resize=700%2C400 2x"},"classes":[]},{"id":21581,"url":"https:\/\/larevistadigital.com.ar\/blog\/atencion-anmat-prohibe-medicamento-por-considerarlo-falsificado\/","url_meta":{"origin":14712,"position":1},"title":"ATENCI\u00d3N: ANMAT PROHIBE MEDICAMENTO, POR CONSIDERARLO FALSIFICADO","author":"Alejandro Sosa Ruda","date":"17 agosto, 2021","format":false,"excerpt":"Este martes la Anmat prohibi\u00f3 la venta y uso de un anest\u00e9sico por considerarlo \"falsificado\". Mir\u00e1 de qu\u00e9 marca de este producto se trata. La Administraci\u00f3n Nacional de Medicamentos, Alimentos y Tecnolog\u00eda M\u00e9dica (Anmat) prohibi\u00f3 este martes el uso, la comercializaci\u00f3n y la distribuci\u00f3n en todo el territorio nacional de\u2026","rel":"","context":"En \u00abINTERES GENERAL\u00bb","block_context":{"text":"INTERES GENERAL","link":"https:\/\/larevistadigital.com.ar\/blog\/category\/interes-general\/"},"img":{"alt_text":"","src":"https:\/\/i0.wp.com\/larevistadigital.com.ar\/blog\/wp-content\/uploads\/c5372d59b25017fa20e46bf9e58a2d34fd268ffe.jpg?fit=1140%2C754&ssl=1&resize=350%2C200","width":350,"height":200,"srcset":"https:\/\/i0.wp.com\/larevistadigital.com.ar\/blog\/wp-content\/uploads\/c5372d59b25017fa20e46bf9e58a2d34fd268ffe.jpg?fit=1140%2C754&ssl=1&resize=350%2C200 1x, https:\/\/i0.wp.com\/larevistadigital.com.ar\/blog\/wp-content\/uploads\/c5372d59b25017fa20e46bf9e58a2d34fd268ffe.jpg?fit=1140%2C754&ssl=1&resize=525%2C300 1.5x, https:\/\/i0.wp.com\/larevistadigital.com.ar\/blog\/wp-content\/uploads\/c5372d59b25017fa20e46bf9e58a2d34fd268ffe.jpg?fit=1140%2C754&ssl=1&resize=700%2C400 2x, https:\/\/i0.wp.com\/larevistadigital.com.ar\/blog\/wp-content\/uploads\/c5372d59b25017fa20e46bf9e58a2d34fd268ffe.jpg?fit=1140%2C754&ssl=1&resize=1050%2C600 3x"},"classes":[]},{"id":26966,"url":"https:\/\/larevistadigital.com.ar\/blog\/anmat-prohibio-la-venta-de-dos-mieles-y-tomate-triturado\/","url_meta":{"origin":14712,"position":2},"title":"ANMAT PROHIBI\u00d3 LA VENTA DE DOS MIELES Y TOMATE TRITURADO","author":"Alejandro Sosa Ruda","date":"4 agosto, 2022","format":false,"excerpt":"A trav\u00e9s de publicaciones hechas este jueves 4 de agosto en el Bolet\u00edn Oficial, la Administraci\u00f3n Nacional de Medicamentos, Alimentos y Tecnolog\u00eda M\u00e9dica (ANMAT) prohibi\u00f3 la elaboraci\u00f3n, la venta y la distribuci\u00f3n en todo el territorio argentino de dos mieles y un tomate triturado que incumpl\u00edan la normativa alimentaria vigente.\u2026","rel":"","context":"En \u00abINTERES GENERAL\u00bb","block_context":{"text":"INTERES GENERAL","link":"https:\/\/larevistadigital.com.ar\/blog\/category\/interes-general\/"},"img":{"alt_text":"","src":"https:\/\/i0.wp.com\/larevistadigital.com.ar\/blog\/wp-content\/uploads\/1659621509.jpeg?fit=848%2C477&ssl=1&resize=350%2C200","width":350,"height":200,"srcset":"https:\/\/i0.wp.com\/larevistadigital.com.ar\/blog\/wp-content\/uploads\/1659621509.jpeg?fit=848%2C477&ssl=1&resize=350%2C200 1x, https:\/\/i0.wp.com\/larevistadigital.com.ar\/blog\/wp-content\/uploads\/1659621509.jpeg?fit=848%2C477&ssl=1&resize=525%2C300 1.5x, https:\/\/i0.wp.com\/larevistadigital.com.ar\/blog\/wp-content\/uploads\/1659621509.jpeg?fit=848%2C477&ssl=1&resize=700%2C400 2x"},"classes":[]},{"id":19322,"url":"https:\/\/larevistadigital.com.ar\/blog\/la-anmat-prohibio-la-venta-de-una-premezcla-para-hacer-pizzas-y-panes\/","url_meta":{"origin":14712,"position":3},"title":"LA ANMAT PROHIBI\u00d3 LA VENTA DE UNA PREMEZCLA PARA HACER PIZZAS Y PANES","author":"Alejandro Sosa Ruda","date":"18 marzo, 2021","format":false,"excerpt":"El organismo confirm\u00f3 la medida en el Bolet\u00edn Oficial y aseguran que el producto est\u00e1 contaminado y presenta irregularidades en su composici\u00f3n. Este jueves la\u00a0Administraci\u00f3n Nacional de Medicamentos, Alimentos y Tecnolog\u00eda M\u00e9dica (ANMAT) prohibi\u00f3 la comercializaci\u00f3n de una marca de premezclas utilizadas generalmente para hacer pizzas y panes. Se trata\u2026","rel":"","context":"En \u00abINTERES GENERAL\u00bb","block_context":{"text":"INTERES GENERAL","link":"https:\/\/larevistadigital.com.ar\/blog\/category\/interes-general\/"},"img":{"alt_text":"","src":"https:\/\/i0.wp.com\/larevistadigital.com.ar\/blog\/wp-content\/uploads\/SJ2YC5V7NNDLVD25LCWEJMYA5M.jpg?fit=1200%2C900&ssl=1&resize=350%2C200","width":350,"height":200,"srcset":"https:\/\/i0.wp.com\/larevistadigital.com.ar\/blog\/wp-content\/uploads\/SJ2YC5V7NNDLVD25LCWEJMYA5M.jpg?fit=1200%2C900&ssl=1&resize=350%2C200 1x, https:\/\/i0.wp.com\/larevistadigital.com.ar\/blog\/wp-content\/uploads\/SJ2YC5V7NNDLVD25LCWEJMYA5M.jpg?fit=1200%2C900&ssl=1&resize=525%2C300 1.5x, https:\/\/i0.wp.com\/larevistadigital.com.ar\/blog\/wp-content\/uploads\/SJ2YC5V7NNDLVD25LCWEJMYA5M.jpg?fit=1200%2C900&ssl=1&resize=700%2C400 2x, https:\/\/i0.wp.com\/larevistadigital.com.ar\/blog\/wp-content\/uploads\/SJ2YC5V7NNDLVD25LCWEJMYA5M.jpg?fit=1200%2C900&ssl=1&resize=1050%2C600 3x"},"classes":[]},{"id":14460,"url":"https:\/\/larevistadigital.com.ar\/blog\/la-anmat-prohibio-una-yerba-mate-por-tener-bacterias-que-causan-envenenamiento\/","url_meta":{"origin":14712,"position":4},"title":"LA ANMAT PROHIBI\u00d3 UNA YERBA MATE POR TENER BACTERIAS QUE CAUSAN ENVENENAMIENTO","author":"Alejandro Sosa Ruda","date":"31 enero, 2020","format":false,"excerpt":"El producto debi\u00f3 ser retirado del mercado porque estaba contaminado por tres tipos de bacterias. Por medio de la\u00a0disposici\u00f3n 481\/2020\u00a0publicada en el\u00a0Bolet\u00edn Oficial, la\u00a0Administraci\u00f3n Nacional de Medicamentos, Alimentos y Tecnolog\u00eda M\u00e9dica\u00a0(ANMAT) prohibi\u00f3 el uso, la comercializaci\u00f3n y la distribuci\u00f3n en toda la Rep\u00fablica Argentina del producto registrado como \u201cHierbas Serranas\u2026","rel":"","context":"En \u00abINTERES GENERAL\u00bb","block_context":{"text":"INTERES GENERAL","link":"https:\/\/larevistadigital.com.ar\/blog\/category\/interes-general\/"},"img":{"alt_text":"","src":"https:\/\/i0.wp.com\/larevistadigital.com.ar\/blog\/wp-content\/uploads\/yerba_mate_crop1580467237090.jpg_258117318.jpg?fit=829%2C466&ssl=1&resize=350%2C200","width":350,"height":200,"srcset":"https:\/\/i0.wp.com\/larevistadigital.com.ar\/blog\/wp-content\/uploads\/yerba_mate_crop1580467237090.jpg_258117318.jpg?fit=829%2C466&ssl=1&resize=350%2C200 1x, https:\/\/i0.wp.com\/larevistadigital.com.ar\/blog\/wp-content\/uploads\/yerba_mate_crop1580467237090.jpg_258117318.jpg?fit=829%2C466&ssl=1&resize=525%2C300 1.5x, https:\/\/i0.wp.com\/larevistadigital.com.ar\/blog\/wp-content\/uploads\/yerba_mate_crop1580467237090.jpg_258117318.jpg?fit=829%2C466&ssl=1&resize=700%2C400 2x"},"classes":[]},{"id":19827,"url":"https:\/\/larevistadigital.com.ar\/blog\/prohiben-la-venta-de-un-aceite-de-girasol\/","url_meta":{"origin":14712,"position":5},"title":"PROHIBEN LA VENTA DE UN ACEITE DE GIRASOL","author":"Alejandro Sosa Ruda","date":"23 abril, 2021","format":false,"excerpt":"Se trata del aceite marca \"El conquistador\" que carece de registros de establecimiento y est\u00e1 falsamente rotulado. La\u00a0Administraci\u00f3n Nacional de Medicamentos, Alimentos y Tecnolog\u00eda M\u00e9dica (Anmat)\u00a0prohibi\u00f3 este viernes la elaboraci\u00f3n, el fraccionamiento y la comercializaci\u00f3n en todo el pa\u00eds de un aceite de girasol. Seg\u00fan indic\u00f3 la Anmat en el\u2026","rel":"","context":"En \u00abINTERES GENERAL\u00bb","block_context":{"text":"INTERES GENERAL","link":"https:\/\/larevistadigital.com.ar\/blog\/category\/interes-general\/"},"img":{"alt_text":"","src":"https:\/\/i0.wp.com\/larevistadigital.com.ar\/blog\/wp-content\/uploads\/ACEITE-PROHIBIDO.png?fit=997%2C561&ssl=1&resize=350%2C200","width":350,"height":200,"srcset":"https:\/\/i0.wp.com\/larevistadigital.com.ar\/blog\/wp-content\/uploads\/ACEITE-PROHIBIDO.png?fit=997%2C561&ssl=1&resize=350%2C200 1x, https:\/\/i0.wp.com\/larevistadigital.com.ar\/blog\/wp-content\/uploads\/ACEITE-PROHIBIDO.png?fit=997%2C561&ssl=1&resize=525%2C300 1.5x, https:\/\/i0.wp.com\/larevistadigital.com.ar\/blog\/wp-content\/uploads\/ACEITE-PROHIBIDO.png?fit=997%2C561&ssl=1&resize=700%2C400 2x"},"classes":[]}],"_links":{"self":[{"href":"https:\/\/larevistadigital.com.ar\/blog\/wp-json\/wp\/v2\/posts\/14712","targetHints":{"allow":["GET"]}}],"collection":[{"href":"https:\/\/larevistadigital.com.ar\/blog\/wp-json\/wp\/v2\/posts"}],"about":[{"href":"https:\/\/larevistadigital.com.ar\/blog\/wp-json\/wp\/v2\/types\/post"}],"author":[{"embeddable":true,"href":"https:\/\/larevistadigital.com.ar\/blog\/wp-json\/wp\/v2\/users\/3"}],"replies":[{"embeddable":true,"href":"https:\/\/larevistadigital.com.ar\/blog\/wp-json\/wp\/v2\/comments?post=14712"}],"version-history":[{"count":1,"href":"https:\/\/larevistadigital.com.ar\/blog\/wp-json\/wp\/v2\/posts\/14712\/revisions"}],"predecessor-version":[{"id":14714,"href":"https:\/\/larevistadigital.com.ar\/blog\/wp-json\/wp\/v2\/posts\/14712\/revisions\/14714"}],"wp:featuredmedia":[{"embeddable":true,"href":"https:\/\/larevistadigital.com.ar\/blog\/wp-json\/wp\/v2\/media\/14713"}],"wp:attachment":[{"href":"https:\/\/larevistadigital.com.ar\/blog\/wp-json\/wp\/v2\/media?parent=14712"}],"wp:term":[{"taxonomy":"category","embeddable":true,"href":"https:\/\/larevistadigital.com.ar\/blog\/wp-json\/wp\/v2\/categories?post=14712"},{"taxonomy":"post_tag","embeddable":true,"href":"https:\/\/larevistadigital.com.ar\/blog\/wp-json\/wp\/v2\/tags?post=14712"}],"curies":[{"name":"wp","href":"https:\/\/api.w.org\/{rel}","templated":true}]}}