{"id":15015,"date":"2020-03-30T13:16:59","date_gmt":"2020-03-30T13:16:59","guid":{"rendered":"https:\/\/larevistadigital.com.ar\/blog\/?p=15015"},"modified":"2020-03-30T13:16:59","modified_gmt":"2020-03-30T13:16:59","slug":"terrible-encuentran-enterrados-los-cuerpos-de-una-mujer-y-su-hijita-que-estaban-desaparecidas","status":"publish","type":"post","link":"https:\/\/larevistadigital.com.ar\/blog\/terrible-encuentran-enterrados-los-cuerpos-de-una-mujer-y-su-hijita-que-estaban-desaparecidas\/","title":{"rendered":"\u00a1TERRIBLE! ENCUENTRAN ENTERRADOS LOS CUERPOS DE UNA MUJER Y SU HIJITA QUE ESTABAN DESAPARECIDAS"},"content":{"rendered":"<h2>Cristina Iglesias y su hija Ada estaban siendo buscadas desde el jueves. Los restos se hallaron en el fondo del domicilio en el que ambas viv\u00edan. El novio de la mujer fue detenido como principal sospechoso.<\/h2>\n<p>Los cuerpos de\u00a0<strong>Cristina Iglesias<\/strong>\u00a0(40) y su hija Ada de 7 a\u00f1os, quienes estaba desaparecidas desde el mi\u00e9rcoles, fueron\u00a0<strong>encontrados enterrados<\/strong>\u00a0en la noche de este s\u00e1bado en el fondo del domicilio en la cual las v\u00edctimas viv\u00edan, en la localidad bonaerense de\u00a0<strong>Monte Chingolo<\/strong>.<\/p>\n<blockquote>\n<h3>Seg\u00fan las primeras versiones, la mujer presentaba siete pu\u00f1aladas, mientras que la menor ten\u00eda otras dos, adem\u00e1s de signos de asfixia.<\/h3>\n<\/blockquote>\n<p><em><strong>\u00abRomero dio dos versiones distintas ante la polic\u00eda pero que no tienen validez legal, en una de ellas dijo que ellas estuvieron con \u00e9l hasta el jueves cuando se fueron en un auto con un &#8216;conocido&#8217; de su novia, al que no pudo identificar\u00bb<\/strong><\/em>, afirm\u00f3 a T\u00e9lam un vocero encargado de la pesquisa.<\/p>\n<blockquote>\n<h3>Otro indicio que llev\u00f3 a sospechar a los investigadores respecto a su participaci\u00f3n en el hecho fue que en la pieza que alquilaba en otro lugar del barrio la polic\u00eda encontr\u00f3 los documentos y las llaves de Iglesias.<\/h3>\n<\/blockquote>\n<p><em><strong>\u00abA los polic\u00edas les dijo que ten\u00eda su DNI porque \u00e9l le cobraba un plan de la mujer, pero confirmamos con el municipio que ella no ten\u00eda ese beneficio\u00bb<\/strong><\/em>, precis\u00f3 una de las fuentes.<\/p>\n<p>Adem\u00e1s, los investigadores se entrevistaron con conocidos de Romero y aseguraron que el jueves lo vieron \u00abnervioso\u00bb y que luego \u00abdesapareci\u00f3 de las redes sociales\u00bb, a\u00f1adi\u00f3 el vocero.<\/p>\n<p>FUENTE: TELAM\/CLARIN<\/p>\n","protected":false},"excerpt":{"rendered":"<div class=\"mh-excerpt\"><p>Cristina Iglesias y su hija Ada estaban siendo buscadas desde el jueves. Los restos se hallaron en el fondo del domicilio en el que ambas viv\u00edan. El novio de la mujer fue detenido como principal <a class=\"mh-excerpt-more\" href=\"https:\/\/larevistadigital.com.ar\/blog\/terrible-encuentran-enterrados-los-cuerpos-de-una-mujer-y-su-hijita-que-estaban-desaparecidas\/\" title=\"\u00a1TERRIBLE! ENCUENTRAN ENTERRADOS LOS CUERPOS DE UNA MUJER Y SU HIJITA QUE ESTABAN DESAPARECIDAS\">[Leer M\u00e1s]<\/a><\/p>\n<\/div>","protected":false},"author":3,"featured_media":15016,"comment_status":"open","ping_status":"open","sticky":false,"template":"","format":"standard","meta":{"_jetpack_memberships_contains_paid_content":false,"footnotes":"","jetpack_publicize_message":"","jetpack_publicize_feature_enabled":true,"jetpack_social_post_already_shared":true,"jetpack_social_options":{"image_generator_settings":{"template":"highway","default_image_id":0,"font":"","enabled":false},"version":2}},"categories":[50,44],"tags":[],"class_list":{"0":"post-15015","1":"post","2":"type-post","3":"status-publish","4":"format-standard","5":"has-post-thumbnail","7":"category-interes-general","8":"category-policiales"},"jetpack_publicize_connections":[],"jetpack_featured_media_url":"https:\/\/i0.wp.com\/larevistadigital.com.ar\/blog\/wp-content\/uploads\/Screenshot_1-108.jpg?fit=1566%2C769&ssl=1","jetpack_sharing_enabled":true,"jetpack_shortlink":"https:\/\/wp.me\/p8qtrQ-3Ub","jetpack-related-posts":[{"id":28294,"url":"https:\/\/larevistadigital.com.ar\/blog\/horror-en-cordoba-encontraron-los-cuerpos-de-las-dos-hermanas-que-estaban-desaparecidas\/","url_meta":{"origin":15015,"position":0},"title":"HORROR EN CORDOBA: ENCONTRARON LOS CUERPOS DE LAS DOS HERMANAS QUE ESTABAN DESAPARECIDAS","author":"Alejandro Sosa Ruda","date":"4 octubre, 2022","format":false,"excerpt":"El domingo, dos j\u00f3venes, que ser\u00edan hermanos, confesaron haber asesinado y descuartizado a la presunta mam\u00e1 de ambos y quien ser\u00eda su t\u00eda. Los cuerpos fueron hallados en un pozo ubicado en la casa de las v\u00edctimas. 04 de octubre de 2022 CORDOBA -\u00a0 La Polic\u00eda y bomberos de C\u00f3rdoba\u2026","rel":"","context":"En \u00abINTERES GENERAL\u00bb","block_context":{"text":"INTERES GENERAL","link":"https:\/\/larevistadigital.com.ar\/blog\/category\/interes-general\/"},"img":{"alt_text":"","src":"https:\/\/i0.wp.com\/larevistadigital.com.ar\/blog\/wp-content\/uploads\/O57IY5KDTNCOLGJCNT27U2BU7I.jpg?fit=1200%2C793&ssl=1&resize=350%2C200","width":350,"height":200,"srcset":"https:\/\/i0.wp.com\/larevistadigital.com.ar\/blog\/wp-content\/uploads\/O57IY5KDTNCOLGJCNT27U2BU7I.jpg?fit=1200%2C793&ssl=1&resize=350%2C200 1x, https:\/\/i0.wp.com\/larevistadigital.com.ar\/blog\/wp-content\/uploads\/O57IY5KDTNCOLGJCNT27U2BU7I.jpg?fit=1200%2C793&ssl=1&resize=525%2C300 1.5x, https:\/\/i0.wp.com\/larevistadigital.com.ar\/blog\/wp-content\/uploads\/O57IY5KDTNCOLGJCNT27U2BU7I.jpg?fit=1200%2C793&ssl=1&resize=700%2C400 2x, https:\/\/i0.wp.com\/larevistadigital.com.ar\/blog\/wp-content\/uploads\/O57IY5KDTNCOLGJCNT27U2BU7I.jpg?fit=1200%2C793&ssl=1&resize=1050%2C600 3x"},"classes":[]},{"id":3743,"url":"https:\/\/larevistadigital.com.ar\/blog\/juez-dejo-libertad-al-acusado-del-crimen-abril-habia-tenido-fallos-similares\/","url_meta":{"origin":15015,"position":1},"title":"JUEZ QUE DEJ\u00d3 EN LIBERTAD AL ACUSADO DEL CRIMEN DE ABRIL HAB\u00cdA TENIDO FALLOS SIMILARES","author":"Alejandro Sosa Ruda","date":"7 noviembre, 2017","format":false,"excerpt":"Al menos en dos oportunidades juez Nicol\u00e1s Villafa\u00f1e hab\u00eda otorgado beneficios a delincuentes que terminaron matando Jos\u00e9 Nicolas Villafa\u00f1e, el magistrado del Juzgado de Ejecuci\u00f3n Penal n\u00b02 de La Plata que le hab\u00eda otorgado la libertad condicional a\u00a0Jos\u00e9 Edgardo Echegaray, alias \"Pepito\", el responsable de matar en la madrugada del\u2026","rel":"","context":"En \u00abDESTACADAS\u00bb","block_context":{"text":"DESTACADAS","link":"https:\/\/larevistadigital.com.ar\/blog\/category\/destacadas\/"},"img":{"alt_text":"","src":"https:\/\/i0.wp.com\/larevistadigital.com.ar\/blog\/wp-content\/uploads\/2017\/11\/1483996949614.jpg?fit=650%2C364&ssl=1&resize=350%2C200","width":350,"height":200,"srcset":"https:\/\/i0.wp.com\/larevistadigital.com.ar\/blog\/wp-content\/uploads\/2017\/11\/1483996949614.jpg?fit=650%2C364&ssl=1&resize=350%2C200 1x, https:\/\/i0.wp.com\/larevistadigital.com.ar\/blog\/wp-content\/uploads\/2017\/11\/1483996949614.jpg?fit=650%2C364&ssl=1&resize=525%2C300 1.5x"},"classes":[]},{"id":41623,"url":"https:\/\/larevistadigital.com.ar\/blog\/florencio-varela-identifican-los-cuerpos-y-confirman-que-son-de-las-3-chicas-desaparecidas-en-la-matanza\/","url_meta":{"origin":15015,"position":2},"title":"Florencio Varela: Identifican los cuerpos y confirman que son de las 3 chicas desaparecidas en La Matanza","author":"Alejandro Sosa Ruda","date":"24 septiembre, 2025","format":false,"excerpt":"Los peritos de la Polic\u00eda Bonaerense confirmaron que se trata de Morena Verri, Brenda Loreley Del Castilloy Lara Morena Guti\u00e9rrez. En un operativo de gran despliegue, que se extendi\u00f3 por m\u00e1s de 12 horas, llevado adelante en una casa del barrio Mayol, en Florencio Varela, la polic\u00eda encontr\u00f3 descuartizados de\u2026","rel":"","context":"En \u00abINTERES GENERAL\u00bb","block_context":{"text":"INTERES GENERAL","link":"https:\/\/larevistadigital.com.ar\/blog\/category\/interes-general\/"},"img":{"alt_text":"","src":"https:\/\/i0.wp.com\/larevistadigital.com.ar\/blog\/wp-content\/uploads\/20250924121812_casa-horror-florencio-varela-desaparecidas-la-matanza.jpg?fit=880%2C512&ssl=1&resize=350%2C200","width":350,"height":200,"srcset":"https:\/\/i0.wp.com\/larevistadigital.com.ar\/blog\/wp-content\/uploads\/20250924121812_casa-horror-florencio-varela-desaparecidas-la-matanza.jpg?fit=880%2C512&ssl=1&resize=350%2C200 1x, https:\/\/i0.wp.com\/larevistadigital.com.ar\/blog\/wp-content\/uploads\/20250924121812_casa-horror-florencio-varela-desaparecidas-la-matanza.jpg?fit=880%2C512&ssl=1&resize=525%2C300 1.5x, https:\/\/i0.wp.com\/larevistadigital.com.ar\/blog\/wp-content\/uploads\/20250924121812_casa-horror-florencio-varela-desaparecidas-la-matanza.jpg?fit=880%2C512&ssl=1&resize=700%2C400 2x"},"classes":[]},{"id":19160,"url":"https:\/\/larevistadigital.com.ar\/blog\/madariaga-un-policia-asesino-a-una-mujer-de-41-anos-y-se-suicido\/","url_meta":{"origin":15015,"position":3},"title":"MADARIAGA: UN POLIC\u00cdA ASESIN\u00d3 A UNA MUJER DE 41 A\u00d1OS Y SE SUICID\u00d3","author":"Alejandro Sosa Ruda","date":"4 marzo, 2021","format":false,"excerpt":"Ocurri\u00f3 en durante la madrugada de este mi\u00e9rcoles. La v\u00edctima fue identificada como Graciela Noem\u00ed Funes. Su cuerpo fue hallado con un disparo en la cabeza junto al del presunto autor del femicidio, Franco Mauricio Torres. Una mujer de 41 a\u00f1os fue asesinada este mi\u00e9rcoles a la madrugada por un\u2026","rel":"","context":"En \u00abPOLICIALES\u00bb","block_context":{"text":"POLICIALES","link":"https:\/\/larevistadigital.com.ar\/blog\/category\/policiales\/"},"img":{"alt_text":"","src":"https:\/\/i0.wp.com\/larevistadigital.com.ar\/blog\/wp-content\/uploads\/Captura-21.png?fit=1003%2C560&ssl=1&resize=350%2C200","width":350,"height":200,"srcset":"https:\/\/i0.wp.com\/larevistadigital.com.ar\/blog\/wp-content\/uploads\/Captura-21.png?fit=1003%2C560&ssl=1&resize=350%2C200 1x, https:\/\/i0.wp.com\/larevistadigital.com.ar\/blog\/wp-content\/uploads\/Captura-21.png?fit=1003%2C560&ssl=1&resize=525%2C300 1.5x, https:\/\/i0.wp.com\/larevistadigital.com.ar\/blog\/wp-content\/uploads\/Captura-21.png?fit=1003%2C560&ssl=1&resize=700%2C400 2x"},"classes":[]},{"id":22865,"url":"https:\/\/larevistadigital.com.ar\/blog\/rescatan-a-una-marplatense-y-su-hija-que-permanecian-cautivas-desde-2018\/","url_meta":{"origin":15015,"position":4},"title":"RESCATAN A UNA MARPLATENSE Y SU HIJA QUE PERMANEC\u00cdAN CAUTIVAS DESDE 2018","author":"Alejandro Sosa Ruda","date":"5 diciembre, 2021","format":false,"excerpt":"La v\u00edctima de 38 a\u00f1os y su hija de 14 fueron halladas en una vivienda de la localidad platense de Abasto tras pedir auxilio\u00a0por permanece privadas de su libertad. Un espeluznante hecho vivieron desde el 2018\u00a0una marplatense de 38 a\u00f1os y su hija de 14\u00a0que fueron\u00a0rescatadas\u00a0por efectivos de la polic\u00eda\u2026","rel":"","context":"En \u00abPOLICIALES\u00bb","block_context":{"text":"POLICIALES","link":"https:\/\/larevistadigital.com.ar\/blog\/category\/policiales\/"},"img":{"alt_text":"","src":"https:\/\/i0.wp.com\/larevistadigital.com.ar\/blog\/wp-content\/uploads\/Captura-de-pantalla-2021-12-05-172847.jpg?fit=935%2C530&ssl=1&resize=350%2C200","width":350,"height":200,"srcset":"https:\/\/i0.wp.com\/larevistadigital.com.ar\/blog\/wp-content\/uploads\/Captura-de-pantalla-2021-12-05-172847.jpg?fit=935%2C530&ssl=1&resize=350%2C200 1x, https:\/\/i0.wp.com\/larevistadigital.com.ar\/blog\/wp-content\/uploads\/Captura-de-pantalla-2021-12-05-172847.jpg?fit=935%2C530&ssl=1&resize=525%2C300 1.5x, https:\/\/i0.wp.com\/larevistadigital.com.ar\/blog\/wp-content\/uploads\/Captura-de-pantalla-2021-12-05-172847.jpg?fit=935%2C530&ssl=1&resize=700%2C400 2x"},"classes":[]},{"id":39882,"url":"https:\/\/larevistadigital.com.ar\/blog\/detienen-a-una-mujer-que-al-intentar-suicidarse-termino-matando-a-su-hija-de-dos-anos\/","url_meta":{"origin":15015,"position":5},"title":"Detienen a una mujer que al intentar suicidarse, termin\u00f3 matando a su hija de dos a\u00f1os","author":"Alejandro Sosa Ruda","date":"25 mayo, 2025","format":false,"excerpt":"Una mujer de 35 a\u00f1os fue arrestada en Coronel Su\u00e1rez, acusada del asesinato de su hija de apenas dos a\u00f1os. El tr\u00e1gico episodio ocurri\u00f3 en una vivienda de esa ciudad del sudoeste bonaerense, y la causa fue calificada como \"homicidio agravado por el v\u00ednculo\". 25 de Mayo de 2025 CORONEL\u2026","rel":"","context":"En \u00abPOLICIALES\u00bb","block_context":{"text":"POLICIALES","link":"https:\/\/larevistadigital.com.ar\/blog\/category\/policiales\/"},"img":{"alt_text":"","src":"https:\/\/i0.wp.com\/larevistadigital.com.ar\/blog\/wp-content\/uploads\/20250524160450_coronel-suarez-intento-suicidio.jpg?fit=880%2C512&ssl=1&resize=350%2C200","width":350,"height":200,"srcset":"https:\/\/i0.wp.com\/larevistadigital.com.ar\/blog\/wp-content\/uploads\/20250524160450_coronel-suarez-intento-suicidio.jpg?fit=880%2C512&ssl=1&resize=350%2C200 1x, https:\/\/i0.wp.com\/larevistadigital.com.ar\/blog\/wp-content\/uploads\/20250524160450_coronel-suarez-intento-suicidio.jpg?fit=880%2C512&ssl=1&resize=525%2C300 1.5x, https:\/\/i0.wp.com\/larevistadigital.com.ar\/blog\/wp-content\/uploads\/20250524160450_coronel-suarez-intento-suicidio.jpg?fit=880%2C512&ssl=1&resize=700%2C400 2x"},"classes":[]}],"_links":{"self":[{"href":"https:\/\/larevistadigital.com.ar\/blog\/wp-json\/wp\/v2\/posts\/15015","targetHints":{"allow":["GET"]}}],"collection":[{"href":"https:\/\/larevistadigital.com.ar\/blog\/wp-json\/wp\/v2\/posts"}],"about":[{"href":"https:\/\/larevistadigital.com.ar\/blog\/wp-json\/wp\/v2\/types\/post"}],"author":[{"embeddable":true,"href":"https:\/\/larevistadigital.com.ar\/blog\/wp-json\/wp\/v2\/users\/3"}],"replies":[{"embeddable":true,"href":"https:\/\/larevistadigital.com.ar\/blog\/wp-json\/wp\/v2\/comments?post=15015"}],"version-history":[{"count":1,"href":"https:\/\/larevistadigital.com.ar\/blog\/wp-json\/wp\/v2\/posts\/15015\/revisions"}],"predecessor-version":[{"id":15017,"href":"https:\/\/larevistadigital.com.ar\/blog\/wp-json\/wp\/v2\/posts\/15015\/revisions\/15017"}],"wp:featuredmedia":[{"embeddable":true,"href":"https:\/\/larevistadigital.com.ar\/blog\/wp-json\/wp\/v2\/media\/15016"}],"wp:attachment":[{"href":"https:\/\/larevistadigital.com.ar\/blog\/wp-json\/wp\/v2\/media?parent=15015"}],"wp:term":[{"taxonomy":"category","embeddable":true,"href":"https:\/\/larevistadigital.com.ar\/blog\/wp-json\/wp\/v2\/categories?post=15015"},{"taxonomy":"post_tag","embeddable":true,"href":"https:\/\/larevistadigital.com.ar\/blog\/wp-json\/wp\/v2\/tags?post=15015"}],"curies":[{"name":"wp","href":"https:\/\/api.w.org\/{rel}","templated":true}]}}