{"id":15020,"date":"2020-03-30T19:48:36","date_gmt":"2020-03-30T19:48:36","guid":{"rendered":"https:\/\/larevistadigital.com.ar\/blog\/?p=15020"},"modified":"2020-03-30T19:48:36","modified_gmt":"2020-03-30T19:48:36","slug":"chascomus-comunicado-de-la-camara-de-comercio-ante-la-pandemia-y-sus-consecuencias","status":"publish","type":"post","link":"https:\/\/larevistadigital.com.ar\/blog\/chascomus-comunicado-de-la-camara-de-comercio-ante-la-pandemia-y-sus-consecuencias\/","title":{"rendered":"CHASCOM\u00daS: COMUNICADO DE LA C\u00c1MARA DE COMERCIO ANTE LA PANDEMIA Y SUS CONSECUENCIAS"},"content":{"rendered":"<p>Visto las medidas econ\u00f3micas que se han dado a conocer hasta el momento, no contemplan o lo hacen de modo muy parcial la problem\u00e1tica de las PYME, comerciales, industriales y de servicios, considerando la mayor parte de las actividades catalogadas como no esenciales han cerrado sus puertas desde el primer d\u00eda de cuarentena y consecuentemente no han generado ingresos desde dicha fecha, y las que han continuado con actividad han visto sustancialmente disminuidos sus niveles de facturaci\u00f3n, es imposible hacer frente a obligaciones salariales, impositivas ,proveedores y financieras.<\/p>\n<p>Esta situaci\u00f3n generado por las razones de p\u00fablico conocimiento viene a sumarse al proceso recesivo en que se haya la econom\u00eda desde principios de 2018, entrando en su tercer a\u00f1o, una circunstancia in\u00e9dita para nuestro pa\u00eds por su duraci\u00f3n y con contados antecedentes a nivel mundial.<br \/>\nPor tal motivo se solicita la aplicaci\u00f3n de una serie de medidas tendientes a superar este dif\u00edcil momento.<\/p>\n<p><strong>1) Que el Estado Nacional v\u00eda ANSES se haga cargo del pago del 70% del salario de las pymes que han sido catalogadas como no esenciales, y de aquellas que lo son el 50% de los mismos.<\/strong><\/p>\n<p><strong>2) Suspensi\u00f3n de pago de Cuota de Monotributo, Impuestos al Valor Agregado, Ingresos Brutos y Ganancias por los per\u00edodos cuyo vencimiento opere durante la suspensi\u00f3n de actividades.<\/strong><\/p>\n<p><strong>3) Una vez reanudada la actividad se ampl\u00ede la moratoria de Afip y de impuestos provinciales vigente permitiendo incluir obligaciones vencidas hasta dicha fecha.<\/strong><\/p>\n<p><strong>4) La suspensi\u00f3n de pago de planes vigentes de moratorias en los 3 niveles estatales, y sumado a intereses, multas y dem\u00e1s medidas<\/strong><\/p>\n<p><strong>5) Que se elimine los componentes impositivos, de tasas provinciales y municipales de las facturas de servicios p\u00fablicos.<\/strong><\/p>\n<p><strong>6) La pr\u00f3rroga de plazos de vencimientos de cr\u00e9ditos de distinta \u00edndole, como tambi\u00e9n de los pagos de Tarjeta de Cr\u00e9dito, por un <\/strong><strong>periodo de 180 d\u00edas o hasta que la actividad econ\u00f3mica d\u00e9 signos positivos de reactivaci\u00f3n<\/strong><\/p>\n<p><strong>7) Suspensi\u00f3n de operaciones de clearing, manteniendo las transferencias por medios electr\u00f3nicos para las actividades esenciales. Una vez reanudada la actividad se establezca un plazo de gracia de 30 d\u00edas para cubrir los cheques emitidos en el per\u00edodo de cuarentena sumados al plazo transcurrido entre el 20 de Marzo de 2020 y la fecha de emisi\u00f3n del cheque sin intereses. <\/strong><\/p>\n<p><strong>8) Establecer un mecanismo de refinanciaci\u00f3n de pasivos bancarios y nuevas l\u00edneas de cr\u00e9dito a tasas razonables y plazos amplios de 3 a 10 a\u00f1os para recomponer la solvencia financiera de Pymes que como se se\u00f1al\u00f3 vienen arrastrando en los \u00faltimos a\u00f1os costos financieros de usura de 20 \u00f3 30 puntos sobre la inflaci\u00f3n en un contexto recesivo que han diezmado su capital de trabajo y ahora ven sumada esta situaci\u00f3n.<\/strong><\/p>\n<p>Entendemos y apoyamos la prioridad en cuidar la salud de la poblaci\u00f3n en primer t\u00e9rmino y que estas medidas van a tener un elevado costo fiscal y en t\u00e9rminos de inflaci\u00f3n pero no tomarlas provocar\u00e1n la destrucci\u00f3n de miles de Pymes , el sustento de empleados y sus propietarios y familias, solicitamos tambi\u00e9n el estado en sus 3 niveles tenga un gesto hacia la sociedad reduciendo gastos no esenciales y remuneraciones de los escalafones m\u00e1s altos.<\/p>\n","protected":false},"excerpt":{"rendered":"<div class=\"mh-excerpt\"><p>Visto las medidas econ\u00f3micas que se han dado a conocer hasta el momento, no contemplan o lo hacen de modo muy parcial la problem\u00e1tica de las PYME, comerciales, industriales y de servicios, considerando la mayor <a class=\"mh-excerpt-more\" href=\"https:\/\/larevistadigital.com.ar\/blog\/chascomus-comunicado-de-la-camara-de-comercio-ante-la-pandemia-y-sus-consecuencias\/\" title=\"CHASCOM\u00daS: COMUNICADO DE LA C\u00c1MARA DE COMERCIO ANTE LA PANDEMIA Y SUS CONSECUENCIAS\">[Leer M\u00e1s]<\/a><\/p>\n<\/div>","protected":false},"author":3,"featured_media":15021,"comment_status":"open","ping_status":"open","sticky":false,"template":"","format":"standard","meta":{"_jetpack_memberships_contains_paid_content":false,"footnotes":"","jetpack_publicize_message":"","jetpack_publicize_feature_enabled":true,"jetpack_social_post_already_shared":true,"jetpack_social_options":{"image_generator_settings":{"template":"highway","default_image_id":0,"font":"","enabled":false},"version":2}},"categories":[6],"tags":[],"class_list":{"0":"post-15020","1":"post","2":"type-post","3":"status-publish","4":"format-standard","5":"has-post-thumbnail","7":"category-chascomus"},"jetpack_publicize_connections":[],"jetpack_featured_media_url":"https:\/\/i0.wp.com\/larevistadigital.com.ar\/blog\/wp-content\/uploads\/WhatsApp-Image-2020-03-30-at-16.33.14.jpeg?fit=1146%2C401&ssl=1","jetpack_sharing_enabled":true,"jetpack_shortlink":"https:\/\/wp.me\/p8qtrQ-3Ug","jetpack-related-posts":[{"id":12525,"url":"https:\/\/larevistadigital.com.ar\/blog\/vidal-planea-viajar-a-chascomus-a-visitar-las-obras-que-se-financiaron-desde-provincia\/","url_meta":{"origin":15020,"position":0},"title":"\u00bfVIDAL PLANEA VIAJAR A CHASCOM\u00daS A VISITAR LAS OBRAS QUE SE FINANCIARON DESDE PROVINCIA?","author":"Alejandro Sosa Ruda","date":"9 octubre, 2019","format":false,"excerpt":"De acuerdo a informaci\u00f3n que nos hacen llegar desde provincia, la Gobernadora Mar\u00eda Eugenia Vidal estar\u00eda por visitar la ciudad de Chascom\u00fas, donde no solo realizar\u00eda algunas actividades de campa\u00f1a, sino que adem\u00e1s tendr\u00eda la idea de visitar las distintas obras que se han realizado en la ciudad con fondos\u2026","rel":"","context":"En \u00abDESTACADAS\u00bb","block_context":{"text":"DESTACADAS","link":"https:\/\/larevistadigital.com.ar\/blog\/category\/destacadas\/"},"img":{"alt_text":"","src":"https:\/\/i0.wp.com\/larevistadigital.com.ar\/blog\/wp-content\/uploads\/vidal-eval%C3%BAa-medidas-para-acompa%C3%B1ar-los-anuncios-de-naci%C3%B3n.jpg?fit=1200%2C1040&ssl=1&resize=350%2C200","width":350,"height":200,"srcset":"https:\/\/i0.wp.com\/larevistadigital.com.ar\/blog\/wp-content\/uploads\/vidal-eval%C3%BAa-medidas-para-acompa%C3%B1ar-los-anuncios-de-naci%C3%B3n.jpg?fit=1200%2C1040&ssl=1&resize=350%2C200 1x, https:\/\/i0.wp.com\/larevistadigital.com.ar\/blog\/wp-content\/uploads\/vidal-eval%C3%BAa-medidas-para-acompa%C3%B1ar-los-anuncios-de-naci%C3%B3n.jpg?fit=1200%2C1040&ssl=1&resize=525%2C300 1.5x, https:\/\/i0.wp.com\/larevistadigital.com.ar\/blog\/wp-content\/uploads\/vidal-eval%C3%BAa-medidas-para-acompa%C3%B1ar-los-anuncios-de-naci%C3%B3n.jpg?fit=1200%2C1040&ssl=1&resize=700%2C400 2x, https:\/\/i0.wp.com\/larevistadigital.com.ar\/blog\/wp-content\/uploads\/vidal-eval%C3%BAa-medidas-para-acompa%C3%B1ar-los-anuncios-de-naci%C3%B3n.jpg?fit=1200%2C1040&ssl=1&resize=1050%2C600 3x"},"classes":[]},{"id":15310,"url":"https:\/\/larevistadigital.com.ar\/blog\/la-cicop-chascomus-emitio-un-duro-comunicado\/","url_meta":{"origin":15020,"position":1},"title":"LA CICOP CHASCOM\u00daS EMITI\u00d3 UN DURO COMUNICADO","author":"Alejandro Sosa Ruda","date":"25 mayo, 2020","format":false,"excerpt":"La Cicop Chascom\u00fas, emiti\u00f3 un duro comunicado en donde habla de la situaci\u00f3n y fija su opini\u00f3n. Aqu\u00ed lo reproducimos. En solidaridad con nuestros compa\u00f1eros. A lo largo de todas estas semanas hemos ido comunicando nuestros aportes y reclamos ante la presente situaci\u00f3n de pandemia en lo que respecta al\u2026","rel":"","context":"En \u00abINTERES GENERAL\u00bb","block_context":{"text":"INTERES GENERAL","link":"https:\/\/larevistadigital.com.ar\/blog\/category\/interes-general\/"},"img":{"alt_text":"","src":"https:\/\/i0.wp.com\/larevistadigital.com.ar\/blog\/wp-content\/uploads\/2017\/09\/CICOP.jpg?fit=960%2C720&ssl=1&resize=350%2C200","width":350,"height":200,"srcset":"https:\/\/i0.wp.com\/larevistadigital.com.ar\/blog\/wp-content\/uploads\/2017\/09\/CICOP.jpg?fit=960%2C720&ssl=1&resize=350%2C200 1x, https:\/\/i0.wp.com\/larevistadigital.com.ar\/blog\/wp-content\/uploads\/2017\/09\/CICOP.jpg?fit=960%2C720&ssl=1&resize=525%2C300 1.5x, https:\/\/i0.wp.com\/larevistadigital.com.ar\/blog\/wp-content\/uploads\/2017\/09\/CICOP.jpg?fit=960%2C720&ssl=1&resize=700%2C400 2x"},"classes":[]},{"id":16870,"url":"https:\/\/larevistadigital.com.ar\/blog\/chascomus-los-vecinos-del-barrio-san-cayetano-cortan-el-acceso-a-la-ciudad\/","url_meta":{"origin":15020,"position":2},"title":"CHASCOM\u00daS. LOS VECINOS DEL BARRIO SAN CAYETANO CORTAN EL ACCESO A LA CIUDAD","author":"Alejandro Sosa Ruda","date":"9 octubre, 2020","format":false,"excerpt":"Tal como lo hab\u00edan anunciado, los vecinos autoconvocados del barrio San Cayetano volvieron a cortar el acceso a la ciudad, y lo har\u00e1n de nuevo ma\u00f1ana s\u00e1bado 10 de octubre desde las 10 de la ma\u00f1ana, ante la falta de respuestas del gobierno local. Respecto precisamente del gobierno local, desde\u2026","rel":"","context":"En \u00abCHASCOM\u00daS\u00bb","block_context":{"text":"CHASCOM\u00daS","link":"https:\/\/larevistadigital.com.ar\/blog\/category\/chascomus\/"},"img":{"alt_text":"","src":"https:\/\/i0.wp.com\/larevistadigital.com.ar\/blog\/wp-content\/uploads\/CORTE-ACCESO.jpg?fit=1000%2C790&ssl=1&resize=350%2C200","width":350,"height":200,"srcset":"https:\/\/i0.wp.com\/larevistadigital.com.ar\/blog\/wp-content\/uploads\/CORTE-ACCESO.jpg?fit=1000%2C790&ssl=1&resize=350%2C200 1x, https:\/\/i0.wp.com\/larevistadigital.com.ar\/blog\/wp-content\/uploads\/CORTE-ACCESO.jpg?fit=1000%2C790&ssl=1&resize=525%2C300 1.5x, https:\/\/i0.wp.com\/larevistadigital.com.ar\/blog\/wp-content\/uploads\/CORTE-ACCESO.jpg?fit=1000%2C790&ssl=1&resize=700%2C400 2x"},"classes":[]},{"id":2132,"url":"https:\/\/larevistadigital.com.ar\/blog\/comunicado-ucr-chascomus\/","url_meta":{"origin":15020,"position":3},"title":"COMUNICADO UCR CHASCOMUS","author":"Alejandro Sosa Ruda","date":"26 abril, 2017","format":false,"excerpt":"Desde el Boloque de concejales de UCR-Cambiemos de Chascom\u00fas nos hicieron llegar el siguiente comunicado. \u00a0 INS\u00d3LITO: LOS CONCEJALES DEL \u201cCHAPA\u201d GAST\u00d3N IMPIDEN EL TRATAMIENTO DEL PRESUPUESTO \u00a0 Nunca en la historia de los 135 distritos de la Provincia de Buenos Aires, los concejales oficialistas se opusieron al tratamiento de\u2026","rel":"","context":"En \u00abCHASCOM\u00daS\u00bb","block_context":{"text":"CHASCOM\u00daS","link":"https:\/\/larevistadigital.com.ar\/blog\/category\/chascomus\/"},"img":{"alt_text":"","src":"https:\/\/i0.wp.com\/larevistadigital.com.ar\/blog\/wp-content\/uploads\/2017\/04\/11028007_733884126732360_7999233073238367143_n.jpg?fit=650%2C488&ssl=1&resize=350%2C200","width":350,"height":200,"srcset":"https:\/\/i0.wp.com\/larevistadigital.com.ar\/blog\/wp-content\/uploads\/2017\/04\/11028007_733884126732360_7999233073238367143_n.jpg?fit=650%2C488&ssl=1&resize=350%2C200 1x, https:\/\/i0.wp.com\/larevistadigital.com.ar\/blog\/wp-content\/uploads\/2017\/04\/11028007_733884126732360_7999233073238367143_n.jpg?fit=650%2C488&ssl=1&resize=525%2C300 1.5x"},"classes":[]},{"id":40762,"url":"https:\/\/larevistadigital.com.ar\/blog\/desde-este-miercoles-chascomus-participara-en-las-rondas-de-negocios-de-meet-up-argentina\/","url_meta":{"origin":15020,"position":4},"title":"Desde este mi\u00e9rcoles Chascom\u00fas participar\u00e1 en las Rondas de Negocios de MEET UP Argentina","author":"Alejandro Sosa Ruda","date":"5 agosto, 2025","format":false,"excerpt":"Sin lugar a dudas es el encuentro m\u00e1s importante de la industria del Turismo de Reuniones en el pa\u00eds y nuestra ciudad ofrecer\u00e1 sus servicios. 05 de Agosto de 2025 CHASCOM\u00daS -\u00a0 \u00a0En las jornadas de este mi\u00e9rcoles 6 y jueves 7 de agosto, referentes del \u00e1rea de Turismo de\u2026","rel":"","context":"En \u00abCHASCOM\u00daS\u00bb","block_context":{"text":"CHASCOM\u00daS","link":"https:\/\/larevistadigital.com.ar\/blog\/category\/chascomus\/"},"img":{"alt_text":"","src":"https:\/\/i0.wp.com\/larevistadigital.com.ar\/blog\/wp-content\/uploads\/689233ce776d6.png?fit=668%2C445&ssl=1&resize=350%2C200","width":350,"height":200,"srcset":"https:\/\/i0.wp.com\/larevistadigital.com.ar\/blog\/wp-content\/uploads\/689233ce776d6.png?fit=668%2C445&ssl=1&resize=350%2C200 1x, https:\/\/i0.wp.com\/larevistadigital.com.ar\/blog\/wp-content\/uploads\/689233ce776d6.png?fit=668%2C445&ssl=1&resize=525%2C300 1.5x"},"classes":[]},{"id":12688,"url":"https:\/\/larevistadigital.com.ar\/blog\/malestar-en-el-massismo-porque-unidad-por-chascomus-esconde-visita-de-massa-el-sabado-a-chascomus\/","url_meta":{"origin":15020,"position":5},"title":"MALESTAR EN EL MASSISMO PORQUE UNIDAD POR CHASCOM\u00daS ESCONDE VISITA DE MASSA EL S\u00c1BADO A CHASCOM\u00daS","author":"Alejandro Sosa Ruda","date":"18 octubre, 2019","format":false,"excerpt":"Fuentes del equipo del primer candidato a diputado nacional por el Frente de Todos, Sergio Massa\u00a0 nos comentaron su \"malestar\" porque desde el oficialismo chascomunense que encabeza Javier Gast\u00f3n, han mantenido deliberadamente \"oculto\" que el l\u00edder del Frente Renovador visitar\u00e1 la ciudad de Chascom\u00fas el pr\u00f3ximo s\u00e1bado. No se inform\u00f3\u2026","rel":"","context":"En \u00abDESTACADAS\u00bb","block_context":{"text":"DESTACADAS","link":"https:\/\/larevistadigital.com.ar\/blog\/category\/destacadas\/"},"img":{"alt_text":"","src":"https:\/\/i0.wp.com\/larevistadigital.com.ar\/blog\/wp-content\/uploads\/boca-cerrada.jpg?fit=700%2C524&ssl=1&resize=350%2C200","width":350,"height":200,"srcset":"https:\/\/i0.wp.com\/larevistadigital.com.ar\/blog\/wp-content\/uploads\/boca-cerrada.jpg?fit=700%2C524&ssl=1&resize=350%2C200 1x, https:\/\/i0.wp.com\/larevistadigital.com.ar\/blog\/wp-content\/uploads\/boca-cerrada.jpg?fit=700%2C524&ssl=1&resize=525%2C300 1.5x, https:\/\/i0.wp.com\/larevistadigital.com.ar\/blog\/wp-content\/uploads\/boca-cerrada.jpg?fit=700%2C524&ssl=1&resize=700%2C400 2x"},"classes":[]}],"_links":{"self":[{"href":"https:\/\/larevistadigital.com.ar\/blog\/wp-json\/wp\/v2\/posts\/15020","targetHints":{"allow":["GET"]}}],"collection":[{"href":"https:\/\/larevistadigital.com.ar\/blog\/wp-json\/wp\/v2\/posts"}],"about":[{"href":"https:\/\/larevistadigital.com.ar\/blog\/wp-json\/wp\/v2\/types\/post"}],"author":[{"embeddable":true,"href":"https:\/\/larevistadigital.com.ar\/blog\/wp-json\/wp\/v2\/users\/3"}],"replies":[{"embeddable":true,"href":"https:\/\/larevistadigital.com.ar\/blog\/wp-json\/wp\/v2\/comments?post=15020"}],"version-history":[{"count":1,"href":"https:\/\/larevistadigital.com.ar\/blog\/wp-json\/wp\/v2\/posts\/15020\/revisions"}],"predecessor-version":[{"id":15022,"href":"https:\/\/larevistadigital.com.ar\/blog\/wp-json\/wp\/v2\/posts\/15020\/revisions\/15022"}],"wp:featuredmedia":[{"embeddable":true,"href":"https:\/\/larevistadigital.com.ar\/blog\/wp-json\/wp\/v2\/media\/15021"}],"wp:attachment":[{"href":"https:\/\/larevistadigital.com.ar\/blog\/wp-json\/wp\/v2\/media?parent=15020"}],"wp:term":[{"taxonomy":"category","embeddable":true,"href":"https:\/\/larevistadigital.com.ar\/blog\/wp-json\/wp\/v2\/categories?post=15020"},{"taxonomy":"post_tag","embeddable":true,"href":"https:\/\/larevistadigital.com.ar\/blog\/wp-json\/wp\/v2\/tags?post=15020"}],"curies":[{"name":"wp","href":"https:\/\/api.w.org\/{rel}","templated":true}]}}