{"id":15136,"date":"2020-05-08T02:37:37","date_gmt":"2020-05-08T02:37:37","guid":{"rendered":"https:\/\/larevistadigital.com.ar\/blog\/?p=15136"},"modified":"2020-05-08T02:37:37","modified_gmt":"2020-05-08T02:37:37","slug":"santiago-muscarello-seria-el-proximo-jefe-designado-de-anses-chascomus","status":"publish","type":"post","link":"https:\/\/larevistadigital.com.ar\/blog\/santiago-muscarello-seria-el-proximo-jefe-designado-de-anses-chascomus\/","title":{"rendered":"SANTIAGO MUSCARELLO SER\u00cdA EL PR\u00d3XIMO JEFE DESIGNADO DE ANSES CHASCOM\u00daS"},"content":{"rendered":"<p>Luego de las escaramuzas protagonizadas por distintos actores del peronismo, agrupados en el \u00abFrente de Todos\u00bb, y en los distintos distritos a la hora de repartir los cargos en las distintas oficinas p\u00fablicas como PAMI, ANS\u00c9S, DESARROLLO SOCIAL, TRABAJO, etc. parece que las cosas se van definiendo, no sin dejar heridos en el camino y algunas rupturas.<\/p>\n<p>As\u00ed por ejemplo, est\u00e1 el caso de Lezama, donde se rompieron las relaciones entre el sector que encabeza <strong>Marcelo Raciatti<\/strong>, y el de <strong>Ayel\u00e9n Cuello<\/strong>, quien hizo el anuncio por las redes sociales. Entre otras cosas, Cuello manifest\u00f3 que <em><strong>\u201choy no podemos mirar para otro lado ante las reiteradas faltas de respeto para con la militancia en general, la ruptura de acuerdos y la falta de concepci\u00f3n en la proyecci\u00f3n de los que necesitamos como fuerza pol\u00edtica\u201d.<\/strong><\/em><\/p>\n<blockquote>\n<h3><strong>En el portal Chascom\u00fas Ciudad, se afirma que \u00abObservadores locales aseguran que todo comenz\u00f3 no mucho tiempo atr\u00e1s, ante la designaci\u00f3n de la camporista y maestra jardinera\u00a0Carolina Kolkowski\u00a0al frente del PAMI local, y la casi segura designaci\u00f3n del actual concejal\u00a0Nicol\u00e1s Hamacher -quien responde a Racciatti- en la ANSeS de Lezama\u00bb.<\/strong><\/h3>\n<\/blockquote>\n<p>De esta forma, qued\u00f3 al descubierto el acuerdo entre el diputado\u00a0<strong>Jos\u00e9 Ignacio \u201cCote\u201d Rossi<\/strong>\u00a0y el exintendente, quien previamente logro colocar como \u201cdirectora asociada\u201d en la UPA de esa localidad a su esposa, la odont\u00f3loga\u00a0<strong>Virginia Rosende<\/strong>, dejando totalmente de lado a vastos sectores del peronismo lugare\u00f1o, manifiesta el mismo portal.<\/p>\n<p><strong>La Revista Digital<\/strong>, tuvo acceso a fuentes inobjetables dentro de la estructura de ANSES, que nos han informado que se habr\u00eda elegido al ex Secretario de Seguridad<strong> Santiago Muscarello<\/strong> para cumplir las funciones de Jefe de la oficina de Chascom\u00fas.<\/p>\n<blockquote>\n<h3>El puesto, estaba cubierto de manera interina, y se dilat\u00f3 la elecci\u00f3n del titular de la oficina, por la l\u00f3gica puja pol\u00edtica entre distintos sectores de la coalici\u00f3n que gan\u00f3 los comicios, ya que cada uno, internamente ten\u00eda su candidato.<\/h3>\n<\/blockquote>\n<p>Varios eran los nombres en danza, como el mismo <strong>Muscarello<\/strong>, <strong>Alfredo Machin<\/strong>, dirigente camporista y otros m\u00e1s. Finalmente, la balanza se habr\u00eda inclinado por<strong> Muscarello<\/strong>, quien adem\u00e1s estuvo bien visto por el intendente <strong>Gast\u00f3n<\/strong> por la gesti\u00f3n que llev\u00f3 a cabo en la cartera de Seguridad.<\/p>\n<p>Solo resta saber si el resto de los interesados aceptar\u00eda esta resoluci\u00f3n, o la sangre llega al r\u00edo como en otras localidades.<\/p>\n<p>&nbsp;<\/p>\n<p>&nbsp;<\/p>\n<p>&nbsp;<\/p>\n","protected":false},"excerpt":{"rendered":"<div class=\"mh-excerpt\"><p>Luego de las escaramuzas protagonizadas por distintos actores del peronismo, agrupados en el \u00abFrente de Todos\u00bb, y en los distintos distritos a la hora de repartir los cargos en las distintas oficinas p\u00fablicas como PAMI, <a class=\"mh-excerpt-more\" href=\"https:\/\/larevistadigital.com.ar\/blog\/santiago-muscarello-seria-el-proximo-jefe-designado-de-anses-chascomus\/\" title=\"SANTIAGO MUSCARELLO SER\u00cdA EL PR\u00d3XIMO JEFE DESIGNADO DE ANSES CHASCOM\u00daS\">[Leer M\u00e1s]<\/a><\/p>\n<\/div>","protected":false},"author":3,"featured_media":15137,"comment_status":"open","ping_status":"open","sticky":false,"template":"","format":"standard","meta":{"_jetpack_memberships_contains_paid_content":false,"footnotes":"","jetpack_publicize_message":"","jetpack_publicize_feature_enabled":true,"jetpack_social_post_already_shared":true,"jetpack_social_options":{"image_generator_settings":{"template":"highway","default_image_id":0,"font":"","enabled":false},"version":2}},"categories":[41,23],"tags":[],"class_list":{"0":"post-15136","1":"post","2":"type-post","3":"status-publish","4":"format-standard","5":"has-post-thumbnail","7":"category-destacadas","8":"category-politica-local"},"jetpack_publicize_connections":[],"jetpack_featured_media_url":"https:\/\/i0.wp.com\/larevistadigital.com.ar\/blog\/wp-content\/uploads\/13048224_112024182536057_8330470218689631906_o-2.jpg?fit=2048%2C1228&ssl=1","jetpack_sharing_enabled":true,"jetpack_shortlink":"https:\/\/wp.me\/p8qtrQ-3W8","jetpack-related-posts":[{"id":37708,"url":"https:\/\/larevistadigital.com.ar\/blog\/tandil-importante-reunion-de-autoridades-de-anses\/","url_meta":{"origin":15136,"position":0},"title":"Tandil: Importante reuni\u00f3n de autoridades de Anses","author":"Alejandro Sosa Ruda","date":"3 noviembre, 2024","format":false,"excerpt":"Se trat\u00f3 de un encuentro donde se trataron ideas, y estrategias para mejorar la eficiencia en la gesti\u00f3n y atenci\u00f3n a los ciudadanos. 3 de Noviembre de 2024 El d\u00eda viernes pasado se realiz\u00f3 una reuni\u00f3n de autoridades de Anses, en la ciudad de Tandil, donde estuvieron presentes el Director\u2026","rel":"","context":"En \u00abINTERES GENERAL\u00bb","block_context":{"text":"INTERES GENERAL","link":"https:\/\/larevistadigital.com.ar\/blog\/category\/interes-general\/"},"img":{"alt_text":"","src":"https:\/\/i0.wp.com\/larevistadigital.com.ar\/blog\/wp-content\/uploads\/WhatsApp-Image-2024-11-03-at-21.24.26.jpeg?fit=903%2C1200&ssl=1&resize=350%2C200","width":350,"height":200,"srcset":"https:\/\/i0.wp.com\/larevistadigital.com.ar\/blog\/wp-content\/uploads\/WhatsApp-Image-2024-11-03-at-21.24.26.jpeg?fit=903%2C1200&ssl=1&resize=350%2C200 1x, https:\/\/i0.wp.com\/larevistadigital.com.ar\/blog\/wp-content\/uploads\/WhatsApp-Image-2024-11-03-at-21.24.26.jpeg?fit=903%2C1200&ssl=1&resize=525%2C300 1.5x, https:\/\/i0.wp.com\/larevistadigital.com.ar\/blog\/wp-content\/uploads\/WhatsApp-Image-2024-11-03-at-21.24.26.jpeg?fit=903%2C1200&ssl=1&resize=700%2C400 2x"},"classes":[]},{"id":13810,"url":"https:\/\/larevistadigital.com.ar\/blog\/una-buena-decision-que-frustro-un-robo-en-las-oficinas-de-anses-chascomus\/","url_meta":{"origin":15136,"position":1},"title":"UNA BUENA DECISI\u00d3N QUE FRUSTR\u00d3 UN ROBO EN LAS OFICINAS DE ANSES CHASCOM\u00daS","author":"Alejandro Sosa Ruda","date":"24 diciembre, 2019","format":false,"excerpt":"La prevenci\u00f3n de la jefa de ANSES Chascom\u00fas, Carolina Vieira, fue el motivo por el cual delincuentes que intentaron robar las oficinas en la madrugada del s\u00e1bado, no pudieran hacerlo. Los hechos fueron entre las 12 de la noche del s\u00e1bado y la ma\u00f1ana del domingo, y los ladrones consiguieron\u2026","rel":"","context":"En \u00abCHASCOM\u00daS\u00bb","block_context":{"text":"CHASCOM\u00daS","link":"https:\/\/larevistadigital.com.ar\/blog\/category\/chascomus\/"},"img":{"alt_text":"","src":"https:\/\/i0.wp.com\/larevistadigital.com.ar\/blog\/wp-content\/uploads\/WhatsApp-Image-2019-12-24-at-19.38.21.jpeg?fit=1200%2C900&ssl=1&resize=350%2C200","width":350,"height":200,"srcset":"https:\/\/i0.wp.com\/larevistadigital.com.ar\/blog\/wp-content\/uploads\/WhatsApp-Image-2019-12-24-at-19.38.21.jpeg?fit=1200%2C900&ssl=1&resize=350%2C200 1x, https:\/\/i0.wp.com\/larevistadigital.com.ar\/blog\/wp-content\/uploads\/WhatsApp-Image-2019-12-24-at-19.38.21.jpeg?fit=1200%2C900&ssl=1&resize=525%2C300 1.5x, https:\/\/i0.wp.com\/larevistadigital.com.ar\/blog\/wp-content\/uploads\/WhatsApp-Image-2019-12-24-at-19.38.21.jpeg?fit=1200%2C900&ssl=1&resize=700%2C400 2x, https:\/\/i0.wp.com\/larevistadigital.com.ar\/blog\/wp-content\/uploads\/WhatsApp-Image-2019-12-24-at-19.38.21.jpeg?fit=1200%2C900&ssl=1&resize=1050%2C600 3x"},"classes":[]},{"id":13815,"url":"https:\/\/larevistadigital.com.ar\/blog\/se-redujeron-las-tasas-en-los-creditos-de-anses\/","url_meta":{"origin":15136,"position":2},"title":"SE REDUJERON LAS TASAS EN LOS CR\u00c9DITOS DE ANSES.","author":"Alejandro Sosa Ruda","date":"26 diciembre, 2019","format":false,"excerpt":"Respecto de las medidas de apoyo a los sectores m\u00e1s vulnerables, hay que destacar la resoluci\u00f3n de reducir las tasas en los distintos cr\u00e9ditos que otorga la ANSES, tanto a jubilados y pensionados, como tambi\u00e9n a los titulares de AUH (Asignaci\u00f3n Universal por Hijo) y de Asignaciones Familiares. Consultada al\u2026","rel":"","context":"En \u00abINTERES GENERAL\u00bb","block_context":{"text":"INTERES GENERAL","link":"https:\/\/larevistadigital.com.ar\/blog\/category\/interes-general\/"},"img":{"alt_text":"","src":"https:\/\/i0.wp.com\/larevistadigital.com.ar\/blog\/wp-content\/uploads\/2018\/07\/ANSES-1.jpg?fit=1200%2C562&ssl=1&resize=350%2C200","width":350,"height":200,"srcset":"https:\/\/i0.wp.com\/larevistadigital.com.ar\/blog\/wp-content\/uploads\/2018\/07\/ANSES-1.jpg?fit=1200%2C562&ssl=1&resize=350%2C200 1x, https:\/\/i0.wp.com\/larevistadigital.com.ar\/blog\/wp-content\/uploads\/2018\/07\/ANSES-1.jpg?fit=1200%2C562&ssl=1&resize=525%2C300 1.5x, https:\/\/i0.wp.com\/larevistadigital.com.ar\/blog\/wp-content\/uploads\/2018\/07\/ANSES-1.jpg?fit=1200%2C562&ssl=1&resize=700%2C400 2x, https:\/\/i0.wp.com\/larevistadigital.com.ar\/blog\/wp-content\/uploads\/2018\/07\/ANSES-1.jpg?fit=1200%2C562&ssl=1&resize=1050%2C600 3x"},"classes":[]},{"id":35999,"url":"https:\/\/larevistadigital.com.ar\/blog\/el-hilo-siempre-se-corta-por-lo-mas-delgado-anses-aplaza-una-semana-el-pago-a-las-pensiones-no-contributivas\/","url_meta":{"origin":15136,"position":3},"title":"\u00abEL HILO SIEMPRE SE CORTA POR LO M\u00c1S DELGADO\u00bb: ANSES APLAZA UNA SEMANA EL PAGO A LAS PENSIONES NO CONTRIBUTIVAS","author":"Alejandro Sosa Ruda","date":"6 mayo, 2024","format":false,"excerpt":"La Administraci\u00f3n Nacional de la Seguridad Social (ANSES) ha decidido aplazar una semana el pago de las Pensiones No Contributivas (PNC) en mayo. Inicialmente programadas para empezar entre el 1 y el 3 de mayo, para los documentos terminados en 0 y 1, ahora comenzar\u00e1n el 9 de mayo, coincidiendo\u2026","rel":"","context":"En \u00abINTERES GENERAL\u00bb","block_context":{"text":"INTERES GENERAL","link":"https:\/\/larevistadigital.com.ar\/blog\/category\/interes-general\/"},"img":{"alt_text":"","src":"https:\/\/i0.wp.com\/larevistadigital.com.ar\/blog\/wp-content\/uploads\/20240504132831_anses-web.jpg?fit=880%2C512&ssl=1&resize=350%2C200","width":350,"height":200,"srcset":"https:\/\/i0.wp.com\/larevistadigital.com.ar\/blog\/wp-content\/uploads\/20240504132831_anses-web.jpg?fit=880%2C512&ssl=1&resize=350%2C200 1x, https:\/\/i0.wp.com\/larevistadigital.com.ar\/blog\/wp-content\/uploads\/20240504132831_anses-web.jpg?fit=880%2C512&ssl=1&resize=525%2C300 1.5x, https:\/\/i0.wp.com\/larevistadigital.com.ar\/blog\/wp-content\/uploads\/20240504132831_anses-web.jpg?fit=880%2C512&ssl=1&resize=700%2C400 2x"},"classes":[]},{"id":16198,"url":"https:\/\/larevistadigital.com.ar\/blog\/anses-como-quedan-las-asignaciones-familiares-tras-el-aumento-del-75\/","url_meta":{"origin":15136,"position":4},"title":"ANSES: COMO QUEDAN LAS ASIGNACIONES FAMILIARES TRAS EL AUMENTO DEL 7,5%","author":"Alejandro Sosa Ruda","date":"2 septiembre, 2020","format":false,"excerpt":"Se oficializ\u00f3 el incremento en los haberes de asignaciones familiares, AUH y AUE, que se suman a los nuevos montos jubilatorios y pensiones no contributivas. A trav\u00e9s de la publicaci\u00f3n de la Resoluci\u00f3n 312\/2020 en el Bolet\u00edn Oficial, la Administraci\u00f3n Nacional de Seguridad Social (ANSES) oficializ\u00f3 la suba de 7,5%\u2026","rel":"","context":"En \u00abINTERES GENERAL\u00bb","block_context":{"text":"INTERES GENERAL","link":"https:\/\/larevistadigital.com.ar\/blog\/category\/interes-general\/"},"img":{"alt_text":"","src":"https:\/\/i0.wp.com\/larevistadigital.com.ar\/blog\/wp-content\/uploads\/2018\/07\/ANSES-1.jpg?fit=1200%2C562&ssl=1&resize=350%2C200","width":350,"height":200,"srcset":"https:\/\/i0.wp.com\/larevistadigital.com.ar\/blog\/wp-content\/uploads\/2018\/07\/ANSES-1.jpg?fit=1200%2C562&ssl=1&resize=350%2C200 1x, https:\/\/i0.wp.com\/larevistadigital.com.ar\/blog\/wp-content\/uploads\/2018\/07\/ANSES-1.jpg?fit=1200%2C562&ssl=1&resize=525%2C300 1.5x, https:\/\/i0.wp.com\/larevistadigital.com.ar\/blog\/wp-content\/uploads\/2018\/07\/ANSES-1.jpg?fit=1200%2C562&ssl=1&resize=700%2C400 2x, https:\/\/i0.wp.com\/larevistadigital.com.ar\/blog\/wp-content\/uploads\/2018\/07\/ANSES-1.jpg?fit=1200%2C562&ssl=1&resize=1050%2C600 3x"},"classes":[]},{"id":943,"url":"https:\/\/larevistadigital.com.ar\/blog\/reclamo-de-ex-combatientes-en-pami\/","url_meta":{"origin":15136,"position":5},"title":"RECLAMO DE EX COMBATIENTES EN PAMI Y OTRAS INSTITUCIONES","author":"Alejandro Sosa Ruda","date":"10 marzo, 2017","format":false,"excerpt":"Durante la jornada de ayer se llev\u00f3 a cabo una movilizaci\u00f3n de ex combatientes de Malvinas a las oficinas de PAMI\u00a0 ubicadas en Corrientes 665 (entre Maip\u00fa y Florida)\u00a0 de la Ciudad Aut\u00f3noma de Buenos Aires. Unos 5.800 ex combatientes de todo el pa\u00eds acercaron sus inquietudes en Anses, Pami,\u2026","rel":"","context":"En \u00abPOLITICA NACIONAL\u00bb","block_context":{"text":"POLITICA NACIONAL","link":"https:\/\/larevistadigital.com.ar\/blog\/category\/politica\/politica-nacional\/"},"img":{"alt_text":"","src":"https:\/\/i0.wp.com\/larevistadigital.com.ar\/blog\/wp-content\/uploads\/2017\/03\/verimg.jpg?fit=640%2C511&ssl=1&resize=350%2C200","width":350,"height":200,"srcset":"https:\/\/i0.wp.com\/larevistadigital.com.ar\/blog\/wp-content\/uploads\/2017\/03\/verimg.jpg?fit=640%2C511&ssl=1&resize=350%2C200 1x, https:\/\/i0.wp.com\/larevistadigital.com.ar\/blog\/wp-content\/uploads\/2017\/03\/verimg.jpg?fit=640%2C511&ssl=1&resize=525%2C300 1.5x"},"classes":[]}],"_links":{"self":[{"href":"https:\/\/larevistadigital.com.ar\/blog\/wp-json\/wp\/v2\/posts\/15136","targetHints":{"allow":["GET"]}}],"collection":[{"href":"https:\/\/larevistadigital.com.ar\/blog\/wp-json\/wp\/v2\/posts"}],"about":[{"href":"https:\/\/larevistadigital.com.ar\/blog\/wp-json\/wp\/v2\/types\/post"}],"author":[{"embeddable":true,"href":"https:\/\/larevistadigital.com.ar\/blog\/wp-json\/wp\/v2\/users\/3"}],"replies":[{"embeddable":true,"href":"https:\/\/larevistadigital.com.ar\/blog\/wp-json\/wp\/v2\/comments?post=15136"}],"version-history":[{"count":1,"href":"https:\/\/larevistadigital.com.ar\/blog\/wp-json\/wp\/v2\/posts\/15136\/revisions"}],"predecessor-version":[{"id":15138,"href":"https:\/\/larevistadigital.com.ar\/blog\/wp-json\/wp\/v2\/posts\/15136\/revisions\/15138"}],"wp:featuredmedia":[{"embeddable":true,"href":"https:\/\/larevistadigital.com.ar\/blog\/wp-json\/wp\/v2\/media\/15137"}],"wp:attachment":[{"href":"https:\/\/larevistadigital.com.ar\/blog\/wp-json\/wp\/v2\/media?parent=15136"}],"wp:term":[{"taxonomy":"category","embeddable":true,"href":"https:\/\/larevistadigital.com.ar\/blog\/wp-json\/wp\/v2\/categories?post=15136"},{"taxonomy":"post_tag","embeddable":true,"href":"https:\/\/larevistadigital.com.ar\/blog\/wp-json\/wp\/v2\/tags?post=15136"}],"curies":[{"name":"wp","href":"https:\/\/api.w.org\/{rel}","templated":true}]}}