{"id":15139,"date":"2020-05-08T02:49:35","date_gmt":"2020-05-08T02:49:35","guid":{"rendered":"https:\/\/larevistadigital.com.ar\/blog\/?p=15139"},"modified":"2020-05-08T02:49:35","modified_gmt":"2020-05-08T02:49:35","slug":"guernica-confirman-nuevo-caso-de-covid-19-ya-son-seis-los-contagios","status":"publish","type":"post","link":"https:\/\/larevistadigital.com.ar\/blog\/guernica-confirman-nuevo-caso-de-covid-19-ya-son-seis-los-contagios\/","title":{"rendered":"GUERNICA: CONFIRMAN NUEVO CASO DE COVID-19. YA SON SEIS LOS CONTAGIOS"},"content":{"rendered":"<p>En la noche de este jueves 7 de mayo, la municipalidad del distrito bonaerense de Presidente Per\u00f3n confirm\u00f3 un nuevo caso de coronavirus y el total asciende a 6 contagios.<\/p>\n<p>Seg\u00fan indicaron en el nuevo parte epidemiol\u00f3gico, uno de los pacientes infectados logr\u00f3 recuperarse, mientras que otros 9 fueron testeados y est\u00e1n a la espera de los resultados.<\/p>\n<p>Al d\u00eda de hoy son 5 los casos confirmados activos (en tratamiento), un recuperado, 9 testeados sospechosos, y 98 descartados.<\/p>\n<p><em><strong>\u00abLos pacientes con casos sospechosos se encuentran en seguimiento en diferentes Centros de Salud Provinciales y Nacionales. No todos los casos sospechosos se encuentran internados en el Hospital Zonal Dra. Cecilia Grierson\u00bb<\/strong><\/em> se\u00f1alaron desde la comuna.<\/p>\n<p>fuente:dln<\/p>\n","protected":false},"excerpt":{"rendered":"<div class=\"mh-excerpt\"><p>En la noche de este jueves 7 de mayo, la municipalidad del distrito bonaerense de Presidente Per\u00f3n confirm\u00f3 un nuevo caso de coronavirus y el total asciende a 6 contagios. Seg\u00fan indicaron en el nuevo <a class=\"mh-excerpt-more\" href=\"https:\/\/larevistadigital.com.ar\/blog\/guernica-confirman-nuevo-caso-de-covid-19-ya-son-seis-los-contagios\/\" title=\"GUERNICA: CONFIRMAN NUEVO CASO DE COVID-19. YA SON SEIS LOS CONTAGIOS\">[Leer M\u00e1s]<\/a><\/p>\n<\/div>","protected":false},"author":3,"featured_media":15140,"comment_status":"open","ping_status":"open","sticky":false,"template":"","format":"standard","meta":{"_jetpack_memberships_contains_paid_content":false,"footnotes":"","jetpack_publicize_message":"","jetpack_publicize_feature_enabled":true,"jetpack_social_post_already_shared":true,"jetpack_social_options":{"image_generator_settings":{"template":"highway","default_image_id":0,"font":"","enabled":false},"version":2}},"categories":[51],"tags":[],"class_list":{"0":"post-15139","1":"post","2":"type-post","3":"status-publish","4":"format-standard","5":"has-post-thumbnail","7":"category-regionales"},"jetpack_publicize_connections":[],"jetpack_featured_media_url":"https:\/\/i0.wp.com\/larevistadigital.com.ar\/blog\/wp-content\/uploads\/20200507_233329_wm.jpg?fit=1080%2C608&ssl=1","jetpack_sharing_enabled":true,"jetpack_shortlink":"https:\/\/wp.me\/p8qtrQ-3Wb","jetpack-related-posts":[{"id":15603,"url":"https:\/\/larevistadigital.com.ar\/blog\/se-disparan-casos-de-covid-19-en-guernica-10-contagiados-en-24-hs\/","url_meta":{"origin":15139,"position":0},"title":"SE DISPARAN CASOS DE COVID 19 EN GUERNICA: 10 CONTAGIADOS EN 24 HS.","author":"Alejandro Sosa Ruda","date":"11 junio, 2020","format":false,"excerpt":"En la noche de este miercoles 10 de junio, la Municipalidad del distrito bonaerense de\u00a0Presidente Per\u00f3n confirm\u00f3 diez nuevos casos de coronavirus y el total de contagios asciende a \"Diez de los 69 casos positivos lograron recuperarse mientras que los 59 restantes est\u00e1n en tratamiento. Asimismo hay 35 pacientes en\u2026","rel":"","context":"En \u00abREGIONALES\u00bb","block_context":{"text":"REGIONALES","link":"https:\/\/larevistadigital.com.ar\/blog\/category\/regionales\/"},"img":{"alt_text":"","src":"https:\/\/i0.wp.com\/larevistadigital.com.ar\/blog\/wp-content\/uploads\/Photo_1591844450813.jpg?fit=1080%2C607&ssl=1&resize=350%2C200","width":350,"height":200,"srcset":"https:\/\/i0.wp.com\/larevistadigital.com.ar\/blog\/wp-content\/uploads\/Photo_1591844450813.jpg?fit=1080%2C607&ssl=1&resize=350%2C200 1x, https:\/\/i0.wp.com\/larevistadigital.com.ar\/blog\/wp-content\/uploads\/Photo_1591844450813.jpg?fit=1080%2C607&ssl=1&resize=525%2C300 1.5x, https:\/\/i0.wp.com\/larevistadigital.com.ar\/blog\/wp-content\/uploads\/Photo_1591844450813.jpg?fit=1080%2C607&ssl=1&resize=700%2C400 2x, https:\/\/i0.wp.com\/larevistadigital.com.ar\/blog\/wp-content\/uploads\/Photo_1591844450813.jpg?fit=1080%2C607&ssl=1&resize=1050%2C600 3x"},"classes":[]},{"id":15295,"url":"https:\/\/larevistadigital.com.ar\/blog\/san-vicente-se-confirma-un-nuevo-caso-y-ya-suman-51-contagios-en-el-distrito\/","url_meta":{"origin":15139,"position":1},"title":"SAN VICENTE: SE CONFIRMA UN NUEVO CASO Y YA SUMAN 51 CONTAGIOS EN EL DISTRITO","author":"Alejandro Sosa Ruda","date":"22 mayo, 2020","format":false,"excerpt":"En la tarde de este viernes 22 de mayo la municipalidad de San Vicente\u00a0confirm\u00f3 un nuevo caso de coronavirus y los contagios en el distrito llegaron a 51. \"En el d\u00eda de hoy se ha confirmado un nuevo caso positivo de COVID-19, el que se encuentra en estudio epidemiol\u00f3gico. Tambi\u00e9n,\u2026","rel":"","context":"En \u00abREGIONALES\u00bb","block_context":{"text":"REGIONALES","link":"https:\/\/larevistadigital.com.ar\/blog\/category\/regionales\/"},"img":{"alt_text":"","src":"https:\/\/i0.wp.com\/larevistadigital.com.ar\/blog\/wp-content\/uploads\/20200522_142123_wm.jpg?fit=1080%2C608&ssl=1&resize=350%2C200","width":350,"height":200,"srcset":"https:\/\/i0.wp.com\/larevistadigital.com.ar\/blog\/wp-content\/uploads\/20200522_142123_wm.jpg?fit=1080%2C608&ssl=1&resize=350%2C200 1x, https:\/\/i0.wp.com\/larevistadigital.com.ar\/blog\/wp-content\/uploads\/20200522_142123_wm.jpg?fit=1080%2C608&ssl=1&resize=525%2C300 1.5x, https:\/\/i0.wp.com\/larevistadigital.com.ar\/blog\/wp-content\/uploads\/20200522_142123_wm.jpg?fit=1080%2C608&ssl=1&resize=700%2C400 2x, https:\/\/i0.wp.com\/larevistadigital.com.ar\/blog\/wp-content\/uploads\/20200522_142123_wm.jpg?fit=1080%2C608&ssl=1&resize=1050%2C600 3x"},"classes":[]},{"id":27367,"url":"https:\/\/larevistadigital.com.ar\/blog\/fiebre-hemorragica-argentina-otros-dos-casos-en-territorio-bonaerense\/","url_meta":{"origin":15139,"position":2},"title":"FIEBRE HEMORR\u00c1GICA ARGENTINA: OTROS DOS CASOS EN TERRITORIO BONAERENSE","author":"Alejandro Sosa Ruda","date":"29 agosto, 2022","format":false,"excerpt":"El \u00faltimo bolet\u00edn epidemiol\u00f3gico del Ministerio de Salud bonaerense report\u00f3 dos nuevos casos de Fiebre Hemorr\u00e1gica Argentina. El Ministerio de Salud de la provincia de Buenos Aires confirm\u00f3 dos nuevos contagios de Fiebre Hemorr\u00e1gica Argentina (FHA), por lo que el n\u00famero de casos subi\u00f3 a 22 en toda la regi\u00f3n\u2026","rel":"","context":"En \u00abSOCIEDAD\u00bb","block_context":{"text":"SOCIEDAD","link":"https:\/\/larevistadigital.com.ar\/blog\/category\/sociedad\/"},"img":{"alt_text":"","src":"https:\/\/i0.wp.com\/larevistadigital.com.ar\/blog\/wp-content\/uploads\/20220829161228_fha.jpg?fit=880%2C512&ssl=1&resize=350%2C200","width":350,"height":200,"srcset":"https:\/\/i0.wp.com\/larevistadigital.com.ar\/blog\/wp-content\/uploads\/20220829161228_fha.jpg?fit=880%2C512&ssl=1&resize=350%2C200 1x, https:\/\/i0.wp.com\/larevistadigital.com.ar\/blog\/wp-content\/uploads\/20220829161228_fha.jpg?fit=880%2C512&ssl=1&resize=525%2C300 1.5x, https:\/\/i0.wp.com\/larevistadigital.com.ar\/blog\/wp-content\/uploads\/20220829161228_fha.jpg?fit=880%2C512&ssl=1&resize=700%2C400 2x"},"classes":[]},{"id":15145,"url":"https:\/\/larevistadigital.com.ar\/blog\/la-plata-134-casos-confirmados-de-dengue\/","url_meta":{"origin":15139,"position":3},"title":"LA PLATA: 134 CASOS CONFIRMADOS DE DENGUE","author":"Alejandro Sosa Ruda","date":"8 mayo, 2020","format":false,"excerpt":"El Municipio que conduce Julio Garro confirm\u00f3 el incremento de los pacientes infectados con la enfermedad transmitida por el mosquito. Afirm\u00f3\u00a0que aumentar\u00e1n las fumigaciones en algunas zonas de la ciudad. Las autoridades recomendaron a los vecinos continuar con las tareas de prevenci\u00f3n para evitar la propagaci\u00f3n del insecto. El dengue\u2026","rel":"","context":"En \u00abREGIONALES\u00bb","block_context":{"text":"REGIONALES","link":"https:\/\/larevistadigital.com.ar\/blog\/category\/regionales\/"},"img":{"alt_text":"","src":"https:\/\/i0.wp.com\/larevistadigital.com.ar\/blog\/wp-content\/uploads\/1200px-Aedes_aegypti.jpg?fit=1200%2C800&ssl=1&resize=350%2C200","width":350,"height":200,"srcset":"https:\/\/i0.wp.com\/larevistadigital.com.ar\/blog\/wp-content\/uploads\/1200px-Aedes_aegypti.jpg?fit=1200%2C800&ssl=1&resize=350%2C200 1x, https:\/\/i0.wp.com\/larevistadigital.com.ar\/blog\/wp-content\/uploads\/1200px-Aedes_aegypti.jpg?fit=1200%2C800&ssl=1&resize=525%2C300 1.5x, https:\/\/i0.wp.com\/larevistadigital.com.ar\/blog\/wp-content\/uploads\/1200px-Aedes_aegypti.jpg?fit=1200%2C800&ssl=1&resize=700%2C400 2x, https:\/\/i0.wp.com\/larevistadigital.com.ar\/blog\/wp-content\/uploads\/1200px-Aedes_aegypti.jpg?fit=1200%2C800&ssl=1&resize=1050%2C600 3x"},"classes":[]},{"id":15431,"url":"https:\/\/larevistadigital.com.ar\/blog\/video-empleados-de-nini-denuncian-que-no-se-respeta-la-distancia-social\/","url_meta":{"origin":15139,"position":4},"title":"[VIDEO] EMPLEADOS DE NINI DENUNCIAN QUE NO SE RESPETA LA \u00abDISTANCIA SOCIAL\u00bb","author":"Alejandro Sosa Ruda","date":"31 mayo, 2020","format":false,"excerpt":"NOTA DE LA REDACCI\u00d3N: Al video se le quita la voz de quien lo film\u00f3 que habla indignado de la situaci\u00f3n para resguardar la fuente. No es la primera vez que se denuncia incumplimiento de protocolos en el hipermercado de 25 y 520 \u00a0 En\u00e9rgicos reclamos han realizado empleados del\u2026","rel":"","context":"En \u00abREGIONALES\u00bb","block_context":{"text":"REGIONALES","link":"https:\/\/larevistadigital.com.ar\/blog\/category\/regionales\/"},"img":{"alt_text":"","src":"https:\/\/i0.wp.com\/larevistadigital.com.ar\/blog\/wp-content\/uploads\/arton44938.jpg?fit=800%2C523&ssl=1&resize=350%2C200","width":350,"height":200,"srcset":"https:\/\/i0.wp.com\/larevistadigital.com.ar\/blog\/wp-content\/uploads\/arton44938.jpg?fit=800%2C523&ssl=1&resize=350%2C200 1x, https:\/\/i0.wp.com\/larevistadigital.com.ar\/blog\/wp-content\/uploads\/arton44938.jpg?fit=800%2C523&ssl=1&resize=525%2C300 1.5x, https:\/\/i0.wp.com\/larevistadigital.com.ar\/blog\/wp-content\/uploads\/arton44938.jpg?fit=800%2C523&ssl=1&resize=700%2C400 2x"},"classes":[]},{"id":5972,"url":"https:\/\/larevistadigital.com.ar\/blog\/en-18-distritos-chascomus-lezama-y-castelli-entre-ellos-mas-de-un-tercio-de-los-inmuebles-testeados-evadia-impuestos\/","url_meta":{"origin":15139,"position":5},"title":"En 18 distritos, Chascom\u00fas, Lezama y Castelli entre ellos, m\u00e1s de un tercio de los inmuebles testeados evad\u00eda impuestos","author":"admin","date":"9 julio, 2018","format":false,"excerpt":"Si bien despu\u00e9s del anuncio referido a la detecci\u00f3n de evasores en el interior de la Provincia, no se registraron nuevas informaciones que permitieran pormenorizar al respecto, no es menos cierto que en su momento provoc\u00f3 inquietud el que se se\u00f1alara que la ARBA, la Agencia de Recaudaci\u00f3n de la\u2026","rel":"","context":"En \u00abLEZAMA\u00bb","block_context":{"text":"LEZAMA","link":"https:\/\/larevistadigital.com.ar\/blog\/category\/lezama\/"},"img":{"alt_text":"","src":"https:\/\/i0.wp.com\/larevistadigital.com.ar\/blog\/wp-content\/uploads\/2018\/07\/resize_1530877290.jpg?fit=421%2C421&ssl=1&resize=350%2C200","width":350,"height":200},"classes":[]}],"_links":{"self":[{"href":"https:\/\/larevistadigital.com.ar\/blog\/wp-json\/wp\/v2\/posts\/15139","targetHints":{"allow":["GET"]}}],"collection":[{"href":"https:\/\/larevistadigital.com.ar\/blog\/wp-json\/wp\/v2\/posts"}],"about":[{"href":"https:\/\/larevistadigital.com.ar\/blog\/wp-json\/wp\/v2\/types\/post"}],"author":[{"embeddable":true,"href":"https:\/\/larevistadigital.com.ar\/blog\/wp-json\/wp\/v2\/users\/3"}],"replies":[{"embeddable":true,"href":"https:\/\/larevistadigital.com.ar\/blog\/wp-json\/wp\/v2\/comments?post=15139"}],"version-history":[{"count":1,"href":"https:\/\/larevistadigital.com.ar\/blog\/wp-json\/wp\/v2\/posts\/15139\/revisions"}],"predecessor-version":[{"id":15141,"href":"https:\/\/larevistadigital.com.ar\/blog\/wp-json\/wp\/v2\/posts\/15139\/revisions\/15141"}],"wp:featuredmedia":[{"embeddable":true,"href":"https:\/\/larevistadigital.com.ar\/blog\/wp-json\/wp\/v2\/media\/15140"}],"wp:attachment":[{"href":"https:\/\/larevistadigital.com.ar\/blog\/wp-json\/wp\/v2\/media?parent=15139"}],"wp:term":[{"taxonomy":"category","embeddable":true,"href":"https:\/\/larevistadigital.com.ar\/blog\/wp-json\/wp\/v2\/categories?post=15139"},{"taxonomy":"post_tag","embeddable":true,"href":"https:\/\/larevistadigital.com.ar\/blog\/wp-json\/wp\/v2\/tags?post=15139"}],"curies":[{"name":"wp","href":"https:\/\/api.w.org\/{rel}","templated":true}]}}