{"id":15142,"date":"2020-05-08T03:22:55","date_gmt":"2020-05-08T03:22:55","guid":{"rendered":"https:\/\/larevistadigital.com.ar\/blog\/?p=15142"},"modified":"2020-05-08T03:22:55","modified_gmt":"2020-05-08T03:22:55","slug":"mueren-2-personas-tras-la-caida-de-un-vehiculo-a-un-arroyo-en-la-ruta-2","status":"publish","type":"post","link":"https:\/\/larevistadigital.com.ar\/blog\/mueren-2-personas-tras-la-caida-de-un-vehiculo-a-un-arroyo-en-la-ruta-2\/","title":{"rendered":"MUEREN 2 PERSONAS TRAS LA CA\u00cdDA DE UN VEH\u00cdCULO A UN ARROYO EN LA RUTA 2"},"content":{"rendered":"<p>Dos personas fallecidas fue el saldo que dej\u00f3 la ca\u00edda que protagoniz\u00f3 este jueves una camioneta Toyota Hilux blanca del puente del Arroyo Grande, que se encuentra en el partido de Mar Chiquita.<\/p>\n<blockquote>\n<h3>Fuentes oficiales le confirmaron a 0223 ambas muertes, aunque no brindaron datos sobre su identidad. Por estas horas, persisten las labores periciales para tratar de determinar las causas que derivaron en el siniestro.<\/h3>\n<\/blockquote>\n<p>El veh\u00edculo fue descubierto este jueves a las 11.30 por un efectivo policial que recorr\u00eda el camino vecinal \u201cLa Oraci\u00f3n\u201d de la localidad de Coronel Vidal. Al acercarse al puente de cemento que est\u00e1 sobre el kil\u00f3metro 367 de la Autov\u00eda 2, el agente advirti\u00f3 da\u00f1os en su estructura y la presencia del rodado sobre el espejo de agua.<\/p>\n<p>Desde el mediod\u00eda, personal de la Patrulla Rural y del cuartel de Bomberos brindaron colaboraci\u00f3n para avanzar con el operativo de retiro de la camioneta del arroyo. En la investigaci\u00f3n que busca esclarecer el hecho tom\u00f3 intervenci\u00f3n el fiscal de Delitos Culposos, Rodolfo Moure.<\/p>\n","protected":false},"excerpt":{"rendered":"<div class=\"mh-excerpt\"><p>Dos personas fallecidas fue el saldo que dej\u00f3 la ca\u00edda que protagoniz\u00f3 este jueves una camioneta Toyota Hilux blanca del puente del Arroyo Grande, que se encuentra en el partido de Mar Chiquita. Fuentes oficiales <a class=\"mh-excerpt-more\" href=\"https:\/\/larevistadigital.com.ar\/blog\/mueren-2-personas-tras-la-caida-de-un-vehiculo-a-un-arroyo-en-la-ruta-2\/\" title=\"MUEREN 2 PERSONAS TRAS LA CA\u00cdDA DE UN VEH\u00cdCULO A UN ARROYO EN LA RUTA 2\">[Leer M\u00e1s]<\/a><\/p>\n<\/div>","protected":false},"author":3,"featured_media":15143,"comment_status":"open","ping_status":"open","sticky":false,"template":"","format":"standard","meta":{"_jetpack_memberships_contains_paid_content":false,"footnotes":"","jetpack_publicize_message":"","jetpack_publicize_feature_enabled":true,"jetpack_social_post_already_shared":true,"jetpack_social_options":{"image_generator_settings":{"template":"highway","default_image_id":0,"font":"","enabled":false},"version":2}},"categories":[44,51],"tags":[],"class_list":{"0":"post-15142","1":"post","2":"type-post","3":"status-publish","4":"format-standard","5":"has-post-thumbnail","7":"category-policiales","8":"category-regionales"},"jetpack_publicize_connections":[],"jetpack_featured_media_url":"https:\/\/i0.wp.com\/larevistadigital.com.ar\/blog\/wp-content\/uploads\/b5780d1399fec90eb9b109ea3e8e7e7898a7d094.jpg?fit=1140%2C758&ssl=1","jetpack_sharing_enabled":true,"jetpack_shortlink":"https:\/\/wp.me\/p8qtrQ-3We","jetpack-related-posts":[{"id":27360,"url":"https:\/\/larevistadigital.com.ar\/blog\/villa-ventana-conocido-empresario-fue-hallado-muerto-en-un-arroyo\/","url_meta":{"origin":15142,"position":0},"title":"VILLA VENTANA: CONOCIDO EMPRESARIO FUE HALLADO MUERTO EN UN ARROYO","author":"Alejandro Sosa Ruda","date":"29 agosto, 2022","format":false,"excerpt":"Estaba acusado de un abuso sexual y ya se iniciaron las investigaciones para esclarecer las circunstancias. La polic\u00eda encontr\u00f3 su cuerpo sin vida flotando en el cauce de un arroyo sobre la Ruta 76 a 2 kil\u00f3metros de la rotonda con Ruta 72. VILLA VENTANA -\u00a0 Un conocido empresario de\u2026","rel":"","context":"En \u00abPOLICIALES\u00bb","block_context":{"text":"POLICIALES","link":"https:\/\/larevistadigital.com.ar\/blog\/category\/policiales\/"},"img":{"alt_text":"","src":"https:\/\/i0.wp.com\/larevistadigital.com.ar\/blog\/wp-content\/uploads\/20220827112134_cartel-de-bienvenida.jpg?fit=880%2C512&ssl=1&resize=350%2C200","width":350,"height":200,"srcset":"https:\/\/i0.wp.com\/larevistadigital.com.ar\/blog\/wp-content\/uploads\/20220827112134_cartel-de-bienvenida.jpg?fit=880%2C512&ssl=1&resize=350%2C200 1x, https:\/\/i0.wp.com\/larevistadigital.com.ar\/blog\/wp-content\/uploads\/20220827112134_cartel-de-bienvenida.jpg?fit=880%2C512&ssl=1&resize=525%2C300 1.5x, https:\/\/i0.wp.com\/larevistadigital.com.ar\/blog\/wp-content\/uploads\/20220827112134_cartel-de-bienvenida.jpg?fit=880%2C512&ssl=1&resize=700%2C400 2x"},"classes":[]},{"id":8864,"url":"https:\/\/larevistadigital.com.ar\/blog\/despiste-y-caida-sobre-el-puente-distribuidor-de-autovia-2-y-ruta-63\/","url_meta":{"origin":15142,"position":1},"title":"DESPISTE Y CA\u00cdDA SOBRE EL PUENTE DISTRIBUIDOR DE AUTOV\u00cdA 2 Y RUTA 63","author":"Alejandro Sosa Ruda","date":"3 marzo, 2019","format":false,"excerpt":"El hecho ocurri\u00f3 este domingo, poco despu\u00e9s de las 14:30 hs. en el puente distribuidor de la autov\u00eda 2 y la ruta 63. Una moto marca Zanella Patagonian Eagle 150 en la que viajaban dos j\u00f3venes (masculino y femenina) por motivos que se desconocen, el conductor pierde el control del\u2026","rel":"","context":"En \u00abDOLORES\u00bb","block_context":{"text":"DOLORES","link":"https:\/\/larevistadigital.com.ar\/blog\/category\/dolores\/"},"img":{"alt_text":"","src":"https:\/\/i0.wp.com\/larevistadigital.com.ar\/blog\/wp-content\/uploads\/2019\/03\/Screenshot_1-2.jpg?fit=863%2C581&ssl=1&resize=350%2C200","width":350,"height":200,"srcset":"https:\/\/i0.wp.com\/larevistadigital.com.ar\/blog\/wp-content\/uploads\/2019\/03\/Screenshot_1-2.jpg?fit=863%2C581&ssl=1&resize=350%2C200 1x, https:\/\/i0.wp.com\/larevistadigital.com.ar\/blog\/wp-content\/uploads\/2019\/03\/Screenshot_1-2.jpg?fit=863%2C581&ssl=1&resize=525%2C300 1.5x, https:\/\/i0.wp.com\/larevistadigital.com.ar\/blog\/wp-content\/uploads\/2019\/03\/Screenshot_1-2.jpg?fit=863%2C581&ssl=1&resize=700%2C400 2x"},"classes":[]},{"id":32052,"url":"https:\/\/larevistadigital.com.ar\/blog\/murio-una-turista-en-mendoza-luego-que-su-auto-desbarranco\/","url_meta":{"origin":15142,"position":2},"title":"MURI\u00d3 UNA TURISTA EN MENDOZA, LUEGO QUE SU AUTO DESBARRANC\u00d3","author":"Alejandro Sosa Ruda","date":"16 junio, 2023","format":false,"excerpt":"Paula Bel\u00e9n Galarza (27), bonaerense, iba acompa\u00f1ada por dos amigas, una de las cuales manejaba en estado de ebriedad. 16 de junio de 2023 MENDOZA\u00a0 -\u00a0 El viernes pasado, Paula Bel\u00e9n Galarza, una joven de 27 a\u00f1os, perdi\u00f3 la vida en un tr\u00e1gico accidente de tr\u00e1nsito en Tunuy\u00e1n, Mendoza. El\u2026","rel":"","context":"En \u00abINTERES GENERAL\u00bb","block_context":{"text":"INTERES GENERAL","link":"https:\/\/larevistadigital.com.ar\/blog\/category\/interes-general\/"},"img":{"alt_text":"","src":"https:\/\/i0.wp.com\/larevistadigital.com.ar\/blog\/wp-content\/uploads\/Captura-de-pantalla-2023-06-16-204553.jpg?fit=1200%2C416&ssl=1&resize=350%2C200","width":350,"height":200,"srcset":"https:\/\/i0.wp.com\/larevistadigital.com.ar\/blog\/wp-content\/uploads\/Captura-de-pantalla-2023-06-16-204553.jpg?fit=1200%2C416&ssl=1&resize=350%2C200 1x, https:\/\/i0.wp.com\/larevistadigital.com.ar\/blog\/wp-content\/uploads\/Captura-de-pantalla-2023-06-16-204553.jpg?fit=1200%2C416&ssl=1&resize=525%2C300 1.5x, https:\/\/i0.wp.com\/larevistadigital.com.ar\/blog\/wp-content\/uploads\/Captura-de-pantalla-2023-06-16-204553.jpg?fit=1200%2C416&ssl=1&resize=700%2C400 2x, https:\/\/i0.wp.com\/larevistadigital.com.ar\/blog\/wp-content\/uploads\/Captura-de-pantalla-2023-06-16-204553.jpg?fit=1200%2C416&ssl=1&resize=1050%2C600 3x"},"classes":[]},{"id":29117,"url":"https:\/\/larevistadigital.com.ar\/blog\/vicente-lopez-vecinos-rechazan-un-puente-sobre-un-humedal-no-queremos-otro-costa-salguero-dicen\/","url_meta":{"origin":15142,"position":3},"title":"VICENTE L\u00d3PEZ: VECINOS RECHAZAN UN PUENTE SOBRE UN HUMEDAL \u00abNO QUEREMOS OTRO COSTA SALGUERO\u00bb, DICEN.","author":"Alejandro Sosa Ruda","date":"27 noviembre, 2022","format":false,"excerpt":"Se reunieron en el humedal del Arroyo Raggio. Fue para repudiar\u00a0al proyecto de construcci\u00f3n de un puente vehicular de cemento sobre el \u00e1rea natural para conectar con Capital Federal. Se trata del \u00fanico humedal en Vicente L\u00f3pez que tiene aguas cristalinas. 27 de noviembre de 2022 VICENTE L\u00d3PEZ -\u00a0 Vecinos\u2026","rel":"","context":"En \u00abMEDIO AMBIENTE\u00bb","block_context":{"text":"MEDIO AMBIENTE","link":"https:\/\/larevistadigital.com.ar\/blog\/category\/suplementos\/medio-ambiente\/"},"img":{"alt_text":"","src":"https:\/\/i0.wp.com\/larevistadigital.com.ar\/blog\/wp-content\/uploads\/FiF_NEXWIAAZydM.jpg?fit=1200%2C800&ssl=1&resize=350%2C200","width":350,"height":200,"srcset":"https:\/\/i0.wp.com\/larevistadigital.com.ar\/blog\/wp-content\/uploads\/FiF_NEXWIAAZydM.jpg?fit=1200%2C800&ssl=1&resize=350%2C200 1x, https:\/\/i0.wp.com\/larevistadigital.com.ar\/blog\/wp-content\/uploads\/FiF_NEXWIAAZydM.jpg?fit=1200%2C800&ssl=1&resize=525%2C300 1.5x, https:\/\/i0.wp.com\/larevistadigital.com.ar\/blog\/wp-content\/uploads\/FiF_NEXWIAAZydM.jpg?fit=1200%2C800&ssl=1&resize=700%2C400 2x, https:\/\/i0.wp.com\/larevistadigital.com.ar\/blog\/wp-content\/uploads\/FiF_NEXWIAAZydM.jpg?fit=1200%2C800&ssl=1&resize=1050%2C600 3x"},"classes":[]},{"id":20713,"url":"https:\/\/larevistadigital.com.ar\/blog\/fallece-una-joven-tras-caer-de-un-puente-en-bariloche-como-le-habia-pasado-a-una-turista-de-la-plata\/","url_meta":{"origin":15142,"position":4},"title":"FALLECE UNA JOVEN TRAS CAER DE UN PUENTE EN BARILOCHE, COMO LE HAB\u00cdA PASADO A UNA TURISTA DE LA PLATA","author":"Alejandro Sosa Ruda","date":"11 junio, 2021","format":false,"excerpt":"Sucedi\u00f3 en la zona del\u00a0arroyo Goye, en Bariloche. Durante Semana Santa, Teresita Bulf\u00f3n resbal\u00f3 en el mismo puente y cay\u00f3 al agua, donde luego fue hallada. Una joven de 21 a\u00f1os muri\u00f3 tras caer desde un puente -por motivos desconocidos- al arroyo Goye, ubicado en\u00a0Bariloche.\u00a0Efectivos de Prefectura y un vecino\u2026","rel":"","context":"En \u00abINTERES GENERAL\u00bb","block_context":{"text":"INTERES GENERAL","link":"https:\/\/larevistadigital.com.ar\/blog\/category\/interes-general\/"},"img":{"alt_text":"","src":"https:\/\/i0.wp.com\/larevistadigital.com.ar\/blog\/wp-content\/uploads\/1623369388938.jpg?fit=1200%2C675&ssl=1&resize=350%2C200","width":350,"height":200,"srcset":"https:\/\/i0.wp.com\/larevistadigital.com.ar\/blog\/wp-content\/uploads\/1623369388938.jpg?fit=1200%2C675&ssl=1&resize=350%2C200 1x, https:\/\/i0.wp.com\/larevistadigital.com.ar\/blog\/wp-content\/uploads\/1623369388938.jpg?fit=1200%2C675&ssl=1&resize=525%2C300 1.5x, https:\/\/i0.wp.com\/larevistadigital.com.ar\/blog\/wp-content\/uploads\/1623369388938.jpg?fit=1200%2C675&ssl=1&resize=700%2C400 2x, https:\/\/i0.wp.com\/larevistadigital.com.ar\/blog\/wp-content\/uploads\/1623369388938.jpg?fit=1200%2C675&ssl=1&resize=1050%2C600 3x"},"classes":[]},{"id":24516,"url":"https:\/\/larevistadigital.com.ar\/blog\/ruta-2-aparece-hombre-muerto-y-amordazado-en-una-zanja\/","url_meta":{"origin":15142,"position":5},"title":"RUTA 2: APARECE HOMBRE MUERTO Y AMORDAZADO EN UNA ZANJA","author":"Alejandro Sosa Ruda","date":"11 marzo, 2022","format":false,"excerpt":"Fuentes policiales detallaron que el sujeto fue amordazado con una bolsa de nylon transparente. Peritos trabajan en el lugar. LA PLATA -\u00a0 Una mujer hall\u00f3 a un hombre sin vida dentro de una zanja en Ruta 2 kil\u00f3metro\u00a067, a la altura del Arroyo\u00a0Abasscay. En medio de la desesperaci\u00f3n,\u00a0se comunic\u00f3 al\u2026","rel":"","context":"En \u00abPOLICIALES\u00bb","block_context":{"text":"POLICIALES","link":"https:\/\/larevistadigital.com.ar\/blog\/category\/policiales\/"},"img":{"alt_text":"","src":"https:\/\/i0.wp.com\/larevistadigital.com.ar\/blog\/wp-content\/uploads\/c2728acf85a63a49cfbbf9fff249c657c9aa068d.png?fit=1140%2C640&ssl=1&resize=350%2C200","width":350,"height":200,"srcset":"https:\/\/i0.wp.com\/larevistadigital.com.ar\/blog\/wp-content\/uploads\/c2728acf85a63a49cfbbf9fff249c657c9aa068d.png?fit=1140%2C640&ssl=1&resize=350%2C200 1x, https:\/\/i0.wp.com\/larevistadigital.com.ar\/blog\/wp-content\/uploads\/c2728acf85a63a49cfbbf9fff249c657c9aa068d.png?fit=1140%2C640&ssl=1&resize=525%2C300 1.5x, https:\/\/i0.wp.com\/larevistadigital.com.ar\/blog\/wp-content\/uploads\/c2728acf85a63a49cfbbf9fff249c657c9aa068d.png?fit=1140%2C640&ssl=1&resize=700%2C400 2x, https:\/\/i0.wp.com\/larevistadigital.com.ar\/blog\/wp-content\/uploads\/c2728acf85a63a49cfbbf9fff249c657c9aa068d.png?fit=1140%2C640&ssl=1&resize=1050%2C600 3x"},"classes":[]}],"_links":{"self":[{"href":"https:\/\/larevistadigital.com.ar\/blog\/wp-json\/wp\/v2\/posts\/15142","targetHints":{"allow":["GET"]}}],"collection":[{"href":"https:\/\/larevistadigital.com.ar\/blog\/wp-json\/wp\/v2\/posts"}],"about":[{"href":"https:\/\/larevistadigital.com.ar\/blog\/wp-json\/wp\/v2\/types\/post"}],"author":[{"embeddable":true,"href":"https:\/\/larevistadigital.com.ar\/blog\/wp-json\/wp\/v2\/users\/3"}],"replies":[{"embeddable":true,"href":"https:\/\/larevistadigital.com.ar\/blog\/wp-json\/wp\/v2\/comments?post=15142"}],"version-history":[{"count":1,"href":"https:\/\/larevistadigital.com.ar\/blog\/wp-json\/wp\/v2\/posts\/15142\/revisions"}],"predecessor-version":[{"id":15144,"href":"https:\/\/larevistadigital.com.ar\/blog\/wp-json\/wp\/v2\/posts\/15142\/revisions\/15144"}],"wp:featuredmedia":[{"embeddable":true,"href":"https:\/\/larevistadigital.com.ar\/blog\/wp-json\/wp\/v2\/media\/15143"}],"wp:attachment":[{"href":"https:\/\/larevistadigital.com.ar\/blog\/wp-json\/wp\/v2\/media?parent=15142"}],"wp:term":[{"taxonomy":"category","embeddable":true,"href":"https:\/\/larevistadigital.com.ar\/blog\/wp-json\/wp\/v2\/categories?post=15142"},{"taxonomy":"post_tag","embeddable":true,"href":"https:\/\/larevistadigital.com.ar\/blog\/wp-json\/wp\/v2\/tags?post=15142"}],"curies":[{"name":"wp","href":"https:\/\/api.w.org\/{rel}","templated":true}]}}