{"id":15145,"date":"2020-05-08T03:27:59","date_gmt":"2020-05-08T03:27:59","guid":{"rendered":"https:\/\/larevistadigital.com.ar\/blog\/?p=15145"},"modified":"2020-05-08T03:27:59","modified_gmt":"2020-05-08T03:27:59","slug":"la-plata-134-casos-confirmados-de-dengue","status":"publish","type":"post","link":"https:\/\/larevistadigital.com.ar\/blog\/la-plata-134-casos-confirmados-de-dengue\/","title":{"rendered":"LA PLATA: 134 CASOS CONFIRMADOS DE DENGUE"},"content":{"rendered":"<h2><em>El Municipio que conduce Julio Garro confirm\u00f3 el incremento de los pacientes infectados con la enfermedad transmitida por el mosquito. Afirm\u00f3\u00a0que aumentar\u00e1n las fumigaciones en algunas zonas de la ciudad. Las autoridades recomendaron a los vecinos continuar con las tareas de prevenci\u00f3n para evitar la propagaci\u00f3n del insecto.<\/em><\/h2>\n<p>El dengue contin\u00faa avanzando sobre la poblaci\u00f3n, quiz\u00e1s opacado por la irrupci\u00f3n del coronavirus, pero trayendo enormes inconvenientes. En lo que va del a\u00f1o se registraron 134 casos positivos en la capital bonaerense. Los datos fueron confirmados por las autoridades del Municipio, quienes dispusieron intensificar las fumigaciones y el control de foco en algunos barrios platenses.<\/p>\n<blockquote>\n<h3>En este sentido, el secretario de Salud local,<strong> Enrique Rifourcat<\/strong>, destac\u00f3 que <em><strong>\u00abya son 134 los casos registrados de dengue en La Plata\u00bb<\/strong><\/em>, y se\u00f1al\u00f3 que se pondr\u00e1n en marcha operativos de fumigaci\u00f3n en parques y plazas.<\/h3>\n<\/blockquote>\n<p>Adem\u00e1s, el funcionario local subray\u00f3: <em><strong>\u00abSi bien se trabaja preventivamente en toda la ciudad, reforzamos los operativos de fumigaci\u00f3n en aquellas zonas donde se han detectado casos sospechosos de dengue\u00bb.<\/strong><\/em><\/p>\n","protected":false},"excerpt":{"rendered":"<div class=\"mh-excerpt\"><p>El Municipio que conduce Julio Garro confirm\u00f3 el incremento de los pacientes infectados con la enfermedad transmitida por el mosquito. Afirm\u00f3\u00a0que aumentar\u00e1n las fumigaciones en algunas zonas de la ciudad. Las autoridades recomendaron a los <a class=\"mh-excerpt-more\" href=\"https:\/\/larevistadigital.com.ar\/blog\/la-plata-134-casos-confirmados-de-dengue\/\" title=\"LA PLATA: 134 CASOS CONFIRMADOS DE DENGUE\">[Leer M\u00e1s]<\/a><\/p>\n<\/div>","protected":false},"author":3,"featured_media":15146,"comment_status":"open","ping_status":"open","sticky":false,"template":"","format":"standard","meta":{"_jetpack_memberships_contains_paid_content":false,"footnotes":"","jetpack_publicize_message":"","jetpack_publicize_feature_enabled":true,"jetpack_social_post_already_shared":true,"jetpack_social_options":{"image_generator_settings":{"template":"highway","default_image_id":0,"font":"","enabled":false},"version":2}},"categories":[51],"tags":[],"class_list":{"0":"post-15145","1":"post","2":"type-post","3":"status-publish","4":"format-standard","5":"has-post-thumbnail","7":"category-regionales"},"jetpack_publicize_connections":[],"jetpack_featured_media_url":"https:\/\/i0.wp.com\/larevistadigital.com.ar\/blog\/wp-content\/uploads\/1200px-Aedes_aegypti.jpg?fit=1200%2C800&ssl=1","jetpack_sharing_enabled":true,"jetpack_shortlink":"https:\/\/wp.me\/p8qtrQ-3Wh","jetpack-related-posts":[{"id":30601,"url":"https:\/\/larevistadigital.com.ar\/blog\/atencion-se-detectaron-25-casos-de-dengue-y-44-de-chikungunya-en-la-porovincia-de-buenos-aires\/","url_meta":{"origin":15145,"position":0},"title":"ATENCI\u00d3N: SE DETECTARON 25 CASOS DE DENGUE Y 44 DE CHIKUNGUNYA EN LA POROVINCIA DE BUENOS AIRES.","author":"Alejandro Sosa Ruda","date":"15 marzo, 2023","format":false,"excerpt":"Entre las medidas de prevenci\u00f3n se destacan: liminar todos los recipientes en desuso que puedan acumular agua y tapar aquellos que sean \u00fatiles y no se pueden descartar; vestirse preferentemente con ropas claras y de mangas largas; usar repelentes ambientales como espirales o pastillas; cubrir cunas y cochecitos con tul;\u2026","rel":"","context":"En \u00abINTERES GENERAL\u00bb","block_context":{"text":"INTERES GENERAL","link":"https:\/\/larevistadigital.com.ar\/blog\/category\/interes-general\/"},"img":{"alt_text":"","src":"https:\/\/i0.wp.com\/larevistadigital.com.ar\/blog\/wp-content\/uploads\/20230314115733_dengue.jpg?fit=880%2C512&ssl=1&resize=350%2C200","width":350,"height":200,"srcset":"https:\/\/i0.wp.com\/larevistadigital.com.ar\/blog\/wp-content\/uploads\/20230314115733_dengue.jpg?fit=880%2C512&ssl=1&resize=350%2C200 1x, https:\/\/i0.wp.com\/larevistadigital.com.ar\/blog\/wp-content\/uploads\/20230314115733_dengue.jpg?fit=880%2C512&ssl=1&resize=525%2C300 1.5x, https:\/\/i0.wp.com\/larevistadigital.com.ar\/blog\/wp-content\/uploads\/20230314115733_dengue.jpg?fit=880%2C512&ssl=1&resize=700%2C400 2x"},"classes":[]},{"id":30714,"url":"https:\/\/larevistadigital.com.ar\/blog\/se-cuadruplicaron-los-casos-de-dengue-en-la-provincia\/","url_meta":{"origin":15145,"position":1},"title":"SE CUADRUPLICARON LOS CASOS DE DENGUE EN LA PROVINCIA","author":"Alejandro Sosa Ruda","date":"25 marzo, 2023","format":false,"excerpt":"En lo que va del a\u00f1o, se notificaron en la Provincia \u201c902 casos con sospecha de dengue\u201d. De ese total, \u201c176 fueron confirmados, 48 son probables, 151 casos fueron descartados y 527 a\u00fan contin\u00faan en estudio\u201d. Los n\u00fameros son significativamente m\u00e1s altos que en 2022, cuando se contabilizaron, para esta\u2026","rel":"","context":"En \u00abINTERES GENERAL\u00bb","block_context":{"text":"INTERES GENERAL","link":"https:\/\/larevistadigital.com.ar\/blog\/category\/interes-general\/"},"img":{"alt_text":"","src":"https:\/\/i0.wp.com\/larevistadigital.com.ar\/blog\/wp-content\/uploads\/20230324163045_dengue.jpg?fit=880%2C512&ssl=1&resize=350%2C200","width":350,"height":200,"srcset":"https:\/\/i0.wp.com\/larevistadigital.com.ar\/blog\/wp-content\/uploads\/20230324163045_dengue.jpg?fit=880%2C512&ssl=1&resize=350%2C200 1x, https:\/\/i0.wp.com\/larevistadigital.com.ar\/blog\/wp-content\/uploads\/20230324163045_dengue.jpg?fit=880%2C512&ssl=1&resize=525%2C300 1.5x, https:\/\/i0.wp.com\/larevistadigital.com.ar\/blog\/wp-content\/uploads\/20230324163045_dengue.jpg?fit=880%2C512&ssl=1&resize=700%2C400 2x"},"classes":[]},{"id":35336,"url":"https:\/\/larevistadigital.com.ar\/blog\/la-plata-alerta-por-el-brote-de-dengue-que-sucede-si-una-persona-es-picada-una-segunda-vez\/","url_meta":{"origin":15145,"position":2},"title":"LA PLATA: ALERTA POR EL BROTE DE DENGUE. \u00bfQU\u00c9 SUCEDE SI UNA PERSONA ES PICADA UNA SEGUNDA VEZ?","author":"Alejandro Sosa Ruda","date":"28 febrero, 2024","format":false,"excerpt":"La Plata fue declarada \"en brote\" de dengue y los expertos pidieron extremar los cuidados, especialmente quienes ya sufrieron la enfermedad una vez. 28 de febrero de 2024 LA PLATA -\u00a0 El Ministerio de Salud de la Provincia de Buenos Aires inform\u00f3 el \u00faltimo martes que La Plata se convirti\u00f3\u2026","rel":"","context":"En \u00abREGIONALES\u00bb","block_context":{"text":"REGIONALES","link":"https:\/\/larevistadigital.com.ar\/blog\/category\/regionales\/"},"img":{"alt_text":"","src":"https:\/\/i0.wp.com\/larevistadigital.com.ar\/blog\/wp-content\/uploads\/20230324163045_dengue.jpg?fit=880%2C512&ssl=1&resize=350%2C200","width":350,"height":200,"srcset":"https:\/\/i0.wp.com\/larevistadigital.com.ar\/blog\/wp-content\/uploads\/20230324163045_dengue.jpg?fit=880%2C512&ssl=1&resize=350%2C200 1x, https:\/\/i0.wp.com\/larevistadigital.com.ar\/blog\/wp-content\/uploads\/20230324163045_dengue.jpg?fit=880%2C512&ssl=1&resize=525%2C300 1.5x, https:\/\/i0.wp.com\/larevistadigital.com.ar\/blog\/wp-content\/uploads\/20230324163045_dengue.jpg?fit=880%2C512&ssl=1&resize=700%2C400 2x"},"classes":[]},{"id":19052,"url":"https:\/\/larevistadigital.com.ar\/blog\/lezama-se-realiza-fumigacion-contra-los-mosquitos-en-distintos-lugares-de-la-ciudad\/","url_meta":{"origin":15145,"position":3},"title":"LEZAMA: SE REALIZA FUMIGACI\u00d3N CONTRA LOS MOSQUITOS EN DISTINTOS LUGARES DE LA CIUDAD","author":"Alejandro Sosa Ruda","date":"26 febrero, 2021","format":false,"excerpt":"El \u00e1rea de Zoonosis y Bromatolog\u00eda del municipio, en conjunto con la Secretar\u00eda de Seguridad, realiz\u00f3 fumigaciones para reducir la poblaci\u00f3n de mosquitos en un amplio sector del sector urbano: bulevares, Plaza de la Autonom\u00eda, barrio El Tero, Plaza Marinacci, sector industrial y UPA Trauma. Dadas las condiciones clim\u00e1ticas de\u2026","rel":"","context":"En \u00abLEZAMA\u00bb","block_context":{"text":"LEZAMA","link":"https:\/\/larevistadigital.com.ar\/blog\/category\/lezama\/"},"img":{"alt_text":"","src":"https:\/\/i0.wp.com\/larevistadigital.com.ar\/blog\/wp-content\/uploads\/153419200_2001022056757152_619161520338180697_o.jpg?fit=1040%2C644&ssl=1&resize=350%2C200","width":350,"height":200,"srcset":"https:\/\/i0.wp.com\/larevistadigital.com.ar\/blog\/wp-content\/uploads\/153419200_2001022056757152_619161520338180697_o.jpg?fit=1040%2C644&ssl=1&resize=350%2C200 1x, https:\/\/i0.wp.com\/larevistadigital.com.ar\/blog\/wp-content\/uploads\/153419200_2001022056757152_619161520338180697_o.jpg?fit=1040%2C644&ssl=1&resize=525%2C300 1.5x, https:\/\/i0.wp.com\/larevistadigital.com.ar\/blog\/wp-content\/uploads\/153419200_2001022056757152_619161520338180697_o.jpg?fit=1040%2C644&ssl=1&resize=700%2C400 2x"},"classes":[]},{"id":38500,"url":"https:\/\/larevistadigital.com.ar\/blog\/dengue-en-chascomus-situacion-actual\/","url_meta":{"origin":15145,"position":4},"title":"Dengue en Chascom\u00fas: Situaci\u00f3n actual.","author":"Alejandro Sosa Ruda","date":"20 enero, 2025","format":false,"excerpt":"Tras las lluvias recientes, desde el \u00e1rea de Salud se remarc\u00f3 la importancia de reforzar las medidas preventivas contra el mosquito Aedes aegypti. 20 de Enero de 2025 CHASCOM\u00daS -\u00a0 La Secretar\u00eda de Salud P\u00fablica de Chascom\u00fas inform\u00f3 que fueron confirmados dos casos de dengue en la ciudad, uno de\u2026","rel":"","context":"En \u00abINTERES GENERAL\u00bb","block_context":{"text":"INTERES GENERAL","link":"https:\/\/larevistadigital.com.ar\/blog\/category\/interes-general\/"},"img":{"alt_text":"","src":"https:\/\/i0.wp.com\/larevistadigital.com.ar\/blog\/wp-content\/uploads\/678e8a96af00e.png?fit=668%2C445&ssl=1&resize=350%2C200","width":350,"height":200,"srcset":"https:\/\/i0.wp.com\/larevistadigital.com.ar\/blog\/wp-content\/uploads\/678e8a96af00e.png?fit=668%2C445&ssl=1&resize=350%2C200 1x, https:\/\/i0.wp.com\/larevistadigital.com.ar\/blog\/wp-content\/uploads\/678e8a96af00e.png?fit=668%2C445&ssl=1&resize=525%2C300 1.5x"},"classes":[]},{"id":15302,"url":"https:\/\/larevistadigital.com.ar\/blog\/lamentable-record-41-000-infectados-de-dengue-en-argentina\/","url_meta":{"origin":15145,"position":5},"title":"LAMENTABLE R\u00c9CORD: 41.000 INFECTADOS DE DENGUE EN ARGENTINA","author":"Alejandro Sosa Ruda","date":"23 mayo, 2020","format":false,"excerpt":"La atenci\u00f3n y los cuidados de prevenci\u00f3n est\u00e1n enfocados en el coronavirus mientras el dengue sigue avanzando en nuestro territorio. Las personas contagiadas por dengue en Argentina ya son 41.754 desde julio de 2019 hasta el 9 de mayo pasado. Estos n\u00fameros superan los registros del per\u00edodo 2015-2016 con 41.402\u2026","rel":"","context":"En \u00abREGIONALES\u00bb","block_context":{"text":"REGIONALES","link":"https:\/\/larevistadigital.com.ar\/blog\/category\/regionales\/"},"img":{"alt_text":"","src":"https:\/\/i0.wp.com\/larevistadigital.com.ar\/blog\/wp-content\/uploads\/1200px-Aedes_aegypti.jpg?fit=1200%2C800&ssl=1&resize=350%2C200","width":350,"height":200,"srcset":"https:\/\/i0.wp.com\/larevistadigital.com.ar\/blog\/wp-content\/uploads\/1200px-Aedes_aegypti.jpg?fit=1200%2C800&ssl=1&resize=350%2C200 1x, https:\/\/i0.wp.com\/larevistadigital.com.ar\/blog\/wp-content\/uploads\/1200px-Aedes_aegypti.jpg?fit=1200%2C800&ssl=1&resize=525%2C300 1.5x, https:\/\/i0.wp.com\/larevistadigital.com.ar\/blog\/wp-content\/uploads\/1200px-Aedes_aegypti.jpg?fit=1200%2C800&ssl=1&resize=700%2C400 2x, https:\/\/i0.wp.com\/larevistadigital.com.ar\/blog\/wp-content\/uploads\/1200px-Aedes_aegypti.jpg?fit=1200%2C800&ssl=1&resize=1050%2C600 3x"},"classes":[]}],"_links":{"self":[{"href":"https:\/\/larevistadigital.com.ar\/blog\/wp-json\/wp\/v2\/posts\/15145","targetHints":{"allow":["GET"]}}],"collection":[{"href":"https:\/\/larevistadigital.com.ar\/blog\/wp-json\/wp\/v2\/posts"}],"about":[{"href":"https:\/\/larevistadigital.com.ar\/blog\/wp-json\/wp\/v2\/types\/post"}],"author":[{"embeddable":true,"href":"https:\/\/larevistadigital.com.ar\/blog\/wp-json\/wp\/v2\/users\/3"}],"replies":[{"embeddable":true,"href":"https:\/\/larevistadigital.com.ar\/blog\/wp-json\/wp\/v2\/comments?post=15145"}],"version-history":[{"count":1,"href":"https:\/\/larevistadigital.com.ar\/blog\/wp-json\/wp\/v2\/posts\/15145\/revisions"}],"predecessor-version":[{"id":15147,"href":"https:\/\/larevistadigital.com.ar\/blog\/wp-json\/wp\/v2\/posts\/15145\/revisions\/15147"}],"wp:featuredmedia":[{"embeddable":true,"href":"https:\/\/larevistadigital.com.ar\/blog\/wp-json\/wp\/v2\/media\/15146"}],"wp:attachment":[{"href":"https:\/\/larevistadigital.com.ar\/blog\/wp-json\/wp\/v2\/media?parent=15145"}],"wp:term":[{"taxonomy":"category","embeddable":true,"href":"https:\/\/larevistadigital.com.ar\/blog\/wp-json\/wp\/v2\/categories?post=15145"},{"taxonomy":"post_tag","embeddable":true,"href":"https:\/\/larevistadigital.com.ar\/blog\/wp-json\/wp\/v2\/tags?post=15145"}],"curies":[{"name":"wp","href":"https:\/\/api.w.org\/{rel}","templated":true}]}}