{"id":15148,"date":"2020-05-08T03:37:29","date_gmt":"2020-05-08T03:37:29","guid":{"rendered":"https:\/\/larevistadigital.com.ar\/blog\/?p=15148"},"modified":"2020-05-08T03:42:06","modified_gmt":"2020-05-08T03:42:06","slug":"increible-abusa-de-un-bebe-y-lo-golpea-hace-seis-meses-que-esta-profugo","status":"publish","type":"post","link":"https:\/\/larevistadigital.com.ar\/blog\/increible-abusa-de-un-bebe-y-lo-golpea-hace-seis-meses-que-esta-profugo\/","title":{"rendered":"INCRE\u00cdBLE: ABUSA DE UN BEB\u00c9 Y LO GOLPEA. HACE SEIS MESES QUE EST\u00c1 PR\u00d3FUGO"},"content":{"rendered":"<p><strong>SAN VICENTE &#8211;<\/strong> Se trata de <strong>Rub\u00e9n Oscar P\u00e9rez<\/strong>, quien atac\u00f3 al hijo de su pareja el pasado 3 de noviembre en una vivienda de Alejandro Korn, para luego darse a la fuga. La polic\u00eda y las autoridades judiciales de la regi\u00f3n siguen en deuda con la v\u00edctima y sus familiares.<\/p>\n<blockquote>\n<h3><strong>Carolina Quiros<\/strong> es la madre del peque\u00f1o Lucas, de un a\u00f1o y medio, quien a\u00fan se encuentra internado en el Hospital de Ni\u00f1os de La Plata debido a las graves lesiones que recibi\u00f3 hace seis meses por parte de Oscar Rub\u00e9n P\u00e9rez.<\/h3>\n<\/blockquote>\n<p><strong>Carolina<\/strong> viaja todas las semanas desde Quilmes (lugar en el que se encuentra viviendo) hasta la capital bonaerense para poder ver a su hijo.\u00a0 <strong><em>\u201cLucas no va a poder a volver a moverse por s\u00ed solo, tiene secuelas muy graves del ataque sexual y de los golpes que recibi\u00f3\u201d<\/em><\/strong>, explic\u00f3 en di\u00e1logo con el medio ANDigital.<\/p>\n<blockquote>\n<h3>Mientras tanto, aguarda que la fiscal\u00eda que tiene el caso y est\u00e1 a cargo de <strong>Karina Guyot<\/strong> avance en la investigaci\u00f3n y en conjunto con la Polic\u00eda Bonaerense pueda dar con el paradero del agresor que sigue pr\u00f3fugo.<\/h3>\n<\/blockquote>\n<p>Sobre este punto, <strong>Carolina<\/strong> relat\u00f3 que:<strong><em> \u201cno lo est\u00e1n buscando, \u00e9l est\u00e1 escondido en San Vicente. Sabemos que hace poco perpetr\u00f3 el robo de una camioneta, ese caso fue denunciado pero hasta ahora nadie lo detuvo\u201d.<\/em><\/strong><\/p>\n<blockquote>\n<h3>La madre del peque\u00f1o agreg\u00f3 que tambi\u00e9n recibi\u00f3 amenazas por redes sociales por parte de P\u00e9rez y que las autoridades le prometieron una custodia que nunca lleg\u00f3: <strong><em>\u201cno tengo ning\u00fan tipo de protecci\u00f3n\u201d.<\/em><\/strong><\/h3>\n<\/blockquote>\n<p>En redes sociales la familia del peque\u00f1o <strong>Lucas<\/strong> divulg\u00f3 la imagen de <strong>P\u00e9rez<\/strong> y los tel\u00e9fonos para comunicarse en caso de conocer datos que ayuden a dar con su paradero: son el 02224-4811737 (Fiscal\u00eda de San Vicente) y el 08003335502-911 (Ministerio de Seguridad). En ambos estamentos se garantiza reserva de identidad.<\/p>\n","protected":false},"excerpt":{"rendered":"<div class=\"mh-excerpt\"><p>SAN VICENTE &#8211; Se trata de Rub\u00e9n Oscar P\u00e9rez, quien atac\u00f3 al hijo de su pareja el pasado 3 de noviembre en una vivienda de Alejandro Korn, para luego darse a la fuga. La polic\u00eda <a class=\"mh-excerpt-more\" href=\"https:\/\/larevistadigital.com.ar\/blog\/increible-abusa-de-un-bebe-y-lo-golpea-hace-seis-meses-que-esta-profugo\/\" title=\"INCRE\u00cdBLE: ABUSA DE UN BEB\u00c9 Y LO GOLPEA. HACE SEIS MESES QUE EST\u00c1 PR\u00d3FUGO\">[Leer M\u00e1s]<\/a><\/p>\n<\/div>","protected":false},"author":3,"featured_media":15150,"comment_status":"open","ping_status":"open","sticky":false,"template":"","format":"standard","meta":{"_jetpack_memberships_contains_paid_content":false,"footnotes":"","jetpack_publicize_message":"","jetpack_publicize_feature_enabled":true,"jetpack_social_post_already_shared":true,"jetpack_social_options":{"image_generator_settings":{"template":"highway","default_image_id":0,"font":"","enabled":false},"version":2}},"categories":[44,51],"tags":[],"class_list":{"0":"post-15148","1":"post","2":"type-post","3":"status-publish","4":"format-standard","5":"has-post-thumbnail","7":"category-policiales","8":"category-regionales"},"jetpack_publicize_connections":[],"jetpack_featured_media_url":"https:\/\/i0.wp.com\/larevistadigital.com.ar\/blog\/wp-content\/uploads\/BlurImage_4-5-2020-6-13-20_wm.jpg?fit=739%2C899&ssl=1","jetpack_sharing_enabled":true,"jetpack_shortlink":"https:\/\/wp.me\/p8qtrQ-3Wk","jetpack-related-posts":[{"id":8693,"url":"https:\/\/larevistadigital.com.ar\/blog\/chascomus-un-hombre-fallecido-hace-dias-fue-encontrado-por-su-hijo-se-averiguan-las-causas-del-deceso\/","url_meta":{"origin":15148,"position":0},"title":"CHASCOM\u00daS: UN HOMBRE FALLECIDO HACE D\u00cdAS FUE ENCONTRADO POR SU HIJO. SE AVERIGUAN LAS CAUSAS DEL DECESO","author":"Alejandro Sosa Ruda","date":"24 febrero, 2019","format":false,"excerpt":"Se recibi\u00f3 un llamado al 911 por parte del hijo de Rub\u00e9n Ismael Fontana de 65 a\u00f1os de edad ya que lo hab\u00eda encontrado sin vida. Por\u00a0 ese motivo, acude al lugar Ocio de cuadr\u00edcula y una ambulancia de hospital certificando el deceso el cual llevaba unos d\u00edas por el\u2026","rel":"","context":"En \u00abPOLICIALES\u00bb","block_context":{"text":"POLICIALES","link":"https:\/\/larevistadigital.com.ar\/blog\/category\/policiales\/"},"img":{"alt_text":"","src":"https:\/\/i0.wp.com\/larevistadigital.com.ar\/blog\/wp-content\/uploads\/2017\/10\/CRESP%C3%93N-NEGRO.jpg?fit=900%2C900&ssl=1&resize=350%2C200","width":350,"height":200,"srcset":"https:\/\/i0.wp.com\/larevistadigital.com.ar\/blog\/wp-content\/uploads\/2017\/10\/CRESP%C3%93N-NEGRO.jpg?fit=900%2C900&ssl=1&resize=350%2C200 1x, https:\/\/i0.wp.com\/larevistadigital.com.ar\/blog\/wp-content\/uploads\/2017\/10\/CRESP%C3%93N-NEGRO.jpg?fit=900%2C900&ssl=1&resize=525%2C300 1.5x, https:\/\/i0.wp.com\/larevistadigital.com.ar\/blog\/wp-content\/uploads\/2017\/10\/CRESP%C3%93N-NEGRO.jpg?fit=900%2C900&ssl=1&resize=700%2C400 2x"},"classes":[]},{"id":29004,"url":"https:\/\/larevistadigital.com.ar\/blog\/canuelas-brutal-femicidio-y-masacre-conmociona-la-ciudad\/","url_meta":{"origin":15148,"position":1},"title":"CA\u00d1UELAS: BRUTAL FEMICIDIO Y MASACRE CONMOCIONA LA CIUDAD","author":"Alejandro Sosa Ruda","date":"23 noviembre, 2022","format":false,"excerpt":"Mar\u00eda Alejandra Gim\u00e9nez D\u00edaz sufr\u00eda violencia de g\u00e9nero y hab\u00eda decidido dejar su hogar en La Matanza para mudarse con sus dos hijos a Ca\u00f1uelas en busca de paz. Pero\u00a0Jos\u00e9 Averio Na\u00f3n, que ten\u00eda una perimetral, decidi\u00f3 acabar con su vida. Viaj\u00f3 hasta esa ciudad y asesin\u00f3 a la mujer\u2026","rel":"","context":"En \u00abPOLICIALES\u00bb","block_context":{"text":"POLICIALES","link":"https:\/\/larevistadigital.com.ar\/blog\/category\/policiales\/"},"img":{"alt_text":"","src":"https:\/\/i0.wp.com\/larevistadigital.com.ar\/blog\/wp-content\/uploads\/081941_whatsapp-image-20221123-at-08.17.45.jpeg?fit=799%2C529&ssl=1&resize=350%2C200","width":350,"height":200,"srcset":"https:\/\/i0.wp.com\/larevistadigital.com.ar\/blog\/wp-content\/uploads\/081941_whatsapp-image-20221123-at-08.17.45.jpeg?fit=799%2C529&ssl=1&resize=350%2C200 1x, https:\/\/i0.wp.com\/larevistadigital.com.ar\/blog\/wp-content\/uploads\/081941_whatsapp-image-20221123-at-08.17.45.jpeg?fit=799%2C529&ssl=1&resize=525%2C300 1.5x, https:\/\/i0.wp.com\/larevistadigital.com.ar\/blog\/wp-content\/uploads\/081941_whatsapp-image-20221123-at-08.17.45.jpeg?fit=799%2C529&ssl=1&resize=700%2C400 2x"},"classes":[]},{"id":26668,"url":"https:\/\/larevistadigital.com.ar\/blog\/intento-ver-a-su-hijo-en-el-colegio-y-la-retiraron-esposada\/","url_meta":{"origin":15148,"position":2},"title":"INTENT\u00d3 VER A SU HIJO EN EL COLEGIO Y LA RETIRARON ESPOSADA","author":"Alejandro Sosa Ruda","date":"17 julio, 2022","format":false,"excerpt":"Una joven mam\u00e1 fue retirada de un establecimiento educativo por personal policial y con las esposas colocadas cuando intentaba ver a su hijo. Brenda Villaverde afirma que hace 5 meses no puede ver a su peque\u00f1o de 3 a\u00f1os por un impedimento de la Justicia, pero apunta contra el padre.\u2026","rel":"","context":"En \u00abPOLICIALES\u00bb","block_context":{"text":"POLICIALES","link":"https:\/\/larevistadigital.com.ar\/blog\/category\/policiales\/"},"img":{"alt_text":"","src":"https:\/\/i0.wp.com\/larevistadigital.com.ar\/blog\/wp-content\/uploads\/20220717181128_brenda-villaverde-espasada-escuela-pergamino.jpg?fit=880%2C512&ssl=1&resize=350%2C200","width":350,"height":200,"srcset":"https:\/\/i0.wp.com\/larevistadigital.com.ar\/blog\/wp-content\/uploads\/20220717181128_brenda-villaverde-espasada-escuela-pergamino.jpg?fit=880%2C512&ssl=1&resize=350%2C200 1x, https:\/\/i0.wp.com\/larevistadigital.com.ar\/blog\/wp-content\/uploads\/20220717181128_brenda-villaverde-espasada-escuela-pergamino.jpg?fit=880%2C512&ssl=1&resize=525%2C300 1.5x, https:\/\/i0.wp.com\/larevistadigital.com.ar\/blog\/wp-content\/uploads\/20220717181128_brenda-villaverde-espasada-escuela-pergamino.jpg?fit=880%2C512&ssl=1&resize=700%2C400 2x"},"classes":[]},{"id":40633,"url":"https:\/\/larevistadigital.com.ar\/blog\/preocupacion-por-dos-hermanos-de-madariaga-que-viajaban-por-brasil-llamaron-tras-cinco-dias-sin-contacto-pero-crecen-las-dudas\/","url_meta":{"origin":15148,"position":3},"title":"Preocupaci\u00f3n por dos hermanos de Madariaga que viajaban por Brasil: llamaron tras cinco d\u00edas sin contacto, pero crecen las dudas","author":"Alejandro Sosa Ruda","date":"26 julio, 2025","format":false,"excerpt":"Los jovenes, estaban de vacaciones en Salvador de Bah\u00eda y dejaron de comunicarse con su familia. Ayer hicieron un breve llamado que no apacigu\u00f3 del todo la preocupaci\u00f3n, por lo que la denuncia sigue su curso. BUENOS AIRES\u00a0 -\u00a0 Cinco d\u00edas sin noticias fue el tiempo que transcurri\u00f3 hasta que\u2026","rel":"","context":"En \u00abPOLICIALES\u00bb","block_context":{"text":"POLICIALES","link":"https:\/\/larevistadigital.com.ar\/blog\/category\/policiales\/"},"img":{"alt_text":"","src":"https:\/\/i0.wp.com\/larevistadigital.com.ar\/blog\/wp-content\/uploads\/f46cb1072f99a851c7fba72d19956c0c41f3d704.jpg?fit=1140%2C709&ssl=1&resize=350%2C200","width":350,"height":200,"srcset":"https:\/\/i0.wp.com\/larevistadigital.com.ar\/blog\/wp-content\/uploads\/f46cb1072f99a851c7fba72d19956c0c41f3d704.jpg?fit=1140%2C709&ssl=1&resize=350%2C200 1x, https:\/\/i0.wp.com\/larevistadigital.com.ar\/blog\/wp-content\/uploads\/f46cb1072f99a851c7fba72d19956c0c41f3d704.jpg?fit=1140%2C709&ssl=1&resize=525%2C300 1.5x, https:\/\/i0.wp.com\/larevistadigital.com.ar\/blog\/wp-content\/uploads\/f46cb1072f99a851c7fba72d19956c0c41f3d704.jpg?fit=1140%2C709&ssl=1&resize=700%2C400 2x, https:\/\/i0.wp.com\/larevistadigital.com.ar\/blog\/wp-content\/uploads\/f46cb1072f99a851c7fba72d19956c0c41f3d704.jpg?fit=1140%2C709&ssl=1&resize=1050%2C600 3x"},"classes":[]},{"id":18055,"url":"https:\/\/larevistadigital.com.ar\/blog\/asfixio-a-su-hijito-de-3-anos-y-lo-tiro-al-rio-fue-condenada-a-perpetua\/","url_meta":{"origin":15148,"position":4},"title":"ASFIXI\u00d3 A SU HIJITO DE 3 A\u00d1OS, Y LO TIR\u00d3 AL R\u00cdO. FUE CONDENADA A PERPETUA","author":"Alejandro Sosa Ruda","date":"10 diciembre, 2020","format":false,"excerpt":"El aberrante hecho ocurri\u00f3 en Palpal\u00e1. Ana Cecilia G\u00f3mez, que se consider\u00f3 inocente, fue declarada culpable del homicidio de su hijo. JUJUY - Una mujer fue condenada a prisi\u00f3n perpetua por el homicidio de su hijo de 3 a\u00f1os,\u00a0a quien golpe\u00f3 y asfixi\u00f3 en su casa de la ciudad juje\u00f1a\u2026","rel":"","context":"En \u00abINTERES GENERAL\u00bb","block_context":{"text":"INTERES GENERAL","link":"https:\/\/larevistadigital.com.ar\/blog\/category\/interes-general\/"},"img":{"alt_text":"","src":"https:\/\/i0.wp.com\/larevistadigital.com.ar\/blog\/wp-content\/uploads\/ana-cecilia-gomez.jpg?fit=1140%2C640&ssl=1&resize=350%2C200","width":350,"height":200,"srcset":"https:\/\/i0.wp.com\/larevistadigital.com.ar\/blog\/wp-content\/uploads\/ana-cecilia-gomez.jpg?fit=1140%2C640&ssl=1&resize=350%2C200 1x, https:\/\/i0.wp.com\/larevistadigital.com.ar\/blog\/wp-content\/uploads\/ana-cecilia-gomez.jpg?fit=1140%2C640&ssl=1&resize=525%2C300 1.5x, https:\/\/i0.wp.com\/larevistadigital.com.ar\/blog\/wp-content\/uploads\/ana-cecilia-gomez.jpg?fit=1140%2C640&ssl=1&resize=700%2C400 2x, https:\/\/i0.wp.com\/larevistadigital.com.ar\/blog\/wp-content\/uploads\/ana-cecilia-gomez.jpg?fit=1140%2C640&ssl=1&resize=1050%2C600 3x"},"classes":[]},{"id":25728,"url":"https:\/\/larevistadigital.com.ar\/blog\/indignacion-de-familiares-de-victimas-por-la-domiciliaria-otorgada-a-etchecolaz\/","url_meta":{"origin":15148,"position":5},"title":"INDIGNACI\u00d3N DE FAMILIARES DE V\u00cdCTIMAS POR LA \u00abDOMICILIARIA\u00bb OTORGADA A ETCHECOLAZ","author":"Alejandro Sosa Ruda","date":"9 junio, 2022","format":false,"excerpt":"Los familiares de Julio L\u00f3pez y de Horacio \u00dangaro se\u00f1alaron que con este fallo los jueces \"volvieron a hacer desaparecer\" a sus familiares. La C\u00e1mara Federal de Casaci\u00f3n Penal concedi\u00f3 la prisi\u00f3n domiciliaria al\u00a0exdirector de Investigaciones de la Polic\u00eda Bonaerense, Miguel Etchecolatz,\u00a0y a otros\u00a0represores condenados por delitos de lesa humanidad\u2026","rel":"","context":"En \u00abINTERES GENERAL\u00bb","block_context":{"text":"INTERES GENERAL","link":"https:\/\/larevistadigital.com.ar\/blog\/category\/interes-general\/"},"img":{"alt_text":"","src":"https:\/\/i0.wp.com\/larevistadigital.com.ar\/blog\/wp-content\/uploads\/1540935704999.jpg?fit=1200%2C594&ssl=1&resize=350%2C200","width":350,"height":200,"srcset":"https:\/\/i0.wp.com\/larevistadigital.com.ar\/blog\/wp-content\/uploads\/1540935704999.jpg?fit=1200%2C594&ssl=1&resize=350%2C200 1x, https:\/\/i0.wp.com\/larevistadigital.com.ar\/blog\/wp-content\/uploads\/1540935704999.jpg?fit=1200%2C594&ssl=1&resize=525%2C300 1.5x, https:\/\/i0.wp.com\/larevistadigital.com.ar\/blog\/wp-content\/uploads\/1540935704999.jpg?fit=1200%2C594&ssl=1&resize=700%2C400 2x, https:\/\/i0.wp.com\/larevistadigital.com.ar\/blog\/wp-content\/uploads\/1540935704999.jpg?fit=1200%2C594&ssl=1&resize=1050%2C600 3x"},"classes":[]}],"_links":{"self":[{"href":"https:\/\/larevistadigital.com.ar\/blog\/wp-json\/wp\/v2\/posts\/15148","targetHints":{"allow":["GET"]}}],"collection":[{"href":"https:\/\/larevistadigital.com.ar\/blog\/wp-json\/wp\/v2\/posts"}],"about":[{"href":"https:\/\/larevistadigital.com.ar\/blog\/wp-json\/wp\/v2\/types\/post"}],"author":[{"embeddable":true,"href":"https:\/\/larevistadigital.com.ar\/blog\/wp-json\/wp\/v2\/users\/3"}],"replies":[{"embeddable":true,"href":"https:\/\/larevistadigital.com.ar\/blog\/wp-json\/wp\/v2\/comments?post=15148"}],"version-history":[{"count":1,"href":"https:\/\/larevistadigital.com.ar\/blog\/wp-json\/wp\/v2\/posts\/15148\/revisions"}],"predecessor-version":[{"id":15149,"href":"https:\/\/larevistadigital.com.ar\/blog\/wp-json\/wp\/v2\/posts\/15148\/revisions\/15149"}],"wp:featuredmedia":[{"embeddable":true,"href":"https:\/\/larevistadigital.com.ar\/blog\/wp-json\/wp\/v2\/media\/15150"}],"wp:attachment":[{"href":"https:\/\/larevistadigital.com.ar\/blog\/wp-json\/wp\/v2\/media?parent=15148"}],"wp:term":[{"taxonomy":"category","embeddable":true,"href":"https:\/\/larevistadigital.com.ar\/blog\/wp-json\/wp\/v2\/categories?post=15148"},{"taxonomy":"post_tag","embeddable":true,"href":"https:\/\/larevistadigital.com.ar\/blog\/wp-json\/wp\/v2\/tags?post=15148"}],"curies":[{"name":"wp","href":"https:\/\/api.w.org\/{rel}","templated":true}]}}