{"id":15152,"date":"2020-05-11T13:52:19","date_gmt":"2020-05-11T13:52:19","guid":{"rendered":"https:\/\/larevistadigital.com.ar\/blog\/?p=15152"},"modified":"2020-05-11T13:52:19","modified_gmt":"2020-05-11T13:52:19","slug":"la-plata-12-industrias-pueden-abrir-pero-los-comercios-deben-permanecer-cerrados","status":"publish","type":"post","link":"https:\/\/larevistadigital.com.ar\/blog\/la-plata-12-industrias-pueden-abrir-pero-los-comercios-deben-permanecer-cerrados\/","title":{"rendered":"LA PLATA: 12 INDUSTRIAS PUEDEN ABRIR, PERO LOS COMERCIOS DEBEN PERMANECER CERRADOS"},"content":{"rendered":"<p class=\"selectionShareable\">El intendente de La Plata, <strong>Julio Garro<\/strong>, inform\u00f3 hoy que el Gobernador <strong>Axel Kicillof<\/strong>, autoriz\u00f3 la posibilidad de que 12 industrias en la ciudad puedan reabrir sus plantas, con estrictos protocolos sanitarios. Se siguen evaluando el resto de las propuestas, por ahora comercios deben permanecer cerrados.<\/p>\n<p class=\"selectionShareable\">La autorizaci\u00f3n fue dada por el Ministerio de Producci\u00f3n y la Jefatura de Gabinete de Ministros de la Provincia y se suma a otras cuatro empresas que hab\u00edan sido autorizadas a reabrir sus puertas a partir de este lunes.<\/p>\n<p class=\"selectionShareable\">Al respecto, el intendente <strong>Julio Garro<\/strong> enfatiz\u00f3 que <strong><em>\u201cel desaf\u00edo m\u00e1s importante es encontrar el equilibrio entre motorizar la econom\u00eda local y seguir cuidando la salud de los platenses. Hoy estamos trabajando con esta prioridad. Dise\u00f1amos un plan piloto que elevamos al Gobierno de la Provincia, con el objetivo de empezar a habilitar de manera progresiva, la apertura de los comercios e industrias\u201d<\/em><\/strong>.<\/p>\n<blockquote>\n<h3 class=\"selectionShareable\"><strong>En esta etapa, se autoriz\u00f3 la apertura de una f\u00e1brica de adhesivos (Adhesivos Parsecs); tres empresas de autopartes (D\u00eda Metal, Federal Mogul S.A y Taranto S.A); una f\u00e1brica de cables el\u00e9ctricos (Cedam); una enfriadora de alimentos y medicamentos (Aco color S.A.); premoldeados de hormig\u00f3n (FADEP SRL); f\u00e1brica de ladrillos (Cer\u00e1mica Ctibor SA); f\u00e1brica de pinturas y membranas (Emapi SA.); una f\u00e1brica mosaicos y ladrillos (La Espa\u00f1ola Mosaicos SRL); una hormigonera (Luis Franco Russo) y un lavado de transportes (Reynoso Marina).\u00a0<\/strong><\/h3>\n<\/blockquote>\n<p class=\"selectionShareable\"><strong>LOS COMERCIOS POR AHORA DEBEN PERMANECER CERRADOS<\/strong><\/p>\n<p class=\"selectionShareable\">Vale recordar que el municipio de La Plata elev\u00f3 un listado de 20 empresas e industrias, as\u00ed como otros rubros y sectores comerciales para solicitar su reapertura de forma controlada, con el objetivo de que puedan retomar su actividad con protocolos sanitarios y medidas de bio seguridad.<\/p>\n<p class=\"selectionShareable\">En esta primera etapa la provincia inform\u00f3 que 12 empresas ya cumplieron con las medidas tendientes a resguardar la seguridad de sus operarios por lo que podr\u00e1n reabrir, mientras se siguen analizando las dem\u00e1s propuestas.<\/p>\n<blockquote>\n<h3 class=\"selectionShareable\">En ese aspecto, Garro enfatiz\u00f3 que por lo pronto el rubro comercial no puede abrir sus puertas hasta que no haya una definici\u00f3n por parte de la Provincia y Naci\u00f3n. \u201cEntiendo la expectativa de los comerciantes y tambi\u00e9n la de muchos vecinos. Pero compartimos con Naci\u00f3n y Provincia el mismo objetivo: priorizar la salud de todos los platenses\u201d, sostuvo.<\/h3>\n<\/blockquote>\n<p class=\"selectionShareable\">A su vez, Garro dijo que<strong><em> \u201clos equipos t\u00e9cnicos est\u00e1n evaluando la factibilidad de nuestra propuesta. Mientras tanto debemos continuar como hasta ahora: respetando el aislamiento social de la fase 3 que explic\u00f3 el Presidente\u201d.<\/em><\/strong><\/p>\n<p>PUBLICADO EN EL EDITOR PLATENSE<\/p>\n","protected":false},"excerpt":{"rendered":"<div class=\"mh-excerpt\"><p>El intendente de La Plata, Julio Garro, inform\u00f3 hoy que el Gobernador Axel Kicillof, autoriz\u00f3 la posibilidad de que 12 industrias en la ciudad puedan reabrir sus plantas, con estrictos protocolos sanitarios. Se siguen evaluando <a class=\"mh-excerpt-more\" href=\"https:\/\/larevistadigital.com.ar\/blog\/la-plata-12-industrias-pueden-abrir-pero-los-comercios-deben-permanecer-cerrados\/\" title=\"LA PLATA: 12 INDUSTRIAS PUEDEN ABRIR, PERO LOS COMERCIOS DEBEN PERMANECER CERRADOS\">[Leer M\u00e1s]<\/a><\/p>\n<\/div>","protected":false},"author":3,"featured_media":15153,"comment_status":"open","ping_status":"open","sticky":false,"template":"","format":"standard","meta":{"_jetpack_memberships_contains_paid_content":false,"footnotes":"","jetpack_publicize_message":"","jetpack_publicize_feature_enabled":true,"jetpack_social_post_already_shared":true,"jetpack_social_options":{"image_generator_settings":{"template":"highway","default_image_id":0,"font":"","enabled":false},"version":2}},"categories":[51],"tags":[],"class_list":{"0":"post-15152","1":"post","2":"type-post","3":"status-publish","4":"format-standard","5":"has-post-thumbnail","7":"category-regionales"},"jetpack_publicize_connections":[],"jetpack_featured_media_url":"https:\/\/i0.wp.com\/larevistadigital.com.ar\/blog\/wp-content\/uploads\/20200510204657_6da3d1a3_d24f_4f51_a976_c2168ec63a6e.jpg?fit=880%2C586&ssl=1","jetpack_sharing_enabled":true,"jetpack_shortlink":"https:\/\/wp.me\/p8qtrQ-3Wo","jetpack-related-posts":[{"id":15155,"url":"https:\/\/larevistadigital.com.ar\/blog\/la-plata-gastronomicos-piden-mas-espacios-en-veredas-y-dejar-de-pagar-impuestos-por-un-ano\/","url_meta":{"origin":15152,"position":0},"title":"LA PLATA: GASTRON\u00d3MICOS PIDEN M\u00c1S ESPACIOS EN VEREDAS Y DEJAR DE PAGAR IMPUESTOS POR UN A\u00d1O","author":"Alejandro Sosa Ruda","date":"11 mayo, 2020","format":false,"excerpt":"Se reunir\u00e1n ma\u00f1ana y definir\u00e1n un petitorio a presentar al Intendente y al Gobierndor. Dice que con el sistema \"para llevar\" y delivery se van a seguir fundiendo bares y restaurantes LA PLATA - La propuesta que el intendente Julio Garro present\u00f3 al gobernador Axel Kicillof para la reapertura del\u2026","rel":"","context":"En \u00abGREMIALES\u00bb","block_context":{"text":"GREMIALES","link":"https:\/\/larevistadigital.com.ar\/blog\/category\/gremiales\/"},"img":{"alt_text":"","src":"https:\/\/i0.wp.com\/larevistadigital.com.ar\/blog\/wp-content\/uploads\/20200510114605_1579842044264.jpg?fit=880%2C586&ssl=1&resize=350%2C200","width":350,"height":200,"srcset":"https:\/\/i0.wp.com\/larevistadigital.com.ar\/blog\/wp-content\/uploads\/20200510114605_1579842044264.jpg?fit=880%2C586&ssl=1&resize=350%2C200 1x, https:\/\/i0.wp.com\/larevistadigital.com.ar\/blog\/wp-content\/uploads\/20200510114605_1579842044264.jpg?fit=880%2C586&ssl=1&resize=525%2C300 1.5x, https:\/\/i0.wp.com\/larevistadigital.com.ar\/blog\/wp-content\/uploads\/20200510114605_1579842044264.jpg?fit=880%2C586&ssl=1&resize=700%2C400 2x"},"classes":[]},{"id":12711,"url":"https:\/\/larevistadigital.com.ar\/blog\/la-plata-partido-justicialista-denuncio-a-garro-aqui-los-detalles\/","url_meta":{"origin":15152,"position":1},"title":"LA PLATA: PARTIDO JUSTICIALISTA DENUNCI\u00d3 A GARRO. AQU\u00cd LOS DETALLES","author":"Alejandro Sosa Ruda","date":"18 octubre, 2019","format":false,"excerpt":"La aparici\u00f3n de afiches promoviendo el corte de boleta contra la candidata del Frente de Todos, Florencia Saintout, y a favor del actual mandatario, Julio Garro, llevaron al PJ local a denunciar este hecho ante la justicia electoral. Dentro del Justicialismo hay sectores que apoyan la candidatura del jefe comunal\u2026","rel":"","context":"En \u00abPOLITICA PROVINCIAL\u00bb","block_context":{"text":"POLITICA PROVINCIAL","link":"https:\/\/larevistadigital.com.ar\/blog\/category\/politica\/politica-provincial\/"},"img":{"alt_text":"","src":"https:\/\/i0.wp.com\/larevistadigital.com.ar\/blog\/wp-content\/uploads\/EHAlKr3WwAASEvv.jpg?fit=900%2C506&ssl=1&resize=350%2C200","width":350,"height":200,"srcset":"https:\/\/i0.wp.com\/larevistadigital.com.ar\/blog\/wp-content\/uploads\/EHAlKr3WwAASEvv.jpg?fit=900%2C506&ssl=1&resize=350%2C200 1x, https:\/\/i0.wp.com\/larevistadigital.com.ar\/blog\/wp-content\/uploads\/EHAlKr3WwAASEvv.jpg?fit=900%2C506&ssl=1&resize=525%2C300 1.5x, https:\/\/i0.wp.com\/larevistadigital.com.ar\/blog\/wp-content\/uploads\/EHAlKr3WwAASEvv.jpg?fit=900%2C506&ssl=1&resize=700%2C400 2x"},"classes":[]},{"id":12679,"url":"https:\/\/larevistadigital.com.ar\/blog\/la-plata-sin-santout-se-desarrollo-el-debate-entre-los-candidatos-a-intendente\/","url_meta":{"origin":15152,"position":2},"title":"LA PLATA: SIN SANTOUT SE DESARROLL\u00d3 EL DEBATE ENTRE LOS CANDIDATOS A INTENDENTE","author":"Alejandro Sosa Ruda","date":"17 octubre, 2019","format":false,"excerpt":"El Jefe Municipal\u00a0Julio Garro (Juntos por el Cambio), Gabriel Crespi (Consenso Federal), Luana Simioni (FIT) y Marcelo Pe\u00f1a (NOS) debatieron este mi\u00e9rcoles en el Colegio de Abogados de la capital bonaerense, de cara a las elecciones Generales del 27 de octubre. No particip\u00f3 la candidata del Frente de Todos, Florencia\u2026","rel":"","context":"En \u00abPOLITICA\u00bb","block_context":{"text":"POLITICA","link":"https:\/\/larevistadigital.com.ar\/blog\/category\/politica\/"},"img":{"alt_text":"","src":"https:\/\/i0.wp.com\/larevistadigital.com.ar\/blog\/wp-content\/uploads\/1571271014743.jpeg?fit=1200%2C797&ssl=1&resize=350%2C200","width":350,"height":200,"srcset":"https:\/\/i0.wp.com\/larevistadigital.com.ar\/blog\/wp-content\/uploads\/1571271014743.jpeg?fit=1200%2C797&ssl=1&resize=350%2C200 1x, https:\/\/i0.wp.com\/larevistadigital.com.ar\/blog\/wp-content\/uploads\/1571271014743.jpeg?fit=1200%2C797&ssl=1&resize=525%2C300 1.5x, https:\/\/i0.wp.com\/larevistadigital.com.ar\/blog\/wp-content\/uploads\/1571271014743.jpeg?fit=1200%2C797&ssl=1&resize=700%2C400 2x, https:\/\/i0.wp.com\/larevistadigital.com.ar\/blog\/wp-content\/uploads\/1571271014743.jpeg?fit=1200%2C797&ssl=1&resize=1050%2C600 3x"},"classes":[]},{"id":21801,"url":"https:\/\/larevistadigital.com.ar\/blog\/la-plata-garro-furioso-por-el-robo-de-luces-led-estoy-caliente-y-con-bronca\/","url_meta":{"origin":15152,"position":3},"title":"LA PLATA: GARRO FURIOSO POR EL ROBO DE LUCES LED&#8230;\u00bbESTOY CALIENTE Y CON BRONCA\u00bb","author":"Alejandro Sosa Ruda","date":"30 agosto, 2021","format":false,"excerpt":"El intendente de La Plata manifest\u00f3 su indignaci\u00f3n en redes y comparti\u00f3 el video donde se ve c\u00f3mo roban las luces LED de la ciudad. LA PLATA - El intendente de La Plata, Julio Garro, expres\u00f3 toda su indignaci\u00f3n en su cuenta de Twitter y se manifest\u00f3 tras el robo\u2026","rel":"","context":"En \u00abINTERES GENERAL\u00bb","block_context":{"text":"INTERES GENERAL","link":"https:\/\/larevistadigital.com.ar\/blog\/category\/interes-general\/"},"img":{"alt_text":"","src":"https:\/\/i0.wp.com\/larevistadigital.com.ar\/blog\/wp-content\/uploads\/e1f41fba5b88b8b3d29fc073adccfeb5.jpg?fit=1200%2C696&ssl=1&resize=350%2C200","width":350,"height":200,"srcset":"https:\/\/i0.wp.com\/larevistadigital.com.ar\/blog\/wp-content\/uploads\/e1f41fba5b88b8b3d29fc073adccfeb5.jpg?fit=1200%2C696&ssl=1&resize=350%2C200 1x, https:\/\/i0.wp.com\/larevistadigital.com.ar\/blog\/wp-content\/uploads\/e1f41fba5b88b8b3d29fc073adccfeb5.jpg?fit=1200%2C696&ssl=1&resize=525%2C300 1.5x, https:\/\/i0.wp.com\/larevistadigital.com.ar\/blog\/wp-content\/uploads\/e1f41fba5b88b8b3d29fc073adccfeb5.jpg?fit=1200%2C696&ssl=1&resize=700%2C400 2x, https:\/\/i0.wp.com\/larevistadigital.com.ar\/blog\/wp-content\/uploads\/e1f41fba5b88b8b3d29fc073adccfeb5.jpg?fit=1200%2C696&ssl=1&resize=1050%2C600 3x"},"classes":[]},{"id":35561,"url":"https:\/\/larevistadigital.com.ar\/blog\/la-plata-el-ex-intendente-garro-se-suma-al-gobierno-de-milei-como-secretario-de-deportes\/","url_meta":{"origin":15152,"position":4},"title":"LA PLATA: EL EX INTENDENTE GARRO SE SUMA AL GOBIERNO DE MILEI COMO SECRETARIO DE DEPORTES","author":"Alejandro Sosa Ruda","date":"15 marzo, 2024","format":false,"excerpt":"Con el apoyo de Mauricio Macri, el exintendente de La Plata es el nuevo subsecretario de Deportes de la Naci\u00f3n. 15 de Marzo de 2024 LA PLATA -\u00a0 El exintendente de La Plata, Julio Garro,\u00a0 se sum\u00f3 al gobierno nacional de La Libertad Avanza\u00a0(LLA)\u00a0y estar\u00e1 al frente de la Subsecretar\u00eda\u2026","rel":"","context":"En \u00abINTERES GENERAL\u00bb","block_context":{"text":"INTERES GENERAL","link":"https:\/\/larevistadigital.com.ar\/blog\/category\/interes-general\/"},"img":{"alt_text":"","src":"https:\/\/i0.wp.com\/larevistadigital.com.ar\/blog\/wp-content\/uploads\/Captura-de-pantalla-2024-03-15-092557.png?fit=845%2C493&ssl=1&resize=350%2C200","width":350,"height":200,"srcset":"https:\/\/i0.wp.com\/larevistadigital.com.ar\/blog\/wp-content\/uploads\/Captura-de-pantalla-2024-03-15-092557.png?fit=845%2C493&ssl=1&resize=350%2C200 1x, https:\/\/i0.wp.com\/larevistadigital.com.ar\/blog\/wp-content\/uploads\/Captura-de-pantalla-2024-03-15-092557.png?fit=845%2C493&ssl=1&resize=525%2C300 1.5x, https:\/\/i0.wp.com\/larevistadigital.com.ar\/blog\/wp-content\/uploads\/Captura-de-pantalla-2024-03-15-092557.png?fit=845%2C493&ssl=1&resize=700%2C400 2x"},"classes":[]},{"id":34390,"url":"https:\/\/larevistadigital.com.ar\/blog\/primer-acto-de-alak-como-intendente-electo-hay-que-empezar-a-trabajar-en-lo-mucho-que-se-dejo-de-hacer\/","url_meta":{"origin":15152,"position":5},"title":"PRIMER ACTO DE ALAK COMO INTENDENTE ELECTO: \u00abHAY QUE EMPEZAR A TRABAJAR EN LO MUCHO QUE SE DEJ\u00d3 DE HACER\u00bb","author":"Alejandro Sosa Ruda","date":"6 noviembre, 2023","format":false,"excerpt":"Dijo que habl\u00f3 con Garro y que comienza la transici\u00f3n. 6 de Noviembre de 2023 LA PLATA -\u00a0 El intendente electo de La Plata, Julio Alak, comparti\u00f3 su primer acto pol\u00edtico despu\u00e9s del reconocimiento de su tri\u00fanfo por parte de Julio Garro. \u00a0Consultado por el portal Lanoticia1.com, sobre si tuvo\u2026","rel":"","context":"En \u00abPOLITICA PROVINCIAL\u00bb","block_context":{"text":"POLITICA PROVINCIAL","link":"https:\/\/larevistadigital.com.ar\/blog\/category\/politica\/politica-provincial\/"},"img":{"alt_text":"","src":"https:\/\/i0.wp.com\/larevistadigital.com.ar\/blog\/wp-content\/uploads\/6549743ff2831_1200-1.jpg?fit=1200%2C675&ssl=1&resize=350%2C200","width":350,"height":200,"srcset":"https:\/\/i0.wp.com\/larevistadigital.com.ar\/blog\/wp-content\/uploads\/6549743ff2831_1200-1.jpg?fit=1200%2C675&ssl=1&resize=350%2C200 1x, https:\/\/i0.wp.com\/larevistadigital.com.ar\/blog\/wp-content\/uploads\/6549743ff2831_1200-1.jpg?fit=1200%2C675&ssl=1&resize=525%2C300 1.5x, https:\/\/i0.wp.com\/larevistadigital.com.ar\/blog\/wp-content\/uploads\/6549743ff2831_1200-1.jpg?fit=1200%2C675&ssl=1&resize=700%2C400 2x, https:\/\/i0.wp.com\/larevistadigital.com.ar\/blog\/wp-content\/uploads\/6549743ff2831_1200-1.jpg?fit=1200%2C675&ssl=1&resize=1050%2C600 3x"},"classes":[]}],"_links":{"self":[{"href":"https:\/\/larevistadigital.com.ar\/blog\/wp-json\/wp\/v2\/posts\/15152","targetHints":{"allow":["GET"]}}],"collection":[{"href":"https:\/\/larevistadigital.com.ar\/blog\/wp-json\/wp\/v2\/posts"}],"about":[{"href":"https:\/\/larevistadigital.com.ar\/blog\/wp-json\/wp\/v2\/types\/post"}],"author":[{"embeddable":true,"href":"https:\/\/larevistadigital.com.ar\/blog\/wp-json\/wp\/v2\/users\/3"}],"replies":[{"embeddable":true,"href":"https:\/\/larevistadigital.com.ar\/blog\/wp-json\/wp\/v2\/comments?post=15152"}],"version-history":[{"count":1,"href":"https:\/\/larevistadigital.com.ar\/blog\/wp-json\/wp\/v2\/posts\/15152\/revisions"}],"predecessor-version":[{"id":15154,"href":"https:\/\/larevistadigital.com.ar\/blog\/wp-json\/wp\/v2\/posts\/15152\/revisions\/15154"}],"wp:featuredmedia":[{"embeddable":true,"href":"https:\/\/larevistadigital.com.ar\/blog\/wp-json\/wp\/v2\/media\/15153"}],"wp:attachment":[{"href":"https:\/\/larevistadigital.com.ar\/blog\/wp-json\/wp\/v2\/media?parent=15152"}],"wp:term":[{"taxonomy":"category","embeddable":true,"href":"https:\/\/larevistadigital.com.ar\/blog\/wp-json\/wp\/v2\/categories?post=15152"},{"taxonomy":"post_tag","embeddable":true,"href":"https:\/\/larevistadigital.com.ar\/blog\/wp-json\/wp\/v2\/tags?post=15152"}],"curies":[{"name":"wp","href":"https:\/\/api.w.org\/{rel}","templated":true}]}}