{"id":1517,"date":"2017-03-22T17:53:37","date_gmt":"2017-03-22T17:53:37","guid":{"rendered":"https:\/\/larevistadigital.com.ar\/blog\/?p=1517"},"modified":"2017-03-22T18:09:16","modified_gmt":"2017-03-22T18:09:16","slug":"atentado-terrorista-en-londres","status":"publish","type":"post","link":"https:\/\/larevistadigital.com.ar\/blog\/atentado-terrorista-en-londres\/","title":{"rendered":"ATENTADO TERRORISTA EN LONDRES"},"content":{"rendered":"<p>De pronto un autom\u00f3vil irrumpi\u00f3 a gran velocidad por el puente de Westminster, atropellando a transe\u00fantes y ciclistas. Algunas de las personas que intentaban huir se lanzaron a la calle y fueron arrolladas por otros veh\u00edculos. Se cree que al menos una docena resultaron\u00a0heridos.<\/p>\n<p>&nbsp;<\/p>\n<blockquote><p><strong>Al terminar su carrera en el puente, el terrorista choc\u00f3 su veh\u00edculo contra una de las rejas que rodea el Parlamento, frente al c\u00e9lebre Big Ben.<\/strong><\/p><\/blockquote>\n<p><a href=\"https:\/\/i0.wp.com\/larevistadigital.com.ar\/blog\/wp-content\/uploads\/2017\/03\/tumblr_on87ehX1vO1rf9hn3o1_1280.jpg?ssl=1\"><img data-recalc-dims=\"1\" loading=\"lazy\" decoding=\"async\" class=\"size-full wp-image-1518 aligncenter\" src=\"https:\/\/i0.wp.com\/larevistadigital.com.ar\/blog\/wp-content\/uploads\/2017\/03\/tumblr_on87ehX1vO1rf9hn3o1_1280.jpg?resize=1280%2C718&#038;ssl=1\" alt=\"\" width=\"1280\" height=\"718\" srcset=\"https:\/\/i0.wp.com\/larevistadigital.com.ar\/blog\/wp-content\/uploads\/2017\/03\/tumblr_on87ehX1vO1rf9hn3o1_1280.jpg?w=1280&amp;ssl=1 1280w, https:\/\/i0.wp.com\/larevistadigital.com.ar\/blog\/wp-content\/uploads\/2017\/03\/tumblr_on87ehX1vO1rf9hn3o1_1280.jpg?resize=300%2C168&amp;ssl=1 300w, https:\/\/i0.wp.com\/larevistadigital.com.ar\/blog\/wp-content\/uploads\/2017\/03\/tumblr_on87ehX1vO1rf9hn3o1_1280.jpg?resize=768%2C431&amp;ssl=1 768w, https:\/\/i0.wp.com\/larevistadigital.com.ar\/blog\/wp-content\/uploads\/2017\/03\/tumblr_on87ehX1vO1rf9hn3o1_1280.jpg?resize=1024%2C574&amp;ssl=1 1024w, https:\/\/i0.wp.com\/larevistadigital.com.ar\/blog\/wp-content\/uploads\/2017\/03\/tumblr_on87ehX1vO1rf9hn3o1_1280.jpg?resize=678%2C381&amp;ssl=1 678w\" sizes=\"auto, (max-width: 1000px) 100vw, 1000px\" \/><\/a><\/p>\n<p>&nbsp;<\/p>\n<p>El hombre se baj\u00f3 del autom\u00f3vil e inici\u00f3 una carrera hacia el edificio. En los jardines alcanz\u00f3 a apu\u00f1alar a un polic\u00eda hasta que fue finalmente habr\u00eda sido abatido.<\/p>\n<p>Habr\u00eda al menos ocho heridos, algunos de ellos de gravedad.<\/p>\n<p>Todo esto, suced\u00eda mientras la primera ministra Theresa May se encontraba votando en el Lobby.<\/p>\n<blockquote><p><strong>Scotland Yard , la polic\u00eda brit\u00e1nica, lo est\u00e1 tratando como\u00a0\u201cun acto terrorista\u201d\u00a0y los servicios de emergencia lo consideran \u201cun incidente mayor\u201d.\u00a0Una mujer muri\u00f3 en el puente y hay otras personas con \u201ccatastr\u00f3ficas heridas\u201d,\u00a0seg\u00fan un m\u00e9dico del hospital St Tomas, frente al Parlamento. Hay un segundo muerto pero no est\u00e1 claro si es el atacante u otra v\u00edctima. Uno de los polic\u00edas fue apu\u00f1alado y est\u00e1 grave.<\/strong><\/p><\/blockquote>\n<p>La polic\u00eda lo considera \u201cun incidente en acci\u00f3n\u201d y exige cautela a la opini\u00f3n p\u00fablica. Pide a la poblaci\u00f3n que tengan filmaciones o fotos que las entreguen, que los que hayan sido testigos se acerquen o llamen al 999 y que no quieren especular con el n\u00famero de v\u00edctimas ni exactamente qu\u00e9 ha sucedido y sus secuencias. Pero confirm\u00f3 que hay civiles y polic\u00edas heridos. Informaron que va a haber un refuerzo en la presencia policial en la capital y piden a la poblaci\u00f3n que no se acerque al \u00e1rea de los hechos:\u00a0<em>Embarkment, Parliament Square, Victoria Road<\/em>\u00a0y la\u00a0C\u00e1mara de los Comunes.<\/p>\n<p><a href=\"https:\/\/i0.wp.com\/larevistadigital.com.ar\/blog\/wp-content\/uploads\/2017\/03\/58d2a386ea914londres_ataque_3.jpg?ssl=1\"><img data-recalc-dims=\"1\" loading=\"lazy\" decoding=\"async\" class=\"alignnone size-full wp-image-1520\" src=\"https:\/\/i0.wp.com\/larevistadigital.com.ar\/blog\/wp-content\/uploads\/2017\/03\/58d2a386ea914londres_ataque_3.jpg?resize=3500%2C2277&#038;ssl=1\" alt=\"\" width=\"3500\" height=\"2277\" srcset=\"https:\/\/i0.wp.com\/larevistadigital.com.ar\/blog\/wp-content\/uploads\/2017\/03\/58d2a386ea914londres_ataque_3.jpg?w=3500&amp;ssl=1 3500w, https:\/\/i0.wp.com\/larevistadigital.com.ar\/blog\/wp-content\/uploads\/2017\/03\/58d2a386ea914londres_ataque_3.jpg?resize=300%2C195&amp;ssl=1 300w, https:\/\/i0.wp.com\/larevistadigital.com.ar\/blog\/wp-content\/uploads\/2017\/03\/58d2a386ea914londres_ataque_3.jpg?resize=768%2C500&amp;ssl=1 768w, https:\/\/i0.wp.com\/larevistadigital.com.ar\/blog\/wp-content\/uploads\/2017\/03\/58d2a386ea914londres_ataque_3.jpg?resize=1024%2C666&amp;ssl=1 1024w, https:\/\/i0.wp.com\/larevistadigital.com.ar\/blog\/wp-content\/uploads\/2017\/03\/58d2a386ea914londres_ataque_3.jpg?w=2000&amp;ssl=1 2000w, https:\/\/i0.wp.com\/larevistadigital.com.ar\/blog\/wp-content\/uploads\/2017\/03\/58d2a386ea914londres_ataque_3.jpg?w=3000&amp;ssl=1 3000w\" sizes=\"auto, (max-width: 1000px) 100vw, 1000px\" \/><\/a>Seg\u00fan testigos, el atacante conduc\u00eda aparentemente el autom\u00f3vil Hyundai \u00a0con el que atropell\u00f3 al menos 8 personas en el puente de Westminster, sobre el r\u00edo T\u00e1mesis, frente al Parlamento. Est\u00e1n siendo atendidas por los servicios de emergencia y hay heridos de gravedad tratados en el lugar, que ha sido sellado. Sin informaci\u00f3n clara, hay escenas de p\u00e1nico de la gente, que huye del \u00e1rea m\u00e1s tur\u00edstica de Londres. Se escuchan intermitentes sirenas en el aire, con Londres en emergencia. El veh\u00edculo est\u00e1 siendo revisado por<strong>\u00a0un paquete sospechoso en su interior\u00a0<\/strong>por temor a que sean explosivos. El \u00e1rea se mantiene aislada. Se busca a un segundo hombre.<\/p>\n<p>El autom\u00f3vil intent\u00f3 entrar en el estacionamiento de la C\u00e1mara de los Comunes, estrell\u00e1ndose contra las rejas que rodean el Parlamento. El conductor baj\u00f3 del autom\u00f3vil, atac\u00f3, intent\u00f3 escapar y la polic\u00eda le dispar\u00f3, seg\u00fan afirmaron los testigos.<\/p>\n<h3 style=\"text-align: center\"><strong>AQU\u00cd LA FOTO DEL SUPUESTO TERRORISTA<\/strong><\/h3>\n<p><a href=\"https:\/\/i0.wp.com\/larevistadigital.com.ar\/blog\/wp-content\/uploads\/2017\/03\/C7ig7HwWkAAbIJ8.jpg?ssl=1\"><img data-recalc-dims=\"1\" loading=\"lazy\" decoding=\"async\" class=\"size-full wp-image-1525 aligncenter\" src=\"https:\/\/i0.wp.com\/larevistadigital.com.ar\/blog\/wp-content\/uploads\/2017\/03\/C7ig7HwWkAAbIJ8.jpg?resize=660%2C574&#038;ssl=1\" alt=\"\" width=\"660\" height=\"574\" srcset=\"https:\/\/i0.wp.com\/larevistadigital.com.ar\/blog\/wp-content\/uploads\/2017\/03\/C7ig7HwWkAAbIJ8.jpg?w=660&amp;ssl=1 660w, https:\/\/i0.wp.com\/larevistadigital.com.ar\/blog\/wp-content\/uploads\/2017\/03\/C7ig7HwWkAAbIJ8.jpg?resize=300%2C261&amp;ssl=1 300w\" sizes=\"auto, (max-width: 660px) 100vw, 660px\" \/><\/a><\/p>\n<p>&nbsp;<\/p>\n<p>&nbsp;<\/p>\n<p>&nbsp;<\/p>\n","protected":false},"excerpt":{"rendered":"<div class=\"mh-excerpt\"><p>De pronto un autom\u00f3vil irrumpi\u00f3 a gran velocidad por el puente de Westminster, atropellando a transe\u00fantes y ciclistas. Algunas de las personas que intentaban huir se lanzaron a la calle y fueron arrolladas por otros <a class=\"mh-excerpt-more\" href=\"https:\/\/larevistadigital.com.ar\/blog\/atentado-terrorista-en-londres\/\" title=\"ATENTADO TERRORISTA EN LONDRES\">[Leer M\u00e1s]<\/a><\/p>\n<\/div>","protected":false},"author":3,"featured_media":1519,"comment_status":"open","ping_status":"open","sticky":false,"template":"","format":"standard","meta":{"_jetpack_memberships_contains_paid_content":false,"footnotes":"","jetpack_publicize_message":"","jetpack_publicize_feature_enabled":true,"jetpack_social_post_already_shared":true,"jetpack_social_options":{"image_generator_settings":{"template":"highway","default_image_id":0,"font":"","enabled":false},"version":2}},"categories":[41,12,29],"tags":[],"class_list":{"0":"post-1517","1":"post","2":"type-post","3":"status-publish","4":"format-standard","5":"has-post-thumbnail","7":"category-destacadas","8":"category-politica","9":"category-sociedad"},"jetpack_publicize_connections":[],"jetpack_featured_media_url":"https:\/\/i0.wp.com\/larevistadigital.com.ar\/blog\/wp-content\/uploads\/2017\/03\/58d2a3b6a4fc9londres_ataque_6.jpg?fit=3500%2C2333&ssl=1","jetpack_sharing_enabled":true,"jetpack_shortlink":"https:\/\/wp.me\/p8qtrQ-ot","jetpack-related-posts":[{"id":22026,"url":"https:\/\/larevistadigital.com.ar\/blog\/muy-grave-accidente-en-la-ruta-29-a-la-altura-del-samborombon-con-varios-heridos\/","url_meta":{"origin":1517,"position":0},"title":"MUY GRAVE ACCIDENTE EN LA RUTA 29 A LA ALTURA DEL SAMBOROMBON, CON VARIOS HERIDOS","author":"Alejandro Sosa Ruda","date":"18 septiembre, 2021","format":false,"excerpt":"BRANDSEN - Cerca de las 22 horas de este viernes 17 de septiembre, por causas que a\u00fan se desconocen, se produjo un fortisimo accidente entre dos veh\u00edculos en ruta 29 a la altura del puente Samboromb\u00f3n,\u00a0en el partido de Brandsen. Seg\u00fan la primera informaci\u00f3n a la que accede el portal\u2026","rel":"","context":"En \u00abPOLICIALES\u00bb","block_context":{"text":"POLICIALES","link":"https:\/\/larevistadigital.com.ar\/blog\/category\/policiales\/"},"img":{"alt_text":"","src":"https:\/\/i0.wp.com\/larevistadigital.com.ar\/blog\/wp-content\/uploads\/Captura-de-pantalla-2021-09-17-223820.jpg?fit=1200%2C592&ssl=1&resize=350%2C200","width":350,"height":200,"srcset":"https:\/\/i0.wp.com\/larevistadigital.com.ar\/blog\/wp-content\/uploads\/Captura-de-pantalla-2021-09-17-223820.jpg?fit=1200%2C592&ssl=1&resize=350%2C200 1x, https:\/\/i0.wp.com\/larevistadigital.com.ar\/blog\/wp-content\/uploads\/Captura-de-pantalla-2021-09-17-223820.jpg?fit=1200%2C592&ssl=1&resize=525%2C300 1.5x, https:\/\/i0.wp.com\/larevistadigital.com.ar\/blog\/wp-content\/uploads\/Captura-de-pantalla-2021-09-17-223820.jpg?fit=1200%2C592&ssl=1&resize=700%2C400 2x, https:\/\/i0.wp.com\/larevistadigital.com.ar\/blog\/wp-content\/uploads\/Captura-de-pantalla-2021-09-17-223820.jpg?fit=1200%2C592&ssl=1&resize=1050%2C600 3x"},"classes":[]},{"id":29253,"url":"https:\/\/larevistadigital.com.ar\/blog\/ruta-11-choque-fatal-con-un-muerto-y-tres-heridos\/","url_meta":{"origin":1517,"position":1},"title":"RUTA 11: CHOQUE FATAL CON UN MUERTO Y TRES HERIDOS.","author":"Alejandro Sosa Ruda","date":"5 diciembre, 2022","format":false,"excerpt":"La v\u00edctima es un joven de General Lavalle. 5 de diciembre de 2022 Se produjo un fuerte choque entre un autom\u00f3vil y un cami\u00f3n en Ruta 11, a la altura de la localidad de Costa Esmeralda. Por el fuerte impacto, un joven de 24 a\u00f1os, oriundo de General Lavalle, perdi\u00f3\u2026","rel":"","context":"En \u00abPOLICIALES\u00bb","block_context":{"text":"POLICIALES","link":"https:\/\/larevistadigital.com.ar\/blog\/category\/policiales\/"},"img":{"alt_text":"","src":"https:\/\/i0.wp.com\/larevistadigital.com.ar\/blog\/wp-content\/uploads\/905ac52d947e87fcb4427ff3bfd077f0dc8bd1fd.jpg?fit=1140%2C840&ssl=1&resize=350%2C200","width":350,"height":200,"srcset":"https:\/\/i0.wp.com\/larevistadigital.com.ar\/blog\/wp-content\/uploads\/905ac52d947e87fcb4427ff3bfd077f0dc8bd1fd.jpg?fit=1140%2C840&ssl=1&resize=350%2C200 1x, https:\/\/i0.wp.com\/larevistadigital.com.ar\/blog\/wp-content\/uploads\/905ac52d947e87fcb4427ff3bfd077f0dc8bd1fd.jpg?fit=1140%2C840&ssl=1&resize=525%2C300 1.5x, https:\/\/i0.wp.com\/larevistadigital.com.ar\/blog\/wp-content\/uploads\/905ac52d947e87fcb4427ff3bfd077f0dc8bd1fd.jpg?fit=1140%2C840&ssl=1&resize=700%2C400 2x, https:\/\/i0.wp.com\/larevistadigital.com.ar\/blog\/wp-content\/uploads\/905ac52d947e87fcb4427ff3bfd077f0dc8bd1fd.jpg?fit=1140%2C840&ssl=1&resize=1050%2C600 3x"},"classes":[]},{"id":4421,"url":"https:\/\/larevistadigital.com.ar\/blog\/dolores-dos-jovenes-graves-luego-chocar-moto-auto\/","url_meta":{"origin":1517,"position":2},"title":"DOLORES: DOS JOVENES GRAVES LUEGO DE CHOCAR CON SU MOTO CONTRA UN AUTO","author":"Alejandro Sosa Ruda","date":"8 enero, 2018","format":false,"excerpt":"El hecho ocurri\u00f3 durante la madrugada en el kil\u00f3metro en el kil\u00f3metro 205 de la ruta 2, cuando dos j\u00f3venes que viajaban a bordo de su motocicleta Gilera 110, impactaron contra un autom\u00f3vil marca Torino que hab\u00eda sufrido un desperfecto y estaba estacionado sobre el puente del canal 9. Extra\u00f1amente,\u2026","rel":"","context":"En \u00abDOLORES\u00bb","block_context":{"text":"DOLORES","link":"https:\/\/larevistadigital.com.ar\/blog\/category\/dolores\/"},"img":{"alt_text":"","src":"https:\/\/i0.wp.com\/larevistadigital.com.ar\/blog\/wp-content\/uploads\/2018\/01\/Screenshot_1-1.jpg?fit=1004%2C674&ssl=1&resize=350%2C200","width":350,"height":200,"srcset":"https:\/\/i0.wp.com\/larevistadigital.com.ar\/blog\/wp-content\/uploads\/2018\/01\/Screenshot_1-1.jpg?fit=1004%2C674&ssl=1&resize=350%2C200 1x, https:\/\/i0.wp.com\/larevistadigital.com.ar\/blog\/wp-content\/uploads\/2018\/01\/Screenshot_1-1.jpg?fit=1004%2C674&ssl=1&resize=525%2C300 1.5x, https:\/\/i0.wp.com\/larevistadigital.com.ar\/blog\/wp-content\/uploads\/2018\/01\/Screenshot_1-1.jpg?fit=1004%2C674&ssl=1&resize=700%2C400 2x"},"classes":[]},{"id":37781,"url":"https:\/\/larevistadigital.com.ar\/blog\/la-plata-choque-y-fuga-en-la-avenida-7\/","url_meta":{"origin":1517,"position":3},"title":"La Plata: Choque y fuga en la avenida 7","author":"Alejandro Sosa Ruda","date":"7 noviembre, 2024","format":false,"excerpt":"Un veh\u00edculo choc\u00f3 contra un micro en la avenida 7 y sus ocupantes huyeron del lugar. 7 de Noviembre de 2024 LA PLATA -\u00a0 Un violento choque entre un micro de la l\u00ednea Este y un Ch\u00e9vrolet Onix en la avenida 7 de la ciudad sorprendi\u00f3 a los involuntarios testigos\u2026","rel":"","context":"En \u00abPOLICIALES\u00bb","block_context":{"text":"POLICIALES","link":"https:\/\/larevistadigital.com.ar\/blog\/category\/policiales\/"},"img":{"alt_text":"","src":"https:\/\/i0.wp.com\/larevistadigital.com.ar\/blog\/wp-content\/uploads\/Captura-de-pantalla-2024-11-07-011737.png?fit=827%2C502&ssl=1&resize=350%2C200","width":350,"height":200,"srcset":"https:\/\/i0.wp.com\/larevistadigital.com.ar\/blog\/wp-content\/uploads\/Captura-de-pantalla-2024-11-07-011737.png?fit=827%2C502&ssl=1&resize=350%2C200 1x, https:\/\/i0.wp.com\/larevistadigital.com.ar\/blog\/wp-content\/uploads\/Captura-de-pantalla-2024-11-07-011737.png?fit=827%2C502&ssl=1&resize=525%2C300 1.5x, https:\/\/i0.wp.com\/larevistadigital.com.ar\/blog\/wp-content\/uploads\/Captura-de-pantalla-2024-11-07-011737.png?fit=827%2C502&ssl=1&resize=700%2C400 2x"},"classes":[]},{"id":24836,"url":"https:\/\/larevistadigital.com.ar\/blog\/castelli-fuerte-accidente-en-la-ruta-11-hay-dos-heridos\/","url_meta":{"origin":1517,"position":4},"title":"CASTELLI: FUERTE ACCIDENTE EN LA RUTA 11. HAY DOS HERIDOS","author":"Alejandro Sosa Ruda","date":"27 marzo, 2022","format":false,"excerpt":"El autom\u00f3vil en el que viajaban protagoniz\u00f3 un impactante vuelco. Los detalles. CASTELLI-\u00a0 Dos personas resultaron heridas tras despistar un autom\u00f3vil Citro\u00ebn C3 y terminar volcando en la Ruta N\u00b0 11, en el kil\u00f3metro 193 en jurisdicci\u00f3n del partido de Castelli. Como consecuencia del accidente, las dos personas que viajaban\u2026","rel":"","context":"En \u00abCASTELLI\u00bb","block_context":{"text":"CASTELLI","link":"https:\/\/larevistadigital.com.ar\/blog\/category\/castelli\/"},"img":{"alt_text":"","src":"https:\/\/i0.wp.com\/larevistadigital.com.ar\/blog\/wp-content\/uploads\/e9fa25361b0aa097e59246ab31e24d38d3c6580d.jpg?fit=1140%2C855&ssl=1&resize=350%2C200","width":350,"height":200,"srcset":"https:\/\/i0.wp.com\/larevistadigital.com.ar\/blog\/wp-content\/uploads\/e9fa25361b0aa097e59246ab31e24d38d3c6580d.jpg?fit=1140%2C855&ssl=1&resize=350%2C200 1x, https:\/\/i0.wp.com\/larevistadigital.com.ar\/blog\/wp-content\/uploads\/e9fa25361b0aa097e59246ab31e24d38d3c6580d.jpg?fit=1140%2C855&ssl=1&resize=525%2C300 1.5x, https:\/\/i0.wp.com\/larevistadigital.com.ar\/blog\/wp-content\/uploads\/e9fa25361b0aa097e59246ab31e24d38d3c6580d.jpg?fit=1140%2C855&ssl=1&resize=700%2C400 2x, https:\/\/i0.wp.com\/larevistadigital.com.ar\/blog\/wp-content\/uploads\/e9fa25361b0aa097e59246ab31e24d38d3c6580d.jpg?fit=1140%2C855&ssl=1&resize=1050%2C600 3x"},"classes":[]},{"id":8287,"url":"https:\/\/larevistadigital.com.ar\/blog\/choque-en-cadena-en-ruta-11-al-menos-diez-heridos\/","url_meta":{"origin":1517,"position":5},"title":"CHOQUE EN CADENA EN RUTA 11. AL MENOS DIEZ HERIDOS","author":"Alejandro Sosa Ruda","date":"10 febrero, 2019","format":false,"excerpt":"Se habr\u00eda producido por el humo y la neblina que imped\u00edan la visibilidad. Los motivos y detalles. Al menos diez heridos en un choque en cadena en la Ruta 11 a la altura del kil\u00f3metro 404. Ocurri\u00f3 por la ma\u00f1ana, entre el humo y la neblina imped\u00edan la visibilidad. Un\u2026","rel":"","context":"En \u00abPOLICIALES\u00bb","block_context":{"text":"POLICIALES","link":"https:\/\/larevistadigital.com.ar\/blog\/category\/policiales\/"},"img":{"alt_text":"","src":"https:\/\/i0.wp.com\/larevistadigital.com.ar\/blog\/wp-content\/uploads\/2019\/02\/0e758ef5e97a969bd6b7f5d1fa7454f27ca0224c.jpg?fit=1140%2C760&ssl=1&resize=350%2C200","width":350,"height":200,"srcset":"https:\/\/i0.wp.com\/larevistadigital.com.ar\/blog\/wp-content\/uploads\/2019\/02\/0e758ef5e97a969bd6b7f5d1fa7454f27ca0224c.jpg?fit=1140%2C760&ssl=1&resize=350%2C200 1x, https:\/\/i0.wp.com\/larevistadigital.com.ar\/blog\/wp-content\/uploads\/2019\/02\/0e758ef5e97a969bd6b7f5d1fa7454f27ca0224c.jpg?fit=1140%2C760&ssl=1&resize=525%2C300 1.5x, https:\/\/i0.wp.com\/larevistadigital.com.ar\/blog\/wp-content\/uploads\/2019\/02\/0e758ef5e97a969bd6b7f5d1fa7454f27ca0224c.jpg?fit=1140%2C760&ssl=1&resize=700%2C400 2x, https:\/\/i0.wp.com\/larevistadigital.com.ar\/blog\/wp-content\/uploads\/2019\/02\/0e758ef5e97a969bd6b7f5d1fa7454f27ca0224c.jpg?fit=1140%2C760&ssl=1&resize=1050%2C600 3x"},"classes":[]}],"_links":{"self":[{"href":"https:\/\/larevistadigital.com.ar\/blog\/wp-json\/wp\/v2\/posts\/1517","targetHints":{"allow":["GET"]}}],"collection":[{"href":"https:\/\/larevistadigital.com.ar\/blog\/wp-json\/wp\/v2\/posts"}],"about":[{"href":"https:\/\/larevistadigital.com.ar\/blog\/wp-json\/wp\/v2\/types\/post"}],"author":[{"embeddable":true,"href":"https:\/\/larevistadigital.com.ar\/blog\/wp-json\/wp\/v2\/users\/3"}],"replies":[{"embeddable":true,"href":"https:\/\/larevistadigital.com.ar\/blog\/wp-json\/wp\/v2\/comments?post=1517"}],"version-history":[{"count":5,"href":"https:\/\/larevistadigital.com.ar\/blog\/wp-json\/wp\/v2\/posts\/1517\/revisions"}],"predecessor-version":[{"id":1526,"href":"https:\/\/larevistadigital.com.ar\/blog\/wp-json\/wp\/v2\/posts\/1517\/revisions\/1526"}],"wp:featuredmedia":[{"embeddable":true,"href":"https:\/\/larevistadigital.com.ar\/blog\/wp-json\/wp\/v2\/media\/1519"}],"wp:attachment":[{"href":"https:\/\/larevistadigital.com.ar\/blog\/wp-json\/wp\/v2\/media?parent=1517"}],"wp:term":[{"taxonomy":"category","embeddable":true,"href":"https:\/\/larevistadigital.com.ar\/blog\/wp-json\/wp\/v2\/categories?post=1517"},{"taxonomy":"post_tag","embeddable":true,"href":"https:\/\/larevistadigital.com.ar\/blog\/wp-json\/wp\/v2\/tags?post=1517"}],"curies":[{"name":"wp","href":"https:\/\/api.w.org\/{rel}","templated":true}]}}