{"id":15225,"date":"2020-05-14T17:14:02","date_gmt":"2020-05-14T17:14:02","guid":{"rendered":"https:\/\/larevistadigital.com.ar\/blog\/?p=15225"},"modified":"2020-05-14T17:14:02","modified_gmt":"2020-05-14T17:14:02","slug":"sangriento-sorprenden-a-escribano-cuando-arrojaba-una-valija-con-un-cuerpo-descuartizado-al-rio","status":"publish","type":"post","link":"https:\/\/larevistadigital.com.ar\/blog\/sangriento-sorprenden-a-escribano-cuando-arrojaba-una-valija-con-un-cuerpo-descuartizado-al-rio\/","title":{"rendered":"SANGRIENTO: SORPRENDEN A ESCRIBANO CUANDO ARROJABA UNA VALIJA CON UN CUERPO DESCUARTIZADO AL R\u00cdO"},"content":{"rendered":"<h2 class=\"fz16 bold ctext\">El profesional tiene 56 a\u00f1os y es de Mor\u00f3n. A los polic\u00edas les confes\u00f3 el crimen. Dijo que mat\u00f3 a un hombre de 42 a\u00f1os porque lo encontr\u00f3 robando en su oficina. En poder del presunto asesino encontraron 20.700 d\u00f3lares<\/h2>\n<div class=\"mt20\">Un escribano del partido de Mor\u00f3n fue detenido cuando descartaba el cad\u00e1ver de un hombre descuartizado en el r\u00edo en la localidad bonaerense de Luj\u00e1n, informaron hoy fuentes policiales.<\/div>\n<div class=\"mt20 cuerpo-nota\">\n<div class=\"flr g12 arial ctext fz16 lh26 wysiwyg mb20 \">\n<div class=\"texto_nota\">\n<p>El hecho se descubri\u00f3 anoche cuando la polic\u00eda se acerc\u00f3 a identificar un auto sospechoso que se encontraba detenido en la zona del ex balneario municipal de Luj\u00e1n, detr\u00e1s del restaurante \u201cRecreo Colonial\u201d, ubicado en el cruce de las calles Salveire y Mitre, a orillas del r\u00edo Luj\u00e1n.<\/p>\n<blockquote>\n<h3>Al acercarse al auto plateado marca BMW, modelo 528, patente CRE834, los polic\u00edas vieron a un hombre con las manos ensangrentadas y advirtieron que estaba por arrojar al r\u00edo una valija en cuyo interior encontraron un cad\u00e1ver descuartizado.<\/h3>\n<\/blockquote>\n<p>Los efectivos tambi\u00e9n encontraron rastros de sangre y de lo que aparentaba ser masa encef\u00e1lica, al borde del r\u00edo.<\/p>\n<p>El sospechoso qued\u00f3 detenido y fue identificado como <strong>Ricardo Ignacio Balad\u00eda<\/strong>, escribano, de 56 a\u00f1os y domiciliado en el partido de Mor\u00f3n.<\/p>\n<p>En poder del escribano, se secuestraron 20.700 d\u00f3lares y un DNI a nombre de <strong>Miguel Alejandro Pereyra<\/strong> (42) que, luego se determin\u00f3, era la identidad de la v\u00edctima, con domicilio en Castelar.<\/p>\n<p>&nbsp;<\/p>\n<\/div>\n<\/div>\n<\/div>\n","protected":false},"excerpt":{"rendered":"<div class=\"mh-excerpt\"><p>El profesional tiene 56 a\u00f1os y es de Mor\u00f3n. A los polic\u00edas les confes\u00f3 el crimen. Dijo que mat\u00f3 a un hombre de 42 a\u00f1os porque lo encontr\u00f3 robando en su oficina. En poder del <a class=\"mh-excerpt-more\" href=\"https:\/\/larevistadigital.com.ar\/blog\/sangriento-sorprenden-a-escribano-cuando-arrojaba-una-valija-con-un-cuerpo-descuartizado-al-rio\/\" title=\"SANGRIENTO: SORPRENDEN A ESCRIBANO CUANDO ARROJABA UNA VALIJA CON UN CUERPO DESCUARTIZADO AL R\u00cdO\">[Leer M\u00e1s]<\/a><\/p>\n<\/div>","protected":false},"author":3,"featured_media":15226,"comment_status":"open","ping_status":"open","sticky":false,"template":"","format":"standard","meta":{"_jetpack_memberships_contains_paid_content":false,"footnotes":"","jetpack_publicize_message":"","jetpack_publicize_feature_enabled":true,"jetpack_social_post_already_shared":true,"jetpack_social_options":{"image_generator_settings":{"template":"highway","default_image_id":0,"font":"","enabled":false},"version":2}},"categories":[50,44],"tags":[],"class_list":{"0":"post-15225","1":"post","2":"type-post","3":"status-publish","4":"format-standard","5":"has-post-thumbnail","7":"category-interes-general","8":"category-policiales"},"jetpack_publicize_connections":[],"jetpack_featured_media_url":"https:\/\/i0.wp.com\/larevistadigital.com.ar\/blog\/wp-content\/uploads\/20200514094754_aaa.jpg?fit=887%2C554&ssl=1","jetpack_sharing_enabled":true,"jetpack_shortlink":"https:\/\/wp.me\/p8qtrQ-3Xz","jetpack-related-posts":[{"id":27679,"url":"https:\/\/larevistadigital.com.ar\/blog\/san-fernando-picada-en-el-rio-lujan-con-choque-de-lanchas-y-un-hombre-desaparecido\/","url_meta":{"origin":15225,"position":0},"title":"SAN FERNANDO: \u00abPICADA\u00bb EN EL R\u00cdO LUJAN CON CHOQUE DE LANCHAS Y UN HOMBRE DESAPARECIDO","author":"Alejandro Sosa Ruda","date":"12 septiembre, 2022","format":false,"excerpt":"Una lancha estaba por ingresar a la guarder\u00eda cuando se cruza una moto de agua a alta velocidad y luego una lancha trucker sin luces \"haciendo picadas\". Como consecuencia, el conductor del trucker se cae al agua y desaparece. 12 de septiembre de 2022 SAN FERNANDO -\u00a0 Una embarcaci\u00f3n dispuesta\u2026","rel":"","context":"En \u00abINTERES GENERAL\u00bb","block_context":{"text":"INTERES GENERAL","link":"https:\/\/larevistadigital.com.ar\/blog\/category\/interes-general\/"},"img":{"alt_text":"","src":"https:\/\/i0.wp.com\/larevistadigital.com.ar\/blog\/wp-content\/uploads\/sf.png?fit=693%2C520&ssl=1&resize=350%2C200","width":350,"height":200,"srcset":"https:\/\/i0.wp.com\/larevistadigital.com.ar\/blog\/wp-content\/uploads\/sf.png?fit=693%2C520&ssl=1&resize=350%2C200 1x, https:\/\/i0.wp.com\/larevistadigital.com.ar\/blog\/wp-content\/uploads\/sf.png?fit=693%2C520&ssl=1&resize=525%2C300 1.5x"},"classes":[]},{"id":28744,"url":"https:\/\/larevistadigital.com.ar\/blog\/descontrol-total-insulto-a-policias-escapo-en-su-auto-y-fue-detenido-luego-de-chocar-a-un-patrullero\/","url_meta":{"origin":15225,"position":1},"title":"DESCONTROL TOTAL: INSULT\u00d3 A POLIC\u00cdAS, ESCAP\u00d3 EN SU AUTO Y FUE DETENIDO LUEGO DE CHOCAR A UN PATRULLERO","author":"Alejandro Sosa Ruda","date":"2 noviembre, 2022","format":false,"excerpt":"El hombre de 53 a\u00f1os fue atrapado en avenida Constituci\u00f3n y Ricardo Palma. Fue imputado de da\u00f1o y resistencia a la autoridad. 2 de noviembre de 2022 Un\u00a0hombre de 53 a\u00f1os\u00a0fue detenido este martes a la tarde despu\u00e9s de una intensa persecuci\u00f3n que termin\u00f3 en la avenida Constituci\u00f3n y Ricardo\u2026","rel":"","context":"En \u00abPOLICIALES\u00bb","block_context":{"text":"POLICIALES","link":"https:\/\/larevistadigital.com.ar\/blog\/category\/policiales\/"},"img":{"alt_text":"","src":"https:\/\/i0.wp.com\/larevistadigital.com.ar\/blog\/wp-content\/uploads\/Captura-de-pantalla-2022-11-02-115549.png?fit=808%2C392&ssl=1&resize=350%2C200","width":350,"height":200,"srcset":"https:\/\/i0.wp.com\/larevistadigital.com.ar\/blog\/wp-content\/uploads\/Captura-de-pantalla-2022-11-02-115549.png?fit=808%2C392&ssl=1&resize=350%2C200 1x, https:\/\/i0.wp.com\/larevistadigital.com.ar\/blog\/wp-content\/uploads\/Captura-de-pantalla-2022-11-02-115549.png?fit=808%2C392&ssl=1&resize=525%2C300 1.5x, https:\/\/i0.wp.com\/larevistadigital.com.ar\/blog\/wp-content\/uploads\/Captura-de-pantalla-2022-11-02-115549.png?fit=808%2C392&ssl=1&resize=700%2C400 2x"},"classes":[]},{"id":27154,"url":"https:\/\/larevistadigital.com.ar\/blog\/lujan-un-nino-amenazo-a-otro-con-un-arma-blanca-en-un-colectivo\/","url_meta":{"origin":15225,"position":2},"title":"LUJAN: UN NI\u00d1O AMENAZ\u00d3 A OTRO CON UN ARMA BLANCA EN UN COLECTIVO","author":"Alejandro Sosa Ruda","date":"19 agosto, 2022","format":false,"excerpt":"En Luj\u00e1n un ni\u00f1o de 12 a\u00f1os amenaz\u00f3 a otro de 13 con un cuchillo y una punta cuando viajaban en el colectivo 501. El episodio ocurri\u00f3 en calle San Vicente al 1700 del barrio Lanusse, por donde circulaba el transporte p\u00fablico de pasajeros que se convirti\u00f3 en el escenario\u2026","rel":"","context":"En \u00abPOLICIALES\u00bb","block_context":{"text":"POLICIALES","link":"https:\/\/larevistadigital.com.ar\/blog\/category\/policiales\/"},"img":{"alt_text":"","src":"https:\/\/i0.wp.com\/larevistadigital.com.ar\/blog\/wp-content\/uploads\/20220819113024_un-nino-amenazo-a-otro-con-arma-blanca-en-el-colectivo-501.jpg?fit=880%2C512&ssl=1&resize=350%2C200","width":350,"height":200,"srcset":"https:\/\/i0.wp.com\/larevistadigital.com.ar\/blog\/wp-content\/uploads\/20220819113024_un-nino-amenazo-a-otro-con-arma-blanca-en-el-colectivo-501.jpg?fit=880%2C512&ssl=1&resize=350%2C200 1x, https:\/\/i0.wp.com\/larevistadigital.com.ar\/blog\/wp-content\/uploads\/20220819113024_un-nino-amenazo-a-otro-con-arma-blanca-en-el-colectivo-501.jpg?fit=880%2C512&ssl=1&resize=525%2C300 1.5x, https:\/\/i0.wp.com\/larevistadigital.com.ar\/blog\/wp-content\/uploads\/20220819113024_un-nino-amenazo-a-otro-con-arma-blanca-en-el-colectivo-501.jpg?fit=880%2C512&ssl=1&resize=700%2C400 2x"},"classes":[]},{"id":14440,"url":"https:\/\/larevistadigital.com.ar\/blog\/lo-descubren-tirando-un-cuerpo-descuartizado-en-las-vias-del-tren-y-se-suicida-antes-de-ser-detenido\/","url_meta":{"origin":15225,"position":3},"title":"LO DESCUBREN TIRANDO UN CUERPO DESCUARTIZADO EN LAS V\u00cdAS DEL TREN, Y SE SUICIDA ANTES DE SER DETENIDO","author":"Alejandro Sosa Ruda","date":"29 enero, 2020","format":false,"excerpt":"Un hombre\u00a0fue descubierto cuando arrojaba los restos descuartizados de una mujer a un costado de las v\u00edas del tren, a metros de la estaci\u00f3n Villa Astolfi del Ferrocarril San Mart\u00edn, en el partido de Pilar. En consecuencia, al verse rodeado por polic\u00edas que llegaron para detenerlo, decidi\u00f3\u00a0suicidarse clav\u00e1ndose un cuchillo\u2026","rel":"","context":"En \u00abINTERES GENERAL\u00bb","block_context":{"text":"INTERES GENERAL","link":"https:\/\/larevistadigital.com.ar\/blog\/category\/interes-general\/"},"img":{"alt_text":"","src":"https:\/\/i0.wp.com\/larevistadigital.com.ar\/blog\/wp-content\/uploads\/Screenshot_1-92.jpg?fit=935%2C703&ssl=1&resize=350%2C200","width":350,"height":200,"srcset":"https:\/\/i0.wp.com\/larevistadigital.com.ar\/blog\/wp-content\/uploads\/Screenshot_1-92.jpg?fit=935%2C703&ssl=1&resize=350%2C200 1x, https:\/\/i0.wp.com\/larevistadigital.com.ar\/blog\/wp-content\/uploads\/Screenshot_1-92.jpg?fit=935%2C703&ssl=1&resize=525%2C300 1.5x, https:\/\/i0.wp.com\/larevistadigital.com.ar\/blog\/wp-content\/uploads\/Screenshot_1-92.jpg?fit=935%2C703&ssl=1&resize=700%2C400 2x"},"classes":[]},{"id":27426,"url":"https:\/\/larevistadigital.com.ar\/blog\/violento-asalto-en-un-campo-de-carlos-keen-partido-de-lujan\/","url_meta":{"origin":15225,"position":4},"title":"VIOLENTO ASALTO EN UN CAMPO DE CARLOS KEEN, PARTIDO DE LUJ\u00c1N","author":"Alejandro Sosa Ruda","date":"31 agosto, 2022","format":false,"excerpt":"El hecho ocurri\u00f3 este domingo cerca del medio d\u00eda en el campo Don Felipe, ubicado detr\u00e1s del country La Cecilia, en la localidad de Carlos Keen, de Luj\u00e1n, cuando cuatro hombres armados irrumpieron en la vivienda del establecimiento y golpearon a una mujer y amenazaron con secuestrar a los ni\u00f1os.\u2026","rel":"","context":"En \u00abPOLICIALES\u00bb","block_context":{"text":"POLICIALES","link":"https:\/\/larevistadigital.com.ar\/blog\/category\/policiales\/"},"img":{"alt_text":"","src":"https:\/\/i0.wp.com\/larevistadigital.com.ar\/blog\/wp-content\/uploads\/20220831121433_don-felipe-carlos-keen-lujan.jpg?fit=880%2C512&ssl=1&resize=350%2C200","width":350,"height":200,"srcset":"https:\/\/i0.wp.com\/larevistadigital.com.ar\/blog\/wp-content\/uploads\/20220831121433_don-felipe-carlos-keen-lujan.jpg?fit=880%2C512&ssl=1&resize=350%2C200 1x, https:\/\/i0.wp.com\/larevistadigital.com.ar\/blog\/wp-content\/uploads\/20220831121433_don-felipe-carlos-keen-lujan.jpg?fit=880%2C512&ssl=1&resize=525%2C300 1.5x, https:\/\/i0.wp.com\/larevistadigital.com.ar\/blog\/wp-content\/uploads\/20220831121433_don-felipe-carlos-keen-lujan.jpg?fit=880%2C512&ssl=1&resize=700%2C400 2x"},"classes":[]},{"id":12833,"url":"https:\/\/larevistadigital.com.ar\/blog\/parapentista-cae-en-la-autopista-del-oeste-en-lujan-y-muere-atropellado\/","url_meta":{"origin":15225,"position":5},"title":"PARAPENTISTA CAE EN LA AUTOPISTA DEL OESTE EN LUJAN Y MUERE ATROPELLADO","author":"Alejandro Sosa Ruda","date":"27 octubre, 2019","format":false,"excerpt":"El deportista descendi\u00f3 en el cantero que separa ambas manos de la autov\u00eda del Oeste. y el viento lo empuj\u00f3 hacia el medio de la ruta. Ten\u00eda 33 a\u00f1os. Un tr\u00e1gico episodio se produjo este s\u00e1bado en Lujan cuando un joven que practicaba parapente fue sorprendido por una intensa r\u00e1faga\u2026","rel":"","context":"En \u00abINTERES GENERAL\u00bb","block_context":{"text":"INTERES GENERAL","link":"https:\/\/larevistadigital.com.ar\/blog\/category\/interes-general\/"},"img":{"alt_text":"","src":"https:\/\/i0.wp.com\/larevistadigital.com.ar\/blog\/wp-content\/uploads\/Screenshot_2-52.jpg?fit=1200%2C604&ssl=1&resize=350%2C200","width":350,"height":200,"srcset":"https:\/\/i0.wp.com\/larevistadigital.com.ar\/blog\/wp-content\/uploads\/Screenshot_2-52.jpg?fit=1200%2C604&ssl=1&resize=350%2C200 1x, https:\/\/i0.wp.com\/larevistadigital.com.ar\/blog\/wp-content\/uploads\/Screenshot_2-52.jpg?fit=1200%2C604&ssl=1&resize=525%2C300 1.5x, https:\/\/i0.wp.com\/larevistadigital.com.ar\/blog\/wp-content\/uploads\/Screenshot_2-52.jpg?fit=1200%2C604&ssl=1&resize=700%2C400 2x, https:\/\/i0.wp.com\/larevistadigital.com.ar\/blog\/wp-content\/uploads\/Screenshot_2-52.jpg?fit=1200%2C604&ssl=1&resize=1050%2C600 3x"},"classes":[]}],"_links":{"self":[{"href":"https:\/\/larevistadigital.com.ar\/blog\/wp-json\/wp\/v2\/posts\/15225","targetHints":{"allow":["GET"]}}],"collection":[{"href":"https:\/\/larevistadigital.com.ar\/blog\/wp-json\/wp\/v2\/posts"}],"about":[{"href":"https:\/\/larevistadigital.com.ar\/blog\/wp-json\/wp\/v2\/types\/post"}],"author":[{"embeddable":true,"href":"https:\/\/larevistadigital.com.ar\/blog\/wp-json\/wp\/v2\/users\/3"}],"replies":[{"embeddable":true,"href":"https:\/\/larevistadigital.com.ar\/blog\/wp-json\/wp\/v2\/comments?post=15225"}],"version-history":[{"count":1,"href":"https:\/\/larevistadigital.com.ar\/blog\/wp-json\/wp\/v2\/posts\/15225\/revisions"}],"predecessor-version":[{"id":15227,"href":"https:\/\/larevistadigital.com.ar\/blog\/wp-json\/wp\/v2\/posts\/15225\/revisions\/15227"}],"wp:featuredmedia":[{"embeddable":true,"href":"https:\/\/larevistadigital.com.ar\/blog\/wp-json\/wp\/v2\/media\/15226"}],"wp:attachment":[{"href":"https:\/\/larevistadigital.com.ar\/blog\/wp-json\/wp\/v2\/media?parent=15225"}],"wp:term":[{"taxonomy":"category","embeddable":true,"href":"https:\/\/larevistadigital.com.ar\/blog\/wp-json\/wp\/v2\/categories?post=15225"},{"taxonomy":"post_tag","embeddable":true,"href":"https:\/\/larevistadigital.com.ar\/blog\/wp-json\/wp\/v2\/tags?post=15225"}],"curies":[{"name":"wp","href":"https:\/\/api.w.org\/{rel}","templated":true}]}}