{"id":15228,"date":"2020-05-14T17:20:53","date_gmt":"2020-05-14T17:20:53","guid":{"rendered":"https:\/\/larevistadigital.com.ar\/blog\/?p=15228"},"modified":"2020-05-14T17:20:53","modified_gmt":"2020-05-14T17:20:53","slug":"macabro-hallan-muerta-una-beba-recien-nacida-en-un-fuenton-con-agua-trasladan-la-madre-al-hospital","status":"publish","type":"post","link":"https:\/\/larevistadigital.com.ar\/blog\/macabro-hallan-muerta-una-beba-recien-nacida-en-un-fuenton-con-agua-trasladan-la-madre-al-hospital\/","title":{"rendered":"MACABRO: HALLAN MUERTA UNA BEBA RECI\u00c9N NACIDA EN UN FUENT\u00d3N CON AGUA. TRASLADAN LA MADRE AL HOSPITAL"},"content":{"rendered":"<h2 class=\"fz16 bold ctext\">Sucedi\u00f3 en la localidad de Punta Lara, en Ensenada. El alumbramiento se produjo a la madrugada en una casa. Una joven de 26 a\u00f1os fue derivada al nosocomio Cestino en grave estado. La justicia investiga c\u00f3mo se produjo la muerte de la nena<\/h2>\n<p>Una beba reci\u00e9n nacida fue encontrada muerta dentro de un fuent\u00f3n con agua en la localidad de Punta Lara, en el partido de Ensenada, y los efectivos policiales derivaron a la joven madre de urgencia al Hospital en grave estado, en un hecho ocurrido esta madrugada, informaron desde la fuerza.<\/p>\n<blockquote>\n<h3>Todo se produjo en la calle 9 entre 24 y 25 cuando efectivos del Comando de Patrullas acudieron al lugar tras un llamado al 911 y encontraron a la reci\u00e9n nacida fallecida ya una mujer de 26 a\u00f1os en grave estado.<\/h3>\n<\/blockquote>\n<p>Al parecer, el alumbramiento ocurri\u00f3 esta madrugada dentro de la vivienda y ahora la fiscal <strong>Cecilia Corfield<\/strong> investiga las circunstancias del hecho caratulado averiguaci\u00f3n de causales de muerte.<\/p>\n<p>La joven fue trasladada al Hospital Cestino de Ensenada. Investiga personal de la DDI La Plata, a cargo de <strong>H\u00e9ctor Mu\u00f1oz<\/strong>.<\/p>\n<p>publicado en Infocielo<\/p>\n","protected":false},"excerpt":{"rendered":"<div class=\"mh-excerpt\"><p>Sucedi\u00f3 en la localidad de Punta Lara, en Ensenada. El alumbramiento se produjo a la madrugada en una casa. Una joven de 26 a\u00f1os fue derivada al nosocomio Cestino en grave estado. La justicia investiga <a class=\"mh-excerpt-more\" href=\"https:\/\/larevistadigital.com.ar\/blog\/macabro-hallan-muerta-una-beba-recien-nacida-en-un-fuenton-con-agua-trasladan-la-madre-al-hospital\/\" title=\"MACABRO: HALLAN MUERTA UNA BEBA RECI\u00c9N NACIDA EN UN FUENT\u00d3N CON AGUA. TRASLADAN LA MADRE AL HOSPITAL\">[Leer M\u00e1s]<\/a><\/p>\n<\/div>","protected":false},"author":3,"featured_media":15229,"comment_status":"open","ping_status":"open","sticky":false,"template":"","format":"standard","meta":{"_jetpack_memberships_contains_paid_content":false,"footnotes":"","jetpack_publicize_message":"","jetpack_publicize_feature_enabled":true,"jetpack_social_post_already_shared":true,"jetpack_social_options":{"image_generator_settings":{"template":"highway","default_image_id":0,"font":"","enabled":false},"version":2}},"categories":[44,51],"tags":[],"class_list":{"0":"post-15228","1":"post","2":"type-post","3":"status-publish","4":"format-standard","5":"has-post-thumbnail","7":"category-policiales","8":"category-regionales"},"jetpack_publicize_connections":[],"jetpack_featured_media_url":"https:\/\/i0.wp.com\/larevistadigital.com.ar\/blog\/wp-content\/uploads\/20200428104046_aaa.jpg?fit=887%2C554&ssl=1","jetpack_sharing_enabled":true,"jetpack_shortlink":"https:\/\/wp.me\/p8qtrQ-3XC","jetpack-related-posts":[{"id":15242,"url":"https:\/\/larevistadigital.com.ar\/blog\/video-tragico-incendio-en-punta-lara-dos-personas-fallecieron-al-quedar-atrapadas\/","url_meta":{"origin":15228,"position":0},"title":"[VIDEO] TR\u00c1GICO INCENDIO EN PUNTA LARA, DOS PERSONAS FALLECIERON AL QUEDAR ATRAPADAS","author":"Alejandro Sosa Ruda","date":"18 mayo, 2020","format":false,"excerpt":"Dos personas fallecieron esta madrugada como consecuencia de un incendio de una viviendas mixta, familiar y de locales comerciales, en la localidad de Punta Lara. El tr\u00e1gico hecho se produjo a la medianoche en 112 entre 5 y 7. Una vivienda mixta se incendi\u00f3 a la medianoche y durante esta\u2026","rel":"","context":"En \u00abREGIONALES\u00bb","block_context":{"text":"REGIONALES","link":"https:\/\/larevistadigital.com.ar\/blog\/category\/regionales\/"},"img":{"alt_text":"","src":"https:\/\/i0.wp.com\/larevistadigital.com.ar\/blog\/wp-content\/uploads\/20200518101100_72c32b50_9700_41f1_940b_b2d8d56be783.jpg?fit=880%2C586&ssl=1&resize=350%2C200","width":350,"height":200,"srcset":"https:\/\/i0.wp.com\/larevistadigital.com.ar\/blog\/wp-content\/uploads\/20200518101100_72c32b50_9700_41f1_940b_b2d8d56be783.jpg?fit=880%2C586&ssl=1&resize=350%2C200 1x, https:\/\/i0.wp.com\/larevistadigital.com.ar\/blog\/wp-content\/uploads\/20200518101100_72c32b50_9700_41f1_940b_b2d8d56be783.jpg?fit=880%2C586&ssl=1&resize=525%2C300 1.5x, https:\/\/i0.wp.com\/larevistadigital.com.ar\/blog\/wp-content\/uploads\/20200518101100_72c32b50_9700_41f1_940b_b2d8d56be783.jpg?fit=880%2C586&ssl=1&resize=700%2C400 2x"},"classes":[]},{"id":31353,"url":"https:\/\/larevistadigital.com.ar\/blog\/merlo-hallan-abandonada-a-una-bebe-recien-nacida\/","url_meta":{"origin":15228,"position":1},"title":"MERLO: HALLAN ABANDONADA A UNA BEB\u00c9 RECI\u00c9N NACIDA","author":"Alejandro Sosa Ruda","date":"4 mayo, 2023","format":false,"excerpt":"La ni\u00f1a fue encontrada en una vereda. Se desnuda y cubierta con una frazada. La madre fue identificada y qued\u00f3 detenida. 4 de mayo de 2023 MERLO -\u00a0 Una mujer encontr\u00f3 a una beb\u00e9 reci\u00e9n nacida abandonada en una vereda del partido de Merlo. La madre de la ni\u00f1a, tras\u2026","rel":"","context":"En \u00abSOCIEDAD\u00bb","block_context":{"text":"SOCIEDAD","link":"https:\/\/larevistadigital.com.ar\/blog\/category\/sociedad\/"},"img":{"alt_text":"","src":"https:\/\/i0.wp.com\/larevistadigital.com.ar\/blog\/wp-content\/uploads\/20230504173033_hosp.jpg?fit=880%2C512&ssl=1&resize=350%2C200","width":350,"height":200,"srcset":"https:\/\/i0.wp.com\/larevistadigital.com.ar\/blog\/wp-content\/uploads\/20230504173033_hosp.jpg?fit=880%2C512&ssl=1&resize=350%2C200 1x, https:\/\/i0.wp.com\/larevistadigital.com.ar\/blog\/wp-content\/uploads\/20230504173033_hosp.jpg?fit=880%2C512&ssl=1&resize=525%2C300 1.5x, https:\/\/i0.wp.com\/larevistadigital.com.ar\/blog\/wp-content\/uploads\/20230504173033_hosp.jpg?fit=880%2C512&ssl=1&resize=700%2C400 2x"},"classes":[]},{"id":24038,"url":"https:\/\/larevistadigital.com.ar\/blog\/ensenada-un-operario-de-telecentro-cayo-desde-7-metros-de-altura-y-lucha-por-su-vida\/","url_meta":{"origin":15228,"position":2},"title":"ENSENADA: UN OPERARIO DE TELECENTRO CAY\u00d3 DESDE 7 METROS DE ALTURA Y LUCHA POR SU VIDA","author":"Alejandro Sosa Ruda","date":"16 febrero, 2022","format":false,"excerpt":"Ocurri\u00f3 este mi\u00e9rcoles por la ma\u00f1ana en Bolivia e Independencia. El obrero, de 23 a\u00f1os, sufri\u00f3 p\u00e9rdida de masa encef\u00e1lica y se encuentra en grave estado. LA PLATA -\u00a0 Un operario de Telecentro\u00a0de 23 a\u00f1os\u00a0se encuentra internado en grave estado tras haber sufrido un accidente laboral en la localidad de\u2026","rel":"","context":"En \u00abREGIONALES\u00bb","block_context":{"text":"REGIONALES","link":"https:\/\/larevistadigital.com.ar\/blog\/category\/regionales\/"},"img":{"alt_text":"","src":"https:\/\/i0.wp.com\/larevistadigital.com.ar\/blog\/wp-content\/uploads\/images-3.jpg?fit=900%2C446&ssl=1&resize=350%2C200","width":350,"height":200,"srcset":"https:\/\/i0.wp.com\/larevistadigital.com.ar\/blog\/wp-content\/uploads\/images-3.jpg?fit=900%2C446&ssl=1&resize=350%2C200 1x, https:\/\/i0.wp.com\/larevistadigital.com.ar\/blog\/wp-content\/uploads\/images-3.jpg?fit=900%2C446&ssl=1&resize=525%2C300 1.5x, https:\/\/i0.wp.com\/larevistadigital.com.ar\/blog\/wp-content\/uploads\/images-3.jpg?fit=900%2C446&ssl=1&resize=700%2C400 2x"},"classes":[]},{"id":40333,"url":"https:\/\/larevistadigital.com.ar\/blog\/conmocion-en-ensenada-grave-choque-un-joven-herido-y-una-conductora-casi-linchada\/","url_meta":{"origin":15228,"position":3},"title":"Conmoci\u00f3n en Ensenada: grave choque, un joven herido y una conductora casi linchada","author":"Alejandro Sosa Ruda","date":"5 julio, 2025","format":false,"excerpt":"Un violento accidente de tr\u00e1nsito dej\u00f3 a un motociclista de 18 a\u00f1os gravemente herido y desat\u00f3 la furia de vecinos que casi atacan a la conductora del otro veh\u00edculo. El hecho ocurri\u00f3 en Ensenada y qued\u00f3 registrado por c\u00e1maras de seguridad. 05 de Julio de 2025 BUENOS AIRES -\u00a0 \u00a0Un\u2026","rel":"","context":"En \u00abPOLICIALES\u00bb","block_context":{"text":"POLICIALES","link":"https:\/\/larevistadigital.com.ar\/blog\/category\/policiales\/"},"img":{"alt_text":"","src":"https:\/\/i0.wp.com\/larevistadigital.com.ar\/blog\/wp-content\/uploads\/accidente-Ensenada.jpg?fit=883%2C486&ssl=1&resize=350%2C200","width":350,"height":200,"srcset":"https:\/\/i0.wp.com\/larevistadigital.com.ar\/blog\/wp-content\/uploads\/accidente-Ensenada.jpg?fit=883%2C486&ssl=1&resize=350%2C200 1x, https:\/\/i0.wp.com\/larevistadigital.com.ar\/blog\/wp-content\/uploads\/accidente-Ensenada.jpg?fit=883%2C486&ssl=1&resize=525%2C300 1.5x, https:\/\/i0.wp.com\/larevistadigital.com.ar\/blog\/wp-content\/uploads\/accidente-Ensenada.jpg?fit=883%2C486&ssl=1&resize=700%2C400 2x"},"classes":[]},{"id":29904,"url":"https:\/\/larevistadigital.com.ar\/blog\/chascomus-apunalan-a-un-joven-en-la-madrugada-se-encuentra-grave\/","url_meta":{"origin":15228,"position":4},"title":"CHASCOM\u00daS: APU\u00d1ALAN A UN JOVEN EN LA MADRUGADA, SE ENCUENTRA GRAVE","author":"Alejandro Sosa Ruda","date":"30 enero, 2023","format":false,"excerpt":"Todo habr\u00eda comenzado en una pelea por una chica, el joven apu\u00f1alado se encuentra en estado delicado. El agresor fue detenido y trasladado a Dolores. Ambos tienen 17 a\u00f1os de edad. 30 de enero de 2023 CHASCOM\u00daS -\u00a0 La jornada de ayer, comenz\u00f3 de la peor manera. Un incidente que\u2026","rel":"","context":"En \u00abDESTACADAS\u00bb","block_context":{"text":"DESTACADAS","link":"https:\/\/larevistadigital.com.ar\/blog\/category\/destacadas\/"},"img":{"alt_text":"","src":"https:\/\/i0.wp.com\/larevistadigital.com.ar\/blog\/wp-content\/uploads\/POLICIA.png?fit=1002%2C658&ssl=1&resize=350%2C200","width":350,"height":200,"srcset":"https:\/\/i0.wp.com\/larevistadigital.com.ar\/blog\/wp-content\/uploads\/POLICIA.png?fit=1002%2C658&ssl=1&resize=350%2C200 1x, https:\/\/i0.wp.com\/larevistadigital.com.ar\/blog\/wp-content\/uploads\/POLICIA.png?fit=1002%2C658&ssl=1&resize=525%2C300 1.5x, https:\/\/i0.wp.com\/larevistadigital.com.ar\/blog\/wp-content\/uploads\/POLICIA.png?fit=1002%2C658&ssl=1&resize=700%2C400 2x"},"classes":[]},{"id":30148,"url":"https:\/\/larevistadigital.com.ar\/blog\/ensenada-tension-en-punta-lara-porque-una-familia-intento-usurpar-un-camping\/","url_meta":{"origin":15228,"position":5},"title":"ENSENADA: TENSI\u00d3N EN PUNTA LARA PORQUE UNA FAMILIA INTENT\u00d3 USURPAR UN CAMPING","author":"Alejandro Sosa Ruda","date":"14 febrero, 2023","format":false,"excerpt":"Ocurri\u00f3 ayer, y tuvo que intervenir la polic\u00eda. 14 de febrero de 2023 ENSENADA -\u00a0\u00a0Durante la jornada de ayer se vivieron momentos de gran tensi\u00f3n, cuando una familia intent\u00f3 usurpar el predio del camping David, lo que no sucedi\u00f3, gracias a la intervenci\u00f3n de la polic\u00eda. Fuentes policiales, informaron que\u2026","rel":"","context":"En \u00abPOLICIALES\u00bb","block_context":{"text":"POLICIALES","link":"https:\/\/larevistadigital.com.ar\/blog\/category\/policiales\/"},"img":{"alt_text":"","src":"https:\/\/i0.wp.com\/larevistadigital.com.ar\/blog\/wp-content\/uploads\/policia-24-9-2021-4.jpg?fit=1199%2C1200&ssl=1&resize=350%2C200","width":350,"height":200,"srcset":"https:\/\/i0.wp.com\/larevistadigital.com.ar\/blog\/wp-content\/uploads\/policia-24-9-2021-4.jpg?fit=1199%2C1200&ssl=1&resize=350%2C200 1x, https:\/\/i0.wp.com\/larevistadigital.com.ar\/blog\/wp-content\/uploads\/policia-24-9-2021-4.jpg?fit=1199%2C1200&ssl=1&resize=525%2C300 1.5x, https:\/\/i0.wp.com\/larevistadigital.com.ar\/blog\/wp-content\/uploads\/policia-24-9-2021-4.jpg?fit=1199%2C1200&ssl=1&resize=700%2C400 2x, https:\/\/i0.wp.com\/larevistadigital.com.ar\/blog\/wp-content\/uploads\/policia-24-9-2021-4.jpg?fit=1199%2C1200&ssl=1&resize=1050%2C600 3x"},"classes":[]}],"_links":{"self":[{"href":"https:\/\/larevistadigital.com.ar\/blog\/wp-json\/wp\/v2\/posts\/15228","targetHints":{"allow":["GET"]}}],"collection":[{"href":"https:\/\/larevistadigital.com.ar\/blog\/wp-json\/wp\/v2\/posts"}],"about":[{"href":"https:\/\/larevistadigital.com.ar\/blog\/wp-json\/wp\/v2\/types\/post"}],"author":[{"embeddable":true,"href":"https:\/\/larevistadigital.com.ar\/blog\/wp-json\/wp\/v2\/users\/3"}],"replies":[{"embeddable":true,"href":"https:\/\/larevistadigital.com.ar\/blog\/wp-json\/wp\/v2\/comments?post=15228"}],"version-history":[{"count":1,"href":"https:\/\/larevistadigital.com.ar\/blog\/wp-json\/wp\/v2\/posts\/15228\/revisions"}],"predecessor-version":[{"id":15230,"href":"https:\/\/larevistadigital.com.ar\/blog\/wp-json\/wp\/v2\/posts\/15228\/revisions\/15230"}],"wp:featuredmedia":[{"embeddable":true,"href":"https:\/\/larevistadigital.com.ar\/blog\/wp-json\/wp\/v2\/media\/15229"}],"wp:attachment":[{"href":"https:\/\/larevistadigital.com.ar\/blog\/wp-json\/wp\/v2\/media?parent=15228"}],"wp:term":[{"taxonomy":"category","embeddable":true,"href":"https:\/\/larevistadigital.com.ar\/blog\/wp-json\/wp\/v2\/categories?post=15228"},{"taxonomy":"post_tag","embeddable":true,"href":"https:\/\/larevistadigital.com.ar\/blog\/wp-json\/wp\/v2\/tags?post=15228"}],"curies":[{"name":"wp","href":"https:\/\/api.w.org\/{rel}","templated":true}]}}