{"id":15231,"date":"2020-05-14T17:27:14","date_gmt":"2020-05-14T17:27:14","guid":{"rendered":"https:\/\/larevistadigital.com.ar\/blog\/?p=15231"},"modified":"2020-05-14T17:27:14","modified_gmt":"2020-05-14T17:27:14","slug":"brandsen-buscan-a-conductor-que-se-dio-a-la-fuga-luego-de-chocar-tres-autos","status":"publish","type":"post","link":"https:\/\/larevistadigital.com.ar\/blog\/brandsen-buscan-a-conductor-que-se-dio-a-la-fuga-luego-de-chocar-tres-autos\/","title":{"rendered":"BRANDSEN: BUSCAN A CONDUCTOR QUE SE DIO A LA FUGA, LUEGO DE CHOCAR TRES AUTOS"},"content":{"rendered":"<p>En la ma\u00f1ana de este jueves 14 de mayo, un conductor que circulaba en una camioneta color gris, choc\u00f3 contra tres autos estacionados y se dio a la fuga a toda velocidad<\/p>\n<p>El hecho ocurri\u00f3 a primera hora en Av. Rivadavia entre Castelli y Azcuenaga de la localidad bonaerense de Brandsen.<\/p>\n<blockquote>\n<h3>Seg\u00fan informaron fuentes oficiales, un llamado al 911 alert\u00f3 a las autoridades que una Renault Berlingo hab\u00eda protagonizado un choque m\u00faltiple con tres veh\u00edculos que se encontraban estacionados a un costado de la calle, y luego huy\u00f3 del lugar.<\/h3>\n<\/blockquote>\n<p>El hecho qued\u00f3 registrado por una c\u00e1mara de seguridad de una vivienda de la cuadra, y se puede observar con claridad toda la secuencia.<\/p>\n<p>Se agradece quien tenga informaci\u00f3n sobre el conductor, o un veh\u00edculo similar al de las im\u00e1genes, de aviso inmediato al 442215 (Comisaria de\u00a0<a title=\"Brandsen\" href=\"https:\/\/detrasdelanoticia.com.ar\/ciudad\/brandsen\/\" target=\"_blank\" rel=\"noopener noreferrer\" data-seo-automated-link-building=\"1\" data-title=\"Brandsen\">Brandsen<\/a>).<\/p>\n<p>publicado en DLN<\/p>\n","protected":false},"excerpt":{"rendered":"<div class=\"mh-excerpt\"><p>En la ma\u00f1ana de este jueves 14 de mayo, un conductor que circulaba en una camioneta color gris, choc\u00f3 contra tres autos estacionados y se dio a la fuga a toda velocidad El hecho ocurri\u00f3 <a class=\"mh-excerpt-more\" href=\"https:\/\/larevistadigital.com.ar\/blog\/brandsen-buscan-a-conductor-que-se-dio-a-la-fuga-luego-de-chocar-tres-autos\/\" title=\"BRANDSEN: BUSCAN A CONDUCTOR QUE SE DIO A LA FUGA, LUEGO DE CHOCAR TRES AUTOS\">[Leer M\u00e1s]<\/a><\/p>\n<\/div>","protected":false},"author":3,"featured_media":15232,"comment_status":"open","ping_status":"open","sticky":false,"template":"","format":"standard","meta":{"_jetpack_memberships_contains_paid_content":false,"footnotes":"","jetpack_publicize_message":"","jetpack_publicize_feature_enabled":true,"jetpack_social_post_already_shared":true,"jetpack_social_options":{"image_generator_settings":{"template":"highway","default_image_id":0,"font":"","enabled":false},"version":2}},"categories":[44,51],"tags":[],"class_list":{"0":"post-15231","1":"post","2":"type-post","3":"status-publish","4":"format-standard","5":"has-post-thumbnail","7":"category-policiales","8":"category-regionales"},"jetpack_publicize_connections":[],"jetpack_featured_media_url":"https:\/\/i0.wp.com\/larevistadigital.com.ar\/blog\/wp-content\/uploads\/20200514_133832.jpg?fit=1057%2C596&ssl=1","jetpack_sharing_enabled":true,"jetpack_shortlink":"https:\/\/wp.me\/p8qtrQ-3XF","jetpack-related-posts":[{"id":18847,"url":"https:\/\/larevistadigital.com.ar\/blog\/brandsen-un-delibery-fue-embestido-por-una-moto-que-se-fugo-esta-en-grave-estado\/","url_meta":{"origin":15231,"position":0},"title":"BRANDSEN: UN DELIBERY FUE EMBESTIDO POR UNA MOTO QUE SE FUG\u00d3. EST\u00c1 EN GRAVE ESTADO","author":"Alejandro Sosa Ruda","date":"13 febrero, 2021","format":false,"excerpt":"Ocurri\u00f3 en pleno centro de la ciudad. El motociclista tras darse a la fuga, perdi\u00f3 el control de su moto y tuvo que ser atendido por el SAME. BRANDSEN - Un joven de 18 a\u00f1os, que presta servicio como delivery para \"Quick\", debi\u00f3 que ser traslado de urgencia al hospital\u2026","rel":"","context":"En \u00abREGIONALES\u00bb","block_context":{"text":"REGIONALES","link":"https:\/\/larevistadigital.com.ar\/blog\/category\/regionales\/"},"img":{"alt_text":"","src":"https:\/\/i0.wp.com\/larevistadigital.com.ar\/blog\/wp-content\/uploads\/20210213_124423_wm-2048x1152-1.jpg?fit=1200%2C675&ssl=1&resize=350%2C200","width":350,"height":200,"srcset":"https:\/\/i0.wp.com\/larevistadigital.com.ar\/blog\/wp-content\/uploads\/20210213_124423_wm-2048x1152-1.jpg?fit=1200%2C675&ssl=1&resize=350%2C200 1x, https:\/\/i0.wp.com\/larevistadigital.com.ar\/blog\/wp-content\/uploads\/20210213_124423_wm-2048x1152-1.jpg?fit=1200%2C675&ssl=1&resize=525%2C300 1.5x, https:\/\/i0.wp.com\/larevistadigital.com.ar\/blog\/wp-content\/uploads\/20210213_124423_wm-2048x1152-1.jpg?fit=1200%2C675&ssl=1&resize=700%2C400 2x, https:\/\/i0.wp.com\/larevistadigital.com.ar\/blog\/wp-content\/uploads\/20210213_124423_wm-2048x1152-1.jpg?fit=1200%2C675&ssl=1&resize=1050%2C600 3x"},"classes":[]},{"id":13334,"url":"https:\/\/larevistadigital.com.ar\/blog\/buscan-intensamente-a-individuo-que-atropello-a-un-hombre-y-se-fugo\/","url_meta":{"origin":15231,"position":1},"title":"BUSCAN INTENSAMENTE A INDIVIDUO QUE ATROPELLO A UN HOMBRE Y SE FUG\u00d3.","author":"Alejandro Sosa Ruda","date":"22 noviembre, 2019","format":false,"excerpt":"El hecho ocurri\u00f3 en Av. Saenz Pe\u00f1a entre Magdalena de Fait y Hansen, de Brandsen. Pasadas las 21:00 horas de este jueves 21 noviembre, un hombre identificado con apellido Taus, que volv\u00eda de trabajar, fue embestido por el conductor de un corsa gris que posteriormente se dio a la fuga.\u2026","rel":"","context":"En \u00abPOLICIALES\u00bb","block_context":{"text":"POLICIALES","link":"https:\/\/larevistadigital.com.ar\/blog\/category\/policiales\/"},"img":{"alt_text":"","src":"https:\/\/i0.wp.com\/larevistadigital.com.ar\/blog\/wp-content\/uploads\/20191121_212433_wm.jpg?fit=1024%2C575&ssl=1&resize=350%2C200","width":350,"height":200,"srcset":"https:\/\/i0.wp.com\/larevistadigital.com.ar\/blog\/wp-content\/uploads\/20191121_212433_wm.jpg?fit=1024%2C575&ssl=1&resize=350%2C200 1x, https:\/\/i0.wp.com\/larevistadigital.com.ar\/blog\/wp-content\/uploads\/20191121_212433_wm.jpg?fit=1024%2C575&ssl=1&resize=525%2C300 1.5x, https:\/\/i0.wp.com\/larevistadigital.com.ar\/blog\/wp-content\/uploads\/20191121_212433_wm.jpg?fit=1024%2C575&ssl=1&resize=700%2C400 2x"},"classes":[]},{"id":14730,"url":"https:\/\/larevistadigital.com.ar\/blog\/choque-de-pelicula-en-mar-del-plata-auto-cae-por-la-pendiente-del-paseo-davila\/","url_meta":{"origin":15231,"position":2},"title":"CHOQUE DE PEL\u00cdCULA EN MAR DEL PLATA: AUTO CAE POR LA PENDIENTE DEL PASEO D\u00c1VILA","author":"Alejandro Sosa Ruda","date":"12 febrero, 2020","format":false,"excerpt":"Un veh\u00edculo circulaba por la costa cuando intent\u00f3 esquivar una moto y termin\u00f3 colisionando contra otros dos autos que estaban estacionados. El conductor ten\u00eda 1,16 de alcohol en sangre. Un espectacular choque tuvo lugar esta ma\u00f1ana en la costa cuando un renault gris colision\u00f3 contra dos autos estacionados, provocando que\u2026","rel":"","context":"En \u00abPOLICIALES\u00bb","block_context":{"text":"POLICIALES","link":"https:\/\/larevistadigital.com.ar\/blog\/category\/policiales\/"},"img":{"alt_text":"","src":"https:\/\/i0.wp.com\/larevistadigital.com.ar\/blog\/wp-content\/uploads\/Screenshot_1-96.jpg?fit=1005%2C752&ssl=1&resize=350%2C200","width":350,"height":200,"srcset":"https:\/\/i0.wp.com\/larevistadigital.com.ar\/blog\/wp-content\/uploads\/Screenshot_1-96.jpg?fit=1005%2C752&ssl=1&resize=350%2C200 1x, https:\/\/i0.wp.com\/larevistadigital.com.ar\/blog\/wp-content\/uploads\/Screenshot_1-96.jpg?fit=1005%2C752&ssl=1&resize=525%2C300 1.5x, https:\/\/i0.wp.com\/larevistadigital.com.ar\/blog\/wp-content\/uploads\/Screenshot_1-96.jpg?fit=1005%2C752&ssl=1&resize=700%2C400 2x"},"classes":[]},{"id":8839,"url":"https:\/\/larevistadigital.com.ar\/blog\/brandsen-impactante-accidente-auto-termina-arriba-de-una-plaza\/","url_meta":{"origin":15231,"position":3},"title":"BRANDSEN: IMPACTANTE ACCIDENTE. AUTO TERMINA ARRIBA DE UNA PLAZA","author":"Alejandro Sosa Ruda","date":"3 marzo, 2019","format":false,"excerpt":"Pasadas las 20hs de este s\u00e1bado 2 de marzo\u00a0se produjo un impactante accidente en pleno centro de la ciudad de Brandsen, donde se vieron involucrados tres veh\u00edculos,\u00a0un Peugeot 207 color negro, un Peugeot 206 azul y una Chevrolet Captiva color Gris. Seg\u00fan informaron fuentes policiales a\u00a0DLN, el conductor de la\u2026","rel":"","context":"En \u00abPOLITICA\u00bb","block_context":{"text":"POLITICA","link":"https:\/\/larevistadigital.com.ar\/blog\/category\/politica\/"},"img":{"alt_text":"","src":"https:\/\/i0.wp.com\/larevistadigital.com.ar\/blog\/wp-content\/uploads\/2019\/03\/20190302_205028.jpg?fit=1024%2C574&ssl=1&resize=350%2C200","width":350,"height":200,"srcset":"https:\/\/i0.wp.com\/larevistadigital.com.ar\/blog\/wp-content\/uploads\/2019\/03\/20190302_205028.jpg?fit=1024%2C574&ssl=1&resize=350%2C200 1x, https:\/\/i0.wp.com\/larevistadigital.com.ar\/blog\/wp-content\/uploads\/2019\/03\/20190302_205028.jpg?fit=1024%2C574&ssl=1&resize=525%2C300 1.5x, https:\/\/i0.wp.com\/larevistadigital.com.ar\/blog\/wp-content\/uploads\/2019\/03\/20190302_205028.jpg?fit=1024%2C574&ssl=1&resize=700%2C400 2x"},"classes":[]},{"id":22927,"url":"https:\/\/larevistadigital.com.ar\/blog\/mar-del-plata-choque-y-vuelco-en-colon-y-guemes\/","url_meta":{"origin":15231,"position":4},"title":"MAR DEL PLATA: CHOQUE Y VUELCO EN COL\u00d3N Y G\u00dcEMES","author":"Alejandro Sosa Ruda","date":"8 diciembre, 2021","format":false,"excerpt":"El siniestro vial se produjo durante las primeras horas de la ma\u00f1ana de este mi\u00e9rcoles. Un fuerte\u00a0choque y vuelco\u00a0se produjo durante las primeras horas de la ma\u00f1ana de este mi\u00e9rcoles en la zona de la avenida\u00a0Col\u00f3n a la altura de la calle G\u00fcemes:\u00a0el conductor de un auto perdi\u00f3 el control\u2026","rel":"","context":"En \u00abPOLICIALES\u00bb","block_context":{"text":"POLICIALES","link":"https:\/\/larevistadigital.com.ar\/blog\/category\/policiales\/"},"img":{"alt_text":"","src":"https:\/\/i0.wp.com\/larevistadigital.com.ar\/blog\/wp-content\/uploads\/choque-guemes-y-colon-dic-2021.jpg?fit=770%2C433&ssl=1&resize=350%2C200","width":350,"height":200,"srcset":"https:\/\/i0.wp.com\/larevistadigital.com.ar\/blog\/wp-content\/uploads\/choque-guemes-y-colon-dic-2021.jpg?fit=770%2C433&ssl=1&resize=350%2C200 1x, https:\/\/i0.wp.com\/larevistadigital.com.ar\/blog\/wp-content\/uploads\/choque-guemes-y-colon-dic-2021.jpg?fit=770%2C433&ssl=1&resize=525%2C300 1.5x, https:\/\/i0.wp.com\/larevistadigital.com.ar\/blog\/wp-content\/uploads\/choque-guemes-y-colon-dic-2021.jpg?fit=770%2C433&ssl=1&resize=700%2C400 2x"},"classes":[]},{"id":8275,"url":"https:\/\/larevistadigital.com.ar\/blog\/brandsen-noche-de-terror-delincuentes-mantuvieron-cautivas-a-dos-familias\/","url_meta":{"origin":15231,"position":5},"title":"BRANDSEN: NOCHE DE TERROR. DELINCUENTES MANTUVIERON CAUTIVAS A DOS FAMILIAS","author":"Alejandro Sosa Ruda","date":"10 febrero, 2019","format":false,"excerpt":"El tremendo hecho ocurri\u00f3 en el campo \u201cLa permanense\u201d ubicado en las rutas 58 y 29 de Jeppener. Eran tres delincuentes armados que luego de maniatar a la familia oriunda de la ciudad de Brandsen, entre ellos ni\u00f1os, se dieron a la fuga en el veh\u00edculo perteneciente a una de\u2026","rel":"","context":"En \u00abLOCAL Y DE LA ZONA\u00bb","block_context":{"text":"LOCAL Y DE LA ZONA","link":"https:\/\/larevistadigital.com.ar\/blog\/category\/gremiales\/local-y-de-la-zona\/"},"img":{"alt_text":"","src":"https:\/\/i0.wp.com\/larevistadigital.com.ar\/blog\/wp-content\/uploads\/2019\/02\/20190209_032220.jpg?fit=1080%2C606&ssl=1&resize=350%2C200","width":350,"height":200,"srcset":"https:\/\/i0.wp.com\/larevistadigital.com.ar\/blog\/wp-content\/uploads\/2019\/02\/20190209_032220.jpg?fit=1080%2C606&ssl=1&resize=350%2C200 1x, https:\/\/i0.wp.com\/larevistadigital.com.ar\/blog\/wp-content\/uploads\/2019\/02\/20190209_032220.jpg?fit=1080%2C606&ssl=1&resize=525%2C300 1.5x, https:\/\/i0.wp.com\/larevistadigital.com.ar\/blog\/wp-content\/uploads\/2019\/02\/20190209_032220.jpg?fit=1080%2C606&ssl=1&resize=700%2C400 2x, https:\/\/i0.wp.com\/larevistadigital.com.ar\/blog\/wp-content\/uploads\/2019\/02\/20190209_032220.jpg?fit=1080%2C606&ssl=1&resize=1050%2C600 3x"},"classes":[]}],"_links":{"self":[{"href":"https:\/\/larevistadigital.com.ar\/blog\/wp-json\/wp\/v2\/posts\/15231","targetHints":{"allow":["GET"]}}],"collection":[{"href":"https:\/\/larevistadigital.com.ar\/blog\/wp-json\/wp\/v2\/posts"}],"about":[{"href":"https:\/\/larevistadigital.com.ar\/blog\/wp-json\/wp\/v2\/types\/post"}],"author":[{"embeddable":true,"href":"https:\/\/larevistadigital.com.ar\/blog\/wp-json\/wp\/v2\/users\/3"}],"replies":[{"embeddable":true,"href":"https:\/\/larevistadigital.com.ar\/blog\/wp-json\/wp\/v2\/comments?post=15231"}],"version-history":[{"count":1,"href":"https:\/\/larevistadigital.com.ar\/blog\/wp-json\/wp\/v2\/posts\/15231\/revisions"}],"predecessor-version":[{"id":15233,"href":"https:\/\/larevistadigital.com.ar\/blog\/wp-json\/wp\/v2\/posts\/15231\/revisions\/15233"}],"wp:featuredmedia":[{"embeddable":true,"href":"https:\/\/larevistadigital.com.ar\/blog\/wp-json\/wp\/v2\/media\/15232"}],"wp:attachment":[{"href":"https:\/\/larevistadigital.com.ar\/blog\/wp-json\/wp\/v2\/media?parent=15231"}],"wp:term":[{"taxonomy":"category","embeddable":true,"href":"https:\/\/larevistadigital.com.ar\/blog\/wp-json\/wp\/v2\/categories?post=15231"},{"taxonomy":"post_tag","embeddable":true,"href":"https:\/\/larevistadigital.com.ar\/blog\/wp-json\/wp\/v2\/tags?post=15231"}],"curies":[{"name":"wp","href":"https:\/\/api.w.org\/{rel}","templated":true}]}}